{"id":3154,"date":"2017-02-12T13:37:27","date_gmt":"2017-02-12T12:37:27","guid":{"rendered":"https:\/\/bruxelles-pantheres.be\/?p=3154"},"modified":"2017-02-12T13:38:17","modified_gmt":"2017-02-12T12:38:17","slug":"negrophobie-la-prochaine-fois-le-feu","status":"publish","type":"post","link":"https:\/\/bruxelles-pantheres.be\/?p=3154","title":{"rendered":"N\u00e9grophobie : La prochaine fois, le feu !"},"content":{"rendered":"<div class=\"cb-fis-title-bg clearfix wrap\">\n<div class=\"cb-entry-header cb-meta clearfix\">\n<h4 class=\"entry-title cb-entry-title cb-title\" style=\"text-align: center;\"><a href=\"https:\/\/bruxelles-pantheres.be\/wp-content\/uploads\/2017\/02\/IMG_20170211_185235.jpg\"><img decoding=\"async\" class=\"alignnone size-full wp-image-3155\" src=\"https:\/\/bruxelles-pantheres.be\/wp-content\/uploads\/2017\/02\/IMG_20170211_185235.jpg\" alt=\"\" width=\"2592\" height=\"1944\" \/><\/a><\/h4>\n<h4 class=\"entry-title cb-entry-title cb-title\">N\u00e9grophobie : La prochaine fois, le feu !<\/h4>\n<div class=\"cb-byline\"><span class=\"cb-author\"> Olivier Mukuna<\/span><span class=\"cb-date\"><time datetime=\"2017-02-11\">11 f\u00e9vrier 2017<\/time><\/span><\/div>\n<div class=\"cb-byline\"><\/div>\n<\/div>\n<\/div>\n<div class=\"cb-post-wrap cb-wrap-pad wrap clearfix cb-sidebar-none cb-sidebar-none-narrow cb-embed-fs cb-embed-out\">\n<div class=\"cb-main clearfix\">\n<article id=\"post-11127\" class=\"post-11127 post type-post status-publish format-standard has-post-thumbnail hentry category-opinion-et-analyses tag-negrophobie-2 tag-repression-detat tag-race clearfix\">\n<section class=\"cb-entry-content clearfix\">Parfois, la vie se charge de cimenter ce que vous tentez d\u2019exprimer depuis des ann\u00e9es. Sans subtilit\u00e9. Avec violence et c\u00e9l\u00e9rit\u00e9. Pour avoir anim\u00e9 3 d\u00e9bats autour de la lutte contre la n\u00e9grophobie, le week-end dernier au Bozar de Bruxelles<a href=\"http:\/\/www.etatdexception.net\/negrophobie-la-prochaine-fois-le-feu\/#_edn1\" name=\"_ednref1\">[1]<\/a>, je ne m\u2019attendais pas \u00e0 voir l\u2019actu franco-belge supplanter \u00e0 ce point la pertinence de nos \u00e9changes\u2026Bien s\u00fbr, pour \u00ab encourager \u00bb notre propos, il y avait eu la blanche Romanie Schotte et son \u00e9tron virtuel n\u00e9grophobe, anenc\u00e9phale Miss Belgique, comprise et prot\u00e9g\u00e9e par la plupart des m\u00e9dias, RTL-TVi en t\u00eate<a href=\"http:\/\/www.etatdexception.net\/negrophobie-la-prochaine-fois-le-feu\/#_edn2\" name=\"_ednref2\">[2]<\/a>. Ou encore la noyade de ce r\u00e9fugi\u00e9 gambien, Pathe Sabally, 22 ans, dans les eaux glac\u00e9es de Venise sous les quolibets n\u00e9grophobes d\u2019une partie des badauds<a href=\"http:\/\/www.etatdexception.net\/negrophobie-la-prochaine-fois-le-feu\/#_edn3\" name=\"_ednref3\">[3]<\/a>. La \u00ab pol\u00e9mique \u00bb belgo-belge et le \u00ab fait divers \u00bb italien, pr\u00e9sent\u00e9s comme \u00ab isol\u00e9s \u00bb et sans \u00ab causes connues \u00bb, ont soutenu notre d\u00e9bat intitul\u00e9 \u00ab Lutte contre l\u2019Afrophobie : o\u00f9 en est-on aujourd\u2019hui en Europe ? \u00bb<a href=\"http:\/\/www.etatdexception.net\/negrophobie-la-prochaine-fois-le-feu\/#_edn4\" name=\"_ednref4\">[4]<\/a>. De m\u00eame qu\u2019en toile de fond, depuis 6 mois, l\u2019hallucinante affaire Adama Traor\u00e9 \u2013 ou comment les Autorit\u00e9s fran\u00e7aises s\u2019\u00e9vertuent \u00e0 prot\u00e9ger 3 policiers qui ont asphyxi\u00e9 leur victime, l\u2019ont laiss\u00e9e mourir allong\u00e9e sur le sol, mains menott\u00e9es dans le dos \u2013 nous a appris qu\u2019il fallait trois autopsies successives pour \u00e9tablir les causes de la mort d\u2019un jeune noir de 24 ans\u2026 lorsque celui-ci est \u00e9touff\u00e9 par la police<a href=\"http:\/\/www.etatdexception.net\/negrophobie-la-prochaine-fois-le-feu\/#_edn5\" name=\"_ednref5\">[5]<\/a>.<\/p>\n<p>En cas de m\u00e9moire courte, l\u2019attaque au couteau sur Naithy Nelson, jeune homme noir de 20 ans, par un chauffeur de bus de la Soci\u00e9t\u00e9 De Lijn est venue rappeler aux Belges que la n\u00e9grophobie ne se limite pas \u00e0 Instagram et peut aboutir au crime<a href=\"http:\/\/www.etatdexception.net\/negrophobie-la-prochaine-fois-le-feu\/#_edn6\" name=\"_ednref6\">[6]<\/a>. Le lendemain de cette agression, soit le 3 f\u00e9vrier 2017, en passant la fronti\u00e8re vers la banlieue parisienne, c\u2019est Th\u00e9o, 22 ans, qui se fait violer \u00e0 la matraque et tabasser par 4 policiers d\u2019Aulnay-sous-Bois. Le tout film\u00e9 par une trentaine de t\u00e9moins. R\u00e9sultat : op\u00e9ration urgente de l\u2019anus d\u00e9chir\u00e9 sur 10 cm et 60 jours d\u2019incapacit\u00e9 de travail pour Th\u00e9o. Inculpations de \u00ab viol \u00bb pour l\u2019un des pandores et de \u00ab violences volontaires \u00bb pour ses trois coll\u00e8gues<a href=\"http:\/\/www.etatdexception.net\/negrophobie-la-prochaine-fois-le-feu\/#_edn7\" name=\"_ednref7\">[7]<\/a>.<\/p>\n<h3><strong>Police partout, justice nulle part<\/strong><\/h3>\n<p>Les points communs de ces \u00ab faits divers \u00bb sautent aux yeux des racis\u00e9-es tandis que nombre de blancs mobilisent leur privil\u00e8ge racial conjugu\u00e9 \u00e0 leur mauvaise foi pour \u00e9viter de les voir. D\u2019abord, \u00e0 travers 3 pays (Belgique, France, Italie), la couleur de peau des victimes est la m\u00eame : noire. Ensuite, dans l\u2019un ou l\u2019autre des cas, l\u2019humiliation, l\u2019agression ou le meurtre font partie int\u00e9grante des r\u00e9cits.<\/p>\n<p>Enfin, si le mot \u00ab racisme \u00bb appara\u00eet timidement, ici ou l\u00e0, le terme \u00ab n\u00e9grophobie \u00bb est toujours aux abonn\u00e9s absents du traitement m\u00e9diatique. Les m\u00e9canismes structurels \u00e0 l\u2019origine de ces \u00ab trag\u00e9dies \u00bb ne sont jamais \u00e9pingl\u00e9s. Le racisme d\u2019\u00c9tat comme la n\u00e9grophobie institutionnelle ou polici\u00e8re ne sont pas identifi\u00e9s, questionn\u00e9s et encore moins stigmatis\u00e9s. Tout se d\u00e9roule comme si personne, chez les journalistes, les intellectuels, les politiques, tous majoritairement blancs, n\u2019\u00e9tait \u00e0 m\u00eame d\u2019articuler ces agressions n\u00e9grophobes qui se renouvellent en Europe sur des fr\u00e9quences de plus en plus courtes. A l\u2019\u00e9vidence, la motivation fait d\u00e9faut.<\/p>\n<p>Car la n\u00e9grophobie, outil de la hi\u00e9rarchisation et de la domination raciale, arrange les diff\u00e9rentes Autorit\u00e9s comme elle indiff\u00e8re les m\u00e9dias, tant que cit\u00e9s et ghettos ne br\u00fblent pas. A l\u2019image du taux \u00e9lev\u00e9 de ch\u00f4mage qui convient \u00e0 nombre de politiciens et de patrons afin de d\u00e9forcer sinon an\u00e9antir toute revendication sociale, toute mobilisation subversive, entre ceux qui ont un travail et ceux qui en sont exclus.<\/p>\n<p>A l\u2019instar de la famille d\u2019Adama Traor\u00e9, de celle de Naithy, la famille de Th\u00e9o \u00ab appelle au calme \u00bb, \u00e0 ce que \u00ab justice soit faite \u00bb et autres lieux communs de circonstance. Le probl\u00e8me, c\u2019est quelle justice ? En mati\u00e8re de violences polici\u00e8res, l\u2019impunit\u00e9 judiciaire est la r\u00e8gle ; l\u2019amn\u00e9sie politicienne, une banalit\u00e9 ; la bienveillance m\u00e9diatique envers les bourreaux, une habitude. Afin que demain, en toute arabo-n\u00e9grophobie assum\u00e9e, en toute continuit\u00e9 coloniale exalt\u00e9e, de \u00ab pauvres policiers surmen\u00e9s \u00bb puissent continuer \u00e0 humilier, brutaliser, violer et tuer du noir et de l\u2019arabe lorsqu\u2019ils l\u2019estiment \u00ab justifi\u00e9 \u00bb<a href=\"http:\/\/www.etatdexception.net\/negrophobie-la-prochaine-fois-le-feu\/#_edn8\" name=\"_ednref8\">[8]<\/a>.<\/p>\n<div id=\"attachment_11131\" class=\"wp-caption alignnone\">\n<p><img decoding=\"async\" class=\"wp-image-11131\" src=\"http:\/\/www.etatdexception.net\/wp-content\/uploads\/2017\/02\/Nos-morts....jpg\" alt=\"Avant la mort par asphyxie d\u2019Adama Traor\u00e9 et le viol et tabassage en r\u00e9union de Th\u00e9o, il y a eu d\u2019autres victimes de cette violence polici\u00e8re n\u00e9grophobe. Faut-il pr\u00e9ciser que les noms reposant sur ces marches ne constituent pas une liste exhaustive des citoyens noirs tu\u00e9s par la police fran\u00e7aise ?\" width=\"798\" height=\"599\" \/><\/p>\n<p class=\"wp-caption-text\">Avant la mort par asphyxie d\u2019Adama Traor\u00e9 et le viol et tabassage en r\u00e9union de Th\u00e9o, il y a eu d\u2019autres victimes de cette violence polici\u00e8re n\u00e9grophobe. Faut-il pr\u00e9ciser que les noms reposant sur ces marches ne constituent pas une liste exhaustive des citoyens noirs tu\u00e9s par la police fran\u00e7aise ?<\/p>\n<\/div>\n<p>Quelle justice, en effet ? D\u00e8s le moment ou la jurisprudence des d\u00e9cisions ne plaide pas en faveur d\u2019une impartialit\u00e9 mais de la d\u00e9fense d\u2019un supr\u00e9macisme et corporatisme blancs qui, <em>in fine<\/em>, prot\u00e8ge des brutes, des violeurs et des assassins sous pr\u00e9texte qu\u2019ils sont \u00abd\u00e9positaires de l\u2019autorit\u00e9 publique\u00bb.<\/p>\n<h3><strong>\u00ab Th\u00e9o et Adama te rappellent pourquoi Zyed et Bouna couraient\u2026\u00bb<\/strong><\/h3>\n<p>Circulant sur les r\u00e9seaux sociaux, cette petite phrase r\u00e9sume bien une autre facette du probl\u00e8me. Et r\u00e9sonne dans le c\u0153ur de nombre de racis\u00e9-es un jour \u00ab contr\u00f4l\u00e9-es au faci\u00e8s \u00bb. En 2005, si Zyed, Bouna et Muhitin tentaient d\u2019\u00e9chapper au contr\u00f4le de police, c\u2019\u00e9tait bien pour \u00e9chapper \u00e0 l\u2019humiliation et aux insultes racistes assur\u00e9es, c\u2019\u00e9tait bien pour \u00e9chapper aux probables coups encaiss\u00e9s, c\u2019\u00e9tait pour \u00e9viter \u00ab le pire \u00bb\u2026 sans savoir que, pour deux d\u2019entre eux, ils allaient en mourir<a href=\"http:\/\/www.etatdexception.net\/negrophobie-la-prochaine-fois-le-feu\/#_edn9\" name=\"_ednref9\">[9]<\/a>. Trois semaines de r\u00e9voltes populaires \u00e0 travers la France et dix ann\u00e9es de proc\u00e9dure plus tard, le tribunal de Rennes a prononc\u00e9 la relaxe des deux policiers poursuivis dans cette affaire pour non-assistance \u00e0 personne en danger. Circulez, les familles endeuill\u00e9es noires et arabes : la justice, c\u2019est pas pour vous !<\/p>\n<p>Le pire, la n\u00e9gation de son \u00eatre intime, la torture ultime, Th\u00e9o l\u2019a subie. Sans que son casier judiciaire vierge ne le prot\u00e8ge en quoi que ce soit. \u00ab Il \u00e9tait l\u00e0 au mauvais moment au mauvais endroit \u00bb, diront les distraits, les ali\u00e9n\u00e9s et les privil\u00e9gi\u00e9s blancs. Non ! Th\u00e9o est surtout \u00ab un noir de banlieue \u00bb ! Selon ces crit\u00e8res, il n\u2019avait aucune chance face \u00e0 ses bourreaux qui savent pertinemment qu\u2019ils peuvent tout se permettre contre \u00ab ces gens-l\u00e0 \u00bb. C\u2019est l\u2019une des cons\u00e9quences de la n\u00e9grophobie structurelle que la plupart des m\u00e9dias, politiciens et intellectuels s\u2019efforcent d\u2019escamoter ou d\u2019invisibiliser par le silence\u2026 Au Canada, femmes et hommes politiques savent d\u00e9sormais que les silences ont des \u00ab cons\u00e9quences \u00bb et vous rendent complices<a href=\"http:\/\/www.etatdexception.net\/negrophobie-la-prochaine-fois-le-feu\/#_edn10\" name=\"_ednref10\">[10]<\/a>. En France comme en Belgique, ils continuent \u00e0 l\u2019ignorer, selon les modalit\u00e9s d\u2019une vieille hypocrisie pestilentielle\u2026<\/p>\n<h3><strong>Aucune am\u00e9lioration sociopolitique<\/strong><\/h3>\n<p>En Europe, malgr\u00e9 une relative prise de conscience, la volont\u00e9 politique d\u2019identifier et de s\u2019attaquer aux m\u00e9canismes structurels de la n\u00e9grophobie fait d\u00e9faut. De nombreuses propositions pour lutter contre ce racisme sp\u00e9cifique, via des rapports, des colloques, des conf\u00e9rences et autres \u00ab Assises de la diversit\u00e9 \u00bb, sont rest\u00e9es lettre morte.<\/p>\n<div id=\"attachment_11132\" class=\"wp-caption alignnone\">\n<p><img decoding=\"async\" class=\"wp-image-11132\" src=\"http:\/\/www.etatdexception.net\/wp-content\/uploads\/2017\/02\/Yvoire-de-Rosen-Bruxelles.jpg\" alt=\"Bruxelles - 11 f\u00e9vrier 2017 (Photo : Facebook \/ Yvoire de Rosen)\" width=\"798\" height=\"798\" \/><\/p>\n<p class=\"wp-caption-text\">Bruxelles \u2013 11 f\u00e9vrier 2017 (Photo : Facebook \/ Yvoire de Rosen)<\/p>\n<\/div>\n<p>Il y a pourtant urgence \u00e0 d\u00e9construire pr\u00e9jug\u00e9s et st\u00e9r\u00e9otypes \u00e0 travers l\u2019enseignement de l\u2019histoire de l\u2019esclavage et de la colonisation, leur vulgarisation et m\u00e9diatisation. A cet \u00e9gard, la repr\u00e9sentation des noirs dans les manuels scolaires allemands est d\u00e9sastreuse et introduit d\u00e8s le plus jeune \u00e2ge des st\u00e9r\u00e9otypes n\u00e9grophobes. A cela s\u2019ajoute, comme en Italie, en Espagne ou en Belgique, l\u2019absence de visibilit\u00e9 d\u2019afro-allemands dans les shows t\u00e9l\u00e9vis\u00e9s, l\u2019animation de divertissements et la pr\u00e9sentation d\u2019informations. Sans parler des crimes de haine qui, en Su\u00e8de, pour l\u2019ann\u00e9e 2014, s\u2019\u00e9levait \u00e0 17% \u00e0 l\u2019encontre des citoyens noirs (1.075 au total).<\/p>\n<p>Il est imp\u00e9ratif pour les pays europ\u00e9ens de mettre en \u0153uvre une v\u00e9ritable politique antiraciste privil\u00e9giant le d\u00e9veloppement d\u2019outils et de pratiques de mesure pour un diagnostic de l\u2019ampleur des actes n\u00e9grophobes ; pour un soutien efficient aux associations de victimes ; pour des actions efficaces en mati\u00e8re de discrimination \u00e0 l\u2019emploi ; pour un une v\u00e9ritable justice ind\u00e9pendante contre les violences polici\u00e8res et contre le profilage ethnique<a href=\"http:\/\/www.etatdexception.net\/negrophobie-la-prochaine-fois-le-feu\/#_edn11\" name=\"_ednref11\">[11]<\/a> ou les contr\u00f4les au faci\u00e8s ; pour un dispositif de sanctions proportionnelles aux d\u00e9lits \u00e0 caract\u00e8re n\u00e9grophobe\u2026<\/p>\n<p>A l\u2019Ouest, rien de nouveau ! Tout cela a d\u00e9j\u00e0 \u00e9t\u00e9 dit, \u00e9crit et rappel\u00e9 tandis qu\u2019au fil des ann\u00e9es aucune am\u00e9lioration sociopolitique n\u2019est constat\u00e9e et qu\u2019au contraire, la situation s\u2019aggrave. Le 21 mars 2016, il y a bient\u00f4t un an, la pr\u00e9sidente du R\u00e9seau Europ\u00e9en de Lutte contre le Racisme (ENAR), Sarah Isal, concluait ainsi son \u00e9tude qualitative sur la n\u00e9grophobie en Europe : \u00ab Il n\u2019existe aucune politique nationale ou europ\u00e9enne qui aborde sp\u00e9cifiquement les in\u00e9galit\u00e9s et discriminations v\u00e9cues par les personnes noires \u00bb. Et l\u2019activiste de lancer un appel pressant aux Autorit\u00e9s europ\u00e9ennes : \u00ab Etant donn\u00e9 les preuves accablantes, c\u2019est choquant. Nous ne pouvons pas simplement ignorer les vies des 12 millions de personnes noires en Europe. C\u2019est un signal d\u2019alarme \u00e0 l\u2019Union europ\u00e9enne et \u00e0 ses Etats-membres: ils doivent mettre fin aux discriminations structurelles \u00e0 l\u2019encontre des personnes noires<a href=\"http:\/\/www.etatdexception.net\/negrophobie-la-prochaine-fois-le-feu\/#_edn12\" name=\"_ednref12\">[12]<\/a> \u00bb.<\/p>\n<p>Comme le pr\u00e9conise le chercheur italien Pietro Basso, il s\u2019agit de prendre en compte les diff\u00e9rentes facettes du racisme structurel et se focaliser sur \u00ab l\u2019entrelacement explosif du racisme d\u2019\u00c9tat, du racisme doctrinaire et du racisme populaire<a href=\"http:\/\/www.etatdexception.net\/negrophobie-la-prochaine-fois-le-feu\/#_edn13\" name=\"_ednref13\">[13]<\/a> \u00bb. Toute lutte antiraciste \u2013 et par cons\u00e9quent contre la n\u00e9grophobie \u2013 qui \u00e9carte ces modalit\u00e9s propres ainsi que leurs interactions ne peut qu\u2019\u00e9chouer. Comme c\u2019est le cas, en France et en Belgique, depuis plus de 30 ans, depuis plus de 2 g\u00e9n\u00e9rations\u2026<\/p>\n<h3><strong>The fire next time<\/strong><\/h3>\n<p>Quel candidat-e \u00e0 l\u2019\u00e9lection pr\u00e9sidentielle 2017 propose le moindre projet s\u00e9rieux pour enrayer cette arabo-n\u00e9grophobie ? Pour que l\u2019int\u00e9grit\u00e9 physique de citoyens soit enfin respect\u00e9e par la police, les magistrats, les employeurs, les propri\u00e9taires de logements<a href=\"http:\/\/www.etatdexception.net\/negrophobie-la-prochaine-fois-le-feu\/#_edn14\" name=\"_ednref14\">[14]<\/a>. Aucun candidat n\u2019en parle, aucun ne s\u2019engage, aucun ne veut perdre son \u00ab pr\u00e9cieux \u00bb pourcentage d\u2019\u00e9lectorat n\u00e9grophobe. Seule la candidate Rama Yade a eu \u00ab envie de chialer \u00bb en apprenant ce que Th\u00e9o a endur\u00e9<a href=\"http:\/\/www.etatdexception.net\/negrophobie-la-prochaine-fois-le-feu\/#_edn15\" name=\"_ednref15\">[15]<\/a>. Tandis que l\u2019apparatchik Beno\u00eet Hamon a vers\u00e9 une larme de crocodile \u00ab socialiste \u00bb ou que <a href=\"http:\/\/www.etatdexception.net\/negrophobie-la-prochaine-fois-le-feu\/%20https:\/\/twitter.com\/JLMelenchon\/status\/716583564935041025\">Jean-Luc M\u00e9lenchon<\/a>, ami de la n\u00e9grophobe Laurence Rossignol<a href=\"http:\/\/www.etatdexception.net\/negrophobie-la-prochaine-fois-le-feu\/#_edn16\" name=\"_ednref16\">[16]<\/a>, pr\u00e9f\u00e8re se la jouer \u00ab moderne \u00bb en pr\u00e9sentant son hologramme dans ses meetings\u2026 Et ne parlons pas du gouvernement f\u00e9d\u00e9ral belge, cornaqu\u00e9 par l\u2019extr\u00eame-droite flamande avec la complicit\u00e9 d\u2019une droite francophone, tout aussi coloniale et n\u00e9grophobe que son homologue fran\u00e7aise.<\/p>\n<p><img decoding=\"async\" class=\" size-full wp-image-10959 alignleft\" src=\"http:\/\/www.etatdexception.net\/wp-content\/uploads\/2016\/10\/La-prochaine-fois-le-feu.jpg\" alt=\"la-prochaine-fois-le-feu\" width=\"250\" height=\"412\" \/>R\u00e9fugi\u00e9 en France avant sa mort, l\u2019\u00e9crivain afro-am\u00e9ricain James Baldwin avertissait dans son ouvrage <em>The fire next time<\/em> : \u00ab Nous sommes responsables envers la vie. Elle est le point lumineux dans toutes ces terrifiantes t\u00e9n\u00e8bres desquelles nous sommes issus et auxquelles nous retournerons. Il nous faut n\u00e9gocier ce passage aussi noblement que nous en sommes capables par \u00e9gard \u00e0 ceux qui viendront apr\u00e8s nous<a href=\"http:\/\/www.etatdexception.net\/negrophobie-la-prochaine-fois-le-feu\/#_edn17\" name=\"_ednref17\">[17]<\/a> \u00bb.<\/p>\n<p>A Aulnay, la r\u00e9volte a d\u00e9j\u00e0 commenc\u00e9 depuis plusieurs jours. Durant une des nuits, elle a donn\u00e9 lieu \u00e0 des \u00ab tirs de sommation \u00bb \u00e0 balles r\u00e9elles de la police<a href=\"http:\/\/www.etatdexception.net\/negrophobie-la-prochaine-fois-le-feu\/#_edn18\" name=\"_ednref18\">[18]<\/a>\u2026 Il arrive un moment o\u00f9 parler, \u00e9crire et avertir ne sert plus \u00e0 rien. Vous, les politiques irresponsables, la justice \u00e0 2 vitesses, les m\u00e9dias arabo-n\u00e9grophobes, avez favoris\u00e9 ce moment. Vous l\u2019avez cherch\u00e9 et l\u2019avez voulu. Nos morts, nos bless\u00e9s et nos familles bris\u00e9es en t\u00e9moignent depuis des d\u00e9cennies. Tout cela n\u2019est plus \u00ab regrettable \u00bb, tout cela n\u2019est pas \u00ab accidentel \u00bb, tout cela est structurel. Et il n\u2019est d\u00e9cid\u00e9ment plus temps de \u00ab chialer \u00bb. Si un frein sociopolitique n\u2019est pas trouv\u00e9, c\u2019est Jimmy qui aura encore raison : la prochaine fois, le feu !<\/p>\n<div class=\"sharedaddy sd-sharing-enabled\">\n<div class=\"robots-nocontent sd-block sd-social sd-social-icon sd-sharing\">\n<h3 class=\"sd-title\">Partager\u00a0:<\/h3>\n<div class=\"sd-content\">\n<ul>\n<li class=\"share-twitter\"><a class=\"share-twitter sd-button share-icon no-text\" title=\"Partager sur Twitter\" href=\"http:\/\/www.etatdexception.net\/negrophobie-la-prochaine-fois-le-feu\/?share=twitter&amp;nb=1\" target=\"_blank\" rel=\"nofollow\" data-shared=\"sharing-twitter-11127\"><span class=\"sharing-screen-reader-text\">Partager sur Twitter(ouvre dans une nouvelle fen\u00eatre)<\/span><\/a><\/li>\n<li class=\"share-facebook\"><a class=\"share-facebook sd-button share-icon no-text\" title=\"Partager sur Facebook\" href=\"http:\/\/www.etatdexception.net\/negrophobie-la-prochaine-fois-le-feu\/?share=facebook&amp;nb=1\" target=\"_blank\" rel=\"nofollow\" data-shared=\"sharing-facebook-11127\"><span class=\"sharing-screen-reader-text\">Partager sur Facebook(ouvre dans une nouvelle fen\u00eatre)<\/span><\/a><\/li>\n<li class=\"share-google-plus-1\"><a class=\"share-google-plus-1 sd-button share-icon no-text\" title=\"Cliquez pour partager sur Google+\" href=\"http:\/\/www.etatdexception.net\/negrophobie-la-prochaine-fois-le-feu\/?share=google-plus-1&amp;nb=1\" target=\"_blank\" rel=\"nofollow\" data-shared=\"sharing-google-11127\"><span class=\"sharing-screen-reader-text\">Cliquez pour partager sur Google+(ouvre dans une nouvelle fen\u00eatre)<\/span><\/a><\/li>\n<li class=\"share-print\"><a class=\"share-print sd-button share-icon no-text\" title=\"Cliquer pour imprimer\" href=\"http:\/\/www.etatdexception.net\/negrophobie-la-prochaine-fois-le-feu\/#print\" target=\"_blank\" rel=\"nofollow\" data-shared=\"\"><span class=\"sharing-screen-reader-text\">Cliquer pour imprimer(ouvre dans une nouvelle fen\u00eatre)<\/span><\/a><\/li>\n<li class=\"share-end\"><\/li>\n<\/ul>\n<\/div>\n<\/div>\n<\/div>\n<div>\n<div class=\"footnotes fn\">\n<h4>Notes<\/h4>\n<p><a href=\"http:\/\/www.etatdexception.net\/negrophobie-la-prochaine-fois-le-feu\/#_ednref1\" name=\"_edn1\">[1]<\/a><a href=\"http:\/\/www.etatdexception.net\/negrophobie-la-prochaine-fois-le-feu\/#_ednref1\" name=\"_edn1\">http:\/\/www.bozar.be\/fr\/activities\/123137-debates\u2014afropolitan-festival-2017<br \/>\n<\/a><a href=\"http:\/\/www.etatdexception.net\/negrophobie-la-prochaine-fois-le-feu\/#_ednref2\" name=\"_edn2\">[2]<\/a><a href=\"http:\/\/www.sudinfo.be\/1764210\/article\/2017-01-15\/miss-belgique-au-coeur-d-une-polemique-raciste-voici-le-message-de-tres-mauvais\"><span class=\"_5slv\">http:\/\/www.sudinfo.be\/1764210\/article\/2017-01-15\/miss-belgique-au-coeur-d-une-polemique-raciste-voici-le-message-de-tres-mauvais<br \/>\n<\/span><\/a><a href=\"http:\/\/www.lesoir.be\/1417594\/article\/soirmag\/actu-soirmag\/2017-01-16\/miss-belgique-s-excuse-apres-un-commentaire-juge-raciste-sur-instagram-video\"><span class=\"_5slv\">http:\/\/www.lesoir.be\/1417594\/article\/soirmag\/actu-soirmag\/2017-01-16\/miss-belgique-s-excuse-apres-un-commentaire-juge-raciste-sur-instagram-video<br \/>\n<\/span><\/a><a href=\"http:\/\/www.etatdexception.net\/negrophobie-la-prochaine-fois-le-feu\/#_ednref3\" name=\"_edn3\">[3]<\/a><a href=\"https:\/\/francais.rt.com\/international\/33025-venise-refugie-africain-se-noie-video\"><span class=\"_5slv\">https:\/\/francais.rt.com\/international\/33025-venise-refugie-africain-se-noie-video<br \/>\n<\/span><\/a><a href=\"http:\/\/www.etatdexception.net\/negrophobie-la-prochaine-fois-le-feu\/#_ednref4\" name=\"_edn4\">[4]<\/a><a href=\"http:\/\/www.etatdexception.net\/negrophobie-la-prochaine-fois-le-feu\/#_ednref4\" name=\"_edn4\"><span class=\"_5slv\">http:\/\/www.bozar.be\/fr\/activities\/123451-lutte-contre-l-afrophobie-ou-en-est-on-aujourd-hui-en-europe<br \/>\n<\/span><\/a><a href=\"http:\/\/www.etatdexception.net\/negrophobie-la-prochaine-fois-le-feu\/#_ednref5\" name=\"_edn5\">[5]<\/a><a href=\"http:\/\/www.etatdexception.net\/negrophobie-la-prochaine-fois-le-feu\/#_ednref5\" name=\"_edn5\"><span class=\"_5slv\">http:\/\/www.lefigaro.fr\/actualite-france\/2016\/12\/21\/01016-20161221ARTFIG00164-affaire-adama-traore-trois-juges-vont-reprendre-l-enquete-a-paris.php<\/span><br \/>\n<\/a><a href=\"http:\/\/www.etatdexception.net\/negrophobie-la-prochaine-fois-le-feu\/#_ednref6\" name=\"_edn6\">[6]<\/a><a href=\"http:\/\/www.dhnet.be\/actu\/faits\/agression-d-un-mineur-dans-un-bus-de-lijn-en-flandre-maman-viens-a-l-arret-de-bus-le-chauffeur-m-a-pointe-58939bb2cd70ff671df39c8f\"><span class=\"_5slv\">http:\/\/www.dhnet.be\/actu\/faits\/agression-d-un-mineur-dans-un-bus-de-lijn-en-flandre-maman-viens-a-l-arret-de-bus-le-chauffeur-m-a-pointe-58939bb2cd70ff671df39c8f<br \/>\n<\/span><\/a><a href=\"http:\/\/www.etatdexception.net\/negrophobie-la-prochaine-fois-le-feu\/#_ednref7\" name=\"_edn7\">[7]<\/a><a href=\"http:\/\/www.etatdexception.net\/negrophobie-la-prochaine-fois-le-feu\/#_ednref7\" name=\"_edn7\"><span class=\"_5slv\">http:\/\/www.bfmtv.com\/police-justice\/aulnay-sous-bois-theo-raconte-son-interpellation-1097492.html<br \/>\n<\/span><\/a><a href=\"http:\/\/www.etatdexception.net\/negrophobie-la-prochaine-fois-le-feu\/#_ednref8\" name=\"_edn8\">[8]<\/a><a href=\"http:\/\/www.etatdexception.net\/negrophobie-la-prochaine-fois-le-feu\/#_ednref8\" name=\"_edn8\">http:\/\/www.revolutionpermanente.fr\/L-anus-dechire-a-coups-de-matraque-Les-methodes-de-la-police-de-Drancy-93<br \/>\n<\/a><a href=\"http:\/\/www.etatdexception.net\/negrophobie-la-prochaine-fois-le-feu\/#_ednref9\" name=\"_edn9\">[9]<\/a><a href=\"http:\/\/www.etatdexception.net\/negrophobie-la-prochaine-fois-le-feu\/#_ednref9\" name=\"_edn9\"><span class=\"_5slv\">http:\/\/www.lemonde.fr\/societe\/article\/2015\/05\/18\/mort-de-zyed-et-bouna-relaxe-definitive-des-deux-policiers_4635109_3224.html<\/span><br \/>\n<\/a><a href=\"http:\/\/www.etatdexception.net\/negrophobie-la-prochaine-fois-le-feu\/#_ednref10\" name=\"_edn10\">[10]<\/a><a href=\"http:\/\/www.etatdexception.net\/negrophobie-la-prochaine-fois-le-feu\/#_ednref10\" name=\"_edn10\"><span class=\"_5slv\">http:\/\/www.lefigaro.fr\/international\/2017\/02\/05\/01003-20170205ARTFIG00028-un-depute-canadien-demande-pardon-aux-musulmans-apres-l-attentat-a-quebec.php<\/span><br \/>\n<\/a><a href=\"http:\/\/www.etatdexception.net\/negrophobie-la-prochaine-fois-le-feu\/#_ednref11\" name=\"_edn11\">[11]<\/a> Le \u00ab profilage ethnique \u00bb peut se d\u00e9finir comme \u00ab le recours, par les officiers de police ou des services de s\u00e9curit\u00e9, de l\u2019immigration et des douanes, \u00e0 des g\u00e9n\u00e9ralisations reposant sur la race, l\u2019ethnicit\u00e9, la religion ou l\u2019origine nationale, plut\u00f4t qu\u2019\u00e0 des \u00e9l\u00e9ments li\u00e9s au comportement individuel ou \u00e0 des indices objectifs, pour appuyer les soup\u00e7ons sur la base desquels seront engag\u00e9es des actions discr\u00e9tionnaires de maintien de l\u2019ordre. C\u2019est souvent \u00e0 travers les choix qu\u2019op\u00e8rent les policiers lorsqu\u2019ils d\u00e9cident qui ils vont arr\u00eater dans la rue, pour des contr\u00f4les d\u2019identit\u00e9, des interrogatoires, des fouilles et des gardes \u00e0 vue, que cette pratique est la plus manifeste \u00bb (Fiche d\u2019informations n\u00b040, ENAR, Bruxelles, juin 2009).<br \/>\n<a href=\"http:\/\/www.etatdexception.net\/negrophobie-la-prochaine-fois-le-feu\/#_ednref12\" name=\"_edn12\">[12]<\/a><a href=\"http:\/\/www.etatdexception.net\/negrophobie-la-prochaine-fois-le-feu\/#_ednref12\" name=\"_edn12\">https:\/\/belafrikamedia.com\/belafrika\/2016\/03\/21\/info-afrophobie-sous-embargo-jusquau-22-mars-2016-11h-les-personnes-noires-en-europe-confrontees-au-racisme-dans-un-contexte-anti-immigration\/<br \/>\n<\/a><a href=\"http:\/\/www.etatdexception.net\/negrophobie-la-prochaine-fois-le-feu\/#_ednref13\" name=\"_edn13\">[13]<\/a><a href=\"https:\/\/www.syllepse.net\/syllepse_images\/divers\/la_racisme_europpeen.pdf\">https:\/\/www.syllepse.net\/syllepse_images\/divers\/la_racisme_europpeen.pdf<\/a><br \/>\n<a href=\"http:\/\/www.etatdexception.net\/negrophobie-la-prochaine-fois-le-feu\/#_ednref14\" name=\"_edn14\">[14]<\/a><a href=\"http:\/\/www.etatdexception.net\/negrophobie-la-prochaine-fois-le-feu\/#_ednref14\" name=\"_edn14\">http:\/\/www.lemonde.fr\/societe\/article\/2012\/01\/19\/incendie-du-boulevard-auriol-60-000-euros-d-amendes-pour-deux-personnes-morales_1631980_3224.html<br \/>\n<\/a><a href=\"http:\/\/www.etatdexception.net\/negrophobie-la-prochaine-fois-le-feu\/#_ednref15\" name=\"_edn15\">[15]<\/a><a href=\"http:\/\/www.etatdexception.net\/negrophobie-la-prochaine-fois-le-feu\/#_ednref15\" name=\"_edn15\">http:\/\/www.liberation.fr\/direct\/element\/aulnay-sous-bois-ca-me-donne-envie-de-chialer-reagit-rama-yade_57529\/<br \/>\n<\/a><a href=\"http:\/\/www.etatdexception.net\/negrophobie-la-prochaine-fois-le-feu\/#_ednref16\" name=\"_edn16\">[16]<\/a><a href=\"http:\/\/www.etatdexception.net\/negrophobie-la-prochaine-fois-le-feu\/#_ednref16\" name=\"_edn16\">http:\/\/www.liberation.fr\/france\/2016\/03\/30\/laurence-rossignol-et-les-negres-qui-etaient-pour-l-esclavage_1442820<br \/>\n<\/a><a href=\"http:\/\/www.etatdexception.net\/negrophobie-la-prochaine-fois-le-feu\/#_ednref17\" name=\"_edn17\">[17]<\/a><a href=\"http:\/\/www.etatdexception.net\/negrophobie-la-prochaine-fois-le-feu\/#_ednref17\" name=\"_edn17\">http:\/\/www.gallimard.fr\/Catalogue\/GALLIMARD\/Folio\/Folio\/La-prochaine-fois-le-feu<br \/>\n<\/a><a href=\"http:\/\/www.etatdexception.net\/negrophobie-la-prochaine-fois-le-feu\/#_ednref18\" name=\"_edn18\">[18]<\/a><a href=\"http:\/\/www.etatdexception.net\/negrophobie-la-prochaine-fois-le-feu\/#_ednref18\" name=\"_edn18\">http:\/\/www.liberation.fr\/direct\/element\/des-tirs-de-sommation-de-la-police-dans-la-nuit-de-lundi-a-mardi-a-aulnay-sous-bois_57608\/<\/a><\/p>\n<\/div>\n<\/div>\n<div class=\"_1dwg _1w_m _2ph_\">\n<div>\n<div id=\"js_1ip\" class=\"_5pbx userContent\" data-ft=\"{&quot;tn&quot;:&quot;K&quot;}\">\n<blockquote>\n<p style=\"text-align: center;\"><strong>Terrible!!! Du racisme \u00e0 l&rsquo;\u00e9tat pur!!!<\/strong><\/p>\n<p>Il a fallu une incroyable mobilisation de plus de 200 personnes pour pouvoir d\u00e9poser une plainte dans un commissariat de police de la ville de Bruxelles,<br \/>\nsuite \u00e0 l&rsquo;agression violente \u00e0 l&rsquo;arme blanche par un chauffeur de bus sur un jeune adolescent!!!<br \/>\n&#8212;&#8212;&#8212;&#8212;&#8212;&#8212;-<\/p>\n<p>Naithy Nelson est un jeune et brillant adolescent de 16 ans. Il y a 10 jours pr\u00e8s de la p\u00e9riph\u00e9rie de Bruxelles, ce dernier attend le bus de Lijn (soci\u00e9t\u00e9 belge de transport) pour rentrer chez lui.<\/p>\n<p>Le bus arrive et le chauffeur ne veut pas reconna\u00eetre son titre de transport command\u00e9 par sms. Naithy r\u00e9pond qu\u2019il est en r\u00e8gle,<br \/>\nle chauffeur s\u2019\u00e9nerve et refuse qu\u2019il aille s\u2019asseoir.<\/p>\n<p>Le jeune adolescent insiste pour rentrer dans le bus.<br \/>\nLe chauffeur sort un couteau de cuisine et se pr\u00e9cipite vers lui.<br \/>\nNaithy est violemment poignard\u00e9 et fort touch\u00e9 pr\u00e8s du coeur.<\/p>\n<p>Le jeune s\u2019\u00e9chappe dans la rue, l\u2019agresseur essaye de le rattraper.<br \/>\nLe chauffeur r\u00e9alise son acte et d\u00e9cide de remonter dans son bus, afin de s\u2019enfuir.<\/p>\n<p>Naithy fort bless\u00e9 arrive \u00e0 le suivre et monte de justesse dans le bus. Le jeune appelle la police. Une voiture des forces de l\u2019ordre arrive et interpelle Naithy convaincu que c\u2019est l\u2019agresseur et non<br \/>\nla victime. Le jeune est sorti du bus par les policiers malgr\u00e9 la p\u00e9riode de grand froid.<\/p>\n<p>Apr\u00e8s de longues discutions notamment avec quelques t\u00e9moins, les policiers r\u00e9alisent qu\u2019ils se trompent.<br \/>\nLe jeune est toujours maintenu dehors par la police, assis par terre. Le chauffeur est dans le bus.<\/p>\n<p>Une ambulance est appel\u00e9e, le jeune Naithy demande aux policiers \u00e0 ce que cette derni\u00e8re ne vienne pas: (\u00ab\u00a0je ne sais pas si ma maman a assez d&rsquo;argent pour payer!\u00a0\u00bb).<br \/>\nLes policiers d\u00e9cident de renvoyer l&rsquo;ambulance.<\/p>\n<p>Sous pressions par t\u00e9l\u00e9phone de la soci\u00e9t\u00e9 de transport: (\u00ab\u00a0nous n&rsquo;avons pas suffisamment de chauffeurs!\u00a0\u00bb) les policiers finissent par laisser partir en toute impunit\u00e9 l\u2019agresseur.<\/p>\n<p>Naithy rentre chez lui, sa m\u00e8re d\u00e9cide de porter plainte dans la commune ou a eu lieu les faits.<br \/>\nLa m\u00e8re et le fils se rendent au commissariat de Grimberghen,<br \/>\nles policiers de service refusent d\u2019accepter la plainte.<\/p>\n<p>Dans la soir\u00e9e, la famille se dirige \u00e0 Bruxelles, dans la commune d&rsquo;Ixelles, que la famille connait bien.<\/p>\n<p>Au commissariat d\u2019Ixelles, les policiers en service refusent \u00e9galement d\u2019accepter la plainte.<br \/>\nMalgr\u00e9 l\u2019insistance de la m\u00e8re face \u00e0 la gravit\u00e9 des faits, il lui est impossible de d\u00e9poser plainte.<\/p>\n<p>Apr\u00e8s avoir rencontr\u00e9 la militante tr\u00e8s active Mireille-Tsheusi Robert, les associations \u00ab\u00a0Vie meilleure en Afrique\u00a0\u00bb, Nkento asbl, Change asbl, Bamko asbl s&rsquo;organisent et une grande mobilisation<br \/>\ndevant le commissariat de police d\u2019Ixelles est organis\u00e9e aujourd\u2019hui pour que Naithy puisse porter plainte.<\/p>\n<p>Apr\u00e8s plus de 2h 46 min et une ambiance tendue afin de dissuader \u00e0 nouveau la famille, la plainte a enfin \u00e9t\u00e9 d\u00e9pos\u00e9e.<\/p>\n<p>De nombreux citoyens de toutes origines ayant brav\u00e9 le froid sont venus tr\u00e8s nombreux (plus de 200 personnes) afin de soutenir Naithy et sa m\u00e8re.<\/p>\n<p>Lors du drame, \u00e0 l\u2019exception du journal la derni\u00e8re heure,<br \/>\nqui a publi\u00e9 le 3 f\u00e9vrier 2017 un article dans la rubrique faits divers, aucun m\u00e9dia n&rsquo;a relay\u00e9 l\u2019info.<\/p>\n<p>Le chauffeur n\u2019a pas \u00e9t\u00e9 interpell\u00e9 et ce dernier continue d\u2019exercer tranquillement sa profession.<\/p>\n<p>Selon le rapport du m\u00e9decin, Naithy a eu un r\u00e9flexe extraordinaire en reculant en arri\u00e8re, sans ce dernier, le jeune adolescent ce serait effondr\u00e9 et n&rsquo;aurait eu aucune chance d&rsquo;\u00eatre r\u00e9anim\u00e9.<\/p>\n<p>Le racisme a gangren\u00e9 notre soci\u00e9t\u00e9 et nos institutions ne sont certainement pas \u00e9pargn\u00e9es.<\/p>\n<p>Les discours populistes et racistes de certains politiciens, journalistes et intellectuels alimentent la haine et engendrent de terribles passages \u00e0 l\u2019acte, un peu partout dans le monde.<\/p>\n<p>Nous ne pouvons envisager un Monde meilleur tant que la justice fonctionnera \u00e0 deux vitesses.<\/p>\n<p>Naithy nous rappelle aujourd\u2019hui que l\u2019indignation ne peut \u00eatre s\u00e9lective et ne peut plus concerner \u00abque certaines cat\u00e9gories de personnes\u00bb<\/p>\n<p>Naithy nous rappelle par son humilit\u00e9 et toute son humanit\u00e9 que nous portons tous une immense responsabilit\u00e9 vis-\u00e0-vis de ces actes ignobles, voire inqualifiables qui le plus souvent sont assur\u00e9s<br \/>\nde toute impunit\u00e9\u2026<\/p>\n<p>mourad boucif<\/p>\n<p>Ixelles \/ 19h52 \/ samedi 11 f\u00e9vrier 2017<\/p><\/blockquote>\n<\/div>\n<div class=\"_3x-2\">\n<div data-ft=\"{&quot;tn&quot;:&quot;H&quot;}\">\n<div class=\"mtm\">\n<div class=\"_46-h _517g\"><img decoding=\"async\" class=\"_46-i img aligncenter\" src=\"https:\/\/scontent-bru2-1.xx.fbcdn.net\/v\/t1.0-0\/p480x480\/16640690_374393886267686_2180976034220260771_n.jpg?oh=3750d1abb631af29efe92b3cfcf4ea23&amp;oe=5901BD15\" alt=\"L\u2019image contient peut-\u00eatre\u00a0: 1 personne\" width=\"480\" height=\"480\" \/><\/div>\n<\/div>\n<\/div>\n<\/div>\n<div><\/div>\n<\/div>\n<\/div>\n<div><\/div>\n<\/section>\n<\/article>\n<\/div>\n<\/div>\n","protected":false},"excerpt":{"rendered":"<p>N\u00e9grophobie : La prochaine fois, le feu ! Olivier Mukuna11 f\u00e9vrier 2017 Parfois, la vie se charge de cimenter ce que vous tentez d\u2019exprimer depuis des ann\u00e9es. Sans subtilit\u00e9. Avec violence et c\u00e9l\u00e9rit\u00e9. Pour avoir anim\u00e9 3 d\u00e9bats autour de la lutte contre la n\u00e9grophobie, le week-end dernier au Bozar de Bruxelles[1], je ne m\u2019attendais &#8230; <a title=\"N\u00e9grophobie : La prochaine fois, le feu !\" class=\"read-more\" href=\"https:\/\/bruxelles-pantheres.be\/?p=3154\" aria-label=\"En savoir plus sur N\u00e9grophobie : La prochaine fois, le feu !\">Lire la suite<\/a><\/p>\n","protected":false},"author":1,"featured_media":3156,"comment_status":"open","ping_status":"open","sticky":false,"template":"","format":"standard","meta":{"footnotes":""},"categories":[7,18,28,5],"tags":[31,84,14,23,62,54,15],"class_list":["post-3154","post","type-post","status-publish","format-standard","has-post-thumbnail","hentry","category-negrophobie","category-resistance-bruxelles","category-racismes","category-violence-policiere","tag-belgique","tag-black-power","tag-bruxelles","tag-discrimination","tag-olivier-mukuna","tag-police","tag-resistance"],"_links":{"self":[{"href":"https:\/\/bruxelles-pantheres.be\/index.php?rest_route=\/wp\/v2\/posts\/3154","targetHints":{"allow":["GET"]}}],"collection":[{"href":"https:\/\/bruxelles-pantheres.be\/index.php?rest_route=\/wp\/v2\/posts"}],"about":[{"href":"https:\/\/bruxelles-pantheres.be\/index.php?rest_route=\/wp\/v2\/types\/post"}],"author":[{"embeddable":true,"href":"https:\/\/bruxelles-pantheres.be\/index.php?rest_route=\/wp\/v2\/users\/1"}],"replies":[{"embeddable":true,"href":"https:\/\/bruxelles-pantheres.be\/index.php?rest_route=%2Fwp%2Fv2%2Fcomments&post=3154"}],"version-history":[{"count":2,"href":"https:\/\/bruxelles-pantheres.be\/index.php?rest_route=\/wp\/v2\/posts\/3154\/revisions"}],"predecessor-version":[{"id":3158,"href":"https:\/\/bruxelles-pantheres.be\/index.php?rest_route=\/wp\/v2\/posts\/3154\/revisions\/3158"}],"wp:featuredmedia":[{"embeddable":true,"href":"https:\/\/bruxelles-pantheres.be\/index.php?rest_route=\/wp\/v2\/media\/3156"}],"wp:attachment":[{"href":"https:\/\/bruxelles-pantheres.be\/index.php?rest_route=%2Fwp%2Fv2%2Fmedia&parent=3154"}],"wp:term":[{"taxonomy":"category","embeddable":true,"href":"https:\/\/bruxelles-pantheres.be\/index.php?rest_route=%2Fwp%2Fv2%2Fcategories&post=3154"},{"taxonomy":"post_tag","embeddable":true,"href":"https:\/\/bruxelles-pantheres.be\/index.php?rest_route=%2Fwp%2Fv2%2Ftags&post=3154"}],"curies":[{"name":"wp","href":"https:\/\/api.w.org\/{rel}","templated":true}]}}