{"id":3162,"date":"2017-02-13T16:08:13","date_gmt":"2017-02-13T15:08:13","guid":{"rendered":"https:\/\/bruxelles-pantheres.be\/?p=3162"},"modified":"2017-02-13T16:08:13","modified_gmt":"2017-02-13T15:08:13","slug":"appel-pour-un-moratoire-sur-la-construction-de-nouvelles-prisons-en-belgique","status":"publish","type":"post","link":"https:\/\/bruxelles-pantheres.be\/?p=3162","title":{"rendered":"Appel pour un moratoire sur la construction de nouvelles prisons en Belgique"},"content":{"rendered":"<h5>Merci de signer \u00ab\u00a0l&rsquo;Appel pour un moratoire sur la construction de nouvelles prisons en Belgique\u00a0\u00bb \/ Dank om de \u00ab\u00a0Oproep voor een moratorium op de bouw van nieuwe gevangenissen\u00a0\u00bb te ondertekenen.<\/h5>\n<p style=\"text-align: center;\"><em><a href=\"https:\/\/bruxelles-pantheres.be\/wp-content\/uploads\/2013\/12\/NoBorder-2.jpg\"><img decoding=\"async\" class=\"alignnone size-full wp-image-1755\" src=\"https:\/\/bruxelles-pantheres.be\/wp-content\/uploads\/2013\/12\/NoBorder-2.jpg\" alt=\"\" width=\"1200\" height=\"1001\" srcset=\"https:\/\/bruxelles-pantheres.be\/wp-content\/uploads\/2013\/12\/NoBorder-2.jpg 1200w, https:\/\/bruxelles-pantheres.be\/wp-content\/uploads\/2013\/12\/NoBorder-2-300x250.jpg 300w, https:\/\/bruxelles-pantheres.be\/wp-content\/uploads\/2013\/12\/NoBorder-2-1024x854.jpg 1024w, https:\/\/bruxelles-pantheres.be\/wp-content\/uploads\/2013\/12\/NoBorder-2-768x641.jpg 768w, https:\/\/bruxelles-pantheres.be\/wp-content\/uploads\/2013\/12\/NoBorder-2-540x450.jpg 540w\" sizes=\"(max-width: 1200px) 100vw, 1200px\" \/><\/a><\/em><\/p>\n<p><strong>Texte en FR ci-dessous.<\/strong><\/p>\n<p><strong>Merci de diffuser.<\/strong><\/p>\n<p><em>Beste,<\/em><\/p>\n<p><em>De alarmerende bevindingen over de situatie in de Belgische gevangenissen blijven zich opstapelen. Opeenvolgende regeringen reageren door in te zetten op de bouw van meer gevangenissen. We denken dat we niet meer gevangenissen nodig hebben, maar meer middelen voor rechtvaardigheid, begeleiding van gevangenen, re-integratie en solidariteit.<\/em><\/p>\n<p><em>Daarom deze oproep tot een moratorium op de bouw van nieuwe gevangenissen.<\/em><\/p>\n<p><em>Deze oproep komt er nu de bouwvergunning voor de mega-gevangenis in Brussel, onderhandeld op de meest ondoorzichtige manier, werd toegekend. Er is nu alleen nog een milieuvergunning nodig.\u00a0 De oppositie tegen dit project lijkt ons de gelegenheid om deze dynamiek verder uit de diepen. Het huidige gevangenisbeleid is achterhaald, het moet evolueren. Maar zonder het engagement en de betrokkenheid van de burgers maakt die evolutie geen kans.<\/em><\/p>\n<p><em>We roepen ook op tot de organisatie van een Staten-Generaal van de burgers omtrent het gevangeniswezen, die fundamenteel het huidige gevangenisbeleid zou kunnen bevragen.<\/em><\/p>\n<p><em>Wij hopen op uw steun te kunnen rekenen door het ondertekenen van deze oproep.<\/em><\/p>\n<p><em><strong>Dank u om uw naam en functie \/ beroep via mail op te sturen naar Jean-Baptiste Godinot\u00a0<a href=\"mailto:jbgodinot@rassemblement-r.be\">jbgodinot@rassemblement-r.be<\/a>\u00a0en \/ of Luk Vervaet\u00a0<a href=\"mailto:vervaetluk@gmail.com\">vervaetluk@gmail.com<\/a><\/strong><\/em><\/p>\n<p><em>Met vriendelijke groet,<\/em><\/p>\n<p><em>Luk Vervaet en Jean-Baptiste Godinot<\/em><\/p>\n<p><em>*<\/em><\/p>\n<p>Ch\u00e8re Madame, cher Monsieur, cher ami,<br \/>\nLes constats alarmants sur la situation dans les prisons belges ne cessent de s&rsquo;accumuler, depuis des d\u00e9cennies.\u00a0Les gouvernements successifs y r\u00e9pondent par la m\u00eame erreur : construire toujours plus de prisons. Nous n&rsquo;avons pas besoin de plus de prisons mais de plus de moyens pour la justice, l\u2019accompagnement des d\u00e9tenus, la r\u00e9insertion, la solidarit\u00e9.<br \/>\nC&rsquo;est le sens de l\u2019appel que vous trouverez ci-joint, qui appelle \u00e0 un moratoire sur la construction de toute nouvelle prison.<br \/>\nIl est lanc\u00e9 au moment o\u00f9 le projet de m\u00e9gaprison de Bruxelles, n\u00e9goci\u00e9 dans la plus compl\u00e8te opacit\u00e9, pourrait \u00eatre autoris\u00e9 (le permis d\u2019urbanisme a \u00e9t\u00e9 d\u00e9livr\u00e9, manque le permis d\u2019environnement). L&rsquo;opposition de la soci\u00e9t\u00e9 civile \u00e0 ce projet nous semble constituer une invitation \u00e0 poursuivre la dynamique en l&rsquo;approfondissant. La politique carc\u00e9rale actuelle est obsol\u00e8te, elle doit \u00e9voluer. Il nous semble visible qu&rsquo;elle n&rsquo;\u00e9voluera pas sans une implication significative de la soci\u00e9t\u00e9 civile.<br \/>\nNous appelons donc \u00e9galement \u00e0 l\u2019organisation d\u2019\u00e9tats g\u00e9n\u00e9raux citoyens de la prison, qui devraient interroger fondamentalement la politique carc\u00e9rale actuelle.<br \/>\nNous esp\u00e9rons pouvoir compter sur votre soutien que vous pouvez marquer en signant cet appel.<\/p>\n<p>Merci d\u2019envoyer votre NOM et votre FONCTION\/PROFESSION par mail \u00e0 Jean-Baptiste Godinot\u00a0<a href=\"mailto:jbgodinot@rassemblement-r.be\">jbgodinot@rassemblement-r.be<\/a>\u00a0et\/ou Luk Vervaet\u00a0<a href=\"mailto:vervaetluk@gmail.com\">vervaetluk@gmail.com<\/a><br \/>\n<em><br \/>\n<\/em> <em>Bien cordialement,<\/em><br \/>\n<em>Luk Vervaet, Jean-Baptiste Godinot<\/em><br \/>\n<em><br \/>\n<\/em> <em><br \/>\n<\/em><\/p>\n<p><strong>Appel pour un moratoire sur la construction de nouvelles prisons en Belgique<\/strong><\/p>\n<p>Le nombre de d\u00e9tenus en Belgique a doubl\u00e9 entre 1980 et les ann\u00e9es 2000, passant de 5.000 \u00e0 plus de 11.000. Cette inflation carc\u00e9rale ne s\u2019explique pas par l\u2019explosion du crime et de la d\u00e9linquance, qui sont rest\u00e9s stables<a href=\"#_ftn1\" name=\"_ftnref1\">[1]<\/a>.<\/p>\n<p>Il s\u2019agit d\u2019un tournant punitif et r\u00e9pressif, \u00e9galement pris par la plupart des pays europ\u00e9ens au cours des ann\u00e9es 1970 &#8211; 1980.<\/p>\n<p>Les gouvernements successifs y ont r\u00e9pondu par la construction de nouvelles prisons. En 30 ans, le nombre de cellules a augment\u00e9 de 176%. Pendant la derni\u00e8re d\u00e9cennie des nouvelles prisons ont \u00e9t\u00e9 construites, pr\u00e9tendument pour lutter contre la surpopulation carc\u00e9rale\u00a0: \u00e0 Ittre (2003), Hasselt (2005), Marche-en-Famenne (2013), Leuze-en-Hainaut (2014) et Beveren (2014). \u00a0Pourtant, le taux de surpopulation des cellules en 2015 \u00e9tait encore de 10%. Un constat s\u2019impose\u00a0: plus on construit de prisons, plus on les remplit.<\/p>\n<p>Le gouvernement actuel annonce sa volont\u00e9 d\u2019en construire davantage\u00a0: \u00e0 Vresse-sur-Semois, \u00e0 Lantin, \u00e0 Verviers, \u00e0 Leopoldsburg, \u00e0 Wavre et \u00e0 Paifve. Ainsi que les prisons de Haren et de Termonde, pour l\u2019instant bloqu\u00e9es par la mobilisation des citoyens.<\/p>\n<p>La construction d\u2019une m\u00e9ga-prison \u00e0 Haren est embl\u00e9matique de la fuite en avant qui nous m\u00e8ne droit dans le mur.<\/p>\n<p>Elle devrait \u00eatre la plus grande de Belgique, d\u2019une superficie de 51.000 m\u00b2 de b\u00e2timents, et 15.000 m\u00b2 de surfaces ext\u00e9rieures, et d\u00e9truirait l\u2019un des derniers grands espaces verts et arables de Bruxelles. Compos\u00e9e de huit entit\u00e9s, elle permettrait l\u2019enfermement de 1200 d\u00e9tenus.<\/p>\n<p>Le co\u00fbt total de cette seule m\u00e9gaprison, sur les 25 ann\u00e9es que pr\u00e9voit le contrat du\u00a0\u00ab\u00a0partenariat-public-priv\u00e9\u00a0\u00bb n\u00e9goci\u00e9 dans une compl\u00e8te opacit\u00e9, est estim\u00e9 \u00e0 plus de 3 milliards d\u2019euros<a href=\"#_ftn2\" name=\"_ftnref2\">[2]<\/a>.<\/p>\n<p>Cette somme colossale engloutie dans les murs d\u2019une seule prison n\u2019est, bien entendu, plus disponible pour la Justice, qui est chroniquement sous-financ\u00e9e. Elle ne l\u2019est pas non plus pour la pr\u00e9vention de la d\u00e9linquance, ni pour la r\u00e9insertion des d\u00e9tenus.<\/p>\n<p>Il est d\u00e9sormais connu que la d\u00e9socialisation qu\u2019entraine la privation de libert\u00e9 sur les d\u00e9tenus, la coupure d\u2019avec leur famille et la soci\u00e9t\u00e9, l\u2019absence de programme de suivi et d\u2019accompagnement ont des effets d\u00e9vastateurs \u00a0sur leurs capacit\u00e9s \u00e0 se r\u00e9ins\u00e9rer dans la soci\u00e9t\u00e9, \u00e0 trouver un emploi, un logement.<\/p>\n<p>En Belgique, environ 50% des d\u00e9tenus r\u00e9cidivent<a href=\"#_ftn3\" name=\"_ftnref3\">[3]<\/a>, t\u00e9moignage de l\u2019\u00e9chec cuisant de la prison comme peine de justice. L\u2019enfermement devait dissuader la d\u00e9linquance, or, elle est parfois l\u2019\u00e9cole du crime.<\/p>\n<p>La construction des nouvelles prisons, et de la m\u00e9ga-prison de Haren en particulier, nous met devant un choix de soci\u00e9t\u00e9. Rappelons que les prisons sont avant tout des prisons pour les pauvres. Pas parce que les pauvres commettent plus de d\u00e9lits, mais parce qu\u2019ils sont davantage condamn\u00e9s tout au long de la cha\u00eene p\u00e9nale. Le constat dress\u00e9 dans le dernier rapport 2016<a href=\"#_ftn4\" name=\"_ftnref4\">[4]<\/a> de l\u2019Observatoire international des prisons de Belgique est sans appel\u00a0: \u00ab\u00a0<em>la plupart des d\u00e9tenus poss\u00e8dent une position socio\u00e9conomique faible. La plupart n\u2018ont pas de dipl\u00f4me. 30% seraient analphab\u00e8tes, 45% n\u2019auraient que leur CEB<\/em><a href=\"#_ftn5\" name=\"_ftnref5\">[5]<\/a><em>. Avec un parcours de vie empreint de ruptures avec les institutions premi\u00e8res d&rsquo;inscription au sein de la soci\u00e9t\u00e9, que ce soit au niveau de la famille, de l&rsquo;\u00e9cole ou du travail\u2026<\/em>\u00a0\u00bb<a href=\"#_ftn6\" name=\"_ftnref6\">[6]<\/a>.<\/p>\n<p>Pendant que des milliards sont engloutis dans les prisons du Masterplan, la pauvret\u00e9 et la mis\u00e8re se sont aggrav\u00e9es \u00e0 Bruxelles &#8211; huit des communes belges avec le plus bas revenu moyen du pays se trouvent toujours \u00e0 Bruxelles &#8211; et aucune politique actuelle ne permet d&rsquo;inverser cette tendance.<\/p>\n<p>Nous n\u2019avons pas besoin de plus de prisons, mais d\u2019un projet de soci\u00e9t\u00e9 qui donne une place digne \u00e0 chacun, qui mette un terme \u00e0 la mis\u00e8re et qui renforce les liens de solidarit\u00e9. Plut\u00f4t qu\u2019un \u00e9ni\u00e8me \u00ab\u00a0masterplan prisons, nous voulons un \u00ab\u00a0masterplan justice et solidarit\u00e9\u00a0\u00bb capable d\u2019offrir \u00e0 tous un futur avec avenir.<\/p>\n<p>Pour ces raisons, nous appelons \u00e0 un <strong>moratoire<\/strong> imm\u00e9diat sur la construction de toute nouvelle prison en Belgique. Nous appelons \u00e9galement \u00e0 l\u2019organisation <em>d\u2019\u00e9tats g\u00e9n\u00e9raux citoyens de la prison<\/em> pour tourner la page du d\u00e9sastre carc\u00e9ral en cours.<\/p>\n<p><strong>Oproep voor een moratorium op de bouw van nieuwe gevangenissen in Belgi\u00eb<\/strong><\/p>\n<p>Tussen 1980 en 2000 steeg het aantal gevangenen in Belgi\u00eb van 5.000 tot meer dan 11.000. Deze explosieve groei van de gevangenisbevolking verklaard zich niet door de explosie van misdaad en criminaliteit. Die cijfers bleven immers relatief stabiel<a href=\"#_ftn7\" name=\"_ftnref7\">[7]<\/a>. Het gaat daarentegen om een <em>\u2018punitive turn\u2019<\/em>, die in de meeste Europese landen plaatsvond in de jaren 1970 &#8211; 1980. Als antwoord op de overbevolking van de gevangenissen kozen de opeenvolgende regeringen voor de bouw van nieuwe gevangenissen. In 30 jaar tijd nam het aantal cellen toe met 176%. Tijdens het laatste decennium werden nieuwe gevangenissen gebouwd in Ittre (2003), Hasselt (2005), Marche-en-Famenne (2013), Leuze-en-Hainaut (2014) en Beveren (2014). De graad van overbevolking van de cellen stond echter in 2015 nog altijd op 10%. Men kan alleen maar vaststellen dat hoe meer gevangenissen men bouwt, hoe meer men ze vult.<\/p>\n<p>De huidige regering kondigde aan om op die weg verder te gaan en nog meer gevangenissen te gaan bouwen: in Vresse-sur-Semois, Lantin, Verviers, Leopoldsburg, Waver en Paifve. En ook in Haren en Dendermonde, waar de bouw tot op vandaag wordt geblokkeerd door het verzet van de burgers.<\/p>\n<p>De bouw van een mega-gevangenis in Haren (Brussel) is tekenend voor de vlucht vooruit. Die gevangenis moet de grootste worden in Belgi\u00eb, met een oppervlakte van 51.000 m\u00b2 aan gebouwen en nog eens 15.000 m\u00b2 supplementaire oppervlakte errond. Ze vernietigt zo \u00e9\u00e9n van de laatste grote groene ruimtes en akkerbouw van Brussel. De gevangenis zou bestaan uit acht eenheden en toelaten om 1.200 gevangenen op te sluiten. De totale kostprijs van Haren alleen, onderhandeld via een \u00ab\u00a0publiek-privaat samenwerkingscontract\u00a0\u00bb dat loopt over een periode van 25 jaar, wordt geschat op meer dan 3 miljard euro<a href=\"#_ftn8\" name=\"_ftnref8\">[8]<\/a>. Deze kolossale som, die wordt verzwolgen in de muren van een gevangenis, is vanzelfsprekend niet langer beschikbaar voor Justitie, die al chronisch onder-gefinancierd is. Het bedrag is er evenmin nog om aan preventie of aan re-integratie van gevangenen te doen.<\/p>\n<p>Het is nu alom bekend dat de gevangenis catastrofale effecten heeft. Ze veroorzaakt een breuk met de familie en de maatschappij en zorgt niet voor opvolging of re-integratie. In Belgi\u00eb bedraagt de graad van recidive zo\u2019n 50<a href=\"#_ftn9\" name=\"_ftnref9\">[9]<\/a>. Het cijfer getuigt van de rampzalige mislukking van de gevangenis als manier om aan \u2018recht\u2019 te doen. Opsluiting zou mensen moeten afbrengen van misdaad, terwijl men in de gevangenis vaak het vak kan leren.<\/p>\n<p>De bouw van nieuwe gevangenissen, en die van de mega-gevangenis van Brussel in het bijzonder, stelt ons voor een maatschappelijke keuze. De gevangenissen zijn op de allereerste plaats gevangenissen voor de armen. Niet omdat arme mensen meer misdaden plegen, maar omdat zij door het gehele strafsysteem als eerste geviseerd worden. De vaststelling in het rapport 2016<a href=\"#_ftn10\" name=\"_ftnref10\">[10]<\/a> van het Observatoire international des prisons over Belgi\u00eb preekt boekdelen: \u00ab\u00a0<em>de meeste gevangenen hebben een lage sociaaleconomische positie. De meesten hebben geen diploma. 30% is analfabeet, 45% heeft alleen een getuigschrift van lager onderwijs<a href=\"#_ftn11\" name=\"_ftnref11\"><strong>[11]<\/strong><\/a>. Hun leven zit vaak vol met breuken vanaf hun eerste contact met de instellingen, zowel op gezinsvlak, op school of op het werk &#8230;<a href=\"#_ftn12\" name=\"_ftnref12\"><strong>[12]<\/strong><\/a><\/em> \u00ab\u00a0. Terwijl miljarden worden opgeslokt door de gevangenissen van het Masterplan, is de situatie er op het vlak van armoede en miserie in Brussel er alleen maar op verslechterd \u2013 de acht Belgische gemeenten met het laagste gemiddelde inkomen van het land bevinden zich nog steeds in Brussel &#8211; en er is geen beleid te bespeuren dat deze trend zal ombuigen.<\/p>\n<p>We hebben niet meer gevangenissen nodig, maar een samenlevingsproject dat aan iedereen een volwaardige plaats biedt. Een project dat een einde maakt aan de armoede en de solidariteit versterkt. In plaats van een zoveelste \u00ab\u00a0Masterplan voor de gevangenissen\u201d, willen we een &lsquo;Masterplan voor rechtvaardigheid en solidariteit\u00a0\u00bb in staat om aan iedereen een toekomst te bieden.<\/p>\n<p>Om deze redenen, roepen wij op tot een onmiddellijk <strong>moratorium<\/strong> op de bouw van nieuwe gevangenissen in Belgi\u00eb. We roepen op tot de organisatie van een Staten-Generaal van de burgers om de rampzalige pagina van het gevangeniswezen definitief om te draaien.<\/p>\n<p><a href=\"#_ftnref1\" name=\"_ftn1\">[1]<\/a> Voir les donn\u00e9es de l\u2019Institut national de criminalit\u00e9 et criminaliste (INCC).<\/p>\n<p><a href=\"#_ftnref2\" name=\"_ftn2\">[2]<\/a> Soit 120 millions d\u2019euros par ans en moyenne, ou 7% du budget annuel de la Justice en 2016, qui rapport\u00e9 au PIB est l\u2019un des plus bas d\u2019Europe.<\/p>\n<p><a href=\"#_ftnref3\" name=\"_ftn3\">[3]<\/a> <a href=\"http:\/\/pro.guidesocial.be\/actualites\/une-premiere-etude-nationale-sur-la-recidive-en-belgique.html\">http:\/\/pro.guidesocial.be\/actualites\/une-premiere-etude-nationale-sur-la-recidive-en-belgique.html<\/a> \u00a0; <a href=\"http:\/\/www.justice-en-ligne.be\/rubrique194.html\">http:\/\/www.justice-en-ligne.be\/rubrique194.html<\/a><\/p>\n<p><a href=\"#_ftnref4\" name=\"_ftn4\">[4]<\/a><a href=\"http:\/\/oipbelgique.be\/fr\/wp-content\/uploads\/2017\/01\/Notice-2016.pdf\">http:\/\/oipbelgique.be\/fr\/wp-content\/uploads\/2017\/01\/Notice-2016.pdf<\/a><\/p>\n<p><a href=\"#_ftnref5\" name=\"_ftn5\">[5]<\/a>CAAP, Offre de services faite aux personnes d\u00e9tenues dans les \u00e9tablissements p\u00e9nitentiaires de Wallonie et de Bruxelles, 2013-2014.<\/p>\n<p><a href=\"#_ftnref6\" name=\"_ftn6\">[6]<\/a>P. MARY, F. BATHOLEYNS, J. BEGHIN, \u00ab La prison en Belgique : de l\u2019institution totale aux droits des d\u00e9tenus ? \u00bb, <em>D\u00e9viance et Soci\u00e9t\u00e9<\/em>, 2006, vol. 30, n\u00b0 3, pp. 389 \u00e0 404.<\/p>\n<p><a href=\"#_ftnref7\" name=\"_ftn7\">[7]<\/a> \u00a0Zie de cijfers van het Nationaal Instituut voor Criminalistiek en Criminologie (NICC) \u00a0\u00a0<a href=\"https:\/\/nicc.fgov.be\/\">https:\/\/nicc.fgov.be\/<\/a><\/p>\n<p><a href=\"#_ftnref8\" name=\"_ftn8\">[8]<\/a> Een gemiddelde van 120 miljoen euro per jaar, of 7% van het jaarbudget voor Justitie in 2016<\/p>\n<p><a href=\"#_ftnref9\" name=\"_ftn9\">[9]<\/a> <a href=\"http:\/\/pro.guidesocial.be\/actualites\/une-premiere-etude-nationale-sur-la-recidive-en-belgique.html\">http:\/\/pro.guidesocial.be\/actualites\/une-premiere-etude-nationale-sur-la-recidive-en-belgique.html<\/a> ; <a href=\"http:\/\/www.justice-en-ligne.be\/rubrique194.html\">http:\/\/www.justice-en-ligne.be\/rubrique194.html<\/a><\/p>\n<p><a href=\"#_ftnref10\" name=\"_ftn10\">[10]<\/a> <a href=\"http:\/\/oipbelgique.be\/fr\/wp-content\/uploads\/2017\/01\/Notice-2016.pdf\">http:\/\/oipbelgique.be\/fr\/wp-content\/uploads\/2017\/01\/Notice-2016.pdf<\/a><\/p>\n<p><a href=\"#_ftnref11\" name=\"_ftn11\">[11]<\/a> <a href=\"http:\/\/www.caap.be\/index.php\/document\/caap\">http:\/\/www.caap.be\/index.php\/document\/caap<\/a><\/p>\n<p><a href=\"#_ftnref12\" name=\"_ftn12\">[12]<\/a> P. MARY, F. BATHOLEYNS, J. BEGHIN, \u00ab La prison en Belgique : de l\u2019institution totale aux droits des d\u00e9tenus ? \u00bb, D\u00e9viance et Soci\u00e9t\u00e9, 2006, vol. 30, n\u00b0 3, pp. 389 \u00e0 404<\/p>\n","protected":false},"excerpt":{"rendered":"<p>Merci de signer \u00ab\u00a0l&rsquo;Appel pour un moratoire sur la construction de nouvelles prisons en Belgique\u00a0\u00bb \/ Dank om de \u00ab\u00a0Oproep voor een moratorium op de bouw van nieuwe gevangenissen\u00a0\u00bb te ondertekenen. Texte en FR ci-dessous. Merci de diffuser. Beste, De alarmerende bevindingen over de situatie in de Belgische gevangenissen blijven zich opstapelen. Opeenvolgende regeringen reageren &#8230; <a title=\"Appel pour un moratoire sur la construction de nouvelles prisons en Belgique\" class=\"read-more\" href=\"https:\/\/bruxelles-pantheres.be\/?p=3162\" aria-label=\"En savoir plus sur Appel pour un moratoire sur la construction de nouvelles prisons en Belgique\">Lire la suite<\/a><\/p>\n","protected":false},"author":1,"featured_media":1042,"comment_status":"open","ping_status":"open","sticky":false,"template":"","format":"standard","meta":{"footnotes":""},"categories":[8,18],"tags":[31,14,46,205,54,29],"class_list":["post-3162","post","type-post","status-publish","format-standard","has-post-thumbnail","hentry","category-prisons","category-resistance-bruxelles","tag-belgique","tag-bruxelles","tag-esclavage","tag-luk-vervaet","tag-police","tag-torture"],"_links":{"self":[{"href":"https:\/\/bruxelles-pantheres.be\/index.php?rest_route=\/wp\/v2\/posts\/3162","targetHints":{"allow":["GET"]}}],"collection":[{"href":"https:\/\/bruxelles-pantheres.be\/index.php?rest_route=\/wp\/v2\/posts"}],"about":[{"href":"https:\/\/bruxelles-pantheres.be\/index.php?rest_route=\/wp\/v2\/types\/post"}],"author":[{"embeddable":true,"href":"https:\/\/bruxelles-pantheres.be\/index.php?rest_route=\/wp\/v2\/users\/1"}],"replies":[{"embeddable":true,"href":"https:\/\/bruxelles-pantheres.be\/index.php?rest_route=%2Fwp%2Fv2%2Fcomments&post=3162"}],"version-history":[{"count":1,"href":"https:\/\/bruxelles-pantheres.be\/index.php?rest_route=\/wp\/v2\/posts\/3162\/revisions"}],"predecessor-version":[{"id":3163,"href":"https:\/\/bruxelles-pantheres.be\/index.php?rest_route=\/wp\/v2\/posts\/3162\/revisions\/3163"}],"wp:featuredmedia":[{"embeddable":true,"href":"https:\/\/bruxelles-pantheres.be\/index.php?rest_route=\/wp\/v2\/media\/1042"}],"wp:attachment":[{"href":"https:\/\/bruxelles-pantheres.be\/index.php?rest_route=%2Fwp%2Fv2%2Fmedia&parent=3162"}],"wp:term":[{"taxonomy":"category","embeddable":true,"href":"https:\/\/bruxelles-pantheres.be\/index.php?rest_route=%2Fwp%2Fv2%2Fcategories&post=3162"},{"taxonomy":"post_tag","embeddable":true,"href":"https:\/\/bruxelles-pantheres.be\/index.php?rest_route=%2Fwp%2Fv2%2Ftags&post=3162"}],"curies":[{"name":"wp","href":"https:\/\/api.w.org\/{rel}","templated":true}]}}