{"id":3164,"date":"2017-02-14T20:10:34","date_gmt":"2017-02-14T19:10:34","guid":{"rendered":"https:\/\/bruxelles-pantheres.be\/?p=3164"},"modified":"2017-02-14T20:10:34","modified_gmt":"2017-02-14T19:10:34","slug":"theo-et-naithy-ou-lardeur-davance-negrophobe-des-medias-belges","status":"publish","type":"post","link":"https:\/\/bruxelles-pantheres.be\/?p=3164","title":{"rendered":"Th\u00e9o et Naithy ou l&rsquo;ardeur d&rsquo;avance n\u00e9grophobe des m\u00e9dias belges"},"content":{"rendered":"<div class=\"_39k2\">\n<div class=\"_4lmk _2vxa autofocus _5s6c\" style=\"text-align: center;\" tabindex=\"-1\"><a href=\"https:\/\/bruxelles-pantheres.be\/wp-content\/uploads\/2017\/02\/maxresdefault.jpg\"><img decoding=\"async\" class=\"alignnone size-full wp-image-3166\" src=\"https:\/\/bruxelles-pantheres.be\/wp-content\/uploads\/2017\/02\/maxresdefault.jpg\" alt=\"\" width=\"3000\" height=\"940\" \/><\/a><\/div>\n<div id=\"js_7ey\" class=\"_4lmk _2vxa autofocus _5s6c\" tabindex=\"-1\">Th\u00e9o et Naithy ou l&rsquo;ardeur d&rsquo;avance n\u00e9grophobe des m\u00e9dias belges<\/div>\n<div class=\"_2yud clearfix\">\n<div class=\"_ohe lfloat\"><\/div>\n<div class=\"\">\n<div class=\"_42ef _8u\">\n<div class=\"_3uhg\"><a class=\"_2yug\" href=\"https:\/\/www.facebook.com\/olivier.mukuna\" target=\"_blank\">Olivier Mukuna<\/a><span class=\"_4_mg\">\u00b7 <\/span><a class=\"uiLinkSubtle\" href=\"https:\/\/www.facebook.com\/notes\/olivier-mukuna\/th%C3%A9o-et-naithy-ou-lardeur-davance-n%C3%A9grophobe-des-m%C3%A9dias-belges\/1516811328353053\">mardi 14 f\u00e9vrier 2017<\/a><a id=\"u_3o_9\" class=\"uiStreamPrivacy inlineBlock fbStreamPrivacy fbPrivacyAudienceIndicator\" href=\"https:\/\/www.facebook.com\/notes\/olivier-mukuna\/th%C3%A9o-et-naithy-ou-lardeur-davance-n%C3%A9grophobe-des-m%C3%A9dias-belges\/1516811328353053#\" data-hover=\"tooltip\" data-tooltip-content=\"Ouvert \u00e0\u00a0: Public\"><i class=\"lock img sp_DO2IN7z6m27 sx_f5ed3c\"><\/i><\/a><\/div>\n<div class=\"_3uhg\"><\/div>\n<\/div>\n<\/div>\n<\/div>\n<\/div>\n<div class=\"_39k5 _5s6c\">\n<div>\n<div class=\"_2cuy _3dgx _2vxa\">En Hexagone, l&rsquo;affaire du viol policier perp\u00e9tr\u00e9 contre <span class=\"_4yxo\">Th\u00e9o <\/span>est devenue, en 4 jours, un dossier politico-m\u00e9diatique national, embl\u00e9matique de la n\u00e9grophobie et des violences polici\u00e8res syst\u00e9miques. En Belgique, l&rsquo;agression au couteau de <span class=\"_4yxo\">Naithy Nelson <\/span>par un chauffeur de bus de la soci\u00e9t\u00e9 De Lijn a donn\u00e9 lieu \u00e0&#8230; une indiff\u00e9rence m\u00e9diatique quasi-totale, aussi ahurissante que m\u00e9prisante, embl\u00e9matique de la f\u00e9roce n\u00e9grophobie structurelle belge.<\/div>\n<figure class=\"_2cuy _4nuy _2vxa\">\n<div class=\"_h2x\"><img decoding=\"async\" id=\"u_3o_0\" class=\"_h2z _297z _usd img\" src=\"https:\/\/scontent-bru2-1.xx.fbcdn.net\/v\/t1.0-9\/16684104_10155019077264907_221836225884413893_n.jpg?oh=47d900c34e12ec56ecd0d57ac6ac37d9&amp;oe=594A2684\" alt=\"\" \/><\/div>\n<\/figure>\n<div class=\"_2cuy _3dgx _2vxa\">Le 3 f\u00e9vrier, suite \u00e0 la r\u00e9v\u00e9lation et au traitement pro de l&rsquo;affaire par <span class=\"_4yxp\">La Derni\u00e8re Heure<\/span> (1), il n&rsquo;y e\u00fbt aucune reprise de la part des autres m\u00e9dias belges ! Rien le lendemain et surlendemains dans les autres titres de presse quotidienne. Rien dans les hebdos d&rsquo;informations g\u00e9n\u00e9rales. Rien dans les d\u00e9bats t\u00e9l\u00e9s du dimanche (en Belgique, il n&rsquo; y a pas d&rsquo;autre jour accord\u00e9 aux d\u00e9bats sociopolitiques comme il n&rsquo;existe aucune cha\u00eene d&rsquo;infos en continu). Et bien entendu : rien de rien \u00e9manant du microcosme politicien qui, pour la plupart, est toujours incapable de donner une d\u00e9finition au terme n\u00e9grophobie&#8230;<\/div>\n<div class=\"_2cuy _3dgx _2vxa\"><\/div>\n<figure class=\"_2cuy _4nuy _2vxa _3tvj\">\n<div class=\"_h2x _4lh4\"><img decoding=\"async\" id=\"u_3o_1\" class=\"_h2z _297z _4lh5 img\" src=\"https:\/\/scontent-bru2-1.xx.fbcdn.net\/v\/t1.0-9\/16708304_10155019063304907_5884337205731331733_n.jpg?oh=bdb303a550a25e367ef4e9a0698ccdde&amp;oe=5902C235\" alt=\"\" \/><\/div>\n<\/figure>\n<div class=\"_2cuy _3dgx _2vxa\"><span class=\"_4yxp\">Le Soir<\/span>, <span class=\"_4yxp\">La Capitale<\/span>, <span class=\"_4yxp\">La Libre Belgique<\/span>, <span class=\"_4yxp\">L&rsquo;avenir<\/span>, <span class=\"_4yxp\">RTBF<\/span>, <span class=\"_4yxp\">RTL-TVi<\/span>, <span class=\"_4yxp\">Le Vif-l&rsquo;Express<\/span> ou <span class=\"_4yxp\">Paris Match Belgique<\/span> auraient-ils eu tous raison contre la seule <span class=\"_4yxp\">Derni\u00e8re Heure<\/span> ? Aucun de ces m\u00e9dias n&rsquo;a-t-il jamais trait\u00e9 et m\u00e9diatis\u00e9 des agressions contre des conducteurs de bus commises par de jeunes usagers ? Aucun de ces m\u00e9dias n&rsquo;a-t-il jamais trait\u00e9 et m\u00e9diatis\u00e9 des gr\u00e8ves ou manifs de personnels (Stib, TEC, De Liin) suite \u00e0 une \u00ab <span class=\"_4yxp\">\u00e9ni\u00e8me<\/span> \u00bb agression de chauffeur ? La r\u00e9ponse est doublement positive. Pourquoi lorsque l&rsquo;inverse se produit, en l&rsquo;occurrence contre un jeune usager noir, ce n&rsquo;est plus une information \u00ab <span class=\"_4yxp\">digne d&rsquo;int\u00e9r\u00eat public<\/span> \u00bb ?<\/div>\n<div class=\"_2cuy _3dgx _2vxa\"><\/div>\n<figure class=\"_2cuy _4nuy _2vxa _3tvj\">\n<div class=\"_h2x _4lh3\"><img decoding=\"async\" id=\"u_3o_2\" class=\"_h2z _297z _4lh5 img\" src=\"https:\/\/scontent-bru2-1.xx.fbcdn.net\/v\/t1.0-9\/16640818_10155019060639907_2696618337385280675_n.jpg?oh=7c641af02036c51e98641c843d608bee&amp;oe=594C561A\" alt=\"\" \/><\/div>\n<\/figure>\n<div class=\"_2cuy _3dgx _2vxa\">Que se passe-t-il ? Que devient le vieux rep\u00e8re des \u00e9coles de journalisme qui postule que \u00ab <span class=\"_4yxp\">Si un chien mord un homme, ce n&rsquo;est pas une information ; si un homme mord un chien, c&rsquo;est un scoop !<\/span> \u00bb ? Cet adage aurait-il disparu \u00e0 l&rsquo;heure du num\u00e9rique et des d\u00e9clinaisons de la presse en \u00ab sites d&rsquo;infos \u00bb ? Cessons l\u00e0 l&rsquo;ironie. M\u00eame si on vit en Belgique, y a pas toujours de quoi rigoler ! Question d\u00e9rangeante, n\u00e9cessaire et d&rsquo;int\u00e9r\u00eat public : Naithy est-il moins qu&rsquo;un \u00ab <span class=\"_4yxp\">chien<\/span> \u00bb pour la presse belge francophone ? Cette presse, \u00e0 r\u00e9dactions majoritairement blanches, qui ne pourra faire valoir une incomp\u00e9tence isol\u00e9e, un manque d&rsquo;effectifs ou un autre pr\u00e9texte-bidon pour \u00ab <span class=\"_4yxp\">justifier<\/span> \u00bb le <span class=\"_4yxp\">black out<\/span> sur cette information in\u00e9dite. Soit une agression inhabituelle au cours de laquelle &#8211; rappelons-le puisque les m\u00e9dias ne le font pas -, sans un formidable r\u00e9flexe de sa part, le jeune homme y aurait probablement laiss\u00e9 la vie&#8230;<\/div>\n<div class=\"_2cuy _3dgx _2vxa\">Seconde question journalistique et toujours d\u00e9rangeante : si l&rsquo;irr\u00e9parable \u00e9tait advenu, si Naithy s&rsquo;\u00e9tait vid\u00e9 de son sang entre les mains des policiers qui l&rsquo;ont (\u00e9videmment) pris pour l&rsquo;agresseur, une large reprise m\u00e9diatique aurait-elle fait d\u00e9faut ? Poser la question, c&rsquo;est y r\u00e9pondre. Et finalement se conformer \u00e0 cet autre adage traditionnel emprunt\u00e9 \u00e0 nos \u00abmod\u00e8les \u00bb nord-am\u00e9ricains : \u00ab <span class=\"_4yxp\">Un bon n\u00e8gre est un n\u00e8gre mort<\/span> \u00bb.<\/div>\n<figure class=\"_2cuy _4nuy _2vxa\">\n<div class=\"_h2x\"><img decoding=\"async\" id=\"u_3o_3\" class=\"_h2z _297z _usd img\" src=\"https:\/\/scontent-bru2-1.xx.fbcdn.net\/v\/t1.0-9\/16684370_10155019073134907_7406745259635475179_n.jpg?oh=b0f974f6bba289640d6be3bfdffe7dd3&amp;oe=5933FEA0\" alt=\"\" \/><\/div>\n<\/figure>\n<div class=\"_2cuy _3dgx _2vxa\"><span class=\"_4yxo\">Silence, m\u00e9pris et b\u00eatise<\/span><\/div>\n<div class=\"_2cuy _3dgx _2vxa\">Avec plus d&rsquo;efficacit\u00e9 que d&rsquo;\u00e9cueils, les m\u00e9dias fran\u00e7ais, eux, ont fait leur boulot apr\u00e8s les r\u00e9v\u00e9lations du <span class=\"_4yxp\">Parisien<\/span> d\u00e9non\u00e7ant le viol de Th\u00e9o. En reprenant et relayant cette \u00ab<span class=\"_4yxp\">\u00e9ni\u00e8me<\/span>\u00bb violence polici\u00e8re raciste qui a \u00e9coeur\u00e9 sinon horrifi\u00e9 une partie de l&rsquo;opinion fran\u00e7aise. En ouvrant le d\u00e9bat et en assurant un certain pluralisme, sans pour autant aborder la question centrale de la n\u00e9grophobie syst\u00e9mique (dont la terreur et les barbaries polici\u00e8res constituent la partie la plus spectaculaire).<\/div>\n<figure class=\"_2cuy _4nuy _2vxa _3tvj\">\n<div class=\"_h2x _4lh4\"><img decoding=\"async\" id=\"u_3o_4\" class=\"_h2z _297z _4lh5 img\" src=\"https:\/\/scontent-bru2-1.xx.fbcdn.net\/v\/t1.0-9\/16729030_10155019083659907_1805605738649101966_n.jpg?oh=af55747dacefbc84cc23367b3f1f0c33&amp;oe=593143AD\" alt=\"\" \/><\/div>\n<\/figure>\n<div class=\"_2cuy _3dgx _2vxa\">En Belgique, face \u00e0 un cas semblable d&rsquo;agression et sur fond de violences polici\u00e8res similaires, les m\u00e9dias se sont montr\u00e9s plus incomp\u00e9tents et n\u00e9grophobes que leurs homologues fran\u00e7ais. Silence, m\u00e9pris et b\u00eatise ont conduit \u00e0 z\u00e9ro sujet, z\u00e9ro articles, z\u00e9ro d\u00e9bats, z\u00e9ro interpellations d&rsquo;hommes ou de femmes politiques. Oui, la n\u00e9grophobie m\u00e9diatique belge se consolide aussi dans ce type choix but\u00e9, dans cette insistante arrogance \u00e0 ne pas couvrir, \u00e0 ne pas traiter, \u00e0 ne jamais enqu\u00eater !<\/div>\n<div class=\"_2cuy _3dgx _2vxa\">Dans les m\u00e9dias belges, une ou un \u00ab <span class=\"_4yxp\">noir<\/span> \u00bb doit correspondre \u00e0 des cat\u00e9gories sinon \u00ab \u00e7a \u00bb n&rsquo;existe pas. \u00c7a doit rapporter des m\u00e9dailles aux JO, marquer des buts pour les Diables Rouges, exploser les ventes de disques, collectionner les prix litt\u00e9raires \u00e0 l&rsquo;\u00e9tranger ou &#8211; cat\u00e9gorie r\u00e9cente &#8211; \u00ab <span class=\"_4yxp\">r\u00e9parer <\/span>\u00bb depuis plus de 20 ans l&rsquo;intimit\u00e9 viol\u00e9e et tortur\u00e9e des femmes de l&rsquo;Est du Congo. Ouais, \u00e7a, c&rsquo;est vendeur, coco ! Et puis \u00ab\u00e7a\u00bb nous met en valeur&#8230; Mais se faire agresser au couteau par un chauffeur de bus blanc n\u00e9grophobe ; puis se faire arr\u00eater et prendre pour l&rsquo;agresseur par des policiers n\u00e9grophobes qui laissent filer le chauffeur au couteau ensanglant\u00e9 ; puis voir sa famille se faire enfumer pendant 8 heures d&rsquo;affil\u00e9e dans un commissariat bruxellois qui refuse finalement d&rsquo;enregistrer leur plainte&#8230; Naaan, dans ce sens-l\u00e0, coco, c&rsquo;est pas int\u00e9ressant ; pas une \u00ab <span class=\"_4yxp\">good story<\/span> \u00bb ni un aimant \u00e0 clics. Et puis, \u00ab\u00e7a\u00bb ne nous mettra pas en valeur : laisse tomber !<\/div>\n<div class=\"_2cuy _3dgx _2vxa\"><\/div>\n<figure class=\"_2cuy _4nuy _2vxa _3tvj\">\n<div class=\"_h2x _4lh3\"><img decoding=\"async\" id=\"u_3o_5\" class=\"_h2z _297z _4lh5 img\" src=\"https:\/\/scontent-bru2-1.xx.fbcdn.net\/v\/t1.0-9\/16730180_10155019088514907_8169757065353080723_n.jpg?oh=1a862d8e95c07358f22b84f5743f01a0&amp;oe=5944E18C\" alt=\"\" \/><\/div>\n<\/figure>\n<div class=\"_2cuy _3dgx _2vxa\">Quant \u00e0 d\u00e9battre des cons\u00e9quences de cette n\u00e9grophobie structurelle devant le plus grand nombre, sur un plateau-t\u00e9l\u00e9 ou dans un studio de radio nationale ? Repassez quand le g\u00e9nocidaire L\u00e9opold II aura ressuscit\u00e9, vous aurez peut-\u00eatre une chance&#8230; Ou lorsque la presse belge aura d\u00e9cid\u00e9 de retrouver et d&rsquo;interviewer le citoyen noir photographi\u00e9 derri\u00e8re <span class=\"_4yxp\">Miss Belgique, <\/span>que celle-ci avait assimil\u00e9 \u00e0 un \u00e9tron pour plaire \u00e0 un de ses amis racistes\u2026 En France, par contre, la candidate \u00e0 la pr\u00e9sidentielle <span class=\"_4yxo\">Rama Yade<\/span>, la journaliste et militante afrof\u00e9ministe <span class=\"_4yxo\">Rokhaya Diallo<\/span> ou l&rsquo;activiste et chroniqueur <span class=\"_4yxo\">Rhost<\/span> ont \u00e9t\u00e9 invit\u00e9s \u00e0 s&rsquo;exprimer en t\u00e9l\u00e9visions suite au viol policier de Th\u00e9o. Invit\u00e9s \u00e0 relayer une parole fran\u00e7aise et afro-descendante, critiquable comme toute intervention, mais qui a tranch\u00e9 avec les habituelles hypocrisies des d\u00e9fenseurs du statu quo n\u00e9grophobe comme de la perp\u00e9tuation du privil\u00e8ge blanc. Et chez nous ? Le vide organis\u00e9, la r\u00e9signation programm\u00e9e, un silence entretenu par des m\u00e9dias n\u00e9grophobes qui contesteront se voir stigmatis\u00e9s par ce qualificatif, pourtant mille fois d\u00e9montr\u00e9 \u00e0 travers leurs choix comme leur pratique journalistiques. Selon leurs dirigeants, Naithy ne rime ni avec sujet , ni avec article, ni avec d\u00e9bat et encore moins avec couverture de manifs de solidarit\u00e9. Comme celle de ce samedi 11 f\u00e9vrier, lanc\u00e9e \u00e0 l&rsquo;initiative de plusieurs associations (dont <span class=\"_4yxo\">Bamko<\/span>, <span class=\"_4yxo\">Bruxelles Panth\u00e8res<\/span> ou <span class=\"_4yxo\">Change<\/span>), pour d\u00e9noncer le racisme et contraindre la police \u00e0 enfin enregistrer la plainte de Naithy (plus de 8 jours apr\u00e8s les faits). Fort d&rsquo;un soutien de 200 personnes d\u00e9termin\u00e9es, ils obtiendront gain de cause. Sans qu&rsquo;un seul m\u00e9dia traditionnel ne soit pr\u00e9sent pour en rendre compte. Au contraire du cin\u00e9aste et r\u00e9alisateur <span class=\"_4yxo\">Mourad Boucif <\/span>(2) et du suivi de l\u2019affaire par <span class=\"_4yxp\">7sur7.be<\/span>, pendant virtuel francophone du quotidien flamand <span class=\"_4yxp\">Het Laaste Nieuws<\/span> (3).<\/div>\n<div class=\"_2cuy _3dgx _2vxa\"><span class=\"_4yxo\">Invisibilisation, inf\u00e9riorisation, censure<\/span><\/div>\n<div class=\"_2cuy _3dgx _2vxa\">En Belgique, parce qu&rsquo;elle est souvent invisible et f\u00e9roce, la n\u00e9grophobie structurelle a encore de beaux jours devant elle. Strat\u00e9giquement ni\u00e9e par ceux qui la pratiquent, elle est aussi tol\u00e9r\u00e9e par ceux qui refusent de la nommer comme de la combattre. Interdite de d\u00e9bat m\u00e9diatique pour ne pas risquer de voir des mains noires arracher son \u00e9tiquette de \u00ab<span class=\"_4yxp\">sous-probl\u00e8me identitaire dont personne n&rsquo;a rien \u00e0 foutre<\/span> \u00bb. Parce qu\u2019\u00e9galement nombre de ceux qui l&rsquo;endurent croient qu\u2019en niant sa r\u00e9alit\u00e9 oppressive ou en multipliant courbettes serviles et sourires factices, cela aboutira \u00e0 ce que leurs enfants n&rsquo;endurent plus pareilles inf\u00e9riorisation et domination.<\/div>\n<figure class=\"_2cuy _4nuy _2vxa _3tvj\">\n<div class=\"_h2x _4lh4\"><img decoding=\"async\" id=\"u_3o_6\" class=\"_h2z _297z _4lh5 img\" src=\"https:\/\/scontent-bru2-1.xx.fbcdn.net\/v\/t1.0-9\/16711791_10155019106319907_6472530007459030092_n.jpg?oh=a71a687f93c504b2afcf06fb007fd2fe&amp;oe=5939330D\" alt=\"\" \/><\/div>\n<\/figure>\n<div class=\"_2cuy _3dgx _2vxa\">Illusions aussi criminelles que temporaires. C&rsquo;est en nous invisibilisant d&rsquo;un point de vue sociopolitique, en nous traitant moins que des chiens d&rsquo;un point de vue s\u00e9curitaire, en nous censurant syst\u00e9matiquement en radios et en t\u00e9l\u00e9s que les m\u00e9dias belges francophones jouent leur sordide partition \u00e0 la continuit\u00e9 de la n\u00e9grophobie structurelle. De plus en plus nombreux sont les Belges afro-descendant-e-s qui l&rsquo;ont compris et surtout le d\u00e9noncent.<\/div>\n<div class=\"_2cuy _3dgx _2vxa\">A l&rsquo;instar de <span class=\"_4yxo\">Mireille-Tsheusi Robert<\/span>, pr\u00e9sidente de l&rsquo;asbl Bamko (4), qui \u00e9crivait dimanche dernier sur sa page Facebook : \u00ab <span class=\"_4yxp\">Les m\u00e9dias belges parlent des violences raciales aux USA, en France (c&rsquo;est d\u00e9j\u00e0 bien) mais pas grand chose sur la situation en Belgique. nous ne sommes pas repr\u00e9sent\u00e9s lors des d\u00e9bats t\u00e9l\u00e9visuels qui servent, bien souvent, \u00e0 disculper les agresseurs&#8230; Pour eux, nous sommes trop revendicatifs. Alors, je demande: combien de voitures de police avons-nous d\u00e9j\u00e0 br\u00fbl\u00e9 \u00e0 cause des violences raciales ? Aucune. Au contraire, dans l&rsquo;id\u00e9e culturelle du \u00ab\u00a0compromis \u00e0 la belge\u00a0\u00bb, nous cherchions les voies et moyens de trouver un terrain d&rsquo;entente. Mais nous ne sommes pas entendus et au final, nous nous compromettons, malgr\u00e9 nous. D\u00e9cr\u00e9tons ensemble qu&rsquo;avec ou sans les m\u00e9dias, 2017 est un tournant car les Afro-Belges et leurs alli\u00e9-e-s ne laissent plus rien passer !<\/span>\u00bb<\/div>\n<div class=\"_2cuy _3dgx _2vxa\">Leur faudra-t-il br\u00fbler et casser pour se faire entendre ? Leur faudra-t-il se comporter comme des dockers d&rsquo;Anvers en fureur (5) afin que leurs constats soient reconnus, la n\u00e9gociation sociopolitique enfin ouverte ? Une chose est certaine : le microcosme politique belge n&rsquo;est pas connu pour ses facult\u00e9s d&rsquo;anticipation. Avant que les choses ne bougent dans le bon sens et de quelques centim\u00e8tres, il faut souvent des morts et des bless\u00e9s&#8230; Violences ou patience ? Par leur imperturbable m\u00e9pris n\u00e9grophobe, cela fait plusieurs ann\u00e9es que les m\u00e9dias <span class=\"_4yxp\">bleus-blancs-belges<\/span> invitent \u00e0 choisir la premi\u00e8re partie de l&rsquo;alternative.<\/div>\n<div class=\"_2cuy _3dgx _2vxa\"><span class=\"_4yxo\"> Olivier Mukuna<\/span><\/div>\n<div class=\"_2cuy _3dgx _2vxa\">(1)<a href=\"http:\/\/www.dhnet.be\/actu\/faits\/agression-d-un-mineur-dans-un-bus-de-lijn-en-flandre-maman-viens-a-l-arret-de-bus-le-chauffeur-m-a-pointe-58939bb2cd70ff671df39c8f\" target=\"_blank\" rel=\"nofollow\">http:\/\/www.dhnet.be\/actu\/faits\/agre&#8230;<\/a><\/div>\n<div class=\"_2cuy _3dgx _2vxa\">(2)<a href=\"https:\/\/www.facebook.com\/photo.php?fbid=374393886267686&amp;set=a.111213305919080.1073741829.100010912325633&amp;type=3&amp;theater\">https:\/\/www.facebook.com\/photo.php?&#8230;<\/a><\/div>\n<div class=\"_2cuy _3dgx _2vxa\">(3) <a href=\"http:\/\/www.7sur7.be\/7s7\/fr\/1502\/Belgique\/article\/detail\/3078504\/2017\/02\/12\/Une-enquete-ouverte-sur-l-agression-d-un-jeune-dans-un-bus-De-Lijn.dhtml\" target=\"_blank\" rel=\"nofollow\">http:\/\/www.7sur7.be\/7s7\/fr\/1502\/Bel&#8230;<\/a><\/div>\n<div class=\"_2cuy _3dgx _2vxa\">(4) Et auteure de l\u2019ouvrage \u00ab <span class=\"_4yxp\">Racisme anti-noirs &#8211; Entre m\u00e9connaissance et m\u00e9pris <\/span>\u00bb, avec la collaboration de <span class=\"_4yxo\">Nicolas Rousseau<\/span>, \u00e9ditions Couleur livres, Bruxelles, 2016.<\/div>\n<div class=\"_2cuy _3dgx _2vxa\">(5)<a href=\"http:\/\/www.lalibre.be\/actu\/belgique\/la-police-craint-des-morts-lors-de-la-prochaine-manifestation-organisee-a-anvers-54604e983570a5ad0ee1bb0c\" target=\"_blank\" rel=\"nofollow\">http:\/\/www.lalibre.be\/actu\/belgique&#8230;<\/a><\/div>\n<\/div>\n<\/div>\n","protected":false},"excerpt":{"rendered":"<p>Th\u00e9o et Naithy ou l&rsquo;ardeur d&rsquo;avance n\u00e9grophobe des m\u00e9dias belges Olivier Mukuna\u00b7 mardi 14 f\u00e9vrier 2017 En Hexagone, l&rsquo;affaire du viol policier perp\u00e9tr\u00e9 contre Th\u00e9o est devenue, en 4 jours, un dossier politico-m\u00e9diatique national, embl\u00e9matique de la n\u00e9grophobie et des violences polici\u00e8res syst\u00e9miques. En Belgique, l&rsquo;agression au couteau de Naithy Nelson par un chauffeur de &#8230; <a title=\"Th\u00e9o et Naithy ou l&rsquo;ardeur d&rsquo;avance n\u00e9grophobe des m\u00e9dias belges\" class=\"read-more\" href=\"https:\/\/bruxelles-pantheres.be\/?p=3164\" aria-label=\"En savoir plus sur Th\u00e9o et Naithy ou l&rsquo;ardeur d&rsquo;avance n\u00e9grophobe des m\u00e9dias belges\">Lire la suite<\/a><\/p>\n","protected":false},"author":1,"featured_media":3165,"comment_status":"open","ping_status":"open","sticky":false,"template":"","format":"standard","meta":{"footnotes":""},"categories":[36,7,18,28],"tags":[31,84,14,32,23,62,15],"class_list":["post-3164","post","type-post","status-publish","format-standard","has-post-thumbnail","hentry","category-europe","category-negrophobie","category-resistance-bruxelles","category-racismes","tag-belgique","tag-black-power","tag-bruxelles","tag-culture","tag-discrimination","tag-olivier-mukuna","tag-resistance"],"_links":{"self":[{"href":"https:\/\/bruxelles-pantheres.be\/index.php?rest_route=\/wp\/v2\/posts\/3164","targetHints":{"allow":["GET"]}}],"collection":[{"href":"https:\/\/bruxelles-pantheres.be\/index.php?rest_route=\/wp\/v2\/posts"}],"about":[{"href":"https:\/\/bruxelles-pantheres.be\/index.php?rest_route=\/wp\/v2\/types\/post"}],"author":[{"embeddable":true,"href":"https:\/\/bruxelles-pantheres.be\/index.php?rest_route=\/wp\/v2\/users\/1"}],"replies":[{"embeddable":true,"href":"https:\/\/bruxelles-pantheres.be\/index.php?rest_route=%2Fwp%2Fv2%2Fcomments&post=3164"}],"version-history":[{"count":2,"href":"https:\/\/bruxelles-pantheres.be\/index.php?rest_route=\/wp\/v2\/posts\/3164\/revisions"}],"predecessor-version":[{"id":3168,"href":"https:\/\/bruxelles-pantheres.be\/index.php?rest_route=\/wp\/v2\/posts\/3164\/revisions\/3168"}],"wp:featuredmedia":[{"embeddable":true,"href":"https:\/\/bruxelles-pantheres.be\/index.php?rest_route=\/wp\/v2\/media\/3165"}],"wp:attachment":[{"href":"https:\/\/bruxelles-pantheres.be\/index.php?rest_route=%2Fwp%2Fv2%2Fmedia&parent=3164"}],"wp:term":[{"taxonomy":"category","embeddable":true,"href":"https:\/\/bruxelles-pantheres.be\/index.php?rest_route=%2Fwp%2Fv2%2Fcategories&post=3164"},{"taxonomy":"post_tag","embeddable":true,"href":"https:\/\/bruxelles-pantheres.be\/index.php?rest_route=%2Fwp%2Fv2%2Ftags&post=3164"}],"curies":[{"name":"wp","href":"https:\/\/api.w.org\/{rel}","templated":true}]}}