{"id":3169,"date":"2017-02-19T16:04:48","date_gmt":"2017-02-19T15:04:48","guid":{"rendered":"https:\/\/bruxelles-pantheres.be\/?p=3169"},"modified":"2017-02-19T16:04:48","modified_gmt":"2017-02-19T15:04:48","slug":"je-me-sens-reellement-menace-je-crains-detre-expulse","status":"publish","type":"post","link":"https:\/\/bruxelles-pantheres.be\/?p=3169","title":{"rendered":"\u00ab\u00a0Je me sens r\u00e9ellement menac\u00e9, je crains d&rsquo;\u00eatre expuls\u00e9&#8230;\u00a0\u00bb"},"content":{"rendered":"<p>\u00ab\u00a0Je suis profond\u00e9ment bless\u00e9 par toutes ces lois qui nous privent de plus en plus de nos libert\u00e9s, ces lois qui encouragent la division, ces lois qui discriminent et qui attisent la haine\u00a0\u00bb, clame le cin\u00e9aste belge Mourad Boucif.<\/p>\n<figure class=\"image\"><img decoding=\"async\" src=\"http:\/\/www.levif.be\/medias\/7936\/4063457.jpg\" alt=\"&quot;Je me sens r\u00e9ellement menac\u00e9, je crains d'\u00eatre expuls\u00e9...&quot;\" width=\"620\" height=\"413\" \/><figcaption>\n<p class=\"caption\">Jan Jambon et Theo Francken <span class=\"copyright\">\u00a9 Belga<\/span><\/p>\n<\/figcaption><\/figure>\n<div class=\"row\">\n<div class=\"article-body span8\">\n<div id=\"customer-journey-placeholder\" class=\"pull-right\"><\/div>\n<div class=\"well well-small\">\n<p><em>Carte blanche adress\u00e9e au ministre de l&rsquo;Int\u00e9rieur Jan Jambon et au Secr\u00e9taire d&rsquo;\u00c9tat \u00e0 l&rsquo;Asile et la migration Th\u00e9o Francken en r\u00e9action \u00e0 la loi adopt\u00e9e le jeudi 9 f\u00e9vrier 2017 visant \u00e0 permettre l&rsquo;expulsion de personnes \u00e9trang\u00e8res en s\u00e9jour l\u00e9gal.<\/em><\/p>\n<\/div>\n<p>Messieurs, je suis sid\u00e9r\u00e9 d&rsquo;apprendre \u00e0 travers la presse le projet de loi que vous avez fait passer au Parlement.<\/p>\n<p>Sachez, messieurs, que mon p\u00e8re comme des milliers d&rsquo;immigr\u00e9s est venu reconstruire nos plus grandes villes en Europe et en Belgique, dont Anvers qui vous est si ch\u00e8re.<\/p>\n<p>Sachez, messieurs, que plusieurs de mes a\u00efeux ont d\u00fb \u00ab\u00a0cracher leurs poumons\u00a0\u00bb rong\u00e9s par la silicose parce qu&rsquo;ils devaient descendre dans toutes les mines de notre pays.<\/p>\n<p>Sachez, messieurs, que mes a\u00efeux ont \u00e9t\u00e9 arrach\u00e9s \u00e0 leurs campagnes et montagnes les plus recul\u00e9es, parce qu&rsquo;il fallait des hommes forts, ou plut\u00f4t des adolescents qui, pour la plupart enr\u00f4l\u00e9s de force, ont d\u00fb affronter des temp\u00e9ratures passant de plus 40\u00b0 \u00e0 &#8211; 18\u00b0. Ces jeunes gamins issus des colonies fran\u00e7aises se sont retrouv\u00e9s sur diff\u00e9rents fronts qui ne les concernaient pas. Sans oublier tous ceux provenant des autres colonies.<\/p>\n<p>Nombre d&rsquo;entre eux ont laiss\u00e9 leur vie dans une guerre que de nombreux Belges et Europ\u00e9ens refusaient de faire et qui n&rsquo;aurait pu \u00eatre gagn\u00e9e sans l&rsquo;apport de ces hommes venus d&rsquo;ailleurs.<\/p>\n<p>Sachez ensuite que lors de la lib\u00e9ration, on ne pouvait concevoir que des hommes venus d&rsquo;Afrique, d&rsquo;Asie, des \u00eeles du Pacifique puissent venir nous sauver. Mes a\u00efeux ont ainsi \u00e9t\u00e9 contraints de remettre leur uniforme, leur manteau encore tach\u00e9 de sang \u00e0 des hommes n&rsquo;ayant pas combattu, voire \u00e0 certains ayant \u00e9t\u00e9 des collaborateurs de l&rsquo;occupant nazi.<\/p>\n<p>Sachez, messieurs, que nos fr\u00e8res congolais attendent jusqu&rsquo;\u00e0 aujourd&rsquo;hui une reconnaissance des crimes coloniaux commis au nom de la Belgique tandis que le sang de leurs anc\u00eatres ruisselle encore dans les entrailles, voire dans les visc\u00e8res des fondations de nos b\u00e2tisses institutionnelles belges.<\/p>\n<p>Aujourd&rsquo;hui, \u00e0 lire votre loi, j&rsquo;en d\u00e9duis que dor\u00e9navant tous les descendants de ces hommes et de ces femmes qui ont marqu\u00e9 notre histoire et fait la Belgique seront ind\u00e9niablement suspects.<\/p>\n<p>\u00c0 lire votre loi, je constate que vous avez pouss\u00e9 le cynisme jusqu&rsquo;\u00e0 autoriser des fonctionnaires de l&rsquo;Office des Etrangers \u00e0 expulser sans aucun jugement, sans aucune condamnation d\u00e9cid\u00e9e par un Tribunal, suite \u00e0 de simples troubles \u00e0 l&rsquo;ordre public.<\/p>\n<p>Au nom de quoi un fonctionnaire pourrait-il disposer d&rsquo;un tel pouvoir d\u00e9cisionnel aux cons\u00e9quences aussi importantes dans la vie des gens ?<\/p>\n<p>Doit-on rappeler qu&rsquo;aux yeux de l&rsquo;Office des Etrangers ont \u00e9t\u00e9 consid\u00e9r\u00e9s comme troubles \u00e0 l&rsquo;ordre public: le travail au noir, la participation \u00e0 des manifestations, l&rsquo;ivresse sur la voie publique, le tapage nocturne&#8230;<\/p>\n<p>Nous sommes tr\u00e8s loin des justifications officielles avanc\u00e9es derri\u00e8re cette loi telles que contrer le grand banditisme et le terrorisme.<\/p>\n<p>Sachez, messieurs, qu&rsquo;une grande partie de ces personnes que vous visez par cette loi ne connaissent pas ces pays que vous souhaitez leur imposer comme \u00ab\u00a0patrie\u00a0\u00bb.<\/p>\n<p>Nombre d&rsquo;entre eux sont n\u00e9s ici et apportent leur modeste contribution \u00e0 cette Belgique qui aujourd&rsquo;hui leur tourne le dos, voire les renie&#8230;<\/p>\n<blockquote><p>Il est probable que ce soit l&rsquo;une des derni\u00e8res fois que j&rsquo;\u00e9cris depuis le sol belge<\/p><\/blockquote>\n<p>Ce projet de loi est ax\u00e9 sur la discrimination, le racisme, le rejet de l&rsquo;Autre&#8230;<\/p>\n<p>J&rsquo;ai ainsi le pressentiment que je serai concern\u00e9 par la prochaine \u00e9tape: celle qui concernera les \u00ab\u00a0citoyens belges d&rsquo;ascendance \u00e9trang\u00e8re\u00a0\u00bb. En tant qu&rsquo;artiste r\u00e9pondant aux \u00ab\u00a0crit\u00e8res de s\u00e9lection\u00a0\u00bb, en tant qu&rsquo;intellectuel qui critique, qui refuse ces lois, je serai vite expuls\u00e9 pour un quelconque \u00ab\u00a0trouble \u00e0 l&rsquo;ordre public\u00a0\u00bb.<\/p>\n<p>Il est donc probable que ce soit l&rsquo;une des derni\u00e8res fois que j&rsquo;\u00e9cris depuis le sol belge.<\/p>\n<p>\u00c0 pr\u00e9sent l&rsquo;on peut commettre les pires crimes financiers sur le territoire et l&rsquo;on ne sera jamais expuls\u00e9&#8230; Mais s&rsquo;il y a un \u00ab\u00a0crime\u00a0\u00bb qui semble \u00eatre le plus condamnable \u00e0 vos yeux, c&rsquo;est celui de faire partie de ces personnes qui contribuent \u00e0 faire tourner l&rsquo;\u00e9conomie et qui enrichissent notre patrimoine culturel, ce qui fait la sp\u00e9cificit\u00e9, la beaut\u00e9 et la force de notre Belgique qui nous est tous si ch\u00e8re.<\/p>\n<p>En ces temps difficiles o\u00f9 la rencontre interculturelle, la coh\u00e9sion sociale sont perturb\u00e9es, voire menac\u00e9es, il serait plus honorable de s&rsquo;attaquer \u00e0 ces propos haineux et \u00e0 ces d\u00e9rives racistes entretenues par certains \u00e9lus, intellectuels, journalistes&#8230;<\/p>\n<p>Il serait plus juste d&rsquo;afficher davantage de fermet\u00e9 vis-\u00e0-vis de ces actes x\u00e9nophobes inacceptables commis par des responsables de nos institutions et de la soci\u00e9t\u00e9 civile.<\/p>\n<p>J&rsquo;aurais ainsi souhait\u00e9 vous retrouver dans la rue lorsque Naithy, un adolescent de 16 ans, s&rsquo;est fait violemment poignarder par un chauffeur de bus raciste et contre lequel la victime n&rsquo;a pu porter plainte qu&rsquo;apr\u00e8s trois tentatives et sous la pression d&rsquo;une incroyable mobilisation de plus de 200 personnes devant un Commissariat de Bruxelles.<\/p>\n<p>Ces actes ignobles sont malheureusement tr\u00e8s nombreux et si ces derniers sont en hausse, c&rsquo;est parce que leurs auteurs savent qu&rsquo;ils pourront les commettre le plus souvent en toute impunit\u00e9.<\/p>\n<p>Sachez, messieurs, que je suis profond\u00e9ment bless\u00e9 par toutes ces lois qui nous privent de plus en plus de nos libert\u00e9s, ces lois qui encouragent la division, ces lois qui discriminent et qui attisent la haine. Vous stigmatisez de nombreux habitants et vous les r\u00e9duisez \u00e0 des sous-cat\u00e9gories dont les droits ne sont plus du tout garantis.<\/p>\n<p>Je dois vous avouer que je me sens aujourd&rsquo;hui r\u00e9ellement menac\u00e9 et je crains t\u00f4t ou tard d&rsquo;\u00eatre expuls\u00e9&#8230;<\/p>\n<\/div>\n<\/div>\n","protected":false},"excerpt":{"rendered":"<p>\u00ab\u00a0Je suis profond\u00e9ment bless\u00e9 par toutes ces lois qui nous privent de plus en plus de nos libert\u00e9s, ces lois qui encouragent la division, ces lois qui discriminent et qui attisent la haine\u00a0\u00bb, clame le cin\u00e9aste belge Mourad Boucif. Jan Jambon et Theo Francken \u00a9 Belga Carte blanche adress\u00e9e au ministre de l&rsquo;Int\u00e9rieur Jan Jambon &#8230; <a title=\"\u00ab\u00a0Je me sens r\u00e9ellement menac\u00e9, je crains d&rsquo;\u00eatre expuls\u00e9&#8230;\u00a0\u00bb\" class=\"read-more\" href=\"https:\/\/bruxelles-pantheres.be\/?p=3169\" aria-label=\"En savoir plus sur \u00ab\u00a0Je me sens r\u00e9ellement menac\u00e9, je crains d&rsquo;\u00eatre expuls\u00e9&#8230;\u00a0\u00bb\">Lire la suite<\/a><\/p>\n","protected":false},"author":1,"featured_media":564,"comment_status":"open","ping_status":"open","sticky":false,"template":"","format":"standard","meta":{"footnotes":""},"categories":[24,4,18,28],"tags":[31,14,23,166],"class_list":["post-3169","post","type-post","status-publish","format-standard","has-post-thumbnail","hentry","category-belgique-maroc","category-islamophobie","category-resistance-bruxelles","category-racismes","tag-belgique","tag-bruxelles","tag-discrimination","tag-mourad-boucif"],"_links":{"self":[{"href":"https:\/\/bruxelles-pantheres.be\/index.php?rest_route=\/wp\/v2\/posts\/3169","targetHints":{"allow":["GET"]}}],"collection":[{"href":"https:\/\/bruxelles-pantheres.be\/index.php?rest_route=\/wp\/v2\/posts"}],"about":[{"href":"https:\/\/bruxelles-pantheres.be\/index.php?rest_route=\/wp\/v2\/types\/post"}],"author":[{"embeddable":true,"href":"https:\/\/bruxelles-pantheres.be\/index.php?rest_route=\/wp\/v2\/users\/1"}],"replies":[{"embeddable":true,"href":"https:\/\/bruxelles-pantheres.be\/index.php?rest_route=%2Fwp%2Fv2%2Fcomments&post=3169"}],"version-history":[{"count":2,"href":"https:\/\/bruxelles-pantheres.be\/index.php?rest_route=\/wp\/v2\/posts\/3169\/revisions"}],"predecessor-version":[{"id":3171,"href":"https:\/\/bruxelles-pantheres.be\/index.php?rest_route=\/wp\/v2\/posts\/3169\/revisions\/3171"}],"wp:featuredmedia":[{"embeddable":true,"href":"https:\/\/bruxelles-pantheres.be\/index.php?rest_route=\/wp\/v2\/media\/564"}],"wp:attachment":[{"href":"https:\/\/bruxelles-pantheres.be\/index.php?rest_route=%2Fwp%2Fv2%2Fmedia&parent=3169"}],"wp:term":[{"taxonomy":"category","embeddable":true,"href":"https:\/\/bruxelles-pantheres.be\/index.php?rest_route=%2Fwp%2Fv2%2Fcategories&post=3169"},{"taxonomy":"post_tag","embeddable":true,"href":"https:\/\/bruxelles-pantheres.be\/index.php?rest_route=%2Fwp%2Fv2%2Ftags&post=3169"}],"curies":[{"name":"wp","href":"https:\/\/api.w.org\/{rel}","templated":true}]}}