{"id":3176,"date":"2017-03-03T15:44:55","date_gmt":"2017-03-03T14:44:55","guid":{"rendered":"https:\/\/bruxelles-pantheres.be\/?p=3176"},"modified":"2017-03-03T15:44:55","modified_gmt":"2017-03-03T14:44:55","slug":"contre-les-centres-fermes-et-leurs-victimes","status":"publish","type":"post","link":"https:\/\/bruxelles-pantheres.be\/?p=3176","title":{"rendered":"CONTRE LES CENTRES FERM\u00c9S ET LEURS VICTIMES"},"content":{"rendered":"<h5 class=\"m_6654575564027467584yiv1588186388gmail_default\" style=\"text-align: center;\"><a href=\"https:\/\/bruxelles-pantheres.be\/wp-content\/uploads\/2015\/05\/prison001-3-a0c3e-10e21.jpg\"><img decoding=\"async\" class=\"alignnone size-full wp-image-2510\" src=\"https:\/\/bruxelles-pantheres.be\/wp-content\/uploads\/2015\/05\/prison001-3-a0c3e-10e21.jpg\" alt=\"\" width=\"150\" height=\"109\" \/><\/a><\/h5>\n<h5 id=\"m_6654575564027467584yui_3_16_0_ym19_1_1488533323160_12613\" class=\"m_6654575564027467584yiv1588186388gmail_default\" style=\"text-align: center;\"><span id=\"m_6654575564027467584yui_3_16_0_ym19_1_1488533323160_12670\" style=\"color: #ff0000;\"><span id=\"m_6654575564027467584yui_3_16_0_ym19_1_1488533323160_12669\"><span id=\"m_6654575564027467584yui_3_16_0_ym19_1_1488533323160_12672\"><b id=\"m_6654575564027467584yui_3_16_0_ym19_1_1488533323160_12671\">CONTRE LES CENTRES FERM<\/b><\/span><\/span><span id=\"m_6654575564027467584yui_3_16_0_ym19_1_1488533323160_14451\" style=\"font-family: helvetica,arial,sans-serif;\"><span id=\"m_6654575564027467584yui_3_16_0_ym19_1_1488533323160_14450\"><b id=\"m_6654575564027467584yui_3_16_0_ym19_1_1488533323160_14449\">\u00c9<\/b><\/span><\/span><b id=\"m_6654575564027467584yui_3_16_0_ym19_1_1488533323160_14448\">S ET LEURS VICTIMES<\/b><\/span><\/h5>\n<h5 id=\"m_6654575564027467584yui_3_16_0_ym19_1_1488533323160_12612\" class=\"m_6654575564027467584yiv1588186388gmail_default\" style=\"text-align: center;\"><span id=\"m_6654575564027467584yui_3_16_0_ym19_1_1488533323160_12675\" style=\"color: #000000;\"><span id=\"m_6654575564027467584yui_3_16_0_ym19_1_1488533323160_12674\"><b id=\"m_6654575564027467584yui_3_16_0_ym19_1_1488533323160_12673\">RASSEMBLEMENT CE SAMEDI\u00a0<\/b><\/span><\/span><span style=\"color: #000000; font-family: helvetica,arial,sans-serif;\"><b>\u00c0<\/b><\/span><b id=\"m_6654575564027467584yui_3_16_0_ym19_1_1488533323160_14447\">\u00a016H PLACE DE LA MONNAIE<\/b><\/h5>\n<div id=\"m_6654575564027467584yui_3_16_0_ym19_1_1488533323160_12609\" class=\"m_6654575564027467584yiv1588186388gmail_default\"><span style=\"color: #000000;\"><br \/>\n<\/span><\/div>\n<div id=\"m_6654575564027467584yui_3_16_0_ym19_1_1488533323160_16012\" class=\"m_6654575564027467584yiv1588186388gmail_default\"><span id=\"m_6654575564027467584yui_3_16_0_ym19_1_1488533323160_16011\" style=\"color: #000000; font-size: medium;\"><span id=\"m_6654575564027467584yiv1588186388gmail-yui_3_16_0_ym19_1_1488390100094_100107\">Ce jeudi 2 mars nous avons appris la mort d&rsquo;un homme originaire d&rsquo;Azerbaidjan, d\u00e9tenu au centre ferm\u00e9 pour \u00e9trangers de Vottem. D&rsquo;apr\u00e8s les informations dont nous disposons, il est arriv\u00e9 il y a trois jours \u00e0 Vottem, venant d&rsquo;un autre centre ferm\u00e9. Il y a deux jours, il a voulu se mutiler, ne supportant pas cette d\u00e9tention. La r\u00e9ponse \u00e0 cette situation de d\u00e9tresse , et alors qu&rsquo;il \u00e9tait bless\u00e9, a \u00e9t\u00e9 de le mettre en isolement au cachot. C&rsquo;est dans ce cachot qu&rsquo;il a \u00e9t\u00e9 d\u00e9couvert, mort, ce matin.<\/span><br id=\"m_6654575564027467584yiv1588186388gmail-yui_3_16_0_ym19_1_1488390100094_100108\" \/> <br id=\"m_6654575564027467584yiv1588186388gmail-yui_3_16_0_ym19_1_1488390100094_100109\" \/> <span id=\"m_6654575564027467584yiv1588186388gmail-yui_3_16_0_ym19_1_1488390100094_100110\">Voici le message de d\u00e9tenus re\u00e7u par <a href=\"http:\/\/www.gettingthevoiceout.org\/\" target=\"_blank\" rel=\"nofollow\" data-saferedirecturl=\"https:\/\/www.google.com\/url?hl=fr&amp;q=http:\/\/www.gettingthevoiceout.org\/&amp;source=gmail&amp;ust=1488637848336000&amp;usg=AFQjCNHp7UrHfIn6sisUa8Vgm1Fjqqrq4g\">Getting The Voice Out<\/a> :\u00a0<\/span><\/span><\/div>\n<div id=\"m_6654575564027467584yui_3_16_0_ym19_1_1488533323160_16038\" class=\"m_6654575564027467584yiv1588186388gmail_default\"><span style=\"color: #000000; font-size: medium;\"><br \/>\n<\/span><\/div>\n<div id=\"m_6654575564027467584yui_3_16_0_ym19_1_1488533323160_16040\" class=\"m_6654575564027467584yiv1588186388gmail_default\"><span id=\"m_6654575564027467584yui_3_16_0_ym19_1_1488533323160_16039\" style=\"color: #000000; font-size: medium;\"><span id=\"m_6654575564027467584yiv1588186388gmail-yui_3_16_0_ym19_1_1488390100094_100112\">\u00ab\u00a0Il faut faire quelques chose Madame avec vos politiques de merde\u00a0\u00bb<\/span><\/span><\/div>\n<div id=\"m_6654575564027467584yui_3_16_0_ym19_1_1488533323160_16013\" class=\"m_6654575564027467584yiv1588186388gmail_default\"><span id=\"m_6654575564027467584yui_3_16_0_ym19_1_1488533323160_16283\" style=\"font-size: medium;\"><span id=\"m_6654575564027467584yui_3_16_0_ym19_1_1488533323160_16020\" style=\"color: #000000;\"><br id=\"m_6654575564027467584yiv1588186388gmail-yui_3_16_0_ym19_1_1488390100094_100113\" \/> <span id=\"m_6654575564027467584yiv1588186388gmail-yui_3_16_0_ym19_1_1488390100094_100114\">\u00ab\u00a0Un homme a perdu sa vie avec vos politiques de merde madame\u00a0\u00bb<\/span><br id=\"m_6654575564027467584yiv1588186388gmail-yui_3_16_0_ym19_1_1488390100094_100115\" \/> <span id=\"m_6654575564027467584yiv1588186388gmail-yui_3_16_0_ym19_1_1488390100094_100116\"><br \/>\n\u00ab\u00a0On est pas des animaux Mada<\/span><span id=\"m_6654575564027467584yiv1588186388gmail-yui_3_16_0_ym19_1_1488390100094_100117\">me\u00a0\u00bb<br \/>\n<br id=\"m_6654575564027467584yiv1588186388gmail-yui_3_16_0_ym19_1_1488390100094_100118\" \/> \u00ab\u00a0Ils vont continuer \u00e0 tuer comme \u00e7a ?\u00a0\u00bb<br \/>\n<br id=\"m_6654575564027467584yiv1588186388gmail-yui_3_16_0_ym19_1_1488390100094_100119\" \/> \u00ab\u00a0Vous allez bouger quand vous les Belges ? Combien de morts faudra-t-il ?\u00a0\u00bb<br id=\"m_6654575564027467584yiv1588186388gmail-yui_3_16_0_ym19_1_1488390100094_100120\" \/> <br id=\"m_6654575564027467584yiv1588186388gmail-yui_3_16_0_ym19_1_1488390100094_100121\" \/> Nous, les soutiens des collectifs de sans-papiers, r\u00e9fugi\u00e9.e.s, migrant.e.s, &#8230; appelons \u00e0 nous rassembler (avec ou sans papiers) massivement <b id=\"m_6654575564027467584yui_3_16_0_ym19_1_1488533323160_16021\">ce samedi \u00e0 16h00 Place De La Monnaie (en m\u00eame temps qu&rsquo;un rassemblement \u00e0 Vottem)<\/b> afin de d\u00e9noncer publiquement la politique migratoire meurtri\u00e8re de Francken, Jambon et Michel !<\/p>\n<p>Les centres ferm\u00e9s sont des prisons pour \u00e9trangers qui n&rsquo;ont commis aucun crime. Ce n&rsquo;est pas la 1\u00e8re fois qu&rsquo;une personne meurt en centre ferm\u00e9 (ou pendant son expulsion). Nous le refusons !<br \/>\n<\/span><\/span><br \/>\nLa page du rassemblement sur <a id=\"m_6654575564027467584yui_3_16_0_ym19_1_1488533323160_16138\" href=\"https:\/\/www.facebook.com\/events\/335478340181567\/\" target=\"_blank\" rel=\"nofollow\" data-saferedirecturl=\"https:\/\/www.google.com\/url?hl=fr&amp;q=https:\/\/www.facebook.com\/events\/335478340181567\/&amp;source=gmail&amp;ust=1488637848336000&amp;usg=AFQjCNGn276yeC7Ld5VsYm6VVM89gAIbUQ\"> Facebook<\/a><\/span><\/div>\n<div id=\"m_6654575564027467584yui_3_16_0_ym19_1_1488533323160_16019\" class=\"m_6654575564027467584yiv1588186388gmail_default\"><span id=\"m_6654575564027467584yui_3_16_0_ym19_1_1488533323160_16291\" style=\"font-size: medium;\"><a href=\"http:\/\/www.gettingthevoiceout.org\/mort-au-cachot\/\" target=\"_blank\" rel=\"nofollow\" data-saferedirecturl=\"https:\/\/www.google.com\/url?hl=fr&amp;q=http:\/\/www.gettingthevoiceout.org\/mort-au-cachot\/&amp;source=gmail&amp;ust=1488637848336000&amp;usg=AFQjCNHsu1WV_-vnCG_XBAG_jWDZ54srxg\">Communiqu\u00e9<\/a> du CRACPE<\/span><\/div>\n<div id=\"m_6654575564027467584yui_3_16_0_ym19_1_1488533323160_16014\" class=\"m_6654575564027467584yiv1588186388gmail_default\"><\/div>\n<div id=\"m_6654575564027467584yui_3_16_0_ym19_1_1488533323160_16139\"><\/div>\n<p>&#8212;<\/p>\n<div class=\"m_6654575564027467584yiv1588186388gmail_signature\">\n<div dir=\"ltr\">\n<div>CRER \u2013 Coordination contre les\u00a0Rafles,<br \/>\nles\u00a0Expulsions et pour la\u00a0R<span style=\"color: #000000;\">\u00e9gularisation<br \/>\n<\/span><a href=\"http:\/\/regularisation.canalblog.com\/\" target=\"_blank\" rel=\"nofollow\" data-saferedirecturl=\"https:\/\/www.google.com\/url?hl=fr&amp;q=http:\/\/regularisation.canalblog.com\/&amp;source=gmail&amp;ust=1488637848336000&amp;usg=AFQjCNFv9kja8yC33OsX4R1SaNmOEHxflA\">Blog<\/a><br \/>\n<a href=\"https:\/\/www.facebook.com\/crer.regularisation\" target=\"_blank\" rel=\"nofollow\" data-saferedirecturl=\"https:\/\/www.google.com\/url?hl=fr&amp;q=https:\/\/www.facebook.com\/crer.regularisation&amp;source=gmail&amp;ust=1488637848336000&amp;usg=AFQjCNEzf1vB07u724U31yLlCOQW3GtjAw\">Facebook<\/a><\/div>\n<\/div>\n<\/div>\n","protected":false},"excerpt":{"rendered":"<p>CONTRE LES CENTRES FERM\u00c9S ET LEURS VICTIMES RASSEMBLEMENT CE SAMEDI\u00a0\u00c0\u00a016H PLACE DE LA MONNAIE Ce jeudi 2 mars nous avons appris la mort d&rsquo;un homme originaire d&rsquo;Azerbaidjan, d\u00e9tenu au centre ferm\u00e9 pour \u00e9trangers de Vottem. D&rsquo;apr\u00e8s les informations dont nous disposons, il est arriv\u00e9 il y a trois jours \u00e0 Vottem, venant d&rsquo;un autre centre &#8230; <a title=\"CONTRE LES CENTRES FERM\u00c9S ET LEURS VICTIMES\" class=\"read-more\" href=\"https:\/\/bruxelles-pantheres.be\/?p=3176\" aria-label=\"En savoir plus sur CONTRE LES CENTRES FERM\u00c9S ET LEURS VICTIMES\">Lire la suite<\/a><\/p>\n","protected":false},"author":1,"featured_media":1230,"comment_status":"open","ping_status":"open","sticky":false,"template":"","format":"standard","meta":{"footnotes":""},"categories":[36,18,28,39],"tags":[],"class_list":["post-3176","post","type-post","status-publish","format-standard","has-post-thumbnail","hentry","category-europe","category-resistance-bruxelles","category-racismes","category-sans-papier"],"_links":{"self":[{"href":"https:\/\/bruxelles-pantheres.be\/index.php?rest_route=\/wp\/v2\/posts\/3176","targetHints":{"allow":["GET"]}}],"collection":[{"href":"https:\/\/bruxelles-pantheres.be\/index.php?rest_route=\/wp\/v2\/posts"}],"about":[{"href":"https:\/\/bruxelles-pantheres.be\/index.php?rest_route=\/wp\/v2\/types\/post"}],"author":[{"embeddable":true,"href":"https:\/\/bruxelles-pantheres.be\/index.php?rest_route=\/wp\/v2\/users\/1"}],"replies":[{"embeddable":true,"href":"https:\/\/bruxelles-pantheres.be\/index.php?rest_route=%2Fwp%2Fv2%2Fcomments&post=3176"}],"version-history":[{"count":1,"href":"https:\/\/bruxelles-pantheres.be\/index.php?rest_route=\/wp\/v2\/posts\/3176\/revisions"}],"predecessor-version":[{"id":3177,"href":"https:\/\/bruxelles-pantheres.be\/index.php?rest_route=\/wp\/v2\/posts\/3176\/revisions\/3177"}],"wp:featuredmedia":[{"embeddable":true,"href":"https:\/\/bruxelles-pantheres.be\/index.php?rest_route=\/wp\/v2\/media\/1230"}],"wp:attachment":[{"href":"https:\/\/bruxelles-pantheres.be\/index.php?rest_route=%2Fwp%2Fv2%2Fmedia&parent=3176"}],"wp:term":[{"taxonomy":"category","embeddable":true,"href":"https:\/\/bruxelles-pantheres.be\/index.php?rest_route=%2Fwp%2Fv2%2Fcategories&post=3176"},{"taxonomy":"post_tag","embeddable":true,"href":"https:\/\/bruxelles-pantheres.be\/index.php?rest_route=%2Fwp%2Fv2%2Ftags&post=3176"}],"curies":[{"name":"wp","href":"https:\/\/api.w.org\/{rel}","templated":true}]}}