{"id":318,"date":"2013-05-24T02:33:24","date_gmt":"2013-05-24T01:33:24","guid":{"rendered":"https:\/\/bruxelles-pantheres.be\/?p=318"},"modified":"2013-11-10T02:36:03","modified_gmt":"2013-11-10T01:36:03","slug":"declaration-de-georges-ibrahim-abdallah","status":"publish","type":"post","link":"https:\/\/bruxelles-pantheres.be\/?p=318","title":{"rendered":"D\u00e9claration de Georges Ibrahim Abdallah"},"content":{"rendered":"<p><iframe src=\"http:\/\/www.dailymotion.com\/embed\/video\/x103f8p\" height=\"270\" width=\"480\" frameborder=\"0\"><\/iframe><br \/>\n<a href=\"http:\/\/www.dailymotion.com\/video\/x103f8p_declaration-de-georges-ibrahim-abdallah-18-mai-2013_news\" target=\"_blank\">D\u00e9claration de Georges Ibrahim Abdallah &#8211; 18&#8230;<\/a> <i>par <a href=\"http:\/\/www.dailymotion.com\/coup-pour-coup\" target=\"_blank\">coup-pour-coup<\/a><\/i><\/p>\n<p>Chers camarades, chers amis,<!--more--><\/p>\n<p>Au d\u00e9but de cette ann\u00e9e, il m\u2019est arriv\u00e9 de penser \u00e0 certains moments de la nuit, que bient\u00f4t, voire tr\u00e8s bient\u00f4t, je n\u2019aurais plus \u00e0 m\u2019adresser \u00e0 vous, amis et camarades, de derri\u00e8re ces abominables murs. Je me disais que tr\u00e8s probablement, ce n\u2019\u00e9tait plus qu\u2019une question de quelques petites semaines et nous aurions alors l\u2019opportunit\u00e9 de nous trouver ensemble, loin de ces sinistres lieux \u2026 que je pourrais alors vous saluer tous, et m\u00eame vous serrer fort et voir vos visages de pr\u00e8s, vous \u00e9couter et vous parler sans avoir recours \u00e0 tel ou tel stratag\u00e8me pour tenter d\u2019\u00e9chapper quelque peu aux conditions de captivit\u00e9.<\/p>\n<p>Bien entendu je me disais aussi que l\u2019on aurait largement le temps pour discuter et tirer les le\u00e7ons de ces initiatives solidaires que vous avez su d\u00e9velopper tout au long de mes ann\u00e9es de captivit\u00e9.<\/p>\n<p>Comme beaucoup d\u2019autres camarades et amis, je regardais avec une particuli\u00e8re attention les divers messages et \u00ab conseils \u00bb et autres exigences adress\u00e9s aux autorit\u00e9s de mon pays.<\/p>\n<p>Camarades, \u00e0 partir de mi-f\u00e9vrier, les man\u0153uvres du gouvernement fran\u00e7ais ne laissaient plus gu\u00e8re pr\u00e9sager une issue favorable \u00e0 court terme. En effet apr\u00e8s quelques mois de tergiversations, le gouvernement a tranch\u00e9 : pas question de lib\u00e9rer Abdallah. Et tout naturellement les magistrats de la Cour de cassation sont toujours l\u00e0 pour habiller et avaliser la d\u00e9cision\u2026et certainement ils ne sont jamais \u00e0 court de formules lapidaires : \u00ab La demande de lib\u00e9ration n\u2019est pas recevable. \u00bb Ainsi fut prononc\u00e9 leur jugement ce 4 avril.<\/p>\n<p>Certainement camarades, vous n\u2019\u00eates pas sans savoir, que durant tous ces derniers mois les initiatives solidaires ont fleuri un peu partout, ici en France et ailleurs de par le monde et tout particuli\u00e8rement au Liban\u2026 et c\u2019est toujours dans le cadre l\u00e9gal des lois envigueur dans ces divers pays. Cependant ou peut-\u00eatre c\u2019est pourquoi, les autorit\u00e9s imp\u00e9rialistes concern\u00e9es directement ont estim\u00e9 qu\u2019il vaudrait mieux casser la d\u00e9cision du tribunal de l\u2019application des peines ainsi que celle de la Cour d\u2019appel et me garder encore ici, dans les ge\u00f4les de la R\u00e9publique.<\/p>\n<p>Comme toujours, ces criminelles autorit\u00e9s r\u00e9actionnaires estiment, qu\u2019avec le temps, tout finit par s\u2019essouffler, s\u2019\u00e9puiser et peut-\u00eatre m\u00eame dispara\u00eetre. Et pourtant elles ont tort et toujours elles ont eu tort \u00e0 ce propos. Et les faits sont l\u00e0 aussi t\u00eatus que l\u2019on ne peut d\u2019aucune fa\u00e7on en faire abstraction. Plusieurs milliers dans les ge\u00f4les sionistes depuis tant d\u2019ann\u00e9es, tant de d\u00e9cennies, et leur r\u00e9sistance est toujours intacte nourrie d\u2019in\u00e9puisable \u00e9lan populaire solidaire.<\/p>\n<p>Camarades comme vous savez, ces jours-ci, on comm\u00e9more chez nous la Naqba de 1948. Elle est toujours l\u00e0, une blessure b\u00e9ante\u2026une blessure toujours saignante\u2026 tout un peuple y est li\u00e9. Elle est partout, elle est dans tout. Elle est les camps des r\u00e9fugi\u00e9s et les ruelles de la mis\u00e8re et les massacres et la terreur et l\u2019humiliation \u00e0 tout moment. Elle est les vieux et les moins vieux attendant toute une vie l\u2019heure du retour, gardant en main avec tendresse des vieilles cl\u00e9s qu\u2019on se passe de p\u00e8re en fils jusqu\u2019\u00e0 nos jours\u2026 elle est le crime qu\u2019on reproduit devant les yeux de tout le monde. Les imp\u00e9rialistes de tout bord y ont particip\u00e9 et continuent \u00e0 cautionner, d\u2019une mani\u00e8re ou d\u2019une autre, la spoliation et la destruction de tout un peuple\u2026<\/p>\n<p>Comme vous voyez chers camarades, la Naqba, loin d\u2019\u00eatre un moment douloureux d\u2019un pass\u00e9 lointain qu\u2019on cherche \u00e0 comm\u00e9morer par respect aux anc\u00eatres, elle est le v\u00e9cu quotidien de tout un peuple. De ses entrailles surgissent toujours de longs cort\u00e8ges de fiday\u00een et les enfants de l\u2019Intifada. Elle est la Palestine de tous les jours.<\/p>\n<p>Camarades, jadis, un certain Ben Gourion, comme tous les criminels r\u00e9actionnaires des ann\u00e9es quarante, disait \u00e0 ceux qui l\u2019avertissaient de la r\u00e9volution palestinienne : \u00ab \u2026 les causes aussi vieillissent avec le temps et finissent \u00e0 leur tour par mourir et dispara\u00eetre. \u00bb Cependant plus de six d\u00e9cennies plus tard, la Palestine est toujours l\u00e0, aussi vivante que r\u00e9sistante. La d\u00e9termination des masses populaires palestiniennes est plus que jamais in\u00e9branlable, en d\u00e9pit de la terreur et des atrocit\u00e9s de tout genre. Les prisonniers palestiniens aussi, en d\u00e9pit des longues ann\u00e9es, sont toujours l\u00e0, debout face \u00e0 leurs ge\u00f4liers, incarnant la r\u00e9sistance h\u00e9ro\u00efque de la Palestine et prouvant \u00e0 tous les Ben Gourion que la Palestine non seulement vivra, mais elle vaincra certainement.<\/p>\n<p>La solidarit\u00e9 est une arme, camarades, faisons-en bon usage !<\/p>\n<p>Certainement, ce n\u2019est pas en cherchant des astuces judiciaires ici et l\u00e0 que l\u2019on fait face \u00e0 leur criminel acharnement, mais plut\u00f4t en affirmant une d\u00e9termination in\u00e9branlable dans la lutte contre leur criminel syst\u00e8me imp\u00e9rialiste.<\/p>\n<p>\u00c0 bas l\u2019imp\u00e9rialisme et ses chiens de garde sionistes et autres r\u00e9actionnaires arabes !<\/p>\n<p>Gloire aux masses populaires en lutte !<\/p>\n<p>Honneur aux martyrs !<\/p>\n<p>Ensemble camarades, et ce n\u2019est qu\u2019ensemble camarades, que nous vaincrons !<\/p>\n<p>Mes plus chaleureuses salutations \u00e0 vous tous<\/p>\n<p>Votre camarade, Georges Ibrahim Abdallah<\/p>\n<p>Samedi 18 mai 2013<\/p>\n<p>Coup Pour Coup 31<br \/>\nCollectif anti-imp\u00e9rialiste \u00e0 Toulouse<\/p>\n<p>Blog :<a class=\"link\" href=\"http:\/\/couppourcoup31.over-blog.com\" target=\"_blank\"> http:\/\/couppourcoup31.over-blog.com<\/a><br \/>\nFacebook : <a class=\"link\" href=\"http:\/\/www.facebook.com\/CoupPourCoup31\" target=\"_blank\">http:\/\/www.facebook.com\/CoupPourCoup31<\/a><br \/>\nTwitter : <a class=\"link\" href=\"https:\/\/twitter.com\/CoupPourCoup31\" target=\"_blank\">https:\/\/twitter.com\/CoupPourCoup31<\/a><\/p>\n<p>&nbsp;<\/p>\n<h2><a title=\"P\u00e9tition Liberons Georges Ibrahim Abdallah\" href=\"http:\/\/mcpalestine.canalblog.com\/archives\/2013\/01\/17\/26180277.html\" rel=\"bookmark\">P\u00e9tition Liberons Georges Ibrahim Abdallah<\/a><\/h2>\n<h1><img decoding=\"async\" alt=\"http:\/\/a396.idata.over-blog.com\/212x300\/0\/45\/19\/24\/pochoir-george-ibrahim-abdallah.jpg\" src=\"http:\/\/a396.idata.over-blog.com\/212x300\/0\/45\/19\/24\/pochoir-george-ibrahim-abdallah.jpg\" \/><\/h1>\n<h1>P\u00e9tition Liberons Georges Ibrahim Abdallah:<\/h1>\n<h1>Le temps de l\u2019ind\u00e9pendance de la Justice fran\u00e7aise est venu!<\/h1>\n<h2>Pour:Minist\u00e8re de l\u2019Int\u00e9rieur (copie \u00e0 la Pr\u00e9sidence de la R\u00e9publique)<\/h2>\n<blockquote><p>P\u00e9tition adress\u00e9e au Minist\u00e8re de l\u2019Int\u00e9rieur<br \/>\n(copie \u00e0 la Pr\u00e9sidence de la R\u00e9publique fran\u00e7aise)<\/p>\n<p>Lib\u00e9ration pour Georges Ibrahim Abdallah<\/p>\n<p>\u00ab Aucune race ne poss\u00e8de le monopole de la beaut\u00e9, de l\u2019intelligence et de la force\u00a0\u00bb<br \/>\nCahier d\u2019un retour au pays natal, Aim\u00e9 C\u00e9saire,<\/p>\n<p>Les partisans de la lib\u00e9ration de Georges Ibrahim Abdallah sollicite de votre bienveillante autorit\u00e9 l\u2019examen d\u2019une affaire qui couvre de honte la Justice et la Politique de notre pays.<br \/>\nAu nom des principes r\u00e9publicains qui nous rassemblent tous,<br \/>\nAu nom de nos id\u00e9aux de libert\u00e9 et d\u2019\u00e9galit\u00e9,<br \/>\nAu nom de l\u2019ind\u00e9pendance de notre justice,<br \/>\nAu nom de notre attachement \u00e0 la libert\u00e9 et de penser et d\u2019expression, nous ne pouvons rester plus longtemps silencieux.<br \/>\nEnferm\u00e9 depuis 29 ans il est lib\u00e9rable depuis 1999. La justice fran\u00e7aise s\u2019est d\u00e9j\u00e0 prononc\u00e9e pour sa lib\u00e9ration, une lib\u00e9ration \u00e0 chaque fois mise en \u00e9chec sous la pression des Etats-Unis d\u2019Am\u00e9rique.<br \/>\nGeorges Ibrahim Abdallah est aujourd\u2019hui un prisonnier politique, le peuple de France le sait et ne saurait l\u2019admettre.<br \/>\nIl paye le prix de son engagement et de l\u2019attachement \u00e0 ses principes.<br \/>\nDes principes qui lui ont permis pendant 29 ans de croire encore et toujours en un monde meilleur o\u00f9 plus jamais une m\u00e8re ne devrait avoir \u00e0 craindre de voir ses enfants massacr\u00e9s ou sa maison bombard\u00e9e\u2026o\u00f9 plus jamais un p\u00e8re de famille n\u2019aurait \u00e0 se sentir humili\u00e9 de ne pouvoir assurer la protection des siens.<br \/>\nC\u2019est cela le leitmotiv de Georges Ibrahim Abdallah : un monde fait de Justice !<br \/>\nComment ose-t-on en France honorer la m\u00e9moire de soldats qui ont us\u00e9s de la torture pour d\u00e9fendre les int\u00e9r\u00eats de la nation fran\u00e7aise et reprocher \u00e0 Georges d\u2019avoir choisi le camp de la lutte au nom de la libert\u00e9 de son pays ? Doit on vous rappeler les horreurs de Sabra et Chatila ?<br \/>\nLa d\u00e9cision de lib\u00e9rer le plus vieux prisonnier politique a \u00e9t\u00e9 prise le 14 janvier 2013.<br \/>\nVotre gouvernement vient de contrer cette d\u00e9cision et s\u2019oppose \u00e0 la lib\u00e9ration de Georges Ibrahim Abdallah.<br \/>\nNous attendons de notre Justice qu\u2019elle honore le principe d\u2019ind\u00e9pendance auquel nous sommes attach\u00e9 en ne r\u00e9pondant pas aux injonctions des Etats-Unis et en affirmant son ind\u00e9pendance face au politique , il en va du respect de nos principes constitutionnel (Cf. article 66)<br \/>\nLa France est et doit rester le pays qui ayant connu l\u2019occupation doit lever haut et fort l\u2019\u00e9tendard de la r\u00e9sistance.<\/p>\n<p>29 ans \u00e7a suffit !<br \/>\nLib\u00e9rez Georges Ibrahim Abdallah.<br \/>\n<a href=\"http:\/\/www.petitionpublique.fr\/PeticaoAssinar.aspx?pi=P2013N34769\">SIGNEZ LA PETITION <\/a><\/p><\/blockquote>\n<p><img decoding=\"async\" alt=\"http:\/\/4.bp.blogspot.com\/-eXjZxmJdFvA\/T5wnPlv5wqI\/AAAAAAAAVWg\/m-RE4pG-07U\/s1600\/freedom_for_georges_ibrahim_abdallah_by_khaledfanni-d4pvafv.jpg\" src=\"https:\/\/lh3.ggpht.com\/-eXjZxmJdFvA\/T5wnPlv5wqI\/AAAAAAAAVWg\/m-RE4pG-07U\/s1600\/freedom_for_georges_ibrahim_abdallah_by_khaledfanni-d4pvafv.jpg\" width=\"619\" height=\"876\" \/><\/p>\n<p>&nbsp;<\/p>\n","protected":false},"excerpt":{"rendered":"<p>D\u00e9claration de Georges Ibrahim Abdallah &#8211; 18&#8230; par coup-pour-coup Chers camarades, chers amis,<\/p>\n","protected":false},"author":1,"featured_media":319,"comment_status":"open","ping_status":"open","sticky":false,"template":"","format":"standard","meta":{"footnotes":""},"categories":[21,6,28],"tags":[],"class_list":["post-318","post","type-post","status-publish","format-standard","has-post-thumbnail","hentry","category-anti-imperialisme","category-palestine-moyen-orient","category-racismes"],"_links":{"self":[{"href":"https:\/\/bruxelles-pantheres.be\/index.php?rest_route=\/wp\/v2\/posts\/318","targetHints":{"allow":["GET"]}}],"collection":[{"href":"https:\/\/bruxelles-pantheres.be\/index.php?rest_route=\/wp\/v2\/posts"}],"about":[{"href":"https:\/\/bruxelles-pantheres.be\/index.php?rest_route=\/wp\/v2\/types\/post"}],"author":[{"embeddable":true,"href":"https:\/\/bruxelles-pantheres.be\/index.php?rest_route=\/wp\/v2\/users\/1"}],"replies":[{"embeddable":true,"href":"https:\/\/bruxelles-pantheres.be\/index.php?rest_route=%2Fwp%2Fv2%2Fcomments&post=318"}],"version-history":[{"count":1,"href":"https:\/\/bruxelles-pantheres.be\/index.php?rest_route=\/wp\/v2\/posts\/318\/revisions"}],"predecessor-version":[{"id":320,"href":"https:\/\/bruxelles-pantheres.be\/index.php?rest_route=\/wp\/v2\/posts\/318\/revisions\/320"}],"wp:featuredmedia":[{"embeddable":true,"href":"https:\/\/bruxelles-pantheres.be\/index.php?rest_route=\/wp\/v2\/media\/319"}],"wp:attachment":[{"href":"https:\/\/bruxelles-pantheres.be\/index.php?rest_route=%2Fwp%2Fv2%2Fmedia&parent=318"}],"wp:term":[{"taxonomy":"category","embeddable":true,"href":"https:\/\/bruxelles-pantheres.be\/index.php?rest_route=%2Fwp%2Fv2%2Fcategories&post=318"},{"taxonomy":"post_tag","embeddable":true,"href":"https:\/\/bruxelles-pantheres.be\/index.php?rest_route=%2Fwp%2Fv2%2Ftags&post=318"}],"curies":[{"name":"wp","href":"https:\/\/api.w.org\/{rel}","templated":true}]}}