{"id":3180,"date":"2017-03-03T18:25:14","date_gmt":"2017-03-03T17:25:14","guid":{"rendered":"https:\/\/bruxelles-pantheres.be\/?p=3180"},"modified":"2017-03-03T18:25:14","modified_gmt":"2017-03-03T17:25:14","slug":"une-urgence-dire-nonaupermisdetuer","status":"publish","type":"post","link":"https:\/\/bruxelles-pantheres.be\/?p=3180","title":{"rendered":"Une urgence : dire #NonAuPermisDeTuer!"},"content":{"rendered":"<div class=\"width-padded\">\n<header class=\"article-header\">\n<div class=\"read-left-padding\">\n<h5 class=\"article-headline\">Violences polici\u00e8res : dire non au permis de tuer\u00a0!<\/h5>\n<div class=\"article-head-metas\"><span class=\"authors\"> Par <span class=\"author\"> Amal Bentounsi, Collectif Urgence notre police assassine, initiatrice de l&rsquo;appel de la marche pour la justice et la dignit\u00e9 <\/span> <\/span> \u2014<\/div>\n<div class=\"article-head-metas\"><span class=\"date\"><time datetime=\"2017-03-03T16:03:50\">3 mars 2017<\/time> <\/span><\/div>\n<\/div>\n<\/header>\n<\/div>\n<div class=\"container-column clearfix\"><\/div>\n<figure class=\"article-image article-header-image\"><figcaption class=\"read-left-padding caption\"><span class=\"desc\"><a href=\"https:\/\/bruxelles-pantheres.be\/wp-content\/uploads\/2017\/03\/995164-rassemblement-contre-les-violences-policieres-et-pour-reclamer-justice-pour-theo-place-de-la-republi.jpg\"><img decoding=\"async\" class=\"alignnone size-full wp-image-3181\" src=\"https:\/\/bruxelles-pantheres.be\/wp-content\/uploads\/2017\/03\/995164-rassemblement-contre-les-violences-policieres-et-pour-reclamer-justice-pour-theo-place-de-la-republi.jpg\" alt=\"\" width=\"960\" height=\"768\" srcset=\"https:\/\/bruxelles-pantheres.be\/wp-content\/uploads\/2017\/03\/995164-rassemblement-contre-les-violences-policieres-et-pour-reclamer-justice-pour-theo-place-de-la-republi.jpg 960w, https:\/\/bruxelles-pantheres.be\/wp-content\/uploads\/2017\/03\/995164-rassemblement-contre-les-violences-policieres-et-pour-reclamer-justice-pour-theo-place-de-la-republi-300x240.jpg 300w, https:\/\/bruxelles-pantheres.be\/wp-content\/uploads\/2017\/03\/995164-rassemblement-contre-les-violences-policieres-et-pour-reclamer-justice-pour-theo-place-de-la-republi-768x614.jpg 768w\" sizes=\"(max-width: 960px) 100vw, 960px\" \/><\/a>Rassemblement contre les violences polici\u00e8res et pour r\u00e9clamer justice pour Th\u00e9o, \u00e0 Paris le 18 f\u00e9vrier.<\/span> <span class=\"copy\">Photo Cyril Zannettacci pour Lib\u00e9ration<\/span><\/p>\n<div class=\"share-link\"><\/div>\n<\/figcaption><\/figure>\n<h5 class=\"article-standfirst read-left-padding\">La s\u0153ur d&rsquo;Amine Bentounsi, tu\u00e9 en 2012 par un policier dont le proc\u00e8s en appel aura lieu \u00e0 Paris la semaine prochaine, appelle \u00e0 une marche le dimanche 19 mars pour protester contre les violences polici\u00e8res.<\/h5>\n<ul class=\"article-rel-list\">\n<li class=\"article-rel-item\">\n<div class=\"share-link\">\u00a0<span class=\"share\">Violences polici\u00e8res : dire non au permis de tuer\u00a0! <\/span><\/div>\n<\/li>\n<\/ul>\n<div class=\"article-body read-left-padding\">\n<p>Amine Bentounsi a \u00e9t\u00e9 tu\u00e9 le 21 avril\u00a02012 \u00e0 Noisy-Le-Sec (Seine-Saint-Denis) par un policier d\u2019une balle dans le dos. <a href=\"http:\/\/www.liberation.fr\/direct\/element\/_29245\/\">Le proc\u00e8s en appel du meurtrier de mon fr\u00e8re, le gardien de la paix Damien Saboundjan,<\/a> acquitt\u00e9 en premi\u00e8re instance, aura lieu \u00e0 Paris du 6\u00a0au 10\u00a0mars.<\/p>\n<p>Avant la mort d\u2019Amine, je n\u2019\u00e9tais pas une militante. Je m\u2019occupais de ma famille, comme beaucoup j\u2019allais au travail, je menais une existence tranquille. J\u2019\u00e9tais loin de toutes ces probl\u00e9matiques. Je le suis devenu parce que je n\u2019ai pas eu le choix.<\/p>\n<p>Parce que tr\u00e8s vite, je me suis rendu compte que sans combat, je n\u2019obtiendrai aucune justice.<\/p>\n<p class=\"others\">\n<p>En face de moi, j\u2019avais un mur, une citadelle, une institution, la police, ses syndicats qui font toujours bloc derri\u00e8re leur homme, qui couvrent syst\u00e9matiquement les exactions de leurs coll\u00e8gues. Peu importe l\u2019acte\u00a0qu\u2019il a commis. Une solidarit\u00e9 et un corporatisme sans faille.<\/p>\n<p>Longtemps, mon combat pour exiger v\u00e9rit\u00e9 et justice pour mon fr\u00e8re a d\u00fb faire face au mensonge. J\u2019ai subi la pression des syndicats de police, les menaces du minist\u00e8re de l\u2019Int\u00e9rieur, peu soutenue par les m\u00e9dias qui n\u2019avaient d\u2019oreilles que pour la version polici\u00e8re.<\/p>\n<h3>Probl\u00e8me syst\u00e9mique<\/h3>\n<p>Je ne suis pas un cas isol\u00e9. D\u2019autres familles, d\u2019autres affaires, comme celles de Wissam El-Yamni, Amadou Koum\u00e9, Abdoulaye Camara, Lahoucine A\u00eft Omghar, Lamine Dieng, Adama Traor\u00e9, Hocine Bouras, Morad Touat, Ali Ziri, R\u00e9mi Fraisse, Babacar Gueye, KarimTaghbalout, Nabil Mabtoul, Hakim Ajimi,\u00a0etc.<\/p>\n<p>Depuis quelques jours, partout en France, <a href=\"http:\/\/www.liberation.fr\/france\/2017\/02\/14\/mort-d-adama-traore-si-on-se-tait-c-est-toute-notre-societe-qui-se-salit_1548531\">des artistes se mobilisent pour d\u00e9noncer les violences polici\u00e8res<\/a> dans le sillage de l\u2019indignation suscit\u00e9e par ce qu\u2019on appelle <a href=\"http:\/\/www.liberation.fr\/societe\/2017\/02\/09\/affaire-theo-les-parties-s-opposent-sur-la-question-du-viol_1547370\">\u00abl\u2019affaire Th\u00e9o\u00bb.<\/a>\u00a0Sous pression, et de peur que les banlieues s\u2019embrasent, <a href=\"http:\/\/www.liberation.fr\/direct\/element\/francois-hollande-sest-rendu-au-chevet-de-theo_57647\/\">le Pr\u00e9sident de la R\u00e9publique n\u2019a eu d\u2019autre choix que de se montrer au chevet de la victime.<\/a>\u00a0Elu gr\u00e2ce aux voix des quartiers populaires, il n\u2019a cess\u00e9 de nous d\u00e9cevoir. Son soutien de fa\u00e7ade \u00e0 Th\u00e9o ne suffira pas \u00e0 faire oublier toutes les promesses non tenues.<\/p>\n<p>Mais il ne suffit pas de mettre quelques affaires au premier plan\u00a0pour expliquer l\u2019essentiel. On parle de \u00abquelques brebis galeuses\u00bb ou d\u2019\u00abaccidents\u00bb. Le probl\u00e8me est plus profond. Il est structurel, syst\u00e9mique.<\/p>\n<p>La violence polici\u00e8re est un mode op\u00e9ratoire, identifi\u00e9 et comptabilis\u00e9 \u2013\u00a0pourtant, aucune volont\u00e9 politique ne s\u2019affiche pour y apporter une solution. Il s\u2019agit d\u2019un syst\u00e8me bien huil\u00e9. Les victimes sont rendues coupables \u00e0 titre posthume et la version de la police est toujours sanctifi\u00e9e, relay\u00e9e syst\u00e9matiquement en premier lieu par les m\u00e9dias.<\/p>\n<p>Les jeunes Noirs ou Arabes ont 20\u00a0fois plus de chances d\u2019\u00eatre contr\u00f4l\u00e9s par la police <a href=\"http:\/\/www.liberation.fr\/direct\/element\/les-jeunes-hommes-percus-comme-noirs-ou-arabes-ont-vingt-fois-plus-de-chance-detre-controles_56314\/\">selon le D\u00e9fenseur des droits.<\/a>\u00a0Ce chiffre s\u2019explique en partie par le fait que, selon certains sondages, <a href=\"http:\/\/www.bfmtv.com\/politique\/plus-d-un-policier-sur-deux-est-pret-a-voter-fn-1049670.html\">57% des policiers sont pr\u00eats \u00e0 voter Marine Le\u00a0Pen \u00e0 la pr\u00e9sidentielle de\u00a02017.<\/a>\u00a0D\u2019autre part, les brigades sp\u00e9ciales \u2013\u00a0que les syndicats de police qualifient eux-m\u00eames de \u00abmuscl\u00e9es\u00bb\u00a0\u2013 sont un des legs de la politique sarkozyste qui consistait \u00e0 \u00abnettoyer au K\u00e4rcher\u00bb les quartiers populaires. Elles s\u00e9vissent toujours avec autant de violence.<\/p>\n<h3>\u00abGhetto\u00efsation\u00bb<\/h3>\n<p>Il est particuli\u00e8rement choquant d\u2019entendre certains s\u2019indigner des voitures qui br\u00fblent, ceux-l\u00e0 m\u00eames qui n\u2019ont pas laiss\u00e9 d\u2019autres choix aux quartiers populaires que la r\u00e9volte. Leurs condamnations ne sont pas les bienvenues.<\/p>\n<p>Au fil des d\u00e9cennies, ces d\u00e9cideurs politiques, responsables du ch\u00f4mage end\u00e9mique, de la \u00abghetto\u00efsation\u00bb d\u2019une partie de la population, ont organis\u00e9 minutieusement la s\u00e9gr\u00e9gation raciale, spatiale.<\/p>\n<p>On peut comprendre les habitants de ces quartiers, les familles, victimes des violences polici\u00e8res qui d\u00e9plorent ces embrasements \u2013\u00a0mais il est particuli\u00e8rement ind\u00e9cent d\u2019entendre les pouvoirs publics exiger des familles qu\u2019elles appellent au calme, en particulier dans un contexte o\u00f9 dans le m\u00eame temps les d\u00e9put\u00e9s d\u00e9battent \u00e0 l\u2019Assembl\u00e9e autour d\u2019une loi sc\u00e9l\u00e9rate qui va permettre (elle a d\u00e9j\u00e0 \u00e9t\u00e9 vot\u00e9e en premi\u00e8re lecture), comme le souligne le Syndicat de la magistrature, aux services de police et de gendarmerie de se consid\u00e9rer l\u00e9gitimes \u00e0 user de leurs armes (et potentiellement tuer) dans des conditions absolument disproportionn\u00e9es. Un permis de tuer accord\u00e9 en bonne et due forme \u00e0 ceux qui sont cens\u00e9s nous prot\u00e9ger.<\/p>\n<p>Les familles des victimes de crimes policiers en appellent au pr\u00e9sident de la R\u00e9publique, Fran\u00e7ois Hollande, pour qu\u2019il emp\u00eache que cette loi mortif\u00e8re soit vot\u00e9e. Pour nous, il s\u2019agirait alors de l\u2019ultime trahison commise par ce gouvernement de gauche\u2026<\/p>\n<p>On peut se f\u00e9liciter que \u00abl\u2019affaire Th\u00e9o\u00bb ait suscit\u00e9 l\u2019\u00e9moi du grand public et que la mobilisation pour Adama Traor\u00e9 ne faiblisse pas, mais les exigences que nous portons, nous familles de victimes de crimes policiers, habitants des quartiers populaires, doivent s\u2019inscrire dans la dur\u00e9e. Elles demandent une lutte politique de longue haleine, des revendications claires. Nous appelons \u00e0 une mobilisation la plus large possible.<\/p>\n<p>Nous appelons toutes celles et ceux qui croient en une justice pour tous \u00e0 venir marcher \u00e0 nos c\u00f4t\u00e9s, <a href=\"https:\/\/blogs.mediapart.fr\/marche19mars\/blog\/191216\/le-19-mars-une-marche-pour-la-justice-et-la-dignite\">dimanche 19\u00a0mars \u00e0 partir de 14\u00a0heures.<\/a>\u00a0Le d\u00e9part est fix\u00e9 \u00e0 la place de Nation, \u00e0 Paris. La Marche pour la justice et la dignit\u00e9 est organis\u00e9e par des familles victimes de violences polici\u00e8res. Nous avons l\u00e0 l\u2019occasion de faire la d\u00e9monstration de notre force et de notre unit\u00e9.\u00a0En amont, nous serons ce samedi \u00e0 partir de 13h30\u00a0\u00e0 la Bourse du travail de Saint-Denis pour organiser la mobilisation contre les violences polici\u00e8res comm\u00e9moration de la mort d\u2019Amadou Koum\u00e9. Il est temps de faire comprendre \u00e0 tous les pr\u00e9tendants \u00e0 l\u2019\u00e9lection supr\u00eame que si nous ne comptons pas sur eux, ils ne pourront pas faire sans nous \u2013\u00a0et sans nos exigences.<\/p>\n<p class=\"note\">Pour signer la p\u00e9tition en ligne : <a href=\"https:\/\/www.change.org\/p\/une-urgence-dire-nonaupermisdetuer\">Une urgence : dire #NonAuPermisDeTuer!<\/a><\/p>\n<p><span class=\"authors\"> <span class=\"author\"> <a href=\"http:\/\/www.liberation.fr\/auteur\/17455-amal-bentounsi\">Amal Bentounsi Collectif Urgence notre police assassine, initiatrice de l&rsquo;appel de la marche pour la justice et la dignit\u00e9<\/a> <\/span> <\/span><\/div>\n","protected":false},"excerpt":{"rendered":"<p>Violences polici\u00e8res : dire non au permis de tuer\u00a0! Par Amal Bentounsi, Collectif Urgence notre police assassine, initiatrice de l&rsquo;appel de la marche pour la justice et la dignit\u00e9 \u2014 3 mars 2017 Rassemblement contre les violences polici\u00e8res et pour r\u00e9clamer justice pour Th\u00e9o, \u00e0 Paris le 18 f\u00e9vrier. Photo Cyril Zannettacci pour Lib\u00e9ration La &#8230; <a title=\"Une urgence : dire #NonAuPermisDeTuer!\" class=\"read-more\" href=\"https:\/\/bruxelles-pantheres.be\/?p=3180\" aria-label=\"En savoir plus sur Une urgence : dire #NonAuPermisDeTuer!\">Lire la suite<\/a><\/p>\n","protected":false},"author":1,"featured_media":2870,"comment_status":"open","ping_status":"open","sticky":false,"template":"","format":"standard","meta":{"footnotes":""},"categories":[28,5],"tags":[208,54],"class_list":["post-3180","post","type-post","status-publish","format-standard","has-post-thumbnail","hentry","category-racismes","category-violence-policiere","tag-amal-bentounsi","tag-police"],"_links":{"self":[{"href":"https:\/\/bruxelles-pantheres.be\/index.php?rest_route=\/wp\/v2\/posts\/3180","targetHints":{"allow":["GET"]}}],"collection":[{"href":"https:\/\/bruxelles-pantheres.be\/index.php?rest_route=\/wp\/v2\/posts"}],"about":[{"href":"https:\/\/bruxelles-pantheres.be\/index.php?rest_route=\/wp\/v2\/types\/post"}],"author":[{"embeddable":true,"href":"https:\/\/bruxelles-pantheres.be\/index.php?rest_route=\/wp\/v2\/users\/1"}],"replies":[{"embeddable":true,"href":"https:\/\/bruxelles-pantheres.be\/index.php?rest_route=%2Fwp%2Fv2%2Fcomments&post=3180"}],"version-history":[{"count":1,"href":"https:\/\/bruxelles-pantheres.be\/index.php?rest_route=\/wp\/v2\/posts\/3180\/revisions"}],"predecessor-version":[{"id":3182,"href":"https:\/\/bruxelles-pantheres.be\/index.php?rest_route=\/wp\/v2\/posts\/3180\/revisions\/3182"}],"wp:featuredmedia":[{"embeddable":true,"href":"https:\/\/bruxelles-pantheres.be\/index.php?rest_route=\/wp\/v2\/media\/2870"}],"wp:attachment":[{"href":"https:\/\/bruxelles-pantheres.be\/index.php?rest_route=%2Fwp%2Fv2%2Fmedia&parent=3180"}],"wp:term":[{"taxonomy":"category","embeddable":true,"href":"https:\/\/bruxelles-pantheres.be\/index.php?rest_route=%2Fwp%2Fv2%2Fcategories&post=3180"},{"taxonomy":"post_tag","embeddable":true,"href":"https:\/\/bruxelles-pantheres.be\/index.php?rest_route=%2Fwp%2Fv2%2Ftags&post=3180"}],"curies":[{"name":"wp","href":"https:\/\/api.w.org\/{rel}","templated":true}]}}