{"id":3186,"date":"2017-03-06T22:22:01","date_gmt":"2017-03-06T21:22:01","guid":{"rendered":"https:\/\/bruxelles-pantheres.be\/?p=3186"},"modified":"2017-03-06T22:33:49","modified_gmt":"2017-03-06T21:33:49","slug":"appel-a-la-solidarite-contre-la-repression","status":"publish","type":"post","link":"https:\/\/bruxelles-pantheres.be\/?p=3186","title":{"rendered":"Appel \u00e0 la solidarit\u00e9 contre la r\u00e9pression !"},"content":{"rendered":"<figure id=\"attachment_90\" aria-describedby=\"caption-attachment-90\" style=\"width: 710px\" class=\"wp-caption alignnone\"><a href=\"https:\/\/bruxelles-pantheres.be\/wp-content\/uploads\/2013\/11\/546140_10200475056953373_89179117_n.jpg\"><img decoding=\"async\" class=\"wp-image-90 size-full\" src=\"https:\/\/bruxelles-pantheres.be\/wp-content\/uploads\/2013\/11\/546140_10200475056953373_89179117_n.jpg\" alt=\"\" width=\"720\" height=\"480\" srcset=\"https:\/\/bruxelles-pantheres.be\/wp-content\/uploads\/2013\/11\/546140_10200475056953373_89179117_n.jpg 720w, https:\/\/bruxelles-pantheres.be\/wp-content\/uploads\/2013\/11\/546140_10200475056953373_89179117_n-300x200.jpg 300w\" sizes=\"(max-width: 720px) 100vw, 720px\" \/><\/a><figcaption id=\"caption-attachment-90\" class=\"wp-caption-text\">Nordine Sa\u00efdi &amp; Sa\u00efdou<\/figcaption><\/figure>\n<h4 class=\"post-title entry-title\">Caroline Fourest contre Nordine Sa\u00efdi : Appel \u00e0 la solidarit\u00e9 contre la r\u00e9pression !<\/h4>\n<div>Il y a 4 ans Caroline Fourest portait plainte contre Nordine Sa\u00efdi qui \u00e9tait \u00e0 l\u2019\u00e9poque porte parole du parti \u00ab \u00e9galit\u00e9 \u00bb.<\/div>\n<div>En cause, une vid\u00e9o qui met en \u00e9vidence les analogies entre le discours de Fourest et celui du terroriste islamophobe norv\u00e9gien Anders Behring Breivik. Vid\u00e9o dont le militant n\u2019est pas l\u2019auteur et partag\u00e9e par de tr\u00e8s nombreuses personnes .<\/div>\n<div class=\"m_-4098453595423979772gmail-text_exposed_show\">\n<div><\/div>\n<div>Le simple partage d\u2019un post Facebook donc, mais Nordine de par ses prises de position et actions politique est visiblement dans la ligne de mire de l\u2019essayiste. 4 ans d\u2019invisibilit\u00e9 m\u00e9diatique, de frais de justices et de comparutions plus tard la Justice statue par un non-lieu.<\/div>\n<div><\/div>\n<div>La partie qui porte plainte n\u2019entend pas en rester l\u00e0, et fait malheureusement appel par la voix de l\u2019avocat essayiste mari de ministre d\u00e9put\u00e9e dans l\u2019opposition, Marc Uyttendaele.<\/div>\n<div><\/div>\n<div>Il est important de poursuivre l\u2019action dans le temps et avec la Justice c\u2019est parfois tr\u00e8s long et tr\u00e8s cher. La r\u00e9pression sera toujours plus forte si la solidarit\u00e9 reste divis\u00e9e.<br \/>\nLa solidarit\u00e9 est un moteur essentiel de la lutte et chaque contribution, aussi petite soit-elle, aidera \u00e0 la faire exister.<\/div>\n<div><b>\u00a0<\/b><\/div>\n<div><b>Pour participer concr\u00e8tement :<\/b><\/div>\n<div><\/div>\n<p>Bruxelles Panth\u00e8res lance un appel \u00e0 la solidarit\u00e9 pour la d\u00e9fense de Nordine Sa\u00efdi, pour couvrir les frais de ce proc\u00e8s politique, vous pouvez faire parvenir vos dons sur le compte :<br \/>\nBic BPOTBEB1 (BE50) \u2013 0003 \u2013 8318 \u2013 0918.<\/p>\n<div><\/div>\n<div>En vous remerciant d\u2019avance pour le partage de ce communiqu\u00e9,<br \/>\nSalutations solidaires et militantes.<\/div>\n<\/div>\n","protected":false},"excerpt":{"rendered":"<p>Caroline Fourest contre Nordine Sa\u00efdi : Appel \u00e0 la solidarit\u00e9 contre la r\u00e9pression ! Il y a 4 ans Caroline Fourest portait plainte contre Nordine Sa\u00efdi qui \u00e9tait \u00e0 l\u2019\u00e9poque porte parole du parti \u00ab \u00e9galit\u00e9 \u00bb. En cause, une vid\u00e9o qui met en \u00e9vidence les analogies entre le discours de Fourest et celui du &#8230; <a title=\"Appel \u00e0 la solidarit\u00e9 contre la r\u00e9pression !\" class=\"read-more\" href=\"https:\/\/bruxelles-pantheres.be\/?p=3186\" aria-label=\"En savoir plus sur Appel \u00e0 la solidarit\u00e9 contre la r\u00e9pression !\">Lire la suite<\/a><\/p>\n","protected":false},"author":1,"featured_media":247,"comment_status":"open","ping_status":"open","sticky":false,"template":"","format":"standard","meta":{"footnotes":""},"categories":[18],"tags":[31,14,13],"class_list":["post-3186","post","type-post","status-publish","format-standard","has-post-thumbnail","hentry","category-resistance-bruxelles","tag-belgique","tag-bruxelles","tag-nordine-saidi"],"_links":{"self":[{"href":"https:\/\/bruxelles-pantheres.be\/index.php?rest_route=\/wp\/v2\/posts\/3186","targetHints":{"allow":["GET"]}}],"collection":[{"href":"https:\/\/bruxelles-pantheres.be\/index.php?rest_route=\/wp\/v2\/posts"}],"about":[{"href":"https:\/\/bruxelles-pantheres.be\/index.php?rest_route=\/wp\/v2\/types\/post"}],"author":[{"embeddable":true,"href":"https:\/\/bruxelles-pantheres.be\/index.php?rest_route=\/wp\/v2\/users\/1"}],"replies":[{"embeddable":true,"href":"https:\/\/bruxelles-pantheres.be\/index.php?rest_route=%2Fwp%2Fv2%2Fcomments&post=3186"}],"version-history":[{"count":1,"href":"https:\/\/bruxelles-pantheres.be\/index.php?rest_route=\/wp\/v2\/posts\/3186\/revisions"}],"predecessor-version":[{"id":3187,"href":"https:\/\/bruxelles-pantheres.be\/index.php?rest_route=\/wp\/v2\/posts\/3186\/revisions\/3187"}],"wp:featuredmedia":[{"embeddable":true,"href":"https:\/\/bruxelles-pantheres.be\/index.php?rest_route=\/wp\/v2\/media\/247"}],"wp:attachment":[{"href":"https:\/\/bruxelles-pantheres.be\/index.php?rest_route=%2Fwp%2Fv2%2Fmedia&parent=3186"}],"wp:term":[{"taxonomy":"category","embeddable":true,"href":"https:\/\/bruxelles-pantheres.be\/index.php?rest_route=%2Fwp%2Fv2%2Fcategories&post=3186"},{"taxonomy":"post_tag","embeddable":true,"href":"https:\/\/bruxelles-pantheres.be\/index.php?rest_route=%2Fwp%2Fv2%2Ftags&post=3186"}],"curies":[{"name":"wp","href":"https:\/\/api.w.org\/{rel}","templated":true}]}}