{"id":3188,"date":"2017-03-09T17:04:20","date_gmt":"2017-03-09T16:04:20","guid":{"rendered":"https:\/\/bruxelles-pantheres.be\/?p=3188"},"modified":"2017-03-09T17:07:02","modified_gmt":"2017-03-09T16:07:02","slug":"3188","status":"publish","type":"post","link":"https:\/\/bruxelles-pantheres.be\/?p=3188","title":{"rendered":"Jamais, je n&rsquo;ob\u00e9irai aux lois sc\u00e9l\u00e9rates."},"content":{"rendered":"<header>\n<div class=\"row\">\n<div class=\"columnist-picture\">\n<h5 style=\"text-align: center;\"><a href=\"https:\/\/bruxelles-pantheres.be\/wp-content\/uploads\/2013\/11\/15359.jpg\"><img decoding=\"async\" class=\"alignnone size-full wp-image-272\" src=\"https:\/\/bruxelles-pantheres.be\/wp-content\/uploads\/2013\/11\/15359.jpg\" alt=\"\" width=\"480\" height=\"360\" srcset=\"https:\/\/bruxelles-pantheres.be\/wp-content\/uploads\/2013\/11\/15359.jpg 480w, https:\/\/bruxelles-pantheres.be\/wp-content\/uploads\/2013\/11\/15359-300x225.jpg 300w\" sizes=\"(max-width: 480px) 100vw, 480px\" \/><\/a><\/h5>\n<h5>Avocats \u00e0 l&rsquo;amende :<\/h5>\n<h5>le goudron et les plumes pour Th\u00e9o Francken et le gouvernement Michel<\/h5>\n<\/div>\n<div class=\"span8 columnist-header\">\n<div class=\"columnist-picture\"><img decoding=\"async\" class=\"\" src=\"http:\/\/www.levif.be\/assets\/538\/avatar_275727.jpg\" alt=\"Jean-Marie Dermagne\" \/><\/div>\n<div class=\"columnist-title\">\n<dl>\n<dt><a href=\"http:\/\/www.levif.be\/actualite\/auteurs\/jean-marie-dermagne-1727.html?show=opinions\">Jean-Marie Dermagne<\/a><\/dt>\n<dd>avocat, ancien b\u00e2tonnier, porte-parole du syndicat des avocats pour la d\u00e9mocratie.<\/dd>\n<\/dl>\n<\/div>\n<\/div>\n<\/div>\n<div class=\"row\">\n<div class=\"span8 meta\">\n<div class=\"row\">\n<div class=\"span8 date\">\n<p class=\"date\">09\/03\/17<\/p>\n<\/div>\n<\/div>\n<\/div>\n<\/div>\n<blockquote>\n<p class=\"lead\">Jamais, je n&rsquo;ob\u00e9irai aux lois sc\u00e9l\u00e9rates.<\/p>\n<p class=\"lead\">Jamais, je ne respecterai les autorit\u00e9s qui pi\u00e9tinent les droits des plus faibles.<\/p>\n<\/blockquote>\n<\/header>\n<aside class=\"toolbar top clearfix\">\u00a0<\/aside>\n<div class=\"row\">\n<div class=\"article-body span8\">\n<p>Pour devenir avocat, le juriste doit, en Belgique, jurer de ne d\u00e9fendre que des causes qu&rsquo;il croira juste \u00ab\u00a0en son \u00e2me et conscience\u00a0\u00bb mais, d&rsquo;abord, promettre respect aux autorit\u00e9s publiques et aux tribunaux, ob\u00e9issance aux lois et, par surcro\u00eet, fid\u00e9lit\u00e9 au roi. Avec d&rsquo;autres, j&rsquo;ai toujours trouv\u00e9 ce serment, du reste vite oubli\u00e9, non seulement ringard et m\u00eame moyen\u00e2geux, mais en contradiction avec l&rsquo;affirmation, (reprise dans la m\u00eame loi que celle qui en contient la formule) que \u00ab\u00a0les avocats exercent <em>librement<\/em> leur minist\u00e8re pour la d\u00e9fense de la justice et de la v\u00e9rit\u00e9\u00a0\u00bb. N&rsquo;\u00e9tant pas allemand, j&rsquo;ai \u00e9chapp\u00e9 \u00e0 l&rsquo;obligation de mes confr\u00e8res d&rsquo;outre-Rhin de jurer de ne pas porter atteinte \u00e0 l&rsquo;ordre constitutionnel \u00ab\u00a0<em>devant dieu tout puissant et omniscient<\/em>\u00ab\u00a0, ce qui n&rsquo;a toutefois, pour un m\u00e9cr\u00e9ant, pas plus de poids que l&rsquo;invocation d&rsquo;un plat de spaghetti. Gr\u00e2ce \u00e0 Robert Badinter, premier garde des Sceaux de Fran\u00e7ois Mitterrand, mes confr\u00e8res fran\u00e7ais \u00e9chappent, eux, \u00e0 toute promesse de soumission, puisqu&rsquo;ils se bornent \u00e0 jurer d&rsquo;exercer leurs fonctions \u00ab\u00a0<em>avec dignit\u00e9, conscience, ind\u00e9pendance, probit\u00e9 et humanit\u00e9<\/em>\u00ab\u00a0<em>. <\/em><\/p>\n<p>L&rsquo;humanit\u00e9, parlons-en. Dans les pays riches, les temps sont \u00e0 la chasse aux \u00e9trangers qui y cherchent refuge ou asile et il est m\u00eame question, en Belgique, de mettre \u00e0 l&rsquo;amende les avocats qui les soutiennent par des recours pr\u00e9tendument abusifs. Le porteur de cette id\u00e9e glauque, avalis\u00e9e, para\u00eet-il par tout le gouvernement actuel, est le secr\u00e9taire d&rsquo;\u00e9tat Th\u00e9o Francken, en charge des questions d&rsquo;asile et d&rsquo;immigration, qui, du coup, se fait encenser par tout ce que le pays compte de racistes et de x\u00e9nophobes. Assez facilement, l&rsquo;opinion peut, de surcro\u00eet, partager cette id\u00e9e simple que contourner la loi pour gagner du temps et abuser de celui, si pr\u00e9cieux, des juges, est condamnable. Ceux qui la dispense ou la partage, cette id\u00e9e, et qui sont, du coup, prompts \u00e0 bl\u00e2mer les avocats proc\u00e9duriers, oublient que, de l&rsquo;homme la rue jusqu&rsquo;au sommet de l&rsquo;Etat, quiconque est menac\u00e9 par une mesure douloureuse est pr\u00eat \u00e0 payer des fortunes \u00e0 son avocat pour qu&rsquo;il trouve des astuces ou des entourloupes qui le mettent \u00e0 l&rsquo;abri ou simplement diff\u00e8rent la chute du couperet. Assez curieusement, lorsque ce sont des anonymes et, a fortiori, des \u00e9trangers, qui encourent les foudres de la loi, l&rsquo;application m\u00e9canique de celle-ci rel\u00e8ve, pour la plupart, de l&rsquo;\u00e9vidence.<\/p>\n<p>L&rsquo;humanit\u00e9, \u00e0 laquelle mes confr\u00e8res fran\u00e7ais jurent d&rsquo;avoir \u00e9gard, ne peut avoir, par essence, ni barri\u00e8re l\u00e9gale, ni fronti\u00e8re physique et, o\u00f9 qu&rsquo;il soit, aucun avocat digne de ce titre n&rsquo;h\u00e9sitera jamais, m\u00eame par crainte d&rsquo;une amende, \u00e0 contester, par tous les recours possibles, une d\u00e9cision administrative, m\u00eame l\u00e9gale, si elle heurte des droits universels et imprescriptibles comme celui de ne pas \u00eatre expos\u00e9 \u00e0 la mort, \u00e0 la torture ou \u00e0 des traitements inhumains et d\u00e9gradants.<\/p>\n<p>Je le proclame, \u00e0 l&rsquo;intention du gouvernement belge et du parlement de ce pays, s&rsquo;il adopte le projet sc\u00e9l\u00e9rat de mettre les avocats \u00e0 l&rsquo;amende : quelle soit la sanction encourue, jamais je ne me r\u00e9soudrai \u00e0 renoncer \u00e0 un recours, m\u00eame si je crains qu&rsquo;il soit vou\u00e9 \u00e0 l&rsquo;\u00e9chec, s&rsquo;il permet de diff\u00e9rer un danger ou un sort que je voudrais \u00e9viter \u00e0 mes propres enfants D&rsquo;autant que le temps gagn\u00e9 apporte parfois, avec un changement de politique, le salut.<\/p>\n<p>Un avocat se doit d&rsquo;\u00eatre amoureux de la justice, mais aussi m\u00e9fiant envers les lois. Car aucun \u00eatre humain n&rsquo;est ill\u00e9gal. Car l&rsquo;esclavage, le colonialisme, la d\u00e9nonciation des juifs et des Tsiganes, l&rsquo;holocauste et l&rsquo;apartheid \u00e9taient l\u00e9gaux. La l\u00e9galit\u00e9 est une question de pouvoir. Il y a des abus de proc\u00e9dure qui sauvent des vies. Les avocats continueront \u00e0 abuser des recours tant qu&rsquo;il y aura des lois ou des d\u00e9cisions meurtri\u00e8res et des ministres, des fonctionnaires, voire des juges, suffisamment \u00e9loign\u00e9s de l&rsquo;humanit\u00e9 que pour les appliquer \u00e0 l&rsquo;aveugle.<\/p>\n<\/div>\n<\/div>\n","protected":false},"excerpt":{"rendered":"<p>Avocats \u00e0 l&rsquo;amende : le goudron et les plumes pour Th\u00e9o Francken et le gouvernement Michel Jean-Marie Dermagne avocat, ancien b\u00e2tonnier, porte-parole du syndicat des avocats pour la d\u00e9mocratie. 09\/03\/17 Jamais, je n&rsquo;ob\u00e9irai aux lois sc\u00e9l\u00e9rates. Jamais, je ne respecterai les autorit\u00e9s qui pi\u00e9tinent les droits des plus faibles. \u00a0 Pour devenir avocat, le juriste &#8230; <a title=\"Jamais, je n&rsquo;ob\u00e9irai aux lois sc\u00e9l\u00e9rates.\" class=\"read-more\" href=\"https:\/\/bruxelles-pantheres.be\/?p=3188\" aria-label=\"En savoir plus sur Jamais, je n&rsquo;ob\u00e9irai aux lois sc\u00e9l\u00e9rates.\">Lire la suite<\/a><\/p>\n","protected":false},"author":1,"featured_media":2718,"comment_status":"open","ping_status":"open","sticky":false,"template":"","format":"standard","meta":{"footnotes":""},"categories":[36,18,28],"tags":[31,23,59,15],"class_list":["post-3188","post","type-post","status-publish","format-standard","has-post-thumbnail","hentry","category-europe","category-resistance-bruxelles","category-racismes","tag-belgique","tag-discrimination","tag-jean-marie-dermagne","tag-resistance"],"_links":{"self":[{"href":"https:\/\/bruxelles-pantheres.be\/index.php?rest_route=\/wp\/v2\/posts\/3188","targetHints":{"allow":["GET"]}}],"collection":[{"href":"https:\/\/bruxelles-pantheres.be\/index.php?rest_route=\/wp\/v2\/posts"}],"about":[{"href":"https:\/\/bruxelles-pantheres.be\/index.php?rest_route=\/wp\/v2\/types\/post"}],"author":[{"embeddable":true,"href":"https:\/\/bruxelles-pantheres.be\/index.php?rest_route=\/wp\/v2\/users\/1"}],"replies":[{"embeddable":true,"href":"https:\/\/bruxelles-pantheres.be\/index.php?rest_route=%2Fwp%2Fv2%2Fcomments&post=3188"}],"version-history":[{"count":2,"href":"https:\/\/bruxelles-pantheres.be\/index.php?rest_route=\/wp\/v2\/posts\/3188\/revisions"}],"predecessor-version":[{"id":3190,"href":"https:\/\/bruxelles-pantheres.be\/index.php?rest_route=\/wp\/v2\/posts\/3188\/revisions\/3190"}],"wp:featuredmedia":[{"embeddable":true,"href":"https:\/\/bruxelles-pantheres.be\/index.php?rest_route=\/wp\/v2\/media\/2718"}],"wp:attachment":[{"href":"https:\/\/bruxelles-pantheres.be\/index.php?rest_route=%2Fwp%2Fv2%2Fmedia&parent=3188"}],"wp:term":[{"taxonomy":"category","embeddable":true,"href":"https:\/\/bruxelles-pantheres.be\/index.php?rest_route=%2Fwp%2Fv2%2Fcategories&post=3188"},{"taxonomy":"post_tag","embeddable":true,"href":"https:\/\/bruxelles-pantheres.be\/index.php?rest_route=%2Fwp%2Fv2%2Ftags&post=3188"}],"curies":[{"name":"wp","href":"https:\/\/api.w.org\/{rel}","templated":true}]}}