{"id":3192,"date":"2017-03-12T20:15:09","date_gmt":"2017-03-12T19:15:09","guid":{"rendered":"https:\/\/bruxelles-pantheres.be\/?p=3192"},"modified":"2017-03-12T20:15:09","modified_gmt":"2017-03-12T19:15:09","slug":"racisme-policier-racisme-police","status":"publish","type":"post","link":"https:\/\/bruxelles-pantheres.be\/?p=3192","title":{"rendered":"Racisme policier, racisme polic\u00e9"},"content":{"rendered":"<h5 style=\"text-align: left;\"><span id=\"fbPhotoSnowliftCaption\" class=\"fbPhotosPhotoCaption\" tabindex=\"0\" data-ft=\"{&quot;tn&quot;:&quot;K&quot;}\"><span class=\"hasCaption\">\u00c0 l\u2019occasion de la journ\u00e9e internationale contre les violences polici\u00e8res, Bruxelles Panth\u00e8res signe l&rsquo;appel pour d\u00e9noncer la r\u00e9pression polici\u00e8re et le racisme d\u2019\u00c9tat lors d\u2019une manifestation qui aura lieu \u00e0 Bruxelles ce 15 mars 2017 !<\/p>\n<p><a class=\"_58cn\" href=\"https:\/\/www.facebook.com\/hashtag\/15mars\" data-ft=\"{&quot;tn&quot;:&quot;*N&quot;,&quot;type&quot;:104}\">#15MARS<\/a> <a class=\"_58cn\" href=\"https:\/\/www.facebook.com\/hashtag\/stoprepression\" data-ft=\"{&quot;tn&quot;:&quot;*N&quot;,&quot;type&quot;:104}\">#STOPREPRESSION<\/a><\/span><\/span><\/h5>\n<h3 style=\"text-align: center;\"><a href=\"https:\/\/bruxelles-pantheres.be\/wp-content\/uploads\/2017\/03\/16649376_1189303187831722_832618022421858463_n.jpg\"><img decoding=\"async\" class=\"alignnone size-full wp-image-3194\" src=\"https:\/\/bruxelles-pantheres.be\/wp-content\/uploads\/2017\/03\/16649376_1189303187831722_832618022421858463_n.jpg\" alt=\"\" width=\"678\" height=\"960\" \/><\/a><\/h3>\n<h3 style=\"text-align: center;\">Racisme policier, racisme polic\u00e9<\/h3>\n<p>En Belgique, nous manifesterons le 15 mars contre la r\u00e9pression d\u2019\u00e9tat, en France le 19 mars pour la justice et la dignit\u00e9.<br \/>\nIci et l\u00e0, le m\u00eame d\u00e9sir de d\u00e9noncer les violences polici\u00e8res. Le cas de Th\u00e9o, en France, a fait \u00e9clater une nouvelle fois au grand jour la virulence de la violence polici\u00e8re et son caract\u00e8re intrins\u00e8quement raciste. Si cette violence perdure, ce n\u2019est pas faute d\u2019avoir \u00e9t\u00e9 d\u00e9nonc\u00e9e \u00e0 de multiples reprises. Si la violence raciste au sein des forces polici\u00e8res se perp\u00e9tue au fil des ans, c\u2019est qu\u2019elle est soutenue, voire encourag\u00e9e par le racisme \u00ab\u00a0polic\u00e9\u00a0\u00bb, civilis\u00e9, bien \u00e9duqu\u00e9, des \u00e9lites politiques et intellectuelles de la soci\u00e9t\u00e9.<\/p>\n<p><strong>Le refus d\u2019entendre la jeunesse populaire des quartiers<\/strong><br \/>\nOn ne peut plus parler d\u2019incapacit\u00e9 \u00e0 entendre les messages de la jeunesse des quartiers mais bien de refus syst\u00e9matique, quel que soit d\u2019ailleurs leur contenu.<br \/>\nIl faut rappeler une nouvelle fois, que tant en France qu\u2019en Belgique, la premi\u00e8re fois qu\u2019on a parl\u00e9 \u00ab\u00a0d\u2019\u00e9meutes\u00a0\u00bb de la jeunesse, c\u2019\u00e9tait en 1991\u00a0: celle du Val Fourr\u00e9 \u00e0 Mantes-la-Jolie en juin 1991 et celle de Forest (Bruxelles), en mai 1991. Le facteur d\u00e9clenchant \u00e0 Mantes est le d\u00e9c\u00e8s de Youssef Kha\u00eff, 23 ans, mortellement bless\u00e9 par un policier d&rsquo;une balle dans la nuque. \u00c0 Forest, c\u2019est un \u00e9ni\u00e8me contr\u00f4le policier au faci\u00e8s qui met le feu aux poudres. Toutes les \u00e9meutes, et leurs compl\u00e9ments, les marches silencieuses, dans les banlieues fran\u00e7aises sont immanquablement chaque fois une r\u00e9action aux comportements de la police. Et pourtant, au lieu de provoquer, de la part des politiques, le souci de mettre fin au racisme et aux comportements arbitraires et violents d\u2019une bonne partie de l\u2019appareil policier, la r\u00e9ponse est syst\u00e9matiquement l\u2019augmentation de la r\u00e9pression et du contr\u00f4le des quartiers populaires. J\u2019ai analys\u00e9 la dynamique r\u00e9pressive belge \u00e0 l\u2019occasion du vingt-cinqui\u00e8me anniversaire de l\u2019\u00e9meute de Forest, en mai 2016<a href=\"https:\/\/www.blogger.com\/editor\/static_files\/blank_quirks.html#_ftn1\" name=\"_ftnref1\">[1]<\/a>. Au lieu de provoquer, de la part de la justice, un traitement \u00e9quitable des victimes et le souci de poursuivre et de condamner les policiers auteurs des faits de violence et de propos racistes, la justice pratique la \u00ab\u00a0<em>pr\u00e9somption d\u2019innocence des policiers mais la pr\u00e9somption de culpabilit\u00e9 des personnes tu\u00e9es<\/em>\u00a0\u00bb<a href=\"https:\/\/www.blogger.com\/editor\/static_files\/blank_quirks.html#_ftn2\" name=\"_ftnref2\">[2]<\/a>. Cette impunit\u00e9 quasi syst\u00e9matique, malgr\u00e9 les mobilisations de longue dur\u00e9e men\u00e9e par des familles de victimes et des militants, ancre la conviction dans les quartiers que c\u2019est tout l\u2019appareil d\u2019\u00e9tat, forces polici\u00e8res et judiciaires confondues, qui est impr\u00e9gn\u00e9 par le racisme.<br \/>\n<strong>Charles de droite, Charles de gauche, quelle diff\u00e9rence\u00a0? <\/strong><\/p>\n<p>Que les dates des premi\u00e8res \u00e9meutes, 1991, co\u00efncident, en Belgique et en France, n\u2019est pas le produit du hasard. Comme le souligne le sociologue et militant anti-s\u00e9curitaire, Mathieu Rigouste, \u00ab\u00a0<em>l\u2019occupation polici\u00e8re des quartiers populaires connut un nouvel essor dans le courant des ann\u00e9es 1990. Avec Charles Pasqua \u00e0 l\u2019Int\u00e9rieur, la \u00ab\u00a0chasse aux islamistes\u00a0\u00bb des cit\u00e9s permit de justifier le d\u00e9veloppement intensif d\u2019unit\u00e9s de police de s\u00e9gr\u00e9gation et de harc\u00e8lement pour soumettre les classes populaires, l\u2019immigration ouvri\u00e8re et les mouvement sociaux<\/em>\u00a0\u00bb<a href=\"https:\/\/www.blogger.com\/editor\/static_files\/blank_quirks.html#_ftn3\" name=\"_ftnref3\">[3]<\/a>. L\u2019appel \u00e0 la \u00ab\u00a0 chasse aux islamistes\u00a0\u00bb fait \u00e9cho aux propos d\u2019un autre Charles, Charles Picqu\u00e9, ministre-pr\u00e9sident socialiste de la R\u00e9gion bruxelloise, qui, \u00e0 la m\u00eame \u00e9poque, souhaitait l\u2019interdiction des radios libres arabes, sous le pr\u00e9texte qu\u2019elles \u00ab\u00a0<em>mobilisent les masses arabo-musulmanes<\/em>\u00a0\u00bb \u00e0 l\u2019occasion de la premi\u00e8re guerre du Golfe. Cette guerre que le sp\u00e9cialiste des questions strat\u00e9giques, Alain Joxe, a appel\u00e9e\u00a0 \u00ab\u00a0<em>l\u2019acte de naissance des \u00ab\u00a0guerres sans fin<\/em>\u00a0\u00bb<a href=\"https:\/\/www.blogger.com\/editor\/static_files\/blank_quirks.html#_ftn4\" name=\"_ftnref4\">[4]<\/a>.<br \/>\n<strong>1990-1991\u00a0: le d\u00e9but des guerres sans fin<\/strong><\/p>\n<p>L\u2019entr\u00e9e dans les ann\u00e9es 90 signifie en effet le d\u00e9but d\u2019une nouvelle \u00e8re internationale. Apr\u00e8s la disparition du bloc socialiste, entam\u00e9e en 1989 et rapidement parachev\u00e9e, il n\u2019y a plus de justification cr\u00e9dible au maintien de l\u2019OTAN, de la course aux armements et de la guerre dite froide.<br \/>\nIl ne faudra pas attendre longtemps pour se trouver un nouvel ennemi. D\u00e8s ao\u00fbt 1990, suite \u00e0 l\u2019invasion du Koweit, l\u2019ONU, sous impulsion am\u00e9ricaine, d\u00e9cr\u00e8te un embargo total contre l\u2019Irak, pr\u00e9lude \u00e0 la premi\u00e8re guerre du Golfe et des guerres \u00ab\u00a0sans fin\u00a0\u00bb contre les pays arabo-musulmans. L\u2019embargo, quant \u00e0 lui, prendra fin apr\u00e8s 19 ans, non sans avoir tu\u00e9 des centaines de milliers d\u2019enfants\u00a0: \u00ab\u00a0<em>sur l&rsquo;ensemble de la d\u00e9cennie 90, 350 000 enfants irakiens de moins de cinq ans sont morts, d&rsquo;abord \u00e0 cause des sanctions, mais aussi \u00e0 cause des destructions li\u00e9es aux bombardements<\/em>\u00a0\u00bb<a href=\"https:\/\/www.blogger.com\/editor\/static_files\/blank_quirks.html#_ftn5\" name=\"_ftnref5\">[5]<\/a>.<br \/>\nLa fin des ann\u00e9es 80 et le d\u00e9but des ann\u00e9es 90 est aussi marqu\u00e9e, au plan international, par la premi\u00e8re intifada palestinienne. Et vingt-cinq ans plus tard, Isra\u00ebl m\u00e8ne toujours ses guerres sans fin contre le peuple palestinien, avec le blocus contre Gaza et ses bombardements en 2008-2009 et 2014, l\u2019expansion de plus en plus agressive de l\u2019occupation par les colonies, et la r\u00e9pression toujours aussi f\u00e9roce de toute force de r\u00e9sistance palestinienne.<\/p>\n<p>Cette situation de \u00ab\u00a0guerres sans fin\u00a0\u00bb qui frappent les peuples arabo-musulmans depuis un quart de si\u00e8cle, a profond\u00e9ment marqu\u00e9 les soci\u00e9t\u00e9s occidentales. Nos gouvernements ont suivi et approuv\u00e9 les USA et Isra\u00ebl dans leurs politiques guerri\u00e8res et cr\u00e9\u00e9 ainsi, de facto, une l\u00e9gitimation de la guerre interne \u00e0 nos soci\u00e9t\u00e9s. Qui n\u2019est pas avec nous est contre nous, disait le p\u00e8re Bush. Et la jeunesse des quartiers, celle qui n\u2019a pas 25 ans aujourd\u2019hui, n\u2019a rien connu d\u2019autre que ce monde en guerre, o\u00f9 l\u2019Arabe et\/ou le musulman, font figure potentielle de cinqui\u00e8me colonne.<br \/>\n<strong>Toujours plus de murs pour prot\u00e9ger la richesse<\/strong><br \/>\nSi on ne prend pas en consid\u00e9ration le lien puissant entre la situation internationale et celle que connaissent les quartiers populaires des grandes villes m\u00e9tiss\u00e9es en Occident, il est impossible de comprendre les causes profondes des explosions de la jeunesse dans ces quartiers. La guerre est le produit et l\u2019accompagnement indispensable de la lib\u00e9ralisation \u00e9conomique et financi\u00e8re qui plonge les peuples dans la pauvret\u00e9, le ch\u00f4mage, la faim.<\/p>\n<p>L\u2019effondrement du Mur de Berlin n\u2019a pas mis fin aux murs, il a inaugur\u00e9 la construction de toujours plus de murs, de barbel\u00e9s, de grillages et transform\u00e9 la M\u00e9diterran\u00e9e en tombe pour des milliers d\u2019Africains fuyant la mis\u00e8re et la guerre. Et le racisme \u00ab\u00a0polic\u00e9\u00a0\u00bb, celui qui justifie, sous diff\u00e9rents pr\u00e9textes, la mise \u00e0 mort des peuples \u00ab\u00a0d\u2019ailleurs\u00a0\u00bb, est la nourriture politique du racisme policier. Rappelons que, dans ce monde en guerre, un pr\u00e9sident de la R\u00e9publique des Lumi\u00e8res peut se vanter dans ses m\u00e9moires, d\u2019avoir ordonn\u00e9 des assassinats cibl\u00e9s, sans aucune consultation d\u00e9mocratique<a href=\"https:\/\/www.blogger.com\/editor\/static_files\/blank_quirks.html#_ftn6\" name=\"_ftnref6\">[6]<\/a>. N\u2019est-ce pas, venu d\u2019en haut, le \u00ab\u00a0permis de tuer\u00a0\u00bb que pratique la justice fran\u00e7aise face aux meurtres commis par des policiers ? Et quand, lors d\u2019un d\u00e9bat avec les candidats \u00e0 la primaire de la gauche, le journaliste leur demande ce qu\u2019ils en pensent, ils se d\u00e9clarent TOUS d\u2019accord avec le pr\u00e9sident, lui reprochant seulement de ne pas en avoir gard\u00e9 le secret\u2026<br \/>\n<strong>L\u2019\u00e9tat d\u2019urgence, une histoire coloniale<\/strong><\/p>\n<p>Dans cette situation, il n\u2019est pas \u00e9tonnant que l\u2019\u00e9tat d\u2019urgence ait \u00e9t\u00e9 d\u00e9cr\u00e9t\u00e9 en France lors des \u00e9meutes de novembre 2005. L\u2019\u00e9tat d\u2019urgence a \u00e9t\u00e9 cr\u00e9\u00e9 en France par une loi du 3 avril 1955, en pleine \u00ab\u00a0guerre d\u2019Alg\u00e9rie\u00a0\u00bb, c\u2019est-\u00e0-dire la lutte du peuple alg\u00e9rien pour sa lib\u00e9ration nationale. Cette loi, coupl\u00e9e aux pouvoirs sp\u00e9ciaux, a \u00e9t\u00e9 appliqu\u00e9e \u00e0 plusieurs reprises pendant la guerre de lib\u00e9ration sur le sol alg\u00e9rien, permettant, notamment, de construire de nombreux camps d\u2019internement. Elle a aussi \u00e9t\u00e9 appliqu\u00e9e sur le sol fran\u00e7ais, \u00e0 la m\u00eame \u00e9poque, autorisant l\u2019\u00e9tablissement de \u00ab\u00a0centres ferm\u00e9s\u00a0\u00bb, et visant naturellement les militants nationalistes alg\u00e9riens.<br \/>\nL\u2019\u00e9tat d\u2019urgence n\u2019a jamais \u00e9t\u00e9 d\u00e9cr\u00e9t\u00e9 en France que dans un contexte colonial li\u00e9 \u00e0 la lutte de lib\u00e9ration alg\u00e9rienne et dans \u00ab\u00a0ses\u00a0\u00bb territoires d\u2019Outre-Mer.<br \/>\nMai 68, avec ses centaines de voitures br\u00fbl\u00e9es ou transform\u00e9es en barricade, ses arbres d\u00e9racin\u00e9s, ses pav\u00e9s arrach\u00e9s et lanc\u00e9s sur les forces de l\u2019ordre, sa gr\u00e8ve g\u00e9n\u00e9rale, ses occupations d\u2019usines et d\u2019universit\u00e9s et ses manifestations se poursuivant tard dans la nuit par des affrontements extr\u00eamement violents avec les CRS, n\u2019a jamais d\u00e9bouch\u00e9 sur l\u2019\u00e9tat d\u2019urgence, tout au long de ces deux mois de \u00ab\u00a0gu\u00e9rilla urbaine\u00a0\u00bb, selon les termes m\u00eames des renseignements g\u00e9n\u00e9raux<a href=\"https:\/\/www.blogger.com\/editor\/static_files\/blank_quirks.html#_ftn7\" name=\"_ftnref7\">[7]<\/a>.<\/p>\n<p>Comment justifier alors que l\u2019\u00e9tat d\u2019urgence a \u00e9t\u00e9 d\u00e9clar\u00e9 par le pr\u00e9sident Chirac le 8 novembre 2005 sur l\u2019ensemble du territoire fran\u00e7ais, quelques jours \u00e0 peine apr\u00e8s le d\u00e9but des \u00e9meutes et leur extension \u00e0 plusieurs villes fran\u00e7aises\u00a0? Comment l\u2019expliquer autrement que par les caract\u00e9ristiques propres \u00e0 la majorit\u00e9 des \u00e9meutiers, des jeunes, comme en Mai 68, mais des jeunes \u00ab\u00a0des banlieues\u00a0\u00bb, tr\u00e8s majoritairement issus de l\u2019immigration coloniale et postcoloniale\u00a0?<br \/>\nEn r\u00e9alit\u00e9, Chirac n\u2019aura r\u00e9sist\u00e9 que quatre jours \u00e0 l\u2019appel de Marine Le Pen, alors d\u00e9put\u00e9e europ\u00e9enne, conseill\u00e8re r\u00e9gionale d&rsquo;\u00cele-de-France et vice-pr\u00e9sidente du Front national, qui avait demand\u00e9 au gouvernement fran\u00e7ais de \u00ab <em>d\u00e9cr\u00e9ter imm\u00e9diatement l&rsquo;\u00e9tat d&rsquo;urgence<\/em> \u00bb. Marine Le Pen utilisa comme argument que Mitterrand pr\u00e9sident et Fabius premier-ministre l\u2019avait bien fait pour la Nouvelle-Cal\u00e9donie en 1985\u00a0! Comme quoi les territoires d\u2019Outre-Mer de la France ne servent pas qu\u2019\u00e0 faire des exp\u00e9riences nucl\u00e9aires\u2026<\/p>\n<p><strong>La solitude des r\u00e9volt\u00e9s<\/strong><\/p>\n<p>Une nouvelle fois, le message \u00e0 l\u2019\u00e9gard des forces de police, le message civilis\u00e9 de l\u2019\u00e9tat, est tr\u00e8s clair\u00a0: ces jeunes ne sont pas des citoyens comme les autres, une voiture br\u00fbl\u00e9e \u00e0 Paris un jour de mai 1968 et une voiture br\u00fbl\u00e9e \u00e0 Clichy-Sous-Bois un jour de novembre 2005, ce n\u2019est pas la m\u00eame chose. Rappelons aussi au passage qu\u2019en mai 68, le mouvement des \u00e9tudiants a \u00e9t\u00e9 rapidement rejoint par des syndicats ouvriers, alors que la solitude des \u00e9meutiers de 2005 est rest\u00e9e totale, tant du c\u00f4t\u00e9 des forces politiques \u00ab\u00a0de gauche\u00a0\u00bb que des grands syndicats. Ces m\u00eames forces de gauche et syndicats qui ont imm\u00e9diatement soutenu la r\u00e9volte de la jeunesse grecque, quand celle-ci est descendue dans la rue, avec pas mal de violence, trois ans plus tard contre les politiques d\u2019aust\u00e9rit\u00e9<a href=\"https:\/\/www.blogger.com\/editor\/static_files\/blank_quirks.html#_ftn8\" name=\"_ftnref8\">[8]<\/a>.<\/p>\n<p>La condamnation des \u00e9meutiers est unanime, tant \u00e0 la droite qu\u2019\u00e0 la gauche de l\u2019arc-en-ciel politique, y compris aux extr\u00eames. Pas une voix ne s\u2019\u00e9l\u00e8ve pour demander MOINS de police dans les quartiers populaires, alors que toutes les analyses d\u00e9montrent que c\u2019est pr\u00e9cis\u00e9ment la pr\u00e9sence polici\u00e8re renforc\u00e9e depuis les premi\u00e8res \u00e9meutes de 1991 et la politique des zones de s\u00e9curit\u00e9 prioritaires qui nourrissent le sentiment des habitants des banlieues d\u2019\u00eatre tenus comma parias dans la soci\u00e9t\u00e9. Ce sont d\u2019ailleurs les Renseignements g\u00e9n\u00e9raux eux-m\u00eames qui \u00e9tabliront ce diagnostic\u00a0en \u00e9voquant \u00ab\u00a0<em>une forme d\u2019insurrection urbaine non organis\u00e9e, une r\u00e9volte populaire des cit\u00e9s, sans leaders et sans proposition de programme, anim\u00e9e par des jeunes habit\u00e9s d\u2019un fort sentiment identitaire ne reposant pas uniquement sur leur origine ethnique ou g\u00e9ographique mais sur leur condition sociale d\u2019exclus de la soci\u00e9t\u00e9 fran\u00e7aise<\/em>\u00a0\u00bb<a href=\"https:\/\/www.blogger.com\/editor\/static_files\/blank_quirks.html#_ftn9\" name=\"_ftnref9\">[9]<\/a>.<br \/>\n<strong>La seule r\u00e9ponse\u00a0: plus de r\u00e9pression encore\u00a0!<\/strong><\/p>\n<p>Cet isolement des \u00e9meutiers par les forces politiques de gauche et les organisations syndicales laissent naturellement la voie libre au d\u00e9cha\u00eenement de la d\u00e9magogie populiste et aux mesures de r\u00e9pression.<br \/>\nSarkozy ment sans vergogne en affirmant que plus de trois quarts des \u00e9meutiers arr\u00eat\u00e9s sont des d\u00e9linquants connus de la police\u00a0; d\u2019autres t\u00e9nors politiques de droite affirment que l\u2019extension des \u00e9meutes est due \u00e0 des groupes d\u2019agitateurs et de provocateurs\u00a0; appara\u00eet ensuite l\u2019in\u00e9vitable th\u00e9orie de la responsabilit\u00e9 des parents, sans parler de celle affirmant que la polygamie serait une des causes des violences urbaines<a href=\"https:\/\/www.blogger.com\/editor\/static_files\/blank_quirks.html#_ftn10\" name=\"_ftnref10\">[10]<\/a>\u2026<br \/>\nCette d\u00e9magogie doit permettre de faire passer des mesures qui frappent directement les populations immigr\u00e9es et qui sont r\u00e9clam\u00e9es \u00e0 grands cris par la droite et l\u2019extr\u00eame-droite\u00a0: expulsion des \u00e9trangers condamn\u00e9s dans le cadre des violences urbaines, limitation du regroupement familial, suppression des allocations familiales, destitution des \u00e9meutiers fran\u00e7ais de leur nationalit\u00e9\u2026<\/p>\n<p><strong>Moins de police, plus de d\u00e9mocratie\u00a0!<\/strong><\/p>\n<p>Le fait que les \u00e9meutes \u00e9clatent toujours en r\u00e9action \u00e0 des comportements policiers, directement (apr\u00e8s un meurtre ou une intervention polici\u00e8re particuli\u00e8rement choquante, comme r\u00e9cemment contre Th\u00e9o), comme facteur d\u00e9clenchant, mais avec une d\u00e9nonciation tr\u00e8s g\u00e9n\u00e9ralis\u00e9e par les jeunes du contexte permanent d\u2019humiliations et de racisme policiers, est en soi un message politique \u00e0 qui veut bien l\u2019entendre. Le fait de s\u2019en prendre aux \u00e9coles est un autre message politique de la part de jeunes qui ne vivent pas l\u2019\u00e9cole comme un lieu d\u2019enseignement, d\u2019\u00e9ducation et de pr\u00e9paration \u00e0 une vie professionnelle r\u00e9ussie, mais trop souvent comme un autre lieu d\u2019exclusion et d\u2019humiliation. Et le fait m\u00eame de s\u2019en prendre \u00e0 son propre quartier ne peut-il pas lui aussi \u00eatre entendu comme une d\u00e9nonciation de ces \u00ab\u00a0quartiers pourris\u00a0\u00bb, lieux de rel\u00e9gation et d\u2019abandon\u00a0?<br \/>\nJe ne peux m\u2019emp\u00eacher de faire le lien avec les nombreuses initiatives actuelles de \u00ab\u00a0d\u00e9radicalisation\u00a0\u00bb o\u00f9 il est \u00e0 la mode de \u00ab\u00a0donner la parole aux jeunes\u00a0\u00bb mais o\u00f9 pratiquement jamais rien de ce qu\u2019ils disent n\u2019est ni entendu ni retenu. R\u00e9cemment, une \u00e9mission de la t\u00e9l\u00e9vision publique francophone belge, \u00ab\u00a0donnait la parole\u00a0\u00bb \u00e0 des jeunes de Molenbeek. L\u2019une des jeunes interrog\u00e9es disait notamment qu\u2019elle ne comprenait pas pourquoi il fallait organiser des hommages aux victimes des attentats de \u00ab\u00a0chez nous\u00a0\u00bb, mais qu\u2019on n\u2019en faisait pas autant pour les victimes des guerres \u00ab\u00a0ailleurs\u00a0\u00bb. Le m\u00eame jour, la bourgmestre de Molenbeek inaugurait la mise en place d\u2019une sculpture, sur la place communale, \u00ab\u00a0<em>en hommage aux victimes des attentats survenus \u00e0 Paris et \u00e0 Bruxelles les 13 novembre et 22 mars derniers<\/em>\u00a0\u00bb<a href=\"https:\/\/www.blogger.com\/editor\/static_files\/blank_quirks.html#_ftn11\" name=\"_ftnref11\">[11]<\/a>. Juste histoire de montrer aux habitants de Molenbeek, que la d\u00e9mocratie, c\u2019est seulement\u00a0: \u00ab\u00a0Cause toujours\u2026\u00a0\u00bb Une triste ironie veut qu\u2019en plus la sculpture avait initialement \u00e9t\u00e9 con\u00e7ue pour rendre hommage aux cinquante ans de l\u2019immigration marocaine en Belgique\u2026<\/p>\n<p>&nbsp;<\/p>\n<p><a href=\"https:\/\/www.blogger.com\/editor\/static_files\/blank_quirks.html#_ftnref1\" name=\"_ftn1\">[1]<\/a> <a href=\"http:\/\/nadinerosarosso.blogspot.be\/2016\/05\/25-ans-apres-la-revolte-des-jeunes.html\">http:\/\/nadinerosarosso.blogspot.be\/2016\/05\/25-ans-apres-la-revolte-des-jeunes.html<\/a><\/p>\n<p>&nbsp;<\/p>\n<p><a href=\"https:\/\/www.blogger.com\/editor\/static_files\/blank_quirks.html#_ftnref2\" name=\"_ftn2\">[2]<\/a> Collectif Angles morts, dans Permis de Tuer, chronique de l\u2019impunit\u00e9 polici\u00e8re, \u00c9ditions Syllepse, 2014, Paris, page10<\/p>\n<p><a href=\"https:\/\/www.blogger.com\/editor\/static_files\/blank_quirks.html#_ftnref3\" name=\"_ftn3\">[3]<\/a> Mathieu Rigouste, dans Permis de Tuer, chronique de l\u2019impunit\u00e9 polici\u00e8re, \u00c9ditions Syllepse, 2014, Paris, page 181<\/p>\n<p><a href=\"https:\/\/www.blogger.com\/editor\/static_files\/blank_quirks.html#_ftnref4\" name=\"_ftn4\">[4]<\/a> Alain Joxe, Les guerres de l\u2019empire global, Sp\u00e9culations financi\u00e8res, guerres robotiques, r\u00e9sistance d\u00e9mocratique, \u00c9ditions La D\u00e9couverte, Paris, 2012, page<\/p>\n<p><a href=\"https:\/\/www.blogger.com\/editor\/static_files\/blank_quirks.html#_ftnref5\" name=\"_ftn5\">[5]<\/a> <a href=\"http:\/\/www.huffingtonpost.fr\/didier-chaudet\/embargo-iran_b_6853548.html\">http:\/\/www.huffingtonpost.fr\/didier-chaudet\/embargo-iran_b_6853548.html<\/a><\/p>\n<p>&nbsp;<\/p>\n<p><a href=\"https:\/\/www.blogger.com\/editor\/static_files\/blank_quirks.html#_ftnref6\" name=\"_ftn6\">[6]<\/a> \u00ab\u00a0<em>Interrog\u00e9 sur les \u00abop\u00e9rations Homo\u00bb (homicides, dans le vocabulaire militaire, NDLR) le 9 octobre 2015, Fran\u00e7ois Hollande avoue aux deux journalistes: \u00abJ&rsquo;en ai d\u00e9cid\u00e9 quatre au moins, mais d&rsquo;autres pr\u00e9sidents en ont d\u00e9cid\u00e9 davantage<\/em>\u00bb\u00a0\u00bb, http:\/\/www.lefigaro.fr\/politique\/le-scan\/couacs\/2016\/10\/19\/25005-20161019ARTFIG00130-assassinats-cibles-de-terroristes-hollande-critique-jusqu-au-sein-du-gouvernement.php<\/p>\n<p><a href=\"https:\/\/www.blogger.com\/editor\/static_files\/blank_quirks.html#_ftnref7\" name=\"_ftn7\">[7]<\/a> <a href=\"http:\/\/www.lexpress.fr\/informations\/mai-68-les-archives-secretes-de-la-police_628297.html\">http:\/\/www.lexpress.fr\/informations\/mai-68-les-archives-secretes-de-la-police_628297.html<\/a><\/p>\n<p>&nbsp;<\/p>\n<p><a href=\"https:\/\/www.blogger.com\/editor\/static_files\/blank_quirks.html#_ftnref8\" name=\"_ftn8\">[8]<\/a> Voir\u00a0: <a href=\"http:\/\/nadinerosarosso.blogspot.be\/2008\/12\/revoltes-des-jeunes-grecs-et-des-jeunes.html\">http:\/\/nadinerosarosso.blogspot.be\/2008\/12\/revoltes-des-jeunes-grecs-et-des-jeunes.html<\/a><\/p>\n<p>&nbsp;<\/p>\n<p><a href=\"https:\/\/www.blogger.com\/editor\/static_files\/blank_quirks.html#_ftnref9\" name=\"_ftn9\">[9]<\/a> Rapport de RG cit\u00e9 par Laurent Mucchielli dans Laurent Mucchielli et V\u00e9ronique Le Goaziou, Quand les banlieues br\u00fblent, Retour sur les \u00e9meutes de novembre 2005, \u00e9dition revue et augment\u00e9e, La d\u00e9couverte, Paris, 2007, page 20<\/p>\n<p><a href=\"https:\/\/www.blogger.com\/editor\/static_files\/blank_quirks.html#_ftnref10\" name=\"_ftn10\">[10]<\/a> Idem, pages 50 \u00e0 55<\/p>\n<p><a href=\"https:\/\/www.blogger.com\/editor\/static_files\/blank_quirks.html#_ftnref11\" name=\"_ftn11\">[11]<\/a><\/p>\n<p>Publi\u00e9 par <a href=\"https:\/\/plus.google.com\/103350341598559458967\" data-gapiscan=\"true\" data-onload=\"true\" data-gapiattached=\"true\"> Nadine Rosa-Rosso <\/a><\/p>\n<p style=\"text-align: center;\"><a href=\"https:\/\/bruxelles-pantheres.be\/wp-content\/uploads\/2017\/03\/16649238_1865916533691586_7342573728906341945_n.jpg\"><img decoding=\"async\" class=\"alignnone size-full wp-image-3193\" src=\"https:\/\/bruxelles-pantheres.be\/wp-content\/uploads\/2017\/03\/16649238_1865916533691586_7342573728906341945_n.jpg\" alt=\"\" width=\"480\" height=\"480\" srcset=\"https:\/\/bruxelles-pantheres.be\/wp-content\/uploads\/2017\/03\/16649238_1865916533691586_7342573728906341945_n.jpg 480w, https:\/\/bruxelles-pantheres.be\/wp-content\/uploads\/2017\/03\/16649238_1865916533691586_7342573728906341945_n-300x300.jpg 300w, https:\/\/bruxelles-pantheres.be\/wp-content\/uploads\/2017\/03\/16649238_1865916533691586_7342573728906341945_n-150x150.jpg 150w\" sizes=\"(max-width: 480px) 100vw, 480px\" \/><\/a><\/p>\n<div class=\"_39k2\">\n<div class=\"_4lmk _5s6c\"><strong>Tous unis contre la r\u00e9pression<\/strong><\/div>\n<div class=\"_2yud clearfix\">\n<div class=\"lfloat\"><\/div>\n<\/div>\n<\/div>\n<div class=\"_39k5 _5s6c\">\n<div class=\"_2cuy _3dgx _2vxa\"><span class=\"_4yxp\">Un appel de la Coordination des sans-papiers et de la Campagne Stop R\u00e9pression des JOC<\/span><\/div>\n<div class=\"_2cuy _3dgx _2vxa\"><span class=\"_4yxo\">\u00c0 l\u2019occasion de la journ\u00e9e internationale contre les violences polici\u00e8res, la Coordination des sans-papiers et la campagne Stop R\u00e9pression s\u2019associent pour d\u00e9noncer la r\u00e9pression polici\u00e8re et le racisme d\u2019\u00c9tat lors d\u2019une manifestation qui aura lieu \u00e0 Bruxelles ce 15 mars 2017 ( Gare du Nord &#8211; 17H00 )<\/span><\/div>\n<div class=\"_2cuy _3dgx _2vxa\"><a href=\"http:\/\/www.stop-repression.be\/\" target=\"_blank\" rel=\"nofollow\"><span class=\"_4yxo\">Signer l\u2019appel<\/span><\/a><\/div>\n<div class=\"_2cuy _3dgx _2vxa\">Contr\u00f4les au faci\u00e8s, injures racistes, coups, passage \u00e0 tabac\u2026 Toutes ces violences, loin de ne repr\u00e9senter que quelques bavures isol\u00e9es, nous montrent que la violence polici\u00e8re est un ph\u00e9nom\u00e8ne r\u00e9el et syst\u00e9mique, pass\u00e9 sous silence et restant trop souvent impuni.<\/div>\n<div class=\"_2cuy _3dgx _2vxa\">Ces derniers mois, suite aux attentats de Bruxelles et de Paris, le gouvernement belge a d\u00e9cid\u00e9 dans la pr\u00e9cipitation, de la mise en place de toute une s\u00e9rie de mesures s\u00e9curitaires et de lois liberticides et racistes qui transgressent les fondements de la d\u00e9mocratie. Dans ce contexte post attentat, les exactions commises par la police prennent de plus en plus d\u2019ampleur. L\u2019instrumentalisation de la peur permet aux pouvoirs publics de mettre en place des politiques s\u00e9curitaires qui nous plongent dans une surveillance de masse et bafouent nos droits fondamentaux. Nous sommes face \u00e0 un v\u00e9ritable Patriot Act europ\u00e9en, qui, loin de r\u00e9duire les violences, ne fait qu\u2019exacerber les divisions parmi la population et le sentiment d\u2019injustice.<\/div>\n<div class=\"_2cuy _3dgx _2vxa\">Le d\u00e9ploiement de l\u2019arm\u00e9e dans nos rues, le \u00ab plan canal \u00bb qui renforce les effectifs policiers et la surveillance g\u00e9n\u00e9ralis\u00e9e (augmentation du nombre de cam\u00e9ras dans les rues et fichages des personnes suspect\u00e9es de radicalisation), dans les zones consid\u00e9r\u00e9es comme \u00ab sensibles \u00bb, nous donnent le sentiment que l\u2019Etat m\u00e8ne une guerre contre sa propre population.<\/div>\n<div class=\"_2cuy _3dgx _2vxa\">L\u2019\u00e9vacuation du collectif la Voix des Sans Papiers, le 19 septembre \u00e0 Molenbeek, qui s\u2019est d\u00e9roul\u00e9e avec des dispositifs policiers sans pr\u00e9c\u00e9dent (h\u00e9licopt\u00e8res et armes lourdes) pour d\u00e9loger quatorze personnes d\u00e9sarm\u00e9es est symptomatique de la mani\u00e8re dont ces mesures sont utilis\u00e9es par le gouvernement pour criminaliser les sans-papiers, en les faisant passer pour des terroristes potentiels. Nous pouvons aussi constater une intensification des rafles op\u00e9r\u00e9es dans les quartiers populaires et dans des zones d\u2019exploitation des travailleurs sans-papiers notamment \u00e0 Matong\u00e9 et Saint Josse. Avec cette instrumentalisation de la notion de terrorisme, qui nous dit que demain un syndicaliste ne pourra pas \u00eatre \u00e9galement condamn\u00e9 pour incitation au terrorisme parce qu\u2019il s\u2019oppose aux r\u00e9formes injustes du gouvernement ?<\/div>\n<div class=\"_2cuy _3dgx _2vxa\">Ces r\u00e9centes mesures s\u00e9curitaires renforcent le contr\u00f4le, les abus policiers et la criminalisation envers les migrants et les sans-papiers, ainsi que d\u2019autres cat\u00e9gories de personnes d\u00e9sign\u00e9es comme \u00ab dangereuses \u00bb : jeunes de quartiers, musulman. e. s, racis\u00e9. e. s,\u2026 \u00adCette politique r\u00e9pressive, largement v\u00e9hicul\u00e9e \u00e0 travers les m\u00e9dias, est men\u00e9e contre ceux que l\u2019on d\u00e9signe comme \u00ab l\u2019ennemi int\u00e9rieur \u00bb. Elle est utilis\u00e9e par les dirigeants pour masquer leur incapacit\u00e9 \u00e0 r\u00e9pondre aux vraies causes de l\u2019ins\u00e9curit\u00e9 : l\u2019augmentation des in\u00e9galit\u00e9s par la mise en place de mesures d\u2019aust\u00e9rit\u00e9 qui pr\u00e9carisent l\u2019ensemble de la population.<\/div>\n<div class=\"_2cuy _3dgx _2vxa\">Les politiques s\u00e9curitaires et liberticides des gouvernements mettent en danger les droits et les libert\u00e9s de toutes et tous. Ne nous laissons pas aveugler et diviser par la peur. Unissons-nous pour stopper ces mesures autoritaires qui ne r\u00e9solvent rien et ne font qu\u2019alimenter l\u2019exclusion et la violence engendr\u00e9e par notre soci\u00e9t\u00e9.<\/div>\n<div class=\"_2cuy _3dgx _2vxa\">Lors de la manifestation du 15 mars, nous r\u00e9clamerons :<\/div>\n<div class=\"_2cuy _3dgx _2vxa\">\u2013 Fin de la criminalisation des sans-papier, r\u00e9gularisation pour tous \u2013 Retrait des mesures racistes et liberticides \u2013 Retour des militaires dans les casernes<\/div>\n<div class=\"_2cuy _3dgx _2vxa\"><\/div>\n<div class=\"_2cuy _3dgx _2vxa\"><a href=\"https:\/\/www.facebook.com\/events\/1167002530020605\/\"><span class=\"_4yxo\">Rejoindre l\u2019\u00e9v\u00e9nement Facebook<\/span><\/a><\/div>\n<\/div>\n","protected":false},"excerpt":{"rendered":"<p>\u00c0 l\u2019occasion de la journ\u00e9e internationale contre les violences polici\u00e8res, Bruxelles Panth\u00e8res signe l&rsquo;appel pour d\u00e9noncer la r\u00e9pression polici\u00e8re et le racisme d\u2019\u00c9tat lors d\u2019une manifestation qui aura lieu \u00e0 Bruxelles ce 15 mars 2017 ! #15MARS #STOPREPRESSION Racisme policier, racisme polic\u00e9 En Belgique, nous manifesterons le 15 mars contre la r\u00e9pression d\u2019\u00e9tat, en France &#8230; <a title=\"Racisme policier, racisme polic\u00e9\" class=\"read-more\" href=\"https:\/\/bruxelles-pantheres.be\/?p=3192\" aria-label=\"En savoir plus sur Racisme policier, racisme polic\u00e9\">Lire la suite<\/a><\/p>\n","protected":false},"author":1,"featured_media":3193,"comment_status":"open","ping_status":"open","sticky":false,"template":"","format":"standard","meta":{"footnotes":""},"categories":[18,28,39,5],"tags":[31,14,167,54,15],"class_list":["post-3192","post","type-post","status-publish","format-standard","has-post-thumbnail","hentry","category-resistance-bruxelles","category-racismes","category-sans-papier","category-violence-policiere","tag-belgique","tag-bruxelles","tag-nadine-rosa-rosso","tag-police","tag-resistance"],"_links":{"self":[{"href":"https:\/\/bruxelles-pantheres.be\/index.php?rest_route=\/wp\/v2\/posts\/3192","targetHints":{"allow":["GET"]}}],"collection":[{"href":"https:\/\/bruxelles-pantheres.be\/index.php?rest_route=\/wp\/v2\/posts"}],"about":[{"href":"https:\/\/bruxelles-pantheres.be\/index.php?rest_route=\/wp\/v2\/types\/post"}],"author":[{"embeddable":true,"href":"https:\/\/bruxelles-pantheres.be\/index.php?rest_route=\/wp\/v2\/users\/1"}],"replies":[{"embeddable":true,"href":"https:\/\/bruxelles-pantheres.be\/index.php?rest_route=%2Fwp%2Fv2%2Fcomments&post=3192"}],"version-history":[{"count":1,"href":"https:\/\/bruxelles-pantheres.be\/index.php?rest_route=\/wp\/v2\/posts\/3192\/revisions"}],"predecessor-version":[{"id":3195,"href":"https:\/\/bruxelles-pantheres.be\/index.php?rest_route=\/wp\/v2\/posts\/3192\/revisions\/3195"}],"wp:featuredmedia":[{"embeddable":true,"href":"https:\/\/bruxelles-pantheres.be\/index.php?rest_route=\/wp\/v2\/media\/3193"}],"wp:attachment":[{"href":"https:\/\/bruxelles-pantheres.be\/index.php?rest_route=%2Fwp%2Fv2%2Fmedia&parent=3192"}],"wp:term":[{"taxonomy":"category","embeddable":true,"href":"https:\/\/bruxelles-pantheres.be\/index.php?rest_route=%2Fwp%2Fv2%2Fcategories&post=3192"},{"taxonomy":"post_tag","embeddable":true,"href":"https:\/\/bruxelles-pantheres.be\/index.php?rest_route=%2Fwp%2Fv2%2Ftags&post=3192"}],"curies":[{"name":"wp","href":"https:\/\/api.w.org\/{rel}","templated":true}]}}