{"id":3207,"date":"2017-03-22T13:40:00","date_gmt":"2017-03-22T12:40:00","guid":{"rendered":"https:\/\/bruxelles-pantheres.be\/?p=3207"},"modified":"2017-03-22T13:40:00","modified_gmt":"2017-03-22T12:40:00","slug":"bruxelles-larmes-de-crocodile-pour-les-victimes","status":"publish","type":"post","link":"https:\/\/bruxelles-pantheres.be\/?p=3207","title":{"rendered":"Bruxelles : larmes de crocodile pour les victimes"},"content":{"rendered":"<h4 class=\"article-titre print-only\">Bruxelles\u00a0: larmes de crocodile pour les victimes<\/h4>\n<h5 class=\"article-titre print-only\"><strong>Par Nadine ROSA-ROSSO<\/strong><\/h5>\n<div class=\"article-corps\">\n<div class=\"article-logo print-only\"><img decoding=\"async\" class=\"spip_logos\" title=\"Bruxelles : larmes de crocodile pour les victimes\" src=\"https:\/\/www.legrandsoir.info\/local\/cache-vignettes\/L350xH192\/arton31654-bdd4d.jpg\" alt=\"\" width=\"350\" height=\"192\" align=\"left\" \/><\/div>\n<div id=\"font-variable\" class=\"article-texte print-only\">\n<div>\n<p>&nbsp;<\/p>\n<p>&nbsp;<\/p>\n<p>&nbsp;<\/p>\n<p>&nbsp;<\/p>\n<p>&nbsp;<\/p>\n<p>En ces jours de comm\u00e9moration, certaines larmes pour les victimes ne peuvent que susciter la col\u00e8re. Pr\u00e8s d\u2019un an apr\u00e8s les attentats de Bruxelles, les victimes en \u00e9taient toujours r\u00e9duites \u00e0 mener leur combat pour recevoir le soutien financier, administratif et moral qu\u2019elles sont en droit d\u2019attendre. Un vrai parcours de combattants pour les ayant-droit, confront\u00e9s \u00e0 des formulaires sans fin et des tracasseries administratives inimaginables. \u00c0 l\u2019approche de l\u2019anniversaire du 22 mars, le gouvernement et les compagnies d\u2019assurance se sont brusquement activ\u00e9s pour prendre en compte leurs revendications. Le repr\u00e9sentant d\u2019Assuralia, l\u2019union professionnelle des entreprises d\u2019assurance de Belgique, a cependant jug\u00e9 n\u00e9cessaire d\u2019ajouter que \u00ab\u00a0<i>C\u2019est bon pour une fois<\/i>\u00a0\u00bb, comme s\u2019adressant \u00e0 des enfants qui auraient fait des b\u00eatises. Il faut reconna\u00eetre que les b\u00e9n\u00e9fices du secteur des assurances en Belgique a recul\u00e9 les derni\u00e8res ann\u00e9es. Ainsi pour 2015, \u00ab\u00a0<i>le b\u00e9n\u00e9fice net cumul\u00e9 du secteur a d\u00e8s lors recul\u00e9, \u00e0 1,172 milliard d\u2019euros contre 1,324 milliard en 2014<\/i>\u00a0\u00bb [1]. Les indemnisations auront co\u00fbt\u00e9 en tout quelque 322 millions d\u2019euros [2], dont le secteur des assurances n\u2019a assum\u00e9 qu\u2019une partie, soit 136 millions [3]. On comprend d\u00e8s lors que les b\u00e9n\u00e9fices 2016 du secteur sont vraiment mis en danger et qu\u2019il a bien raison de ne s\u2019engager en rien pour l\u2019avenir\u2026<\/p>\n<p><strong>Op\u00e9ration s\u00e9duction de l\u2019arm\u00e9e, boum du secteur de la s\u00e9curit\u00e9 priv\u00e9e<\/strong><\/p>\n<p>Cela fait aussi pr\u00e8s de deux ans que les militaires sont dans les rues. Leur pr\u00e9sence n\u2019a pas emp\u00each\u00e9 la perp\u00e9tration des attentats du 22 mars, par contre, elle \u00ab\u00a0<i> a am\u00e9lior\u00e9 l\u2019image de la D\u00e9fense aupr\u00e8s du grand public<\/i>, si on en croit <i>le colonel Bart Laurent lors d\u2019une conf\u00e9rence de presse, sur base d\u2019une \u00e9tude ind\u00e9pendante<\/i>\u00a0\u00bb [4]. Voil\u00e0 une belle op\u00e9ration de pub pour quelques dizaines de millions d\u2019euros suppl\u00e9mentaires \u00e0 charge du contribuable. Autrement dit, nous payons pour nous habituer \u00e0 \u00eatre en situation de guerre.<\/p>\n<p>\u00c0 la pr\u00e9sence permanente des militaires dans nos rues, il faut ajouter le boum spectaculaire du secteur de la s\u00e9curit\u00e9 priv\u00e9e\u00a0: \u00ab\u00a0<i>G4S Belgium, leader du gardiennage priv\u00e9 en Belgique, a engag\u00e9 1.610 collaborateurs en 2016. Son chiffre d\u2019affaires a progress\u00e9 de 10%. Une progression \u00ab\u00a0presqu\u2019enti\u00e8rement due \u00e0 la menace terroriste<\/i>\u00a0\u00bb\u00a0\u00bb [5]. Il ne s\u2019agit en effet pas seulement de nous habituer \u00e0 la vue des soldats \u00e0 chaque coin de rue, mais aussi \u00e0 la fouille syst\u00e9matique de nos sacs par des travailleurs du priv\u00e9, \u00e0 l\u2019entr\u00e9e du centre commercial, de la biblioth\u00e8que, ou de la salle de concert\u2026 La privatisation de la guerre et du maintien de l\u2019ordre est un ph\u00e9nom\u00e8ne mondial que nos gouvernements adoptent passivement sans une once de r\u00e9flexion. En France, le secteur de la s\u00e9curit\u00e9 priv\u00e9e \u00ab\u00a0<i>pourrait d\u00e9passer en nombre le cumul des emplois de policiers et de gendarmes, soit plus de 250.000 personnes, presque autant que le secteur de l\u2019automobile<\/i>\u00a0\u00bb [6]. Et pour boucler la boucle, rajoutons que des soci\u00e9t\u00e9s priv\u00e9es (de d\u00e9tectives cette fois) sont engag\u00e9es pour surveiller&#8230; les victimes des attentats\u00a0! Une pratique tout ce qui a de plus courant, selon les assureurs.<\/p>\n<p>Pas plus que les guerres tous azimuts d\u00e9clench\u00e9es apr\u00e8s les attentats du 11 septembre 2001 n\u2019ont permis d\u2019\u00e9radiquer le terrorisme, le d\u00e9ploiement de la s\u00e9curit\u00e9 d\u2019\u00c9tat et priv\u00e9e n\u2019emp\u00eachera des attentats ici. C\u2019est m\u00eame le contraire qui se produit. La g\u00e9n\u00e9ralisation de la guerre et de la r\u00e9pression comme syst\u00e8me de gouvernance mondiale constitue la forme supr\u00eame de terrorisme\u00a0: le terrorisme des \u00c9tats, des producteurs d\u2019armements, des vendeurs de techniques ultramodernes de contr\u00f4le et de destruction, des sp\u00e9culateurs sur le bl\u00e9 et autres produits de premi\u00e8re n\u00e9cessit\u00e9, des soci\u00e9t\u00e9s de mercenaires priv\u00e9s en tous genres\u2026 Comme le r\u00e9sume parfaitement Richard Lab\u00e9vi\u00e8re, journaliste fran\u00e7ais et officier de la r\u00e9serve op\u00e9rationnelle\u00a0: \u00ab\u00a0<i>Si Daech n\u2019existait pas, il aurait fallu l\u2019inventer<\/i>\u00a0\u00bb [7].<\/p>\n<p>Si les comm\u00e9morations des attentats du 22 mars \u00e0 Bruxelles \u00e9taient l\u2019occasion de mener une r\u00e9flexion profonde sur l\u2019\u00e9tat du monde et d\u2019en tirer les conclusions qui s\u2019imposent, un v\u00e9ritable hommage serait rendu \u00e0 ces victimes\u00a0; leurs souffrances et celles de leurs proches serviraient \u00e0 accouche de quelque chose de v\u00e9ritablement humain. \u00c0 voir le tour que prennent toutes les d\u00e9clarations, des politiques comme des pr\u00e9tendus experts, on en est loin. Nous sommes toujours sur le sentier de la guerre, la guerre \u00e9conomico-financi\u00e8re et la guerre tout court, qui s\u2019entrem\u00ealent de plus en plus fondamentalement, de larmes de crocodile en larmes de crocodile.<\/p>\n<p><strong>Nadine Rosa-Rosso<\/strong><\/p>\n<\/div>\n<\/div>\n<div class=\"article-lien print-only\"><span class=\"article-suite\">\u00bb\u00bb<\/span>\u00a0<a href=\"http:\/\/nadinerosarosso.blogspot.fr\/2017\/03\/larmes-de-crocodile-pour-les-victimes.html\" target=\"_blank\">http:\/\/nadinerosarosso.blogspot.fr\/2017\/03\/larmes-de-crocodile-pour-le&#8230;<\/a><\/div>\n<div class=\"article-ps print-only\">\n<p>[1] <a class=\"spip_out\" href=\"https:\/\/www.rtbf.be\/info\/economie\/detail_le-chiffre-d-affaires-du-secteur-des-assurances-au-plus-bas-depuis-2003?id=9441684\" rel=\"external\">https:\/\/www.rtbf.be\/info\/economie\/detail_le-chiffre-d-affaires-du-sect&#8230;<\/a><\/p>\n<p>[2] <a class=\"spip_out\" href=\"http:\/\/www.dhnet.be\/actu\/belgique\/les-attentats-de-bruxelles-ont-coute-322-millions-d-indemnisations-et-de-dommages-58104d93cd70fdfb1a57e821\" rel=\"external\">http:\/\/www.dhnet.be\/actu\/belgique\/les-attentats-de-bruxelles-ont-coute&#8230;<\/a><\/p>\n<p>[3] <a class=\"spip_out\" href=\"http:\/\/www.lecho.be\/dossier\/attaquesparis\/136-millions-d-euros-pour-les-victimes-des-attentats-de-Bruxelles\/9870212?ckc=1&amp;ts=1489924135\" rel=\"external\">http:\/\/www.lecho.be\/dossier\/attaquesparis\/136-millions-d-euros-pour-le&#8230;<\/a><\/p>\n<p>[4] <a class=\"spip_out\" href=\"http:\/\/www.7sur7.be\/7s7\/fr\/1502\/Belgique\/article\/detail\/3056841\/2017\/01\/17\/Les-militaires-en-rue-ont-ameliore-l-image-de-la-Defense.dhtml\" rel=\"external\">http:\/\/www.7sur7.be\/7s7\/fr\/1502\/Belgique\/article\/detail\/3056841\/2017\/0&#8230;<\/a><\/p>\n<p>[5] <a class=\"spip_out\" href=\"http:\/\/www.lavenir.net\/cnt\/dmf20170308_00970673\/la-securite-privee-dopee-par-la-menace-terroriste-g4s-engage-1600-personnes-en-2016\" rel=\"external\">http:\/\/www.lavenir.net\/cnt\/dmf20170308_00970673\/la-securite-privee-dop&#8230;<\/a><\/p>\n<p>[6] Richard Lab\u00e9vi\u00e8re, <i>Terrorisme, face cach\u00e9e de la mondialisation<\/i>, aux \u00e9ditions Pierre-Guillaume de Roux, Paris, 2016, page 265<\/p>\n<p>[7] Idem, page 266<\/p>\n<p><a href=\"http:\/\/nadinerosarosso.blogspot.be\/2017\/03\/larmes-de-crocodile-pour-les-victimes.html\">Source<\/a><\/p>\n<\/div>\n<\/div>\n","protected":false},"excerpt":{"rendered":"<p>Bruxelles\u00a0: larmes de crocodile pour les victimes Par Nadine ROSA-ROSSO &nbsp; &nbsp; &nbsp; &nbsp; &nbsp; En ces jours de comm\u00e9moration, certaines larmes pour les victimes ne peuvent que susciter la col\u00e8re. Pr\u00e8s d\u2019un an apr\u00e8s les attentats de Bruxelles, les victimes en \u00e9taient toujours r\u00e9duites \u00e0 mener leur combat pour recevoir le soutien financier, administratif &#8230; <a title=\"Bruxelles : larmes de crocodile pour les victimes\" class=\"read-more\" href=\"https:\/\/bruxelles-pantheres.be\/?p=3207\" aria-label=\"En savoir plus sur Bruxelles : larmes de crocodile pour les victimes\">Lire la suite<\/a><\/p>\n","protected":false},"author":1,"featured_media":2717,"comment_status":"open","ping_status":"open","sticky":false,"template":"","format":"standard","meta":{"footnotes":""},"categories":[21,36,4,6,18,28],"tags":[14,167],"class_list":["post-3207","post","type-post","status-publish","format-standard","has-post-thumbnail","hentry","category-anti-imperialisme","category-europe","category-islamophobie","category-palestine-moyen-orient","category-resistance-bruxelles","category-racismes","tag-bruxelles","tag-nadine-rosa-rosso"],"_links":{"self":[{"href":"https:\/\/bruxelles-pantheres.be\/index.php?rest_route=\/wp\/v2\/posts\/3207","targetHints":{"allow":["GET"]}}],"collection":[{"href":"https:\/\/bruxelles-pantheres.be\/index.php?rest_route=\/wp\/v2\/posts"}],"about":[{"href":"https:\/\/bruxelles-pantheres.be\/index.php?rest_route=\/wp\/v2\/types\/post"}],"author":[{"embeddable":true,"href":"https:\/\/bruxelles-pantheres.be\/index.php?rest_route=\/wp\/v2\/users\/1"}],"replies":[{"embeddable":true,"href":"https:\/\/bruxelles-pantheres.be\/index.php?rest_route=%2Fwp%2Fv2%2Fcomments&post=3207"}],"version-history":[{"count":1,"href":"https:\/\/bruxelles-pantheres.be\/index.php?rest_route=\/wp\/v2\/posts\/3207\/revisions"}],"predecessor-version":[{"id":3208,"href":"https:\/\/bruxelles-pantheres.be\/index.php?rest_route=\/wp\/v2\/posts\/3207\/revisions\/3208"}],"wp:featuredmedia":[{"embeddable":true,"href":"https:\/\/bruxelles-pantheres.be\/index.php?rest_route=\/wp\/v2\/media\/2717"}],"wp:attachment":[{"href":"https:\/\/bruxelles-pantheres.be\/index.php?rest_route=%2Fwp%2Fv2%2Fmedia&parent=3207"}],"wp:term":[{"taxonomy":"category","embeddable":true,"href":"https:\/\/bruxelles-pantheres.be\/index.php?rest_route=%2Fwp%2Fv2%2Fcategories&post=3207"},{"taxonomy":"post_tag","embeddable":true,"href":"https:\/\/bruxelles-pantheres.be\/index.php?rest_route=%2Fwp%2Fv2%2Ftags&post=3207"}],"curies":[{"name":"wp","href":"https:\/\/api.w.org\/{rel}","templated":true}]}}