{"id":323,"date":"2013-05-23T02:39:26","date_gmt":"2013-05-23T01:39:26","guid":{"rendered":"https:\/\/bruxelles-pantheres.be\/?p=323"},"modified":"2013-11-10T02:41:00","modified_gmt":"2013-11-10T01:41:00","slug":"la-belgique-est-un-pays-structurellement-raciste","status":"publish","type":"post","link":"https:\/\/bruxelles-pantheres.be\/?p=323","title":{"rendered":"\u00ab La Belgique est un pays structurellement raciste \u00bb"},"content":{"rendered":"<div id=\"author\"><a href=\"http:\/\/www.levif.be\/info\/auteurs\/author-4000109172456.htm\"><img decoding=\"async\" alt=\"\" src=\"http:\/\/images18.levif.be\/images\/resized\/400\/018\/260\/867\/8\/80_0_KEEP_RATIO_SHRINK_CENTER_FFFFFF\/image\/4000182608678.jpg\" width=\"32\" \/><\/a><\/p>\n<p id=\"auteurLeft\">Muriel Lefevre<\/p>\n<p id=\"auteurRight\"><a href=\"http:\/\/www.levif.be\/info\/actualite\/belgique\/la-belgique-est-un-pays-structurellement-raciste\/article-4000309091104.htm\">Source:\u00a0Knack <\/a><br \/>\nmercredi 22 mai 2013 \u00e0 10h19<\/p>\n<\/div>\n<p><em>Un an apr\u00e8s avoir re\u00e7u le prestigieux prix de litt\u00e9rature Nigeria <a id=\"_GPLITA_2\" title=\"Click to Continue &gt; by Browse to Save\" href=\"http:\/\/www.levif.be\/info\/actualite\/belgique\/la-belgique-est-un-pays-structurellement-raciste\/article-4000309091104.htm#\">Prize<\/a> for Literatur, Chika Unigwe sort son quatri\u00e8me roman en n\u00e9erlandais. L\u2019\u00e9crivaine belgo-nig\u00e9riane n\u2019est pas tendre avec sa deuxi\u00e8me patrie. \u00ab\u00a0La communaut\u00e9 africaine n\u2019est toujours pas entendue en Belgique\u00a0\u00bb . \u00a0<!--more--><\/em><\/p>\n<div>\n<div><img decoding=\"async\" id=\"kalooga_8610\" alt=\"\" src=\"http:\/\/images14.levif.be\/images\/resized\/400\/030\/851\/295\/4\/250_0_KEEP_RATIO_SHRINK_CENTER_FFFFFF\/image\/Chika-Unigwe.jpg\" \/><\/p>\n<div>\n<p>Chika Unigwe \u00a9 Filip Van Roe<\/p>\n<\/div>\n<\/div>\n<p>&nbsp;<\/p>\n<p><strong><em>Vous \u00e9crivez que vous n\u2019\u00eates devenue Noire qu\u2019en venant en Belgique. Que voulez-vous dire ?<\/em><\/strong><\/p>\n<p><em>Unigwe:<\/em> lorsque je suis venue en Belgique, j\u2019ai atterri dans un pays o\u00f9 j\u2019\u00e9tais avant tout une Noire. Je n\u2019oublierais jamais ma premi\u00e8re visite \u00e0 l\u2019agence pour l\u2019emploi. J\u2019avais \u00e0 l\u2019\u00e9poque deux dipl\u00f4mes universitaires et je travaillais \u00e0 mon doctorat . Cependant, je souhaitais faire une pause et j\u2019\u00e9tais \u00e0 la recherche d\u2019un emploi. \u00c0 l\u2019agence pour l\u2019emploi, avant que j\u2019aie eu le temps de dire quoi que ce soit, une femme m\u2019a interpell\u00e9 depuis son comptoir pour me signaler qu\u2019ils \u00e9taient \u00e0 la recherche d\u2019une femme de m\u00e9nage et que je pouvais commencer le jour m\u00eame. Elle a seulement dit cela parce que j\u2019\u00e9tais Noire. Elle ne m\u2019a m\u00eame pas demand\u00e9 mes dipl\u00f4mes, mes qualifications ou encore quel \u00e9tait le genre d\u2019emploi que je cherchais. \u00catre Noir, en Belgique et en 2013, signifie qu\u2019on vit des allocations ou que, dans le meilleur des cas, on est ouvrier.<\/p>\n<p><em><strong>Vous avez v\u00e9cu quelque temps aux \u00c9tats-Unis et au Canada. Les Am\u00e9ricains du nord ont-ils un autre rapport \u00e0 la couleur de peau ? <\/strong><\/em><\/p>\n<p><em>Unigwe:<\/em> C\u2019est certain. Parce qu\u2019ils ont un tout autre pass\u00e9 avec les Noirs. Au Canada ou aux \u00c9tats-Unis, les gens sont habitu\u00e9s \u00e0 voir un m\u00e9decin noir. Ce n\u2019est pas le cas ici. Les Belges sont rarement confront\u00e9s \u00e0 des gens d\u2019une autre couleur dans une situation valorisante pour ces derniers, sauf peut-\u00eatre \u00e0 Bruxelles. A Turnhout, tous les Noirs travaillent \u00e0 l\u2019usine. La Flandre est une soci\u00e9t\u00e9 tr\u00e8s blanche. Si cette femme de l\u2019agence pour l\u2019emploi avait vu des Noirs exercer d\u2019autre m\u00e9tier, elle n\u2019aurait peut-\u00eatre pas r\u00e9agi de cette fa\u00e7on.<\/p>\n<p><em><strong>Le gouvernement est-il trop laxiste face au racisme ? <\/strong><\/em><\/p>\n<p><em>Unigwe:<\/em> C\u2019est \u00e9vident non ? Il existe encore des entreprises o\u00f9 on refuse ouvertement d\u2019engager des Noirs ou des musulmans. Certains propri\u00e9taires refusent de louer leur appartement \u00e0 des Noirs. C\u2019est ill\u00e9gal et pourtant c\u2019est une pratique courante tant le sentiment d\u2019impunit\u00e9 domine dans ce domaine. Cette discrimination ne peut cesser que si l\u2019on punit r\u00e9ellement ce genre de comportement. Il y a peu, une de mes <a id=\"_GPLITA_0\" title=\"Click to Continue &gt; by Browse to Save\" href=\"http:\/\/www.levif.be\/info\/actualite\/belgique\/la-belgique-est-un-pays-structurellement-raciste\/article-4000309091104.htm#\">amies<\/a> a \u00e9t\u00e9 envoy\u00e9e par une agence d\u2019int\u00e9rim dans une entreprise pour un entretien d\u2019embauche. Lorsque les personnes charg\u00e9es du recrutement se sont aper\u00e7ues qu\u2019elle \u00e9tait noire, ils l\u2019ont tout simplement renvoy\u00e9 chez elle sous pr\u00e9texte qu\u2019ils ne voulaient pas travailler avec des Noirs. Les agences d\u2019int\u00e9rim ne rel\u00e8vent pas ce genre de fait, ils se contentent de chercher un autre travail. La communaut\u00e9 africaine n\u2019est toujours pas entendue.<\/p>\n<p><strong><em>A-t-on tendance \u00e0 sous-estimer le racisme ?<\/em><\/strong><br \/>\nUnigwe: Je pense que oui. Combien de personnes ne disent pas\u00a0\u00a0\u00bb je ne suis pas raciste, mais \u2026\u00a0\u00a0\u00bb ou encore\u00a0\u00a0\u00bb toi, tu es bien. Tu peux rester \u00ab\u00a0. Dans les \u00e9tudes sur le racisme, la Belgique ne brille pas particuli\u00e8rement par sa tol\u00e9rance. Lorsqu\u2019on est Noir, on ne peut que remarquer que la Belgique est structurellement raciste. Le racisme y est pr\u00e9sent de mani\u00e8re latente. Je ne me suis jamais fait traiter de sale Noire. Pourtant, ce serait peut-\u00eatre beaucoup plus simple si c\u2019\u00e9tait le cas puisque cela permettrait de savoir \u00e0 qui on a r\u00e9ellement affaire.<\/p>\n<p><strong><em>(JZ) \/ Trad ML<\/em><\/strong><\/p>\n<div>\n<p>Ceci est un extrait d\u2019une interview du Knack. L\u2019int\u00e9grale est \u00e0 d\u00e9couvrir dans\u00a0ce m\u00eame\u00a0magazine.<\/p>\n<\/div>\n<\/div>\n","protected":false},"excerpt":{"rendered":"<p>Muriel Lefevre Source:\u00a0Knack mercredi 22 mai 2013 \u00e0 10h19 Un an apr\u00e8s avoir re\u00e7u le prestigieux prix de litt\u00e9rature Nigeria Prize for Literatur, Chika Unigwe sort son quatri\u00e8me roman en n\u00e9erlandais. L\u2019\u00e9crivaine belgo-nig\u00e9riane n\u2019est pas tendre avec sa deuxi\u00e8me patrie. \u00ab\u00a0La communaut\u00e9 africaine n\u2019est toujours pas entendue en Belgique\u00a0\u00bb . \u00a0<\/p>\n","protected":false},"author":1,"featured_media":324,"comment_status":"open","ping_status":"open","sticky":false,"template":"","format":"standard","meta":{"footnotes":""},"categories":[22,25,4,20,7,8,18,28,5],"tags":[],"class_list":["post-323","post","type-post","status-publish","format-standard","has-post-thumbnail","hentry","category-emploi","category-enseignement","category-islamophobie","category-logement","category-negrophobie","category-prisons","category-resistance-bruxelles","category-racismes","category-violence-policiere"],"_links":{"self":[{"href":"https:\/\/bruxelles-pantheres.be\/index.php?rest_route=\/wp\/v2\/posts\/323","targetHints":{"allow":["GET"]}}],"collection":[{"href":"https:\/\/bruxelles-pantheres.be\/index.php?rest_route=\/wp\/v2\/posts"}],"about":[{"href":"https:\/\/bruxelles-pantheres.be\/index.php?rest_route=\/wp\/v2\/types\/post"}],"author":[{"embeddable":true,"href":"https:\/\/bruxelles-pantheres.be\/index.php?rest_route=\/wp\/v2\/users\/1"}],"replies":[{"embeddable":true,"href":"https:\/\/bruxelles-pantheres.be\/index.php?rest_route=%2Fwp%2Fv2%2Fcomments&post=323"}],"version-history":[{"count":1,"href":"https:\/\/bruxelles-pantheres.be\/index.php?rest_route=\/wp\/v2\/posts\/323\/revisions"}],"predecessor-version":[{"id":325,"href":"https:\/\/bruxelles-pantheres.be\/index.php?rest_route=\/wp\/v2\/posts\/323\/revisions\/325"}],"wp:featuredmedia":[{"embeddable":true,"href":"https:\/\/bruxelles-pantheres.be\/index.php?rest_route=\/wp\/v2\/media\/324"}],"wp:attachment":[{"href":"https:\/\/bruxelles-pantheres.be\/index.php?rest_route=%2Fwp%2Fv2%2Fmedia&parent=323"}],"wp:term":[{"taxonomy":"category","embeddable":true,"href":"https:\/\/bruxelles-pantheres.be\/index.php?rest_route=%2Fwp%2Fv2%2Fcategories&post=323"},{"taxonomy":"post_tag","embeddable":true,"href":"https:\/\/bruxelles-pantheres.be\/index.php?rest_route=%2Fwp%2Fv2%2Ftags&post=323"}],"curies":[{"name":"wp","href":"https:\/\/api.w.org\/{rel}","templated":true}]}}