{"id":3232,"date":"2017-05-02T22:28:20","date_gmt":"2017-05-02T21:28:20","guid":{"rendered":"https:\/\/bruxelles-pantheres.be\/?p=3232"},"modified":"2017-04-02T22:31:00","modified_gmt":"2017-04-02T21:31:00","slug":"steenrock-2017","status":"publish","type":"post","link":"https:\/\/bruxelles-pantheres.be\/?p=3232","title":{"rendered":"STEENROCK 2017"},"content":{"rendered":"<blockquote>\n<div><b><span style=\"color: #ff0000; font-size: large;\">STEENROCK 2017<\/span><\/b><\/div>\n<div><b>STOP AU RACISME ET AUX EXPULSIONS<\/b><\/div>\n<div><b>POUR L&rsquo;ACCUEIL ET LA SOLIDARIT\u00c9 AUX SANS-PAPIERS !<\/b><\/div>\n<div><span style=\"color: #ff0000;\"><b>RENDEZ-VOUS LE 6 MAI EN FACE DU 127BIS<\/b><\/span><\/div>\n<\/blockquote>\n<div><\/div>\n<div><a href=\"https:\/\/bruxelles-pantheres.be\/wp-content\/uploads\/2017\/04\/unnamed-file.jpg\"><img decoding=\"async\" class=\"size-full wp-image-3233 aligncenter\" src=\"https:\/\/bruxelles-pantheres.be\/wp-content\/uploads\/2017\/04\/unnamed-file.jpg\" alt=\"\" width=\"539\" height=\"763\" srcset=\"https:\/\/bruxelles-pantheres.be\/wp-content\/uploads\/2017\/04\/unnamed-file.jpg 539w, https:\/\/bruxelles-pantheres.be\/wp-content\/uploads\/2017\/04\/unnamed-file-212x300.jpg 212w\" sizes=\"(max-width: 539px) 100vw, 539px\" \/><\/a><\/div>\n<div><\/div>\n<div id=\"m_4567223586826240439yui_3_16_0_1_1490826432222_5279\">\n<div id=\"m_4567223586826240439yui_3_16_0_1_1490826432222_5289\"><span id=\"m_4567223586826240439yui_3_16_0_1_1490826432222_5288\" style=\"font-family: verdana,sans-serif;\">\u200bMultiplication des murs, expulsions d&rsquo;\u00e9tranger.e.s, lois liberticides, r\u00e9pression de la solidarit\u00e9,\u00a0<\/span><\/div>\n<p><span style=\"font-family: verdana,sans-serif;\">violence x\u00e9nophobe <\/span><span id=\"m_4567223586826240439yui_3_16_0_1_1490826432222_5277\" style=\"font-family: verdana,sans-serif;\">: voici l&rsquo;Europe d&rsquo;aujourd&rsquo;hui, l&rsquo;Europe qui f\u00eate ses 60 ans en c\u00e9l\u00e9brant des valeurs que ses gouvernants pi\u00e9tinent au quotidien, l&rsquo;Europe\u00a0qui ose critiquer les politiques de Trump alors qu&rsquo;elles ne sont que le reflet de ses propres politiques.<\/span><\/div>\n<div id=\"m_4567223586826240439yui_3_16_0_1_1490826432222_5284\">\n<div><span style=\"font-family: verdana,sans-serif;\"><br \/>\n<\/span><\/div>\n<\/div>\n<div id=\"m_4567223586826240439yui_3_16_0_1_1490826432222_5287\">\n<div id=\"m_4567223586826240439yui_3_16_0_1_1490826432222_5286\"><span id=\"m_4567223586826240439yui_3_16_0_1_1490826432222_5285\" style=\"font-family: verdana,sans-serif;\">\u200bL&rsquo;Europe o\u00f9 un secr\u00e9taire d&rsquo;\u00e9tat \u00e0 l&rsquo;asile et \u00e0 la migration exulte parce qu&rsquo;il ne devra pas d\u00e9livrer un visa humanitaire \u00e0 une famille syrienne. O\u00f9 les \u00e9tats torturent psychologiquement et physiquement les demandeurs d&rsquo;asile d\u00e9bout\u00e9s\u00a0pour les forcer \u00e0 partir. O\u00f9 les violences polici\u00e8res sont impunies, les droits fondamentaux r\u00e9duits \u00e0 une suite de mots creux. O\u00f9 la migration n&rsquo;est plus pr\u00e9sent\u00e9e seulement comme un crime, mais comme un d\u00e9but de terrorisme. L&rsquo;amalgame r\u00e8gne, nourri de racisme.<\/span><\/div>\n<div><span style=\"font-family: verdana,sans-serif;\"><br \/>\n<\/span><\/div>\n<div><span style=\"font-family: verdana,sans-serif;\">Contre ces tendances qui divisent et oppressent, citoyennes et citoyens solidaires, avec et sans papiers, r\u00e9sistent chaque jour dans les occupations, dans les manifestations, dans les centres ferm\u00e9s, aux fronti\u00e8res entre les \u00e9tats europ\u00e9ens et de l&rsquo;Union europ\u00e9enne.\u00a0<\/span><\/div>\n<div><span style=\"font-family: verdana,sans-serif;\"><br \/>\n<\/span><\/div>\n<div><span style=\"font-family: verdana,sans-serif;\">Comme chaque ann\u00e9e nous vous donnons rendez-vous devant les grilles du 127bis pour, ensemble, montrer notre soutien aux personnes d\u00e9tenues, demander la suppression des centres ferm\u00e9s et lancer aux autorit\u00e9s un message clair: nous ne l\u00e2cherons jamais !<\/span><\/div>\n<div><span style=\"font-family: verdana,sans-serif;\"><br \/>\n<\/span><\/div>\n<div id=\"m_4567223586826240439yui_3_16_0_1_1490826432222_5291\">\n<div><b><span style=\"font-family: verdana,sans-serif;\">Rejoignez-nous le samedi 6 mai de 13h30 \u00e0 18h00 pour la septi\u00e8me \u00e9dition du manifestival Steenrock!<\/span><\/b><\/div>\n<div id=\"m_4567223586826240439yui_3_16_0_1_1490826432222_5290\"><span style=\"font-family: verdana,sans-serif;\"><br \/>\n<\/span><\/div>\n<\/div>\n<div><span style=\"font-family: verdana,sans-serif;\">Le<b><span style=\"color: #ff0000;\"> Steenrock 2017,<\/span><\/b> c&rsquo;est:<\/span><\/div>\n<div><span style=\"font-family: verdana,sans-serif;\"><br \/>\n<\/span><\/div>\n<div><span style=\"font-family: verdana,sans-serif;\">\u272f <span style=\"color: #000000;\">Un <\/span><b><span style=\"color: #ff0000;\">apr\u00e8s-midi de musique solidaire<\/span><\/b><span style=\"color: #000000;\">. Avec les concerts et spectacles gratuits de <\/span><b>Ren\u00e9 Binam\u00e9, El Haqed, Jaune Toujours, Super Showman <\/b>et<b> No\u00e9<\/b><span style=\"color: #000000;\">.<\/span><\/span><\/div>\n<div><span style=\"font-family: verdana,sans-serif;\"><br \/>\n<\/span><\/div>\n<div><span style=\"font-family: verdana,sans-serif;\"><span style=\"color: #000000;\">\u272f Des <\/span><b><span style=\"color: #ff0000;\">prises de parole<\/span><\/b><span style=\"color: #000000;\"> de militants et d\u00e9fenseurs des droits fondamentaux et des <\/span><b><span style=\"color: #ff0000;\">t\u00e9moignages<\/span><\/b><span style=\"color: #000000;\"> de personnes d\u00e9tenues.<\/span><\/span><\/div>\n<div><span style=\"color: #000000; font-family: verdana,sans-serif;\"><br \/>\n<\/span><\/div>\n<div><span style=\"font-family: verdana,sans-serif;\"><span style=\"color: #000000;\">\u272f Une\u00a0<\/span><b><span style=\"color: #ff0000;\">visite parlementaire\u00a0<\/span><\/b><span style=\"color: #000000;\">des centres 127 bis et Caricole<\/span><\/span><\/div>\n<div><span style=\"color: #000000; font-family: verdana,sans-serif;\"><br \/>\n<\/span><\/div>\n<div><span style=\"font-family: verdana,sans-serif;\"><span style=\"color: #000000;\">\u272f <\/span><b><span style=\"color: #ff0000;\">Stands d&rsquo;informations<\/span><\/b><\/span><\/div>\n<div><span style=\"color: #000000; font-family: verdana,sans-serif;\"><br \/>\n<\/span><\/div>\n<div><span style=\"font-family: verdana,sans-serif;\"><span style=\"color: #000000;\">\u272f <\/span><b><span style=\"color: #ff0000;\">Animations<\/span><\/b><span style=\"color: #000000;\">, maquillages et activit\u00e9s <\/span><span style=\"color: #ff0000;\"><b>pour les enfants<\/b><\/span><span style=\"color: #000000;\">\u00a0<\/span><\/span><\/div>\n<div><span style=\"color: #000000; font-family: verdana,sans-serif;\"><br \/>\n<\/span><\/div>\n<div><span style=\"color: #000000; font-family: verdana,sans-serif;\">\u272f Boissons et nourriture disponibles \u00e0 prix modiques<\/span><\/div>\n<div><span style=\"font-family: verdana,sans-serif;\"><br \/>\n<\/span><\/div>\n<div><span style=\"font-family: verdana,sans-serif;\"><b>Trajets organis\u00e9s en bus, v\u00e9lo et&#8230; \u00a0course \u00e0 pied<\/b>\u00a0(si vous souhaitez participer \u00e0 cette premi\u00e8re \u00e9dition du \u00ab\u00a0Steenrun\u00a0\u00bb, toutes les infos sont <a href=\"https:\/\/www.facebook.com\/events\/277790905997921\/\" target=\"_blank\" rel=\"nofollow\" data-saferedirecturl=\"https:\/\/www.google.com\/url?hl=fr&amp;q=https:\/\/www.facebook.com\/events\/277790905997921\/&amp;source=gmail&amp;ust=1491252229715000&amp;usg=AFQjCNHNkrdRmWAtcXi7pAiJe7DNWBs4Pg\"> ici<\/a>\u00a0!).<\/span><\/div>\n<div><span style=\"font-family: verdana,sans-serif;\"><br \/>\n<\/span><\/div>\n<div>\n<div class=\"m_4567223586826240439yiv9924017211gmail_default\"><span style=\"font-family: verdana,sans-serif;\">\u200bPour nous soutenir: rendez-vous bient\u00f4t sur <a href=\"https:\/\/www.growfunding.be\/nl\/bxl\" target=\"_blank\" rel=\"nofollow\" data-saferedirecturl=\"https:\/\/www.google.com\/url?hl=fr&amp;q=https:\/\/www.growfunding.be\/nl\/bxl&amp;source=gmail&amp;ust=1491252229715000&amp;usg=AFQjCNF6P8n7OHLrsYSKcZHLkimBo6yGfA\">Growfunding<\/a>.<\/span><\/div>\n<\/div>\n<div>\n<div class=\"m_4567223586826240439yiv9924017211gmail_default\"><span style=\"font-family: verdana,sans-serif;\"><br \/>\n<\/span><\/div>\n<\/div>\n<div>\n<div class=\"m_4567223586826240439yiv9924017211gmail_default\">\u200b<\/div>\n<p><span style=\"font-family: verdana,sans-serif;\">Infos<\/span><\/p>\n<div class=\"m_4567223586826240439yiv9924017211gmail_default\">\u200b pratiques et programme \u200b<span style=\"font-family: verdana,sans-serif;\">:<a href=\"https:\/\/steenrock.wordpress.com\/\" target=\"_blank\" rel=\"nofollow\" data-saferedirecturl=\"https:\/\/www.google.com\/url?hl=fr&amp;q=https:\/\/steenrock.wordpress.com\/&amp;source=gmail&amp;ust=1491252229715000&amp;usg=AFQjCNFor1geoZykqBAG6znk2zQaGj3TeQ\"> https:\/\/steenrock.wordpress.co m\/<\/a><\/span><\/div>\n<\/div>\n<div><span style=\"font-family: verdana,sans-serif;\">\u00c9v\u00e8nement <a href=\"https:\/\/www.facebook.com\/events\/1661698600800941\/\" target=\"_blank\" rel=\"nofollow\" data-saferedirecturl=\"https:\/\/www.google.com\/url?hl=fr&amp;q=https:\/\/www.facebook.com\/events\/1661698600800941\/&amp;source=gmail&amp;ust=1491252229715000&amp;usg=AFQjCNElUrU0xFcLav9D28RugpxnGkWNCg\"> Facebook<\/a>\u00a0<\/span><\/div>\n<div><span style=\"font-family: verdana,sans-serif;\">Contact<\/span><span style=\"font-family: verdana,sans-serif;\">: <a href=\"mailto:steenrock127bis@gmail.com\" target=\"_blank\" rel=\"nofollow\"> steenrock127bis@gmail.com<\/a> \u00a0\u00a0<\/span><\/div>\n<div><span style=\"font-family: verdana,sans-serif;\"><br \/>\n<\/span><\/div>\n<div><i><span style=\"font-family: verdana,sans-serif;\">Le Steenrock est une initiative de la CRER, Bruxelles La\u00efque, le <\/span><\/i>\u200bSCI -\u200b<i><span style=\"font-family: verdana,sans-serif;\">Service Civil International, le Collectief Cursief et le PAC &#8211; Pr\u00e9sence et Action Culturelle\u200b\u200bs\u200b.<\/span><\/i><br \/>\n<i> <\/i><i><\/i><\/div>\n<div><span style=\"font-family: verdana,sans-serif;\"><br \/>\n<\/span><\/div>\n<div><i><span style=\"font-family: verdana,sans-serif;\">Avec le soutien de: Picardie La\u00efque, Mrax, Cir\u00e9, Sir\u00e9as, Croise Regard, CNCD 11.11.11, Le Monde des Possibles, Kairos, Amiti\u00e9s Sans Fronti\u00e8res, PTB, FGTB, Jeunes FGTB, CSC, Ecolo, Foire aux Savoir Faire, \u00a0Collectiv-A.<\/span><\/i><\/div>\n<div><\/div>\n<div><img decoding=\"async\" class=\"CToWUd a6T aligncenter\" tabindex=\"0\" src=\"https:\/\/mail.google.com\/mail\/u\/0\/?ui=2&amp;ik=908e7d29dd&amp;view=fimg&amp;th=15b1c30fbecb7a2b&amp;attid=0.1&amp;disp=emb&amp;attbid=ANGjdJ-lXZUXhqWr-aVJ1yVMsLTqfjWrl7YhYd4OPrKNgqu5RGyYIYdiC_ZQn89UQbmzqX6_-xeNJK2Y7-ZB98QLZzhgekJrr0GTkScvFXUoOq4u_W1MA9qYxJrgWUk&amp;sz=w668-h944&amp;ats=1491165829713&amp;rm=15b1c30fbecb7a2b&amp;zw&amp;atsh=1\" width=\"334\" height=\"472\" \/><\/div>\n<\/div>\n","protected":false},"excerpt":{"rendered":"<p>STEENROCK 2017 STOP AU RACISME ET AUX EXPULSIONS POUR L&rsquo;ACCUEIL ET LA SOLIDARIT\u00c9 AUX SANS-PAPIERS ! RENDEZ-VOUS LE 6 MAI EN FACE DU 127BIS \u200bMultiplication des murs, expulsions d&rsquo;\u00e9tranger.e.s, lois liberticides, r\u00e9pression de la solidarit\u00e9,\u00a0 violence x\u00e9nophobe : voici l&rsquo;Europe d&rsquo;aujourd&rsquo;hui, l&rsquo;Europe qui f\u00eate ses 60 ans en c\u00e9l\u00e9brant des valeurs que ses gouvernants pi\u00e9tinent &#8230; <a title=\"STEENROCK 2017\" class=\"read-more\" href=\"https:\/\/bruxelles-pantheres.be\/?p=3232\" aria-label=\"En savoir plus sur STEENROCK 2017\">Lire la suite<\/a><\/p>\n","protected":false},"author":1,"featured_media":3233,"comment_status":"open","ping_status":"open","sticky":false,"template":"","format":"standard","meta":{"footnotes":""},"categories":[36,4,7,8,28,37,39,5],"tags":[],"class_list":["post-3232","post","type-post","status-publish","format-standard","has-post-thumbnail","hentry","category-europe","category-islamophobie","category-negrophobie","category-prisons","category-racismes","category-romophobie","category-sans-papier","category-violence-policiere"],"_links":{"self":[{"href":"https:\/\/bruxelles-pantheres.be\/index.php?rest_route=\/wp\/v2\/posts\/3232","targetHints":{"allow":["GET"]}}],"collection":[{"href":"https:\/\/bruxelles-pantheres.be\/index.php?rest_route=\/wp\/v2\/posts"}],"about":[{"href":"https:\/\/bruxelles-pantheres.be\/index.php?rest_route=\/wp\/v2\/types\/post"}],"author":[{"embeddable":true,"href":"https:\/\/bruxelles-pantheres.be\/index.php?rest_route=\/wp\/v2\/users\/1"}],"replies":[{"embeddable":true,"href":"https:\/\/bruxelles-pantheres.be\/index.php?rest_route=%2Fwp%2Fv2%2Fcomments&post=3232"}],"version-history":[{"count":1,"href":"https:\/\/bruxelles-pantheres.be\/index.php?rest_route=\/wp\/v2\/posts\/3232\/revisions"}],"predecessor-version":[{"id":3234,"href":"https:\/\/bruxelles-pantheres.be\/index.php?rest_route=\/wp\/v2\/posts\/3232\/revisions\/3234"}],"wp:featuredmedia":[{"embeddable":true,"href":"https:\/\/bruxelles-pantheres.be\/index.php?rest_route=\/wp\/v2\/media\/3233"}],"wp:attachment":[{"href":"https:\/\/bruxelles-pantheres.be\/index.php?rest_route=%2Fwp%2Fv2%2Fmedia&parent=3232"}],"wp:term":[{"taxonomy":"category","embeddable":true,"href":"https:\/\/bruxelles-pantheres.be\/index.php?rest_route=%2Fwp%2Fv2%2Fcategories&post=3232"},{"taxonomy":"post_tag","embeddable":true,"href":"https:\/\/bruxelles-pantheres.be\/index.php?rest_route=%2Fwp%2Fv2%2Ftags&post=3232"}],"curies":[{"name":"wp","href":"https:\/\/api.w.org\/{rel}","templated":true}]}}