{"id":3241,"date":"2017-04-17T12:27:23","date_gmt":"2017-04-17T11:27:23","guid":{"rendered":"https:\/\/bruxelles-pantheres.be\/?p=3241"},"modified":"2017-04-15T14:38:23","modified_gmt":"2017-04-15T13:38:23","slug":"jim-crow-se-porte-bien-il-regne-en-maitre-en-israel","status":"publish","type":"post","link":"https:\/\/bruxelles-pantheres.be\/?p=3241","title":{"rendered":"\u201cJim Crow\u201d se porte bien, il r\u00e8gne en ma\u00eetre en Isra\u00ebl"},"content":{"rendered":"<h5 class=\"entry-title\" style=\"text-align: center;\"><a href=\"https:\/\/bruxelles-pantheres.be\/wp-content\/uploads\/2012\/09\/onestate_010412_620px18.jpg\"><img decoding=\"async\" class=\"alignnone size-full wp-image-804\" src=\"https:\/\/bruxelles-pantheres.be\/wp-content\/uploads\/2012\/09\/onestate_010412_620px18.jpg\" alt=\"\" width=\"620\" height=\"416\" srcset=\"https:\/\/bruxelles-pantheres.be\/wp-content\/uploads\/2012\/09\/onestate_010412_620px18.jpg 620w, https:\/\/bruxelles-pantheres.be\/wp-content\/uploads\/2012\/09\/onestate_010412_620px18-300x201.jpg 300w\" sizes=\"(max-width: 620px) 100vw, 620px\" \/><\/a><\/h5>\n<h2 class=\"entry-title\">\u201c<em>Jim Crow<\/em>\u201d se porte bien, il r\u00e8gne en ma\u00eetre en Isra\u00ebl<\/h2>\n<h2 class=\"subheading\">Stanley L Cohen<\/h2>\n<p>Pendant des ann\u00e9es, Isra\u00ebl nous a vendu \u2013 et nous, aux \u00c9tats-Unis nous \u00e9tions de bons clients \u2013 son slogan \u00e0 bon march\u00e9 pr\u00e9tendant \u00eatre\u00a0\u201cla seule d\u00e9mocratie\u201d au Moyen-Orient. Il est entour\u00e9 de paroles qui sonnent agr\u00e9ablement et qui, quelle que puisse \u00eatre en pratique la signification de\u00a0ces refrains , sont propres \u00e0 rassurer, comme \u201c<em>opportunit\u00e9<\/em>\u201d ou \u201c<em>paix<\/em>\u201d.<\/p>\n<p>Mais, tout comme la beaut\u00e9 r\u00e9side surtout dans l\u2019\u0153il du spectateur, t\u00f4t ou tard la r\u00e9alit\u00e9 finit par appara\u00eetre \u00e0 la surface, si soign\u00e9 qu\u2019ait \u00e9t\u00e9 l\u2019emballage dans laquelle la fiction \u00e9tait pr\u00e9sent\u00e9e.<\/p>\n<p>Nous, aux \u00c9tats-Unis, nous sommes vraiment forts pour faire notre propre <em>packaging<\/em>, et notre com\u00e9die de l\u2019\u00e9galit\u00e9 et de la justice n\u2019a pas son pareil sur terre. Nous avons bien vendu ce truc, en quantit\u00e9s industrielles. Et,\u00a0 \u00e0 la mani\u00e8re d\u2019un beau-fils plein de bonne volont\u00e9, Isra\u00ebl a bien retenu la le\u00e7on que nous donnons, \u00e0 savoir que si vous r\u00e9p\u00e9tez quelque choses assez longuement et avec assez de vigueur, de pouvoir et d\u2019argent pour l\u2019appuyer, cela commence \u00e0 acqu\u00e9rir une vie propre, surr\u00e9elle, sans aucune consid\u00e9ration pour la quantit\u00e9 de v\u00e9rit\u00e9 qui sert de support \u00e0 la broderie du mensonge.<\/p>\n<p>En effet, nous somme tr\u00e8s comp\u00e9tents quand il s\u2019agit de brouiller les cartes. Nous connaissons \u00e7a sur le bout des doigts. Nous nous sommes dissimul\u00e9s \u00e0 l\u2019abri du brouillard pendant si longtemps que m\u00eame aujourd\u2019hui ceux qui nous rappellent qu\u2019en fait la terre n\u2019est pas plate demeurent des h\u00e9r\u00e9tiques qu\u2019il faut m\u00e9priser. Avons-nous finalement trouv\u00e9 les armes de destruction massive ?<\/p>\n<p>Longtemps avant qu\u2019Isra\u00ebl ait mis en place des communaut\u00e9s s\u00e9par\u00e9es, divis\u00e9es par la volont\u00e9 de la loi afin d\u2019op\u00e9rer une s\u00e9gr\u00e9gation entre les citoyens Juifs et\u00a0leurs pr\u00e8s de 2 millions de voisins arabes, les \u00c9tats-Unis avaient port\u00e9 l\u2019art de diviser artificiellement \u00e0 la perfection.<\/p>\n<p>Gr\u00e2ce \u00e0 l\u2019efficacit\u00e9 de l\u2019illusion, de la c\u00f4te est \u00e0 la c\u00f4te ouest, on pouvait entendre le refrain selon lequel la s\u00e9gr\u00e9gation raciale \u00e9tait l\u00e9gal pour autant que les moyens mis \u00e0 la dispositions de chacune des races soient \u00e9gaux.<\/p>\n<p>Pendant des d\u00e9cennies, la fiction l\u00e9gale du \u201c<em>s\u00e9par\u00e9s mais \u00e9gaux<\/em>\u201d a \u00e9t\u00e9 le mantra que l\u2019\u00c9tat et les gouvernements locaux, partout aux \u00c9tats-Unis, ont r\u00e9p\u00e9t\u00e9 pour justifier la s\u00e9gr\u00e9gation artificielle, quoiqu\u2019en effet l\u00e9gale, entre des dizaines de millions d\u2019Am\u00e9ricains, sur base de la race et de rien d\u2019autre.<\/p>\n<p><span id=\"result_box\" class=\"\" lang=\"fr\" tabindex=\"-1\"><span class=\"\">Que ce soit dans les services, les infrastructures, les logements publics, les transports, les soins m\u00e9dicaux, l\u2019emploi, les bureaux de vote ou dans les \u00e9coles, noirs et blancs ont \u00e9t\u00e9 s\u00e9par\u00e9s sous le pauvre alibi que l\u2019isolement artificiel des races assurait l\u2019\u00e9galit\u00e9, tant que les conditions de leur s\u00e9paration \u00e9taient l\u00e9gales.<\/span><\/span><\/p>\n<p>Ces lois finirent par \u00eatre connues sous le simple nom de \u201c<strong>Jim Crow<\/strong>\u201d.<\/p>\n<h2>Entrez chez Jim Crow<\/h2>\n<p>En effet, l\u2019id\u00e9e que la s\u00e9paration sur base raciale ou religieuse n\u2019est pas seulement pr\u00e9f\u00e9rable, mais qu\u2019elle aide chacun \u00e0 d\u00e9velopper ses capacit\u00e9s \u00e0 suivre sa propre voie, s\u00e9par\u00e9ment mais dans l\u2019\u00e9galit\u00e9, est devenue un exercice intellectuel pervers qui fondamentalement n\u2019a servi qu\u2019\u00e0 une chose, \u00e0 savoir exalter la supr\u00e9matie d\u2019une race au d\u00e9triment d\u2019une autre.<\/p>\n<p>Laissons de c\u00f4t\u00e9, pour le moment, la r\u00e9alit\u00e9 que les infrastructures et les services mis \u00e0 la disposition des Afro-Am\u00e9ricains \u00e9taient presque toujours de qualit\u00e9 inf\u00e9rieure \u00e0 celle dont jouissaient les Am\u00e9ricains blancs, mais finalement la Cour Supr\u00eame des \u00c9tats-Unis en a eu assez. Elle a d\u00e9cid\u00e9 que \u00ab\u00a0s\u00e9par\u00e9s\u00a0\u00bb ne pouvait jamais vouloir dire \u201c\u00e9gaux\u201d, et cela m\u00eame s\u2019il y avait \u00e9quivalence entre les opportunit\u00e9s et les infrastructures.<\/p>\n<p>Ainsi qu\u2019elle l\u2019a \u00e9crit dans sa d\u00e9cision fondamentale de 1954, l\u2019affaire \u201c<a href=\"http:\/\/www.uscourts.gov\/educational-resources\/educational-activities\/history-brown-v-board-education-re-enactment\" target=\"_blank\">Brown contre Board of Education<\/a>\u201d, qui mettait en cause la notion de s\u00e9gr\u00e9gation \u00e9galitaire, l\u2019in\u00e9galit\u00e9 est inh\u00e9rente \u00e0 tous les syst\u00e8mes d\u2019\u00e9ducation s\u00e9par\u00e9s. <span id=\"result_box\" class=\"\" lang=\"fr\" tabindex=\"-1\"><span class=\"\">Dans une formulation qui a finalement pris toute son l\u2019importance dans l\u2019\u00e9ducation, puis ailleurs dans tout les \u00c9tats-Unis, la Cour a estim\u00e9 \u00e0 l\u2019unanimit\u00e9 que :<\/span><\/span><\/p>\n<p>\u00ab<em>Aujourd\u2019hui, l\u2019\u00e9ducation est peut-\u00eatre la plus importante des fonctions des \u00c9tats et des gouvernements locaux. L\u2019enseignement obligatoire, et l\u2019importance des budgets consacr\u00e9s \u00e0 l\u2019\u00e9ducation d\u00e9montrent la reconnaissance de l\u2019importance de l\u2019\u00e9ducation dans notre soci\u00e9t\u00e9 d\u00e9mocratique. \u2026 Elle constitue la base m\u00eame du civisme. \u2026 Une telle opportunit\u00e9, o\u00f9 l\u2019\u00c9tat s\u2019est engag\u00e9 \u00e0 la fournir, est un droit qui doit \u00eatre mis \u00e0 la disposition de tous sur un pied d\u2019\u00e9galit\u00e9.<\/em><\/p>\n<p><em>La s\u00e9gr\u00e9gation des enfants blancs et \u201ccolor\u00e9s\u201d dans les \u00e9coles publiques a un effet pr\u00e9judiciable pour les enfants \u201ccolor\u00e9s\u201d. L\u2019impact est plus grand quand il a la sanction de la loi; car la politique de s\u00e9paration des races est habituellement interpr\u00e9t\u00e9e comme le signe d\u2019une inf\u00e9riorit\u00e9 du groupe n\u00e8gre. Un sentiment d\u2019inf\u00e9riorit\u00e9 affecte la motivation des enfants pour apprendre. La s\u00e9gr\u00e9gation avec la sanction de la loi, pour cette raison, a une tendance \u00e0 retarder le d\u00e9veloppement \u00e9ducatif et mental des enfants n\u00e8gres et \u00e0 les priver des avantages dont ils b\u00e9n\u00e9ficieraient dans un syst\u00e8me scolaire d\u2019int\u00e9gration raciale.<\/em>\u00bb<\/p>\n<p>Ces lignes ont \u00e9t\u00e9 \u00e9crites \u00e0 peine six ans apr\u00e8s que l\u2019\u00c9tat d\u2019Isra\u00ebl ait obtenu sa reconnaissance par l\u2019ONU. N\u00e9anmoins, 62 ans plus tard, le jugement Brown demeure un \u00e9l\u00e9ment pivot de tout id\u00e9al d\u00e9mocratique, et pourtant Isra\u00ebl s\u2019enorgueillit d\u2019appliquer des \u00e2neries supr\u00e9matistes rejet\u00e9es depuis longtemps.<\/p>\n<h2>Des \u00e9coles s\u00e9par\u00e9es<\/h2>\n<p>En Isra\u00ebl, les \u00e9coliers palestiniens \u2013 environ 480.000 enfants \u2013 repr\u00e9sentent 25% du total de la population scolaire de l\u2019\u00c9tat. Les \u00e9tudiants palestiniens et Juifs, de l\u2019\u00e9cole \u00e9l\u00e9mentaire aux \u00e9coles sup\u00e9rieures, \u00e9tudient dans des institutions s\u00e9par\u00e9es.<\/p>\n<p>Ainsi que l\u2019a dit [la Cour Supr\u00eame dans son arr\u00eat] <em>Brown\u00a0v. Board of Education<\/em>, les discriminations institutionnalis\u00e9es dans le syst\u00e8me d\u2019\u00e9ducation entravent la capacit\u00e9 des \u00e9tudiants \u00e0 d\u00e9velopper les comp\u00e9tences et le savoir qui leur permettraient de participer sur un pied d\u2019\u00e9galit\u00e9, en tant qu\u2019individus, \u00e0 une soci\u00e9t\u00e9 libre.<\/p>\n<p>En Isra\u00ebl, cela n\u2019a rien d\u2019un accident. C\u2019est au contraire le r\u00e9sultat d\u2019un effort d\u00e9lib\u00e9r\u00e9 pour assurer\u00a0un avantage \u00e9ducationnel, social et politique des Juifs sur leurs homologues palestiniens.<\/p>\n<p>En 1969, l\u2019\u00c9tat a pass\u00e9 une loi qui a accord\u00e9 une reconnaissance statutaire aux institutions culturelles et \u00e9ducatives et a d\u00e9fini leurs objectifs comme \u00e9tant le d\u00e9veloppement et l\u2019accomplissement des objectifs sionistes afin de promouvoir la culture et l\u2019\u00e9ducation juives.<\/p>\n<p>A la lumi\u00e8re de cela, en Isra\u00ebl, les enfants palestiniens re\u00e7oivent une \u00e9ducation inf\u00e9rieure \u00e0 pratiquement tous \u00e9gards si on la compare \u00e0 celle des enfants juifs.<\/p>\n<p>Les \u00e9coles palestiniennes re\u00e7oivent beaucoup moins de moyens financiers que les \u00e9coles juives \u2013 <a href=\"https:\/\/www.adalah.org\/uploads\/oldfiles\/upfiles\/2011\/Adalah_The_Inequality_Report_March_2011.pdf\" target=\"_blank\">trois fois moins<\/a>, si on se r\u00e9f\u00e8re aux donn\u00e9es officielles de l\u2019\u00c9tat depuis 2004. <a href=\"http:\/\/www.haaretz.com\/israel-news\/.premium-1.738104\" target=\"_blank\">A J\u00e9rusalem, c\u2019est la moiti\u00e9<\/a> du financement.<\/p>\n<div id=\"attachment_22973\" class=\"wp-caption alignleft\">\n<p><a href=\"https:\/\/bruxelles-pantheres.be\/wp-content\/uploads\/2017\/04\/IMG_20160512_133931-350x350.jpg\"><img decoding=\"async\" class=\"alignnone size-full wp-image-3242\" src=\"https:\/\/bruxelles-pantheres.be\/wp-content\/uploads\/2017\/04\/IMG_20160512_133931-350x350.jpg\" alt=\"\" width=\"350\" height=\"350\" srcset=\"https:\/\/bruxelles-pantheres.be\/wp-content\/uploads\/2017\/04\/IMG_20160512_133931-350x350.jpg 350w, https:\/\/bruxelles-pantheres.be\/wp-content\/uploads\/2017\/04\/IMG_20160512_133931-350x350-300x300.jpg 300w, https:\/\/bruxelles-pantheres.be\/wp-content\/uploads\/2017\/04\/IMG_20160512_133931-350x350-150x150.jpg 150w\" sizes=\"(max-width: 350px) 100vw, 350px\" \/><\/a><\/p>\n<p class=\"wp-caption-text\">Sur le chemin de l\u2019\u00e9cole, \u00e0 J\u00e9rusalem<\/p>\n<\/div>\n<p>Ce sous-financement se retrouve dans de <a href=\"https:\/\/www.hrw.org\/report\/2001\/09\/30\/second-class\/discrimination-against-palestinian-arab-children-israels-schools\" target=\"_blank\">nombreux domaines<\/a>, \u00a0y compris des classes relativement surpeupl\u00e9es et des infrastructures et \u00e9quipements m\u00e9diocres. Beaucoup de communaut\u00e9s ne disposent pas d\u2019un jardin d\u2019enfants pour les bambins de trois ou quatre ans. Certaines \u00e9coles n\u2019ont pas de biblioth\u00e8que, de conseillers ou d\u2019installations r\u00e9cr\u00e9atives. Leurs \u00e9l\u00e8ves b\u00e9n\u00e9ficient de moins de programmes d\u2019enrichissement ou de rem\u00e9diation, et de services \u00e9ducatifs sp\u00e9cialis\u00e9s, que les enfants juifs.<\/p>\n<p>Les \u00e9tudiants palestiniens sont \u00e9galement sous-repr\u00e9sent\u00e9s dans les universit\u00e9s isra\u00e9liennes et les \u00e9coles sup\u00e9rieures. Des \u00e9tudes r\u00e9centes montrent que seulement 10% des citoyens palestiniens ont suivi les programmes d\u2019enseignements universitaire de premier cycle, et que seuls 7,3% ont \u00e9t\u00e9 jusqu\u2019\u00e0 un <em>master<\/em>, 4% ayant obtenu un doctorat. Dans les universit\u00e9s isra\u00e9liennes, 1,2% seulement des titulaires de postes d\u2019enseignement\u00a0sont des universitaires palestiniens [1].<\/p>\n<p>Comme toute une panoplie de politiques budg\u00e9taires qui privil\u00e9gient la majorit\u00e9 juive, les bourses d\u2019\u00c9tat pour les droits d\u2019inscription des \u00e9tudiants, les aides au logement et les possibilit\u00e9 d\u2019obtenir un emploi sont r\u00e9serv\u00e9es \u00e0 ceux qui ont effectu\u00e9 un service militaire dans l\u2019arm\u00e9e isra\u00e9lienne, ce qui en pratique exclut les Palestiniens.<\/p>\n<p>L\u2019impossibilit\u00e9, pour les citoyens palestiniens d\u2019Isra\u00ebl, de choisir librement l\u2019endroit o\u00f9 il vivent et travaillent n\u2019est pas moins pernicieuse.<\/p>\n<h2>S\u00e9gr\u00e9gation communautaire<\/h2>\n<p>En 1952, l\u2019\u00c9tat d\u2019Isra\u00ebl a autoris\u00e9 l\u2019<a href=\"http:\/\/www.jewishvirtuallibrary.org\/world-zionist-organization-wzo\" target=\"_blank\">Organisation Sioniste Mondiale<\/a> et l\u2019<a href=\"http:\/\/www.jewishvirtuallibrary.org\/jewish-agency-for-israel-jafi\" target=\"_blank\">Agence Juive<\/a> \u00e0 agir comme des organismes quasi-\u00e9tatiques afin de faire progresser les objectifs du sionisme, au d\u00e9triment des minorit\u00e9s, y compris celles qui disposent de la citoyennet\u00e9 isra\u00e9lienne.<\/p>\n<p>En vertu de la \u201c<a href=\"https:\/\/apps.cndls.georgetown.edu\/projects\/palestinian-culture-and-society\/items\/show\/68\" target=\"_blank\">Loi sur l\u2019acquisition de la terre<\/a>\u201d de 1953, le territoire de 349 villes et villages palestiniens, soit approximativement 1.212 kilom\u00e8tres carr\u00e9s, a \u00e9t\u00e9 transf\u00e9r\u00e9 \u00e0 l\u2019\u00c9tat afin d\u2019\u00eatre utilis\u00e9 prioritairement au b\u00e9n\u00e9fice de la majorit\u00e9 juive.<\/p>\n<p><img decoding=\"async\" class=\"size-full wp-image-6803 alignright\" src=\"http:\/\/www.pourlapalestine.be\/wp-content\/uploads\/2016\/01\/expel_baby.jpg\" alt=\"\" width=\"250\" height=\"369\" \/>En 1953, la Knesset a d\u00e9l\u00e9gu\u00e9 l\u2019autorit\u00e9 gouvernementale d\u2019acqu\u00e9rir des terres pour l\u2019usage exclusif des Juifs au <a href=\"http:\/\/www.pij.org\/details.php?id=410\" target=\"_blank\">Fonds National Juif<\/a>. L\u2019\u00c9tat a accord\u00e9 des avantages financiers, y compris des r\u00e9ductions d\u2019imp\u00f4ts, afin de faciliter de telles acquisitions. Aujourd\u2019hui, 12,5% du territoire isra\u00e9lien sont la propri\u00e9t\u00e9 du Fonds, qui en interdit la vente ou la location \u00e0 des non-Juifs, en raison d\u2019un suppos\u00e9 \u201cdanger\u201d que repr\u00e9senterait la possession de la terre d\u2019Isra\u00ebl par des non-juifs.<\/p>\n<p>En 1960, l\u2019\u00c9tat a adopt\u00e9 une loi qui dispose que la propri\u00e9t\u00e9 de \u201cterres isra\u00e9liennes\u201d, \u00e0 savoir les <a href=\"http:\/\/www.globalresearch.ca\/israel-s-discriminatory-land-policies\/14579\" target=\"_blank\">93% du territoire<\/a> que contr\u00f4lent l\u2019\u00c9tat et le Fonds, ne peuvent \u00eatre transf\u00e9r\u00e9s de quelque mani\u00e8re que ce soit.<\/p>\n<p>En pratique, cela signifie que les personnes qui d\u00e9sirent s\u2019installer dans quelque 700 localit\u00e9s et communaut\u00e9s agricoles r\u00e9parties sur tout le territoire d\u2019Isra\u00ebl doivent soumettre leur candidature\u00a0\u00e0 un jury compos\u00e9 exclusivement de Juifs, qui dispose du droit de d\u00e9cider, sans appel, d\u2019accepter ou de refuser cette demande. Ces jurys, dans lequels on trouve des repr\u00e9sentants de l\u2019Organisation Sioniste Mondiale, prennent en consid\u00e9ration une s\u00e9rie de crit\u00e8res, tels que \u201c<em>la compatibilit\u00e9 avec la vie sociale communautaire<\/em>\u201d et \u201c<em>le tissu social et culturel de la ville<\/em>\u201d.<\/p>\n<p>Le processus d\u2019admission garantit que la quasi-totalit\u00e9 des villes et villages isra\u00e9liens demeureront des enclaves juives, et ne seront qu\u2019un mirage pour les citoyens palestiniens qui d\u00e9sirent vivre dans l\u2019\u00e9galit\u00e9 au sein de communaut\u00e9s pleinement int\u00e9gr\u00e9es. Il n\u2019y a donc pas lieu de s\u2019\u00e9tonner d\u00e8s lors que, <a href=\"https:\/\/www.hrw.org\/news\/2011\/03\/30\/israel-new-laws-marginalize-palestinian-arab-citizens\" target=\"_blank\">dans l\u2019Isra\u00ebl de Jim Crow, peu de citoyens palestiniens ont \u00e9t\u00e9 jug\u00e9s dignes d\u2019\u00eatre autoris\u00e9s \u00e0 s\u2019installer dans ces communaut\u00e9s<\/a>.<\/p>\n<p>En vertu du contr\u00f4le de l\u2019\u00c9tat sur la composition raciale des municipalit\u00e9s dans tout Isra\u00ebl, la plupart des citoyens palestiniens sont contraints de r\u00e9sider et de travailler dans les villes et villages palestiniens, notoirement surpeupl\u00e9s.<\/p>\n<p>En fait, depuis 1948, l\u2019\u00c9tat d\u2019Isra\u00ebl a cr\u00e9\u00e9 des centaines de nouvelles localit\u00e9s juives, sans permettre la construction de la moindre\u00a0nouvelle municipalit\u00e9 palestinienne. Sur l\u2019ensemble du territoire isra\u00e9lien, seules 2,5% des municipalit\u00e9s sont dirig\u00e9es par des Palestiniens [1]. Parmi les 40 villes isra\u00e9liennes o\u00f9 le taux de ch\u00f4mage est le plus \u00e9lev\u00e9, <a href=\"https:\/\/www.middleeastmonitor.com\/wp-content\/uploads\/downloads\/briefing-paper\/the-impoverishment-of-palestinian-arabs-in-israel.pdf\">36 sont des villes palestiniennes<\/a>, et le taux moyen d\u2019emploi des citoyens palestiniens n\u2019est que de 58,6% de celui des Juifs Isra\u00e9liens. Environ 53% des familles d\u2019Isra\u00ebl en situation de pauvret\u00e9 sont palestiniennes [1].<\/p>\n<h2><strong>L\u2019in\u00e9galit\u00e9 au parlement isra\u00e9lien<\/strong><\/h2>\n<p>Depuis des ann\u00e9es, la Knesset s\u2019est abrit\u00e9s sous les apparences de la d\u00e9mocratie, tout en agissant arbitrairement afin de s\u2019assurer que le contr\u00f4le politique et d\u00e9mographique reste exclusivement dans les mains des citoyens et des parlementaires juifs de l\u2019\u00c9tat.<\/p>\n<p>Par exemple, dans le but de maintenir une majorit\u00e9 d\u00e9mographique juive, la \u201c<a href=\"https:\/\/www.hrw.org\/news\/2006\/05\/17\/israel-family-reunification-ruling-discriminatory\" target=\"_blank\">Loi sur l\u2019unification des familles<\/a>\u201d de 2003 interdit aux citoyens palestiniens d\u2019Isra\u00ebl de b\u00e9n\u00e9ficier d\u2019un regroupement familial avec leurs \u00e9pouses qui vivent en Cisjordanie ou dans la Bande Gaza. Le r\u00e9sultat est que plus de 150.000 enfants n\u00e9s de ces unions dites \u201c<em>mixtes<\/em>\u201d se voient refuser les droits et privil\u00e8ges les plus \u00e9l\u00e9mentaires qui sont attach\u00e9s \u00e0 la citoyennet\u00e9 isra\u00e9lienne.<\/p>\n<p>Dans une s\u00e9rie d\u2019autres lois, la Knesset n\u2019a pas seulement impos\u00e9 aux citoyens palestiniens une vaste s\u00e9rie de limitations aux libert\u00e9s de mouvement, d\u2019expression et d\u2019acc\u00e8s aux fonctions politiques, mais a aussi impos\u00e9 des limites id\u00e9ologiques aux plate-formes des partis politiques auxquels ils peuvent appartenir.<\/p>\n<p>Par nature, de telles lois contrecarrent la capacit\u00e9 des Palestiniens \u00e0 influer sur un processus politique qui, chaque jour, contr\u00f4le chaque aspect de leur vie, et les rend essentiellement impuissants d\u2019apporter quelque changement fondamental que ce soit au syst\u00e8me lui-m\u00eame. Ces restrictions ont pour objet de refuser aux citoyens palestiniens [d\u2019Isra\u00ebl] une \u00e9galit\u00e9 des chances de jouer un r\u00f4le dans la vie politique isra\u00e9lienne, par rapport \u00e0 leurs homologues juifs.<\/p>\n<p>La derni\u00e8re initiative en date de la Knesset afin d\u2019\u00e9touffer la minorit\u00e9 palestinienne consiste \u00e0 proposer <a href=\"http:\/\/www.jpost.com\/Israel-News\/Politics-And-Diplomacy\/Knesset-approves-first-reading-of-MK-suspension-bill-449501\" target=\"_blank\">une loi qui permettrait de suspendre ses repr\u00e9sentants \u00e9lus<\/a> non pas en raison d\u2019agissements criminels dont ils se rendraient coupables, ou m\u00eame d\u2019une quelconque violation des usages parlementaires, mais simplement parce que leurs objectifs politiques sont r\u00e9pr\u00e9hensibles aux yeux de la majorit\u00e9 juive.<\/p>\n<p>D\u2019autres lois permettent aux d\u00e9put\u00e9s [juifs] de la Knesset de priver les <a href=\"http:\/\/www1.cbn.com\/cbnnews\/israel\/2016\/july\/israeli-arab-mk-suspended-from-knesset-debates-for-6-months\" target=\"_blank\">d\u00e9put\u00e9s palestiniens<\/a> de leur si\u00e8ge au parlement s\u2019ils expriment leur opposition \u00e0 <a href=\"http:\/\/www.pourlapalestine.be\/dossiers\/le-dossier-noir-d-oslo\/israel-a-t-il-le-droit-dexister-en-tant-quetat-juif\/\" target=\"_blank\">Isra\u00ebl en tant que \u201c\u00c9tat juif et d\u00e9mocratique\u201d<\/a>. R\u00e9cemment, la d\u00e9put\u00e9e <a href=\"http:\/\/www.pourlapalestine.be\/?s=Zoabi\">Haneen Zoabi<\/a> a \u00e9t\u00e9 exclue des d\u00e9bats parlementaires pour six mois parce qu\u2019elle avait qualifi\u00e9, devant la Knesset, les soldats isra\u00e9lien de \u201c<em>meurtriers<\/em>\u201d pour leurs agissements lors de l\u2019<a href=\"http:\/\/www.pourlapalestine.be\/mavi-marmara-308-balles-pour-un-massacre-en-haute-mer\/\">abordage du Mavi Marmara<\/a>, qui avait co\u00fbt\u00e9 la vie \u00e0 neuf militants pro-palestiniens [en 2010].<\/p>\n<p>En d\u2019autres occasions, la Knesset a impos\u00e9 des restrictions drastiques \u00e0 la libert\u00e9 de d\u00e9put\u00e9s \u00e9lus de la minorit\u00e9 palestinienne, tant \u00e0 l\u2019int\u00e9rieur qu\u2019\u00e0 l\u2019\u00e9tranger.<\/p>\n<p>Il existe actuellement <a href=\"https:\/\/www.alarabiya.net\/articles\/2009\/01\/14\/64200.html\" target=\"_blank\">une loi qui interdit l\u2019existence de tout parti qui remettrait en question l\u2019existence d\u2019Isra\u00ebl en que \u201c\u00c9tat juif\u201d ou qui plaiderait en faveur\u00a0de droits \u00e9gaux pour tous les citoyens quelque soit leur appartenance ethnique<\/a>. Une autre loi donne au Ministre de l\u2019Int\u00e9rieur le pouvoir de d\u00e9choir de la nationalit\u00e9 isra\u00e9lienne les personnes qui \u201cviolent\u201d leur \u201call\u00e9geance\u201d \u00e0 l\u2019\u00c9tat.<\/p>\n<h2>Une\u00a0insaisissable poursuite de la justice<\/h2>\n<p>Il n\u2019est pas contestable qu\u2019Isra\u00ebl est devenu un pays o\u00f9 des lois sont promulgu\u00e9es dans le but de faire obstruction au libre exercice des droits politiques fondamentaux de ses citoyens palestiniens.<\/p>\n<p>Dans toute soci\u00e9t\u00e9 v\u00e9ritablement \u201cd\u00e9mocratique\u201d, les citoyens doivent pouvoir en fin de compte chercher \u00e0 obtenir r\u00e9paration pour les pr\u00e9judices qu\u2019ils subissent, qu\u2019ils soient institutionnels ou priv\u00e9s, en faisant appel \u00e0 un syst\u00e8me judiciair ind\u00e9pendant, accordant la m\u00eame protection et la m\u00eame justice \u00e0 tous ceux qui se placent sous sa protection, sans distinction de race, de croyances ou de religion.\u00a0Il est difficile d\u2019imaginer un arbitre plus fondamental ou essentiel des droits de tous qu\u2019un syst\u00e8me judiciaire qui n\u2019ob\u00e9it \u00e0 aucune autre obligation que de faire en sorte que justice soit faite, sans tenir compte de l\u2019appartenance ethnique de ceux qui se pr\u00e9sentent devant lui.<\/p>\n<p>Pourtant, en Isra\u00ebl, de mani\u00e8re structurelle, le recours \u00e0 la Justice par les citoyens palestiniens est illusoire, tant il est con\u00e7u pour perp\u00e9tuer leur condition de citoyens de seconde classe, de fa\u00e7on tr\u00e8s similaire \u00e0 ce qui se passait pour les citoyens afro-am\u00e9ricains aux \u00c9tats-Unis, qui ont longtemps subi les pratiques obscures de la th\u00e9orie \u201c<em>s\u00e9par\u00e9s mais \u00e9gaux<\/em>\u201d.<\/p>\n<p>Par exemple, plus de 200 jugements importants prononc\u00e9s par la <a href=\"http:\/\/elyon1.court.gov.il\/eng\/home\/index.html\" target=\"_blank\">Cour Supr\u00eame d\u2019Isra\u00ebl<\/a> ont \u00e9t\u00e9 traduits en anglais et publi\u00e9s sur le site web de la Cour, ainsi que l\u2019original en h\u00e9breu. Et, alors que la majorit\u00e9 de ces jugements concernent des citoyens palestiniens d\u2019Isra\u00ebl, aucun n\u2019a jamais \u00e9t\u00e9 traduit en arabe [2].<\/p>\n<p>Dans l\u2019histoire de la Cour Supr\u00eame isra\u00e9lienne, il n\u2019y a eu que deux juges appartenant \u00e0 la minorit\u00e9 palestinienne, et parmi eux aucun n\u2019\u00e9tait une femme. Actuellement, tous les 15 membres de la Cour Supr\u00eame, \u00e0 l\u2019exception d\u2019un seul, sont Juifs. Au niveau des juridictions ordinaires, les Palestiniens d\u2019Isra\u00ebl repr\u00e9sentent moins de 5% de ceux qui occupent une fonction judiciaire, et la proportion est plus faible encore parmi ceux qui pr\u00e9sident un tribunal du travail.<\/p>\n<p>Historiquement, la Cour Supr\u00eame a adopt\u00e9 les valeurs majoritaires, dans ce qui ne peut \u00eatre d\u00e9crit que comme une abdication globale de sa responsabilit\u00e9 de faire en sorte que la Justice soit rendue de mani\u00e8re \u00e9gale pour Palestiniens et Juifs. Ainsi, la Cour Supr\u00eame a soutenu les restrictions inscrites dans la \u201c<a href=\"http:\/\/www.jewishvirtuallibrary.org\/israel-s-law-of-return\" target=\"_blank\">Loi du retour<\/a>\u201d\u00a0de 1950, qui permet \u00e0 tout Juif d\u2019\u00e9migrer en Isra\u00ebl et d\u2019en obtenir la citoyennet\u00e9, mais qui refuse la m\u00eame protection aux Palestiniens, m\u00eame ceux qui sont n\u00e9s dans le territoire qui constitue aujourd\u2019hui l\u2019\u00c9tat d\u2019Isra\u00ebl.<\/p>\n<p>De m\u00eame, la Cour a soutenu la l\u00e9galit\u00e9 de la <a href=\"http:\/\/www.tau.ac.il\/law\/barakerez\/articals\/30.pdf\" target=\"_blank\">loi de janvier 2003<\/a> sur l\u2019unification des familles, qui emp\u00eache un citoyen [isra\u00e9lo-]palestinien de construire une famille en Isra\u00ebl avec une \u00e9pouse palestinienne des territoires occup\u00e9s. Cette loi controvers\u00e9e a \u00e9t\u00e9 introduite comme un amendement de la \u201cLoi sur la citoyennet\u00e9\u201d de 1952, qui r\u00e9glemente l\u2019octroi de la citoyennet\u00e9 aux non-juifs.<\/p>\n<p>En 2014, la Cour Supr\u00eame a rejet\u00e9 une p\u00e9tition introduite par <a href=\"http:\/\/imeu.cmail2.com\/t\/r-l-mhikdhk-jihlkyydyh-n\/\" target=\"_blank\">Adalah<\/a>, le centre de d\u00e9fense juridique de la minorit\u00e9 arabe en Isra\u00ebl, qui contestait la judaisation permanente de terres appartenant \u00e0 des Palestiniens, initialement confisqu\u00e9es \u00e0 des <a href=\"http:\/\/mondoweiss.net\/2013\/03\/historical-israeli-planning\" target=\"_blank\">r\u00e9fugi\u00e9s palestiniens<\/a> \u00e0 l\u2019int\u00e9rieur d\u2019Isra\u00ebl. Selon Adalah, la d\u00e9cision de la Cour <a href=\"http:\/\/adalah.org\/eng\/Articles\/2327\/Israeli-Supreme-Court-upholds-_Admissions-Law_-to\" target=\"_blank\">consolide la s\u00e9gr\u00e9gation raciale<\/a>, et \u2013 comme<a href=\"http:\/\/mondoweiss.net\/2014\/09\/allowing-discrimination-palestinians\/\" target=\"_blank\"> l\u2019\u00e9crit Annie Robbins sur le site Mondoweis<\/a> \u2013 \u201c<em>aboutira \u00e0 la poursuite de la concentration et au confinement de la population palestinienne en Isra\u00ebl<\/em>\u201d.<\/p>\n<p>Il ne s\u2019agit l\u00e0 que de quelques unes des nombreuses d\u00e9cisions de la Cour Supr\u00eame qui ont d\u00e9favorablement affect\u00e9 les citoyens palestiniens d\u2019Isra\u00ebl essentiellement sur base de leur statut de citoyen de seconde classe.<\/p>\n<p>La d\u00e9finition de l\u2019\u00c9tat d\u2019Isra\u00ebl comme \u201c\u00c9tat juif\u201d fait des in\u00e9galit\u00e9s et des discriminations contre les Palestiniens un objectif politique. Le mariage des termes \u201cJuif\u201d et \u201cd\u00e9mocratique\u201d garantit\u00a0la la discrimination contre les citoyens qui ne sont pas juifs, et entrave n\u00e9cessairement la r\u00e9alisation d\u2019une \u00e9galit\u00e9 compl\u00e8te entre tous les citoyens d\u2019Isra\u00ebl.<\/p>\n<p>Isra\u00ebl a am\u00e9lior\u00e9 son art de vendre subtilement une version\u00a0\u00abnuanc\u00e9e\u00bb d\u2019un r\u00e9cit imaginaire de ce dont\u00a0nous, aux \u00c9tats-Unis, nous avons toujours os\u00e9 r\u00eaver.<\/p>\n<p>Ce \u00e0 quoi, cependant, l\u2019\u201c<em>\u00c9tat juif<\/em>\u201d n\u2019a pas encore \u00e9t\u00e9 confront\u00e9, c\u2019est\u00a0que, finalement, les mythes concernant l\u2019\u00e9galit\u00e9 des chances et la justice pour environ 20%\u00a0de sa population sont sp\u00e9cieux\u00a0et qu\u2019en fin de compte de telles sornettes ne r\u00e9sistent pas au temps, que ce soit par la force de la loi ou, tragiquement, par la violence.<\/p>\n<p>Stanley L. Cohen<\/p>\n<hr \/>\n<p>Source:\u00a0<a href=\"http:\/\/www.aljazeera.com\/indepth\/features\/2017\/02\/jim-crow-alive-israel-170226083918015.html\" target=\"_blank\">Al Jazeera News<\/a>\u00a0\u2013 Traduction : Luc Delval<\/p>\n<p><span lang=\"EN-GB\"><a href=\"http:\/\/www.aljazeera.com\/profile\/stanley-l-cohen.html\" target=\"_blank\">Stanley L. Cohen<\/a>\u00a0est un avocat et un militant des droits humains bas\u00e9 aux \u00c9tats-Unis, qui a beaucoup \u00e9tudi\u00e9 le Moyen-Orient et l\u2019Afrique. Il a travaill\u00e9 dans de nombreux dossiers juridiques internationaux, y compris celui qui concernait le leader du Hamas\u00a0Mousa Abu Marzook. Il a travaill\u00e9 comme consultant pour des gouvernements et des organisations du Moyen-Orient, dont le Hamas et le Hezbollah, et des ONG et fondations en Palestine, en \u00c9gypte, en Syrie, au Liban, en Arabie Saoudite et en Turquie.<\/span><\/p>\n<p><span lang=\"EN-GB\">[1] pour m\u00e9moire, 20% de la population d\u2019Isra\u00ebl sont des Palestiniens \u2013 NDLR<br \/>\n[2] l\u2019arabe est officiellement la seconde langue officielle de l\u2019\u00c9tat d\u2019Isra\u00ebl \u2013 NDLR<\/span><\/p>\n<p>&nbsp;<\/p>\n<h2><a href=\"https:\/\/bruxelles-pantheres.be\/wp-content\/uploads\/2017\/04\/Baltimore_avr2015-350x233.jpg\"><img decoding=\"async\" class=\"size-full wp-image-3243 aligncenter\" src=\"https:\/\/bruxelles-pantheres.be\/wp-content\/uploads\/2017\/04\/Baltimore_avr2015-350x233.jpg\" alt=\"\" width=\"350\" height=\"233\" srcset=\"https:\/\/bruxelles-pantheres.be\/wp-content\/uploads\/2017\/04\/Baltimore_avr2015-350x233.jpg 350w, https:\/\/bruxelles-pantheres.be\/wp-content\/uploads\/2017\/04\/Baltimore_avr2015-350x233-300x200.jpg 300w\" sizes=\"(max-width: 350px) 100vw, 350px\" \/><\/a><\/h2>\n<h2 style=\"text-align: center;\">Jim Crow, de sinistre m\u00e9moire<\/h2>\n<div id=\"pressrelease-content-22889\" class=\"sh-content pressrelease-content sh-show\">\n<p><strong>Jim Crow<\/strong> \u00e9tait le nom donn\u00e9 au syst\u00e8me de castes raciales qui a \u00e9t\u00e9 en vigueur principalement, mais non exclusivement, dans les \u00e9tats du sud des \u00c9tats-Unis et dans les \u00e9tats frontaliers, entre 1877 et le milieu des ann\u00e9es 1960. <strong>Jim Crow<\/strong> \u00e9tait plus qu\u2019une s\u00e9rie de rigides lois anti-<em>n\u00e8gres<\/em>. C\u2019\u00e9tait une mani\u00e8re de vivre.<\/p>\n<p>En th\u00e9orie, l\u2019adoption des 13<sup>e<\/sup>, 14<sup>e<\/sup> et 15<sup>e<\/sup> amendements de la Constitution a accord\u00e9 aux Noirs les m\u00eames protections l\u00e9gales qu\u2019aux Blancs. Mais apr\u00e8s 1877 et l\u2019\u00e9lection du R\u00e9publicain <a href=\"https:\/\/fr.wikipedia.org\/wiki\/Rutherford_B._Hayes\" target=\"_blank\">Rutherford B. Hayes<\/a>, les \u00e9tats du sud et les \u00e9tats frontaliers ont commenc\u00e9 \u00e0 restreindre les libert\u00e9s des Noirs, avec l\u2019aide de la Cour Supr\u00eame, dont les arr\u00eats ont l\u00e9gitim\u00e9 <strong>Jim Crow<\/strong>. Par exemple, certaines lois n\u2019autorisaient \u00e0 voter que ceux dont les anc\u00eatres avaient vot\u00e9 avant la \u201cguerre de s\u00e9cession\u201d (tous blancs, bien entendu), ou encore imposaient des \u201ctests d\u2019alphab\u00e9tisation\u201d avec des questions choisies pour \u00e9liminer pratiquement tous les noirs.<\/p>\n<p>Sous <strong>Jim Crow<\/strong>, les Afro-am\u00e9ricains \u00e9taient rel\u00e9gu\u00e9s dans un statut de citoyens de deuxi\u00e8me cat\u00e9gorie. <strong>Jim Crow<\/strong> repr\u00e9sentait la l\u00e9gitimation du racisme anti-noirs. Beaucoup de membres du clerg\u00e9 chr\u00e9tien et de th\u00e9ologiens soutenaient que les Blancs \u00e9taient \u201c<strong><em>le peuple \u00e9lu<\/em><\/strong>\u201d, que les Noirs \u00e9taient destin\u00e9s \u00e0 \u00eatre leurs serviteurs, et que Dieu \u00e9tait en faveur de la s\u00e9gr\u00e9gation raciale.<\/p>\n<p>Toutes sortes de \u201cscientifiques\u201d \u2013 se passionnant les uns pour l\u2019\u00e9tude des formes compar\u00e9es des cr\u00e2nes, les autres\u00a0 pour l\u2019eug\u00e9nisme, les troisi\u00e8mes pour la phr\u00e9nologie, et autres adeptes du \u201c<em>darwinisme social<\/em>\u201d \u2013 rivalisaient d\u2019imagination pour donner un pr\u00e9tendu fondement scientifique \u00e0 l\u2019id\u00e9e que les Noirs \u00e9taient, par nature, intellectuellement et culturellement inf\u00e9rieurs aux Blancs.<\/p>\n<p><a href=\"https:\/\/bruxelles-pantheres.be\/wp-content\/uploads\/2017\/04\/lynchage_WITHOUT-SANCTUARY_300x475-253x400.jpg\"><img decoding=\"async\" class=\"size-full wp-image-3244 alignleft\" src=\"https:\/\/bruxelles-pantheres.be\/wp-content\/uploads\/2017\/04\/lynchage_WITHOUT-SANCTUARY_300x475-253x400.jpg\" alt=\"\" width=\"253\" height=\"400\" srcset=\"https:\/\/bruxelles-pantheres.be\/wp-content\/uploads\/2017\/04\/lynchage_WITHOUT-SANCTUARY_300x475-253x400.jpg 253w, https:\/\/bruxelles-pantheres.be\/wp-content\/uploads\/2017\/04\/lynchage_WITHOUT-SANCTUARY_300x475-253x400-190x300.jpg 190w\" sizes=\"(max-width: 253px) 100vw, 253px\" \/><\/a>Les politiciens pro-s\u00e9gr\u00e9gation se r\u00e9pandaient en discours sur les grands dangers de l\u2019int\u00e9gration : l\u2019ab\u00e2tar\u00addisse\u00adment de la \u201crace blanche\u201d. Dans les journaux et les magazines, les Noirs \u00e9taient couramment d\u00e9sign\u00e9s comme les \u201c<em>n\u00e8gres<\/em>\u201d ou sous les termes insultants de \u201c<em>coon<\/em>\u201d ou de \u201c<em>darkies<\/em>\u201d, et les articles qui renfor\u00e7aient les st\u00e9r\u00e9otypes raciaux anti-noirs \u00e9taient d\u2019une grande banalit\u00e9. M\u00eames jeux d\u2019enfants (blancs) repr\u00e9sentaient les Noirs comme des \u00eatres inf\u00e9rieurs, et toutes les institutions sociales refl\u00e9taient et soutenaient l\u2019oppression des Noirs.<\/p>\n<p>Le syst\u00e8me <strong>Jim Crow<\/strong> reposait sur une s\u00e9rie de croyances et de rationalisations des pr\u00e9jug\u00e9s raciaux : les Blancs \u00e9taient sup\u00e9rieurs aux Noirs pour tout ce qui \u00e9tait important, \u00e0 savoir (liste non limitative) l\u2019intelligence, la moralit\u00e9, le comportement civilis\u00e9,\u2026 et les relations sexuelles entre Blancs et Noirs ne pouvaient que produire qu\u2019une race de b\u00e2tards qui d\u00e9truirait l\u2019Am\u00e9rique. Traiter les Noirs en \u00e9gaux encouragerait ces relations sexuelles, de m\u00eame d\u2019ailleurs que toute forme d\u2019activit\u00e9 sociale de nature \u00e0 sugg\u00e9rer une \u00e9galit\u00e9 raciale. Si n\u00e9cessaire, la violence devait \u00eatre utilis\u00e9e pour garder les Noirs au niveau inf\u00e9rieur de la hi\u00e9rarchie des races.<\/p>\n<p>\u00c9videmment, des lois \u201canti-m\u00e9tissage\u201d, interdisant les mariages \u201cmixtes\u201d et les relations sexuelles entre \u201c<em>blancs<\/em>\u201c et \u201c<em>color\u00e9s<\/em>\u201d furent \u00e9dict\u00e9es dans de nombreux \u00e9tats. Ind\u00e9pendamment des sanctions pr\u00e9vues par la loi, les Noirs accus\u00e9s d\u2019avoir eu des relations sexuelles avec une \u201cblanche\u201d (\u00e9tant entendu que cela \u00e9tait forc\u00e9ment qualifi\u00e9 de viol) l\u2019ont tr\u00e8s souvent pay\u00e9 de leur vie dans des conditions atroces.<\/p>\n<p>Sous <strong>Jim Crow<\/strong> :<\/p>\n<ul>\n<li>Un homme noir ne pouvait tendre la main \u00e0 un homme blanc pour le saluer, car cela aurait impliqu\u00e9 qu\u2019il lui soit socialement \u00e9gal. \u00c9videmment, un homme noir ne pouvait tendre la main, ou quelque partie que ce soit de son corps, \u00e0 une femme blanche sans \u00eatre susceptible d\u2019\u00eatre accus\u00e9 de viol.<\/li>\n<li>Blancs et Noirs n\u2019\u00e9taient pas suppos\u00e9s manger ensemble. Si cela se produisait, les Blancs devaient \u00eatre servis en premier lieu, et il devait y avoir une s\u00e9paration quelconque entre eux.<\/li>\n<li>En aucune circonstance, un homme noir n\u2019\u00e9tait autoris\u00e9 \u00e0 offrir du feu \u00e0 une femme blanche pour allumer une cigarette, car cela aurait sugg\u00e9r\u00e9 une forme d\u2019intimit\u00e9.<\/li>\n<li>Les Noirs n\u2019\u00e9taient pas autoris\u00e9s \u00e0 manifester de l\u2019affection les uns envers les autres en public, sp\u00e9cialement s\u2019il s\u2019agissait de s\u2019embrasser, car cela aurait choqu\u00e9 les Blancs.<\/li>\n<li>Les \u201cbonnes mani\u00e8res\u201d imposaient que les Noirs soient pr\u00e9sent\u00e9s aux Blancs, jamais l\u2019inverse. Par exemple, \u00ab<em>M. Peters<\/em> (le Blanc)<em>, voici Charlie<\/em> (le Noir)<em>, dont je vous ai parl\u00e9<\/em>\u00bb.<\/li>\n<li>Les Blancs n\u2019utilisaient pas de formules de courtoisie pour d\u00e9signer les Noirs. Par exemple \u201cMonsieur\u201d, \u201cMadame\u201d, \u201cMademoiselle\u201d,\u2026 Au lieu de cela, ils \u00e9taient simplement d\u00e9sign\u00e9s pas leur pr\u00e9nom. En revanche, les Noirs \u00e9taient suppos\u00e9s faire r\u00e9f\u00e9rence aux Blancs sans omettre aucune marque de respect, et il \u00e9tait hors de question qu\u2019ils les appellent par leur pr\u00e9nom.<\/li>\n<li>Si un Noir voyageait dans une automobile conduite par un Blanc, il \u00e9tait suppos\u00e9 s\u2019asseoir sur le si\u00e8ge \u00e0 l\u2019arri\u00e8re, ou s\u2019il s\u2019agissait d\u2019un camion dans le compartiment des marchandises.<\/li>\n<li>Les conducteurs blancs avaient toujours la priorit\u00e9 aux carrefours.<\/li>\n<\/ul>\n<p>Les r\u00e8gles de l\u2019\u00e9tiquette compl\u00e9taient les lois de <strong>Jim Crow<\/strong> : la plupart des gens pensent d\u2019abord aux lois comme par exemple celles qui excluaient les afro-am\u00e9ricains des transports publics, du droit de si\u00e9ger dans les jurys dans les tribunaux, d\u2019occuper certains emplois ou d\u2019habiter dans certains quartiers. Il y avait des h\u00f4pitaux s\u00e9par\u00e9s pour blancs et noirs, et m\u00eame les prisons \u00e9taient s\u00e9par\u00e9es. Le cas \u00e9ch\u00e9ant, une loi pr\u00e9voyait des plages s\u00e9par\u00e9es pour blancs et noirs\u2026 mais\u00a0en pratique\u00a0les plages r\u00e9serv\u00e9es aux noirs n\u2019existaient pas.<\/p>\n<p>source : <a href=\"http:\/\/www.ferris.edu\/jimcrow\/what.htm\" target=\"_blank\">Jim Crow Museum of racist memorabilia<\/a><\/p>\n<hr \/>\n<p><a href=\"https:\/\/bruxelles-pantheres.be\/wp-content\/uploads\/2017\/04\/hitlers_american_model-260x400.jpg\"><img decoding=\"async\" class=\"size-full wp-image-3245 alignleft\" src=\"https:\/\/bruxelles-pantheres.be\/wp-content\/uploads\/2017\/04\/hitlers_american_model-260x400.jpg\" alt=\"\" width=\"260\" height=\"400\" srcset=\"https:\/\/bruxelles-pantheres.be\/wp-content\/uploads\/2017\/04\/hitlers_american_model-260x400.jpg 260w, https:\/\/bruxelles-pantheres.be\/wp-content\/uploads\/2017\/04\/hitlers_american_model-260x400-195x300.jpg 195w\" sizes=\"(max-width: 260px) 100vw, 260px\" \/><\/a><strong>Les nazis ont jug\u00e9 \u201cJim Crow\u201d trop extr\u00e9miste<\/strong><br \/>\n<strong>pour le transposer dans leurs lois contre les Juifs<\/strong><\/p>\n<p>Un livre r\u00e9cent [2017] jette une une lumi\u00e8re crue sur <strong>Jim Crow<\/strong>. Il s\u2019agit de \u201c<strong>Hitler\u2019s American Model<\/strong>\u00ab\u00a0, par <a href=\"https:\/\/en.wikipedia.org\/wiki\/James_Whitman\" target=\"_blank\"><strong>James Q. Whitman<\/strong><\/a>, historien et juriste, enseignant\u00a0dans les Universit\u00e9s de Yale et de Columbia, laur\u00e9at de la Bourse Guggenheim des sciences sociales, qui a \u00e9tudi\u00e9 le processus selon lequel apr\u00e8s l\u2019arriv\u00e9e au pouvoir des nazis en Allemagne, leurs juristes ont pr\u00e9par\u00e9 ce qu\u2019on appelle couramment les \u201c<em>lois de Nuremberg<\/em>\u201d, qui ont jet\u00e9 les bases juridiques des pers\u00e9cutions raciales antis\u00e9mites dans l\u2019Allemagne nazie.<\/p>\n<p>A cette \u00e9poque, les nazis n\u2019avaient pas encore l\u2019inten\u00adtion d\u2019exterminer les Juifs, qu\u2019ils voulaient \u201cseulement\u201d exiler, rappelle-t-il. \u00a0Il note : \u00ab<em>Il est particuli\u00e8rement remarquable que les auteurs nazis du d\u00e9but des ann\u00e9es 1930 voyaient un clair parall\u00e8le entre le \u201cprobl\u00e8me n\u00e8gre\u201d des Am\u00e9ricains et leur propre \u201cprobl\u00e8me juif\u201d; il est tout simplement faux d\u2019affirmer, comme certains \u00e9rudits l\u2019ont fait, que l\u2019Am\u00e9rique n\u2019\u00e9tait d\u2019aucun int\u00e9r\u00eat pour l\u2019Allemagne nazie parce que les Juifs n\u2019y \u00e9taient pas pers\u00e9cut\u00e9s. Par exemple, [un auteur nazi] estimait que le seul espoir restant \u00e0 l\u2019Am\u00e9rique \u00e9tait une d\u00e9portation en masse des noirs \u2013 exactement comme le seul espoir\u00a0 des Allemands r\u00e9sidant dans le mouvement sioniste\u00bb<\/em>.<br \/>\nLes juristes nazis ont cherch\u00e9, dans les l\u00e9gislations \u00e9trang\u00e8res, des textes dont ils pourraient utilement s\u2019inspirer, et les \u00c9tats-Unis (ainsi que d\u2019autres pays anglo-saxons) les leur en ont fournis en abondance. Il y avait \u00e0 cette \u00e9poque des l\u00e9gislations raciales dans au moins 30 des \u00e9tats am\u00e9ricains.<\/p>\n<p>L\u2019auteur, analysant les minutes de r\u00e9unions de dignitaires nazis de haut niveau charg\u00e9s de pr\u00e9parer les textes en question, \u00e9tablit que parmi eux les plus enthousiastes vis-\u00e0-vis des lois \u00e9tatsuniennes de l\u2019\u00e9poque, et de \u201c<strong>Jim Crow<\/strong>\u201d en g\u00e9n\u00e9ral, \u00e9taient les plus violemment racistes, les plus d\u00e9sireux de doter l\u2019Allemagne de la l\u00e9gislation la plus ouvertement raciste et la plus radicalement antis\u00e9mite possible.<\/p>\n<p>Qui plus est, les nazis qui \u00e9tudiaient la l\u00e9gislation raciale en vigueur aux \u00c9tats-Unis \u2013 m\u00eame les plus radicaux d\u2019entre eux \u2013 avaient estim\u00e9, selon <strong>James Q. Whitman<\/strong>, qu\u2019\u00e0 certains \u00e9gards elle \u201c<em>allait trop loin<\/em>\u201d, notamment en ce qui concerne les textes visant \u00e0 prohiber les m\u00e9tissages. Ceux-ci leur ont paru \u201c<em>trop durs<\/em>\u201d pour \u00eatre transpos\u00e9s tels quels dans la l\u00e9gislation du III<sup>\u00e8me<\/sup> Reich, particuli\u00e8rement\u00a0en ce qui concerne le classement abrupt, binaire, op\u00e9r\u00e9 entre \u201cblancs\u201d et \u201cnon-blancs\u201d.<\/p>\n<p>Aux \u00c9tats-Unis, on a longtemps consid\u00e9r\u00e9 comme noire toute personne ayant non pas un ou deux grands-parents\u00a0afro-am\u00e9ricains, mais simplement un anc\u00eatre noir. Cette r\u00e8gle a \u00e9t\u00e9 institutionnalis\u00e9e dans nombre d\u2019\u00c9tats du sud et servait de base au r\u00e9gime de s\u00e9gr\u00e9gation. Elle est entr\u00e9e dans l\u2019histoire comme la \u00ab r\u00e8gle de l\u2019unique goutte de sang \u00bb : une seule goutte de sang noir vous rangeait dans la cat\u00e9gorie honnie des \u201cpersonnes de couleur\u201d. Les nazis ont eu soin de se montrer plus nuanc\u00e9s que les l\u00e9gislateurs \u00e9tatsuniens quand il s\u2019est agi pour eux de d\u00e9cider qui devait \u00eatre juridiquement consid\u00e9r\u00e9 comme Juif.<\/p>\n<p>Aux \u00c9tats-Unis, dans certains \u00e9tats du sud, la\u00a0\u00ab r\u00e8gle de l\u2019unique goutte de sang \u00bb \u00a0visant notamment \u00e0 d\u00e9courager les mariages inter-raciaux est rest\u00e9e en vigueur jusqu\u2019en 1967 !<\/p>\n<p>L.D.<\/p>\n<p><a href=\"http:\/\/www.pourlapalestine.be\/jim-crow-se-porte-bien-il-regne-en-israel\/\">Source<\/a><\/p>\n<\/div>\n","protected":false},"excerpt":{"rendered":"<p>\u201cJim Crow\u201d se porte bien, il r\u00e8gne en ma\u00eetre en Isra\u00ebl Stanley L Cohen Pendant des ann\u00e9es, Isra\u00ebl nous a vendu \u2013 et nous, aux \u00c9tats-Unis nous \u00e9tions de bons clients \u2013 son slogan \u00e0 bon march\u00e9 pr\u00e9tendant \u00eatre\u00a0\u201cla seule d\u00e9mocratie\u201d au Moyen-Orient. Il est entour\u00e9 de paroles qui sonnent agr\u00e9ablement et qui, quelle que &#8230; <a title=\"\u201cJim Crow\u201d se porte bien, il r\u00e8gne en ma\u00eetre en Isra\u00ebl\" class=\"read-more\" href=\"https:\/\/bruxelles-pantheres.be\/?p=3241\" aria-label=\"En savoir plus sur \u201cJim Crow\u201d se porte bien, il r\u00e8gne en ma\u00eetre en Isra\u00ebl\">Lire la suite<\/a><\/p>\n","protected":false},"author":1,"featured_media":3160,"comment_status":"open","ping_status":"open","sticky":false,"template":"","format":"standard","meta":{"footnotes":""},"categories":[6,28],"tags":[23,12,38,229,15],"class_list":["post-3241","post","type-post","status-publish","format-standard","has-post-thumbnail","hentry","category-palestine-moyen-orient","category-racismes","tag-discrimination","tag-gaza","tag-guerre","tag-jim-crow","tag-resistance"],"_links":{"self":[{"href":"https:\/\/bruxelles-pantheres.be\/index.php?rest_route=\/wp\/v2\/posts\/3241","targetHints":{"allow":["GET"]}}],"collection":[{"href":"https:\/\/bruxelles-pantheres.be\/index.php?rest_route=\/wp\/v2\/posts"}],"about":[{"href":"https:\/\/bruxelles-pantheres.be\/index.php?rest_route=\/wp\/v2\/types\/post"}],"author":[{"embeddable":true,"href":"https:\/\/bruxelles-pantheres.be\/index.php?rest_route=\/wp\/v2\/users\/1"}],"replies":[{"embeddable":true,"href":"https:\/\/bruxelles-pantheres.be\/index.php?rest_route=%2Fwp%2Fv2%2Fcomments&post=3241"}],"version-history":[{"count":2,"href":"https:\/\/bruxelles-pantheres.be\/index.php?rest_route=\/wp\/v2\/posts\/3241\/revisions"}],"predecessor-version":[{"id":3247,"href":"https:\/\/bruxelles-pantheres.be\/index.php?rest_route=\/wp\/v2\/posts\/3241\/revisions\/3247"}],"wp:featuredmedia":[{"embeddable":true,"href":"https:\/\/bruxelles-pantheres.be\/index.php?rest_route=\/wp\/v2\/media\/3160"}],"wp:attachment":[{"href":"https:\/\/bruxelles-pantheres.be\/index.php?rest_route=%2Fwp%2Fv2%2Fmedia&parent=3241"}],"wp:term":[{"taxonomy":"category","embeddable":true,"href":"https:\/\/bruxelles-pantheres.be\/index.php?rest_route=%2Fwp%2Fv2%2Fcategories&post=3241"},{"taxonomy":"post_tag","embeddable":true,"href":"https:\/\/bruxelles-pantheres.be\/index.php?rest_route=%2Fwp%2Fv2%2Ftags&post=3241"}],"curies":[{"name":"wp","href":"https:\/\/api.w.org\/{rel}","templated":true}]}}