{"id":3261,"date":"2017-05-19T14:33:44","date_gmt":"2017-05-19T13:33:44","guid":{"rendered":"https:\/\/bruxelles-pantheres.be\/?p=3261"},"modified":"2017-05-19T11:29:01","modified_gmt":"2017-05-19T10:29:01","slug":"nouveau-camouflet-judiciaire-pour-caroline-fourest","status":"publish","type":"post","link":"https:\/\/bruxelles-pantheres.be\/?p=3261","title":{"rendered":"Nouveau camouflet judiciaire pour Caroline Fourest."},"content":{"rendered":"<p style=\"text-align: center;\"><a href=\"https:\/\/bruxelles-pantheres.be\/wp-content\/uploads\/2017\/05\/fourest.jpg\"><img decoding=\"async\" class=\"alignnone size-full wp-image-3262\" src=\"https:\/\/bruxelles-pantheres.be\/wp-content\/uploads\/2017\/05\/fourest.jpg\" alt=\"\" width=\"460\" height=\"253\" srcset=\"https:\/\/bruxelles-pantheres.be\/wp-content\/uploads\/2017\/05\/fourest.jpg 460w, https:\/\/bruxelles-pantheres.be\/wp-content\/uploads\/2017\/05\/fourest-300x165.jpg 300w\" sizes=\"(max-width: 460px) 100vw, 460px\" \/><\/a><\/p>\n<p><strong>Nouveau camouflet judiciaire pour Caroline Fourest.<\/strong><\/p>\n<p>Non-lieu confirm\u00e9 pour Nordine Sa\u00efdi.<br \/>\nC\u2019est cette fois la cour d\u2019appel qui s\u2019est pench\u00e9e sur <a href=\"https:\/\/bruxelles-pantheres.be\/?p=1049\">la plainte d\u00e9pos\u00e9e par Caroline Fourest contre Nordine Sa\u00efdi dont le profil Facebook avait h\u00e9rit\u00e9 d\u2019un montage humoristique, associant la plaignante \u00e0 <strong>Anders Breivik<\/strong>, pour cause d\u2019islamophobie qui leur serait commune \u00e0 elle et au terroriste norv\u00e9gien. <\/a><a href=\"#_edn1\" name=\"_ednref1\">[i]<\/a><br \/>\nLa plainte qu\u2019a provoqu\u00e9e le montage photo montrant <strong>Caroline Fourest<\/strong> qui examine un exemplaire de Charlie Hebdo consacr\u00e9 \u00e0 Breivik, intitul\u00e9 \u00ab\u00a0 Breivik\u00a0: le terroriste pr\u00e9f\u00e9r\u00e9 de l\u2019islamophobe Caroline Fourest\u00a0\u00bb, faisait suite \u00e0 <a href=\"https:\/\/bruxelles-pantheres.be\/?p=1349\">une conf\u00e9rence que Caroline Fourest\u00a0 a faite \u00e0 l\u2019U.L.B. quelques jours plus t\u00f4t mais o\u00f9 elle n\u2019avait pas pu prendre la parole \u00e0 la suite d\u2019un chahut de ses d\u00e9tracteurs, parmi lesquels Nordine Sa\u00efdi.<\/a><a href=\"#_edn2\" name=\"_ednref2\">[ii]<\/a><br \/>\nLa plainte \u00e9tait donc une petite vengeance\u2026<br \/>\nRetenant les arguments du b\u00e2tonnier\u00a0 <strong>Jean-Marie Dermagne<\/strong>, les juges, <a href=\"https:\/\/bruxelles-pantheres.be\/?p=3084\">tant en appel qu\u2019en premi\u00e8re instance<\/a><a href=\"#_edn3\" name=\"_ednref3\">[iii]<\/a>, ont rejet\u00e9 les griefs de Madame Fourest, d\u00e9fendue, \u00e0 cette occasion, par <strong>Me Marc Uyttendaele,<\/strong> la condamnant au passage aux frais de justice ainsi qu\u2019a une indemnit\u00e9 de 500 \u20ac au profit de Nordine Sa\u00efdi.<br \/>\nL\u2019arroseuse arros\u00e9e, en quelque sorte.<\/p>\n<p>&nbsp;<\/p>\n<p style=\"text-align: right;\">\n<strong>Bruxelles Panth\u00e8res<\/strong><\/p>\n<p style=\"text-align: right;\">Contact: (0032)476\/84.19.69<\/p>\n<p style=\"text-align: right;\"><strong>Ma\u00eetre Jean-Marie Dermagne<\/strong>, <a href=\"mailto:cabinet.dermagne@skynet.be\">cabinet.dermagne@skynet.be<\/a>;<\/p>\n<p style=\"text-align: right;\"><strong>Dermagne &amp; Associ\u00e9s Cabinet d\u2019Avocats<\/strong>, Rue de Behogne 78, 5580 Rochefort, tel 084\/213641<\/p>\n<p>&nbsp;<\/p>\n<p><a href=\"#_ednref1\" name=\"_edn1\">[i]<\/a> https:\/\/bruxelles-pantheres.be\/?p=1049<\/p>\n<p><a href=\"#_ednref2\" name=\"_edn2\">[ii]<\/a> https:\/\/bruxelles-pantheres.be\/?p=1349<\/p>\n<p><a href=\"#_ednref3\" name=\"_edn3\">[iii]<\/a> https:\/\/bruxelles-pantheres.be\/?p=3084<\/p>\n","protected":false},"excerpt":{"rendered":"<p>Nouveau camouflet judiciaire pour Caroline Fourest. Non-lieu confirm\u00e9 pour Nordine Sa\u00efdi. C\u2019est cette fois la cour d\u2019appel qui s\u2019est pench\u00e9e sur la plainte d\u00e9pos\u00e9e par Caroline Fourest contre Nordine Sa\u00efdi dont le profil Facebook avait h\u00e9rit\u00e9 d\u2019un montage humoristique, associant la plaignante \u00e0 Anders Breivik, pour cause d\u2019islamophobie qui leur serait commune \u00e0 elle et &#8230; <a title=\"Nouveau camouflet judiciaire pour Caroline Fourest.\" class=\"read-more\" href=\"https:\/\/bruxelles-pantheres.be\/?p=3261\" aria-label=\"En savoir plus sur Nouveau camouflet judiciaire pour Caroline Fourest.\">Lire la suite<\/a><\/p>\n","protected":false},"author":1,"featured_media":247,"comment_status":"open","ping_status":"open","sticky":false,"template":"","format":"standard","meta":{"footnotes":""},"categories":[36,4,18,28],"tags":[31,14,232,59,13,15],"class_list":["post-3261","post","type-post","status-publish","format-standard","has-post-thumbnail","hentry","category-europe","category-islamophobie","category-resistance-bruxelles","category-racismes","tag-belgique","tag-bruxelles","tag-caroline-fourest","tag-jean-marie-dermagne","tag-nordine-saidi","tag-resistance"],"_links":{"self":[{"href":"https:\/\/bruxelles-pantheres.be\/index.php?rest_route=\/wp\/v2\/posts\/3261","targetHints":{"allow":["GET"]}}],"collection":[{"href":"https:\/\/bruxelles-pantheres.be\/index.php?rest_route=\/wp\/v2\/posts"}],"about":[{"href":"https:\/\/bruxelles-pantheres.be\/index.php?rest_route=\/wp\/v2\/types\/post"}],"author":[{"embeddable":true,"href":"https:\/\/bruxelles-pantheres.be\/index.php?rest_route=\/wp\/v2\/users\/1"}],"replies":[{"embeddable":true,"href":"https:\/\/bruxelles-pantheres.be\/index.php?rest_route=%2Fwp%2Fv2%2Fcomments&post=3261"}],"version-history":[{"count":3,"href":"https:\/\/bruxelles-pantheres.be\/index.php?rest_route=\/wp\/v2\/posts\/3261\/revisions"}],"predecessor-version":[{"id":3265,"href":"https:\/\/bruxelles-pantheres.be\/index.php?rest_route=\/wp\/v2\/posts\/3261\/revisions\/3265"}],"wp:featuredmedia":[{"embeddable":true,"href":"https:\/\/bruxelles-pantheres.be\/index.php?rest_route=\/wp\/v2\/media\/247"}],"wp:attachment":[{"href":"https:\/\/bruxelles-pantheres.be\/index.php?rest_route=%2Fwp%2Fv2%2Fmedia&parent=3261"}],"wp:term":[{"taxonomy":"category","embeddable":true,"href":"https:\/\/bruxelles-pantheres.be\/index.php?rest_route=%2Fwp%2Fv2%2Fcategories&post=3261"},{"taxonomy":"post_tag","embeddable":true,"href":"https:\/\/bruxelles-pantheres.be\/index.php?rest_route=%2Fwp%2Fv2%2Ftags&post=3261"}],"curies":[{"name":"wp","href":"https:\/\/api.w.org\/{rel}","templated":true}]}}