{"id":3267,"date":"2017-05-28T21:55:19","date_gmt":"2017-05-28T20:55:19","guid":{"rendered":"https:\/\/bruxelles-pantheres.be\/?p=3267"},"modified":"2017-05-28T21:55:19","modified_gmt":"2017-05-28T20:55:19","slug":"quelques-idees-recues-sur-la-prison","status":"publish","type":"post","link":"https:\/\/bruxelles-pantheres.be\/?p=3267","title":{"rendered":"Quelques id\u00e9es re\u00e7ues sur la prison"},"content":{"rendered":"<h4 class=\"entry-title\"><b>Le temps de la campagne \u00e9lectorale, l\u2019OIP, en partenariat avec les auteurs de bande dessin\u00e9e de l\u2019\u00c9picerie s\u00e9quentielle, propose un dessin par semaine pour d\u00e9construire les id\u00e9es re\u00e7ues sur la prison.<\/b><\/h4>\n<div class=\"entry-content\">\n<p align=\"JUSTIFY\"><span lang=\"zxx\"><u><a href=\"https:\/\/oip.org\/analyse\/quelques-idees-recues-sur-la-prison\/\">https:\/\/oip.org\/analyse\/quelques-idees-recues-sur-la-prison\/<\/a><\/u><\/span><\/p>\n<p align=\"JUSTIFY\"><a href=\"https:\/\/entreleslignesentrelesmots.files.wordpress.com\/2017\/05\/alternatives-allonge.jpg\"><img decoding=\"async\" class=\"alignleft size-full wp-image-29688\" src=\"https:\/\/entreleslignesentrelesmots.files.wordpress.com\/2017\/05\/alternatives-allonge.jpg?w=500&amp;h=444\" sizes=\"(max-width: 500px) 100vw, 500px\" srcset=\"https:\/\/entreleslignesentrelesmots.files.wordpress.com\/2017\/05\/alternatives-allonge.jpg?w=500&amp;h=444 500w, https:\/\/entreleslignesentrelesmots.files.wordpress.com\/2017\/05\/alternatives-allonge.jpg?w=1000&amp;h=888 1000w, https:\/\/entreleslignesentrelesmots.files.wordpress.com\/2017\/05\/alternatives-allonge.jpg?w=150&amp;h=133 150w, https:\/\/entreleslignesentrelesmots.files.wordpress.com\/2017\/05\/alternatives-allonge.jpg?w=300&amp;h=267 300w, https:\/\/entreleslignesentrelesmots.files.wordpress.com\/2017\/05\/alternatives-allonge.jpg?w=768&amp;h=683 768w\" alt=\"\" width=\"500\" height=\"444\" data-attachment-id=\"29688\" data-permalink=\"https:\/\/entreleslignesentrelesmots.wordpress.com\/2017\/05\/21\/quelques-idees-recues-sur-la-prison\/alternatives-allonge\/\" data-orig-file=\"https:\/\/entreleslignesentrelesmots.files.wordpress.com\/2017\/05\/alternatives-allonge.jpg?w=500&amp;h=444\" data-orig-size=\"1594,1417\" data-comments-opened=\"1\" data-image-meta=\"{&quot;aperture&quot;:&quot;0&quot;,&quot;credit&quot;:&quot;&quot;,&quot;camera&quot;:&quot;&quot;,&quot;caption&quot;:&quot;&quot;,&quot;created_timestamp&quot;:&quot;0&quot;,&quot;copyright&quot;:&quot;&quot;,&quot;focal_length&quot;:&quot;0&quot;,&quot;iso&quot;:&quot;0&quot;,&quot;shutter_speed&quot;:&quot;0&quot;,&quot;title&quot;:&quot;&quot;,&quot;orientation&quot;:&quot;0&quot;}\" data-image-title=\"alternatives-allonge\" data-image-description=\"\" data-medium-file=\"https:\/\/entreleslignesentrelesmots.files.wordpress.com\/2017\/05\/alternatives-allonge.jpg?w=500&amp;h=444?w=300\" data-large-file=\"https:\/\/entreleslignesentrelesmots.files.wordpress.com\/2017\/05\/alternatives-allonge.jpg?w=500&amp;h=444?w=500\" \/><\/a><\/p>\n<p align=\"CENTER\"><b>\u00a9Alexe Lolivrel<\/b><\/p>\n<p align=\"JUSTIFY\">Le co\u00fbt moyen d\u2019une ann\u00e9e de prison pour une personne d\u00e9tenue est estim\u00e9 \u00e0 32\u00a0000 euros, tandis que le co\u00fbt moyen annuel d\u2019une mesure en milieu ouvert est estim\u00e9 \u00e0 1\u00a0014 euros par personne. Par jour, la d\u00e9tention d\u2019une personne co\u00fbte en moyenne 100\u00a0euros. Une journ\u00e9e de semi-libert\u00e9, 50\u00a0euros. Tandis que le placement ext\u00e9rieur co\u00fbte en moyenne 31\u00a0euros par jours, et le placement sous surveillance \u00e9lectronique 10\u00a0euros.<\/p>\n<ul>\n<li>\n<p align=\"JUSTIFY\">D\u00e9couvrez\u00a0<span lang=\"zxx\"><u><a href=\"http:\/\/oip.org\/en-bref\/combien-coute-la-prison-quel-est-le-cout-compare-des-alternatives-a-la-prison\/\" target=\"_blank\" rel=\"noopener noreferrer\">le co\u00fbt des politiques constructivistes<\/a><\/u><\/span>.<\/p>\n<\/li>\n<li>\n<p align=\"JUSTIFY\">D\u00e9couvrez\u00a0<span lang=\"zxx\"><u><a href=\"http:\/\/oip.org\/en-bref\/quelles-sont-les-alternatives-possibles-a-la-prison\/\" target=\"_blank\" rel=\"noopener noreferrer\">les alternatives possibles<\/a><\/u><\/span>.<\/p>\n<\/li>\n<\/ul>\n<p><a href=\"https:\/\/entreleslignesentrelesmots.files.wordpress.com\/2017\/05\/oipleah.jpg\"><img decoding=\"async\" class=\"alignleft size-full wp-image-29689\" src=\"https:\/\/entreleslignesentrelesmots.files.wordpress.com\/2017\/05\/oipleah.jpg?w=500&amp;h=519\" sizes=\"(max-width: 500px) 100vw, 500px\" srcset=\"https:\/\/entreleslignesentrelesmots.files.wordpress.com\/2017\/05\/oipleah.jpg?w=500&amp;h=519 500w, https:\/\/entreleslignesentrelesmots.files.wordpress.com\/2017\/05\/oipleah.jpg?w=1000&amp;h=1038 1000w, https:\/\/entreleslignesentrelesmots.files.wordpress.com\/2017\/05\/oipleah.jpg?w=145&amp;h=150 145w, https:\/\/entreleslignesentrelesmots.files.wordpress.com\/2017\/05\/oipleah.jpg?w=289&amp;h=300 289w, https:\/\/entreleslignesentrelesmots.files.wordpress.com\/2017\/05\/oipleah.jpg?w=768&amp;h=797 768w, https:\/\/entreleslignesentrelesmots.files.wordpress.com\/2017\/05\/oipleah.jpg?w=987&amp;h=1024 987w\" alt=\"\" width=\"500\" height=\"519\" data-attachment-id=\"29689\" data-permalink=\"https:\/\/entreleslignesentrelesmots.wordpress.com\/2017\/05\/21\/quelques-idees-recues-sur-la-prison\/oipleah\/\" data-orig-file=\"https:\/\/entreleslignesentrelesmots.files.wordpress.com\/2017\/05\/oipleah.jpg?w=500&amp;h=519\" data-orig-size=\"1594,1654\" data-comments-opened=\"1\" data-image-meta=\"{&quot;aperture&quot;:&quot;0&quot;,&quot;credit&quot;:&quot;&quot;,&quot;camera&quot;:&quot;&quot;,&quot;caption&quot;:&quot;&quot;,&quot;created_timestamp&quot;:&quot;0&quot;,&quot;copyright&quot;:&quot;&quot;,&quot;focal_length&quot;:&quot;0&quot;,&quot;iso&quot;:&quot;0&quot;,&quot;shutter_speed&quot;:&quot;0&quot;,&quot;title&quot;:&quot;&quot;,&quot;orientation&quot;:&quot;0&quot;}\" data-image-title=\"oipleah\" data-image-description=\"\" data-medium-file=\"https:\/\/entreleslignesentrelesmots.files.wordpress.com\/2017\/05\/oipleah.jpg?w=500&amp;h=519?w=289\" data-large-file=\"https:\/\/entreleslignesentrelesmots.files.wordpress.com\/2017\/05\/oipleah.jpg?w=500&amp;h=519?w=500\" \/><\/a><\/p>\n<p align=\"CENTER\"><b>\u00a9Leah Touitou<\/b><\/p>\n<p align=\"JUSTIFY\">Une part importante des condamn\u00e9s sous \u00e9crou le sont pour l\u2019ex\u00e9cution d\u2019une courte peine de prison\u00a0: 36% purgent une peine de moins d\u2019un an d\u2019emprisonnement. Et 84% ont un reliquat de peine de moins de deux ans \u00e0 effectuer.\u00a0<strong><b>Les personnes condamn\u00e9es pour les crimes les plus graves sont tr\u00e8s minoritaires dans les prisons fran\u00e7aises\u00a0<\/b><\/strong>: les peines de 20 \u00e0 30 ans concernent\u00a0<strong><b>3,2%<\/b><\/strong>\u00a0des condamn\u00e9s, la perp\u00e9tuit\u00e9\u00a0<strong><b>0,8%<\/b><\/strong>.<\/p>\n<p align=\"JUSTIFY\">Les maisons d\u2019arr\u00eat, o\u00f9 se concentrent la surpopulation carc\u00e9rale, abritent\u00a0<strong><b>19\u00a0409 personnes ex\u00e9cutant un reliquat de peine de moins d\u2019un an de prison, et 4\u00a0138 de moins de deux ans<\/b><\/strong>\u00a0(au 1er\u00a0janvier 2017). Si celles dont la peine restant \u00e0 effectuer est de moins d\u2019un an en b\u00e9n\u00e9ficiaient d\u2019un am\u00e9nagement de peine comme la pr\u00e9vention de la r\u00e9cidive le requiert, il n\u2019y aurait plus de surpopulation en maisons d\u2019arr\u00eat et l\u2019encellulement individuel \u00e0 80 % pourrait \u00eatre atteint.<\/p>\n<ul>\n<li>\n<p align=\"JUSTIFY\">D\u00e9couvrez\u00a0<span lang=\"zxx\"><u><a href=\"http:\/\/oip.org\/en-bref\/qui-sont-les-personnes-incarcerees\/\">qui sont les personnes incarc\u00e9r\u00e9es<\/a><\/u><\/span>.<\/p>\n<\/li>\n<li>\n<p align=\"JUSTIFY\">D\u00e9couvrez <u>pour\u00a0<\/u><span lang=\"zxx\"><u><a href=\"http:\/\/oip.org\/en-bref\/pour-quels-types-de-delits-et-quelles-peines-les-personnes-detenues-sont-elles-incarcerees\/\">quels types de d\u00e9lits<\/a><\/u><\/span>\u00a0elles sont incarc\u00e9r\u00e9es.<\/p>\n<\/li>\n<\/ul>\n<p align=\"CENTER\"><a href=\"https:\/\/entreleslignesentrelesmots.files.wordpress.com\/2017\/05\/oipemy3.jpg\"><img decoding=\"async\" class=\"alignleft size-full wp-image-29690\" src=\"https:\/\/entreleslignesentrelesmots.files.wordpress.com\/2017\/05\/oipemy3.jpg?w=500&amp;h=519\" sizes=\"(max-width: 500px) 100vw, 500px\" srcset=\"https:\/\/entreleslignesentrelesmots.files.wordpress.com\/2017\/05\/oipemy3.jpg?w=500&amp;h=519 500w, https:\/\/entreleslignesentrelesmots.files.wordpress.com\/2017\/05\/oipemy3.jpg?w=1000&amp;h=1038 1000w, https:\/\/entreleslignesentrelesmots.files.wordpress.com\/2017\/05\/oipemy3.jpg?w=145&amp;h=150 145w, https:\/\/entreleslignesentrelesmots.files.wordpress.com\/2017\/05\/oipemy3.jpg?w=289&amp;h=300 289w, https:\/\/entreleslignesentrelesmots.files.wordpress.com\/2017\/05\/oipemy3.jpg?w=768&amp;h=797 768w, https:\/\/entreleslignesentrelesmots.files.wordpress.com\/2017\/05\/oipemy3.jpg?w=987&amp;h=1024 987w\" alt=\"\" width=\"500\" height=\"519\" data-attachment-id=\"29690\" data-permalink=\"https:\/\/entreleslignesentrelesmots.wordpress.com\/2017\/05\/21\/quelques-idees-recues-sur-la-prison\/oipemy3\/\" data-orig-file=\"https:\/\/entreleslignesentrelesmots.files.wordpress.com\/2017\/05\/oipemy3.jpg?w=500&amp;h=519\" data-orig-size=\"1594,1654\" data-comments-opened=\"1\" data-image-meta=\"{&quot;aperture&quot;:&quot;0&quot;,&quot;credit&quot;:&quot;&quot;,&quot;camera&quot;:&quot;&quot;,&quot;caption&quot;:&quot;&quot;,&quot;created_timestamp&quot;:&quot;0&quot;,&quot;copyright&quot;:&quot;&quot;,&quot;focal_length&quot;:&quot;0&quot;,&quot;iso&quot;:&quot;0&quot;,&quot;shutter_speed&quot;:&quot;0&quot;,&quot;title&quot;:&quot;&quot;,&quot;orientation&quot;:&quot;0&quot;}\" data-image-title=\"oipemy3\" data-image-description=\"\" data-medium-file=\"https:\/\/entreleslignesentrelesmots.files.wordpress.com\/2017\/05\/oipemy3.jpg?w=500&amp;h=519?w=289\" data-large-file=\"https:\/\/entreleslignesentrelesmots.files.wordpress.com\/2017\/05\/oipemy3.jpg?w=500&amp;h=519?w=500\" \/><\/a><\/p>\n<p align=\"CENTER\"><b>\u00a9Emy<\/b><\/p>\n<p align=\"JUSTIFY\">Les peines alternatives sont des peines ex\u00e9cut\u00e9es en milieu ouvert, dans le cadre d\u2019un dispositif d\u2019accompagnement, de suivi et de contr\u00f4le. Elles permettent d\u2019\u00e9viter l\u2019effet d\u00e9socialisant de la prison et de r\u00e9duire de moiti\u00e9 les risques de r\u00e9cidive \u00e0 l\u2019issue de la peine.<\/p>\n<p align=\"JUSTIFY\">Ces peines alternatives s\u2019accompagnent de mesures de contrainte et de contr\u00f4le qui peuvent \u00eatre tr\u00e8s nombreuses et peser tr\u00e8s lourdement sur le condamn\u00e9. Jusqu\u2019\u00e0, parfois, prendre le pas sur la logique d\u2019accompagnement et d\u2019insertion.<\/p>\n<ul>\n<li>\n<p align=\"JUSTIFY\">D\u00e9couvrez\u00a0<span lang=\"zxx\"><u><a href=\"http:\/\/oip.org\/en-bref\/quelles-sont-les-alternatives-possibles-a-la-prison\/\" target=\"_blank\" rel=\"noopener noreferrer\">les diff\u00e9rentes peines alternatives pr\u00e9vues par la loi<\/a><\/u><\/span>.<\/p>\n<\/li>\n<li>\n<p align=\"JUSTIFY\">\u00c9coutez\u00a0<span lang=\"zxx\"><u><a href=\"http:\/\/oip.org\/temoignage\/est-ce-que-ca-vaut-la-peine\/\" target=\"_blank\" rel=\"noopener noreferrer\">les t\u00e9moignages<\/a><\/u><\/span>\u00a0de personnes condamn\u00e9es \u00e0 des peines alternatives.<\/p>\n<\/li>\n<li>\n<p align=\"JUSTIFY\">Rejoignez\u00a0<span lang=\"zxx\"><u><a href=\"https:\/\/secure.avaaz.org\/fr\/petition\/Aux_candidats_a_lelection_presidentielle_Pour_notre_securite_renforcez_les_alternatives_a_la_prison\/\">notre appel<\/a><\/u><\/span>\u00a0en faveur des alternatives \u00e0 l\u2019incarc\u00e9ration.<\/p>\n<\/li>\n<\/ul>\n<p align=\"CENTER\"><a href=\"https:\/\/entreleslignesentrelesmots.files.wordpress.com\/2017\/05\/oipyann-damezin.jpg\"><img decoding=\"async\" class=\"alignleft size-full wp-image-29693\" src=\"https:\/\/entreleslignesentrelesmots.files.wordpress.com\/2017\/05\/oipyann-damezin.jpg?w=500&amp;h=556\" sizes=\"(max-width: 500px) 100vw, 500px\" srcset=\"https:\/\/entreleslignesentrelesmots.files.wordpress.com\/2017\/05\/oipyann-damezin.jpg?w=500&amp;h=556 500w, https:\/\/entreleslignesentrelesmots.files.wordpress.com\/2017\/05\/oipyann-damezin.jpg?w=1000&amp;h=1112 1000w, https:\/\/entreleslignesentrelesmots.files.wordpress.com\/2017\/05\/oipyann-damezin.jpg?w=135&amp;h=150 135w, https:\/\/entreleslignesentrelesmots.files.wordpress.com\/2017\/05\/oipyann-damezin.jpg?w=270&amp;h=300 270w, https:\/\/entreleslignesentrelesmots.files.wordpress.com\/2017\/05\/oipyann-damezin.jpg?w=768&amp;h=854 768w, https:\/\/entreleslignesentrelesmots.files.wordpress.com\/2017\/05\/oipyann-damezin.jpg?w=921&amp;h=1024 921w\" alt=\"\" width=\"500\" height=\"556\" data-attachment-id=\"29693\" data-permalink=\"https:\/\/entreleslignesentrelesmots.wordpress.com\/2017\/05\/21\/quelques-idees-recues-sur-la-prison\/oipyann-damezin\/\" data-orig-file=\"https:\/\/entreleslignesentrelesmots.files.wordpress.com\/2017\/05\/oipyann-damezin.jpg?w=500&amp;h=556\" data-orig-size=\"1594,1772\" data-comments-opened=\"1\" data-image-meta=\"{&quot;aperture&quot;:&quot;0&quot;,&quot;credit&quot;:&quot;&quot;,&quot;camera&quot;:&quot;&quot;,&quot;caption&quot;:&quot;&quot;,&quot;created_timestamp&quot;:&quot;0&quot;,&quot;copyright&quot;:&quot;&quot;,&quot;focal_length&quot;:&quot;0&quot;,&quot;iso&quot;:&quot;0&quot;,&quot;shutter_speed&quot;:&quot;0&quot;,&quot;title&quot;:&quot;&quot;,&quot;orientation&quot;:&quot;0&quot;}\" data-image-title=\"oipyann-damezin\" data-image-description=\"\" data-medium-file=\"https:\/\/entreleslignesentrelesmots.files.wordpress.com\/2017\/05\/oipyann-damezin.jpg?w=500&amp;h=556?w=270\" data-large-file=\"https:\/\/entreleslignesentrelesmots.files.wordpress.com\/2017\/05\/oipyann-damezin.jpg?w=500&amp;h=556?w=500\" \/><\/a><\/p>\n<p align=\"CENTER\"><b>\u00a9Yann Damezin<\/b><\/p>\n<p align=\"JUSTIFY\">Plus on construit de prisons, plus on les remplit\u00a0!<\/p>\n<p align=\"JUSTIFY\">Pourtant, ce n\u2019est pas l\u2019augmentation de la d\u00e9linquance qui est en cause, mais bien l\u2019inflation de mesures p\u00e9nales favorisant l\u2019incarc\u00e9ration.<\/p>\n<ul>\n<li>\n<p align=\"JUSTIFY\">D\u00e9couvrez\u00a0<span lang=\"zxx\"><u><a href=\"http:\/\/oip.org\/infographie\/constructions-de-prison-places-et-population-carcerale-a-la-hausse-depuis-15-ans\/\" target=\"_blank\" rel=\"noopener noreferrer\">les courbes parall\u00e8les<\/a><\/u><\/span>\u00a0de la population carc\u00e9rale du nombre de places de prison.<\/p>\n<\/li>\n<li>\n<p align=\"JUSTIFY\">D\u00e9couvrez\u00a0<span lang=\"zxx\"><u><a href=\"http:\/\/oip.org\/en-bref\/comment-pourrait-on-pallier-le-probleme-de-la-surpopulation-carcerale\/\" target=\"_blank\" rel=\"noopener noreferrer\">comment on pourrait pallier le probl\u00e8me de la surpopulation carc\u00e9rale<\/a><\/u><\/span>.<\/p>\n<\/li>\n<\/ul>\n<p align=\"CENTER\"><a href=\"https:\/\/entreleslignesentrelesmots.files.wordpress.com\/2017\/05\/oipalexe-lolivrel.jpg\"><img decoding=\"async\" class=\"alignleft size-full wp-image-29692\" src=\"https:\/\/entreleslignesentrelesmots.files.wordpress.com\/2017\/05\/oipalexe-lolivrel.jpg?w=500&amp;h=519\" sizes=\"(max-width: 500px) 100vw, 500px\" srcset=\"https:\/\/entreleslignesentrelesmots.files.wordpress.com\/2017\/05\/oipalexe-lolivrel.jpg?w=500&amp;h=519 500w, https:\/\/entreleslignesentrelesmots.files.wordpress.com\/2017\/05\/oipalexe-lolivrel.jpg?w=1000&amp;h=1038 1000w, https:\/\/entreleslignesentrelesmots.files.wordpress.com\/2017\/05\/oipalexe-lolivrel.jpg?w=145&amp;h=150 145w, https:\/\/entreleslignesentrelesmots.files.wordpress.com\/2017\/05\/oipalexe-lolivrel.jpg?w=289&amp;h=300 289w, https:\/\/entreleslignesentrelesmots.files.wordpress.com\/2017\/05\/oipalexe-lolivrel.jpg?w=768&amp;h=797 768w, https:\/\/entreleslignesentrelesmots.files.wordpress.com\/2017\/05\/oipalexe-lolivrel.jpg?w=987&amp;h=1024 987w\" alt=\"\" width=\"500\" height=\"519\" data-attachment-id=\"29692\" data-permalink=\"https:\/\/entreleslignesentrelesmots.wordpress.com\/2017\/05\/21\/quelques-idees-recues-sur-la-prison\/oipalexe-lolivrel\/\" data-orig-file=\"https:\/\/entreleslignesentrelesmots.files.wordpress.com\/2017\/05\/oipalexe-lolivrel.jpg?w=500&amp;h=519\" data-orig-size=\"1594,1654\" data-comments-opened=\"1\" data-image-meta=\"{&quot;aperture&quot;:&quot;0&quot;,&quot;credit&quot;:&quot;&quot;,&quot;camera&quot;:&quot;&quot;,&quot;caption&quot;:&quot;&quot;,&quot;created_timestamp&quot;:&quot;0&quot;,&quot;copyright&quot;:&quot;&quot;,&quot;focal_length&quot;:&quot;0&quot;,&quot;iso&quot;:&quot;0&quot;,&quot;shutter_speed&quot;:&quot;0&quot;,&quot;title&quot;:&quot;&quot;,&quot;orientation&quot;:&quot;0&quot;}\" data-image-title=\"oipalexe-lolivrel\" data-image-description=\"\" data-medium-file=\"https:\/\/entreleslignesentrelesmots.files.wordpress.com\/2017\/05\/oipalexe-lolivrel.jpg?w=500&amp;h=519?w=289\" data-large-file=\"https:\/\/entreleslignesentrelesmots.files.wordpress.com\/2017\/05\/oipalexe-lolivrel.jpg?w=500&amp;h=519?w=500\" \/><\/a><\/p>\n<p align=\"CENTER\"><b>\u00a9Alexe Lolivrel<\/b><\/p>\n<p align=\"JUSTIFY\">Envoyer les d\u00e9linquants en prison, ce n\u2019est pas mieux prot\u00e9ger la soci\u00e9t\u00e9. Au contraire\u00a0!<\/p>\n<p align=\"JUSTIFY\"><strong><b>La prison produit ce qu\u2019elle entend combattre\u00a0<\/b><\/strong>: elle aggrave l\u2019ensemble des facteurs de d\u00e9linquance en fragilisant les liens familiaux, sociaux ou professionnels, et elle favorise les fr\u00e9quentations criminog\u00e8nes.<\/p>\n<p align=\"JUSTIFY\">R\u00e9sultat\u00a0:\u00a0<strong><b>61% des personnes condamn\u00e9es \u00e0 une peine de prison ferme sont r\u00e9incarc\u00e9r\u00e9es dans les cinq ans<\/b><\/strong>. Des chiffres qui tombent \u00e0 34 et 32% pour une peine alternative \u00e0 la prison comme le travail d\u2019int\u00e9r\u00eat g\u00e9n\u00e9ral ou le sursis avec mise \u00e0 l\u2019\u00e9preuve.<\/p>\n<ul>\n<li>\n<p align=\"JUSTIFY\">D\u00e9couvrez\u00a0<span lang=\"zxx\"><u><a href=\"http:\/\/oip.org\/en-bref\/la-prison-permet-elle-de-prevenir-la-recidive\/\" target=\"_blank\" rel=\"noopener noreferrer\">pourquoi la prison ne permet pas de pr\u00e9venir la r\u00e9cidive<\/a><\/u><\/span>.<\/p>\n<\/li>\n<li>\n<p align=\"JUSTIFY\">D\u00e9couvrez\u00a0<span lang=\"zxx\"><u><a href=\"http:\/\/oip.org\/infographie\/la-prison-une-solution-chere-et-inefficace\/\" target=\"_blank\" rel=\"noopener noreferrer\">quelques chiffres sur l\u2019efficacit\u00e9 de la prison<\/a><\/u><\/span>.<\/p>\n<\/li>\n<\/ul>\n<p align=\"CENTER\"><a href=\"https:\/\/entreleslignesentrelesmots.files.wordpress.com\/2017\/05\/oip_ugo-panico.jpg\"><img decoding=\"async\" class=\"alignleft size-full wp-image-29691\" src=\"https:\/\/entreleslignesentrelesmots.files.wordpress.com\/2017\/05\/oip_ugo-panico.jpg?w=500&amp;h=519\" sizes=\"(max-width: 500px) 100vw, 500px\" srcset=\"https:\/\/entreleslignesentrelesmots.files.wordpress.com\/2017\/05\/oip_ugo-panico.jpg?w=500&amp;h=519 500w, https:\/\/entreleslignesentrelesmots.files.wordpress.com\/2017\/05\/oip_ugo-panico.jpg?w=1000&amp;h=1038 1000w, https:\/\/entreleslignesentrelesmots.files.wordpress.com\/2017\/05\/oip_ugo-panico.jpg?w=145&amp;h=150 145w, https:\/\/entreleslignesentrelesmots.files.wordpress.com\/2017\/05\/oip_ugo-panico.jpg?w=289&amp;h=300 289w, https:\/\/entreleslignesentrelesmots.files.wordpress.com\/2017\/05\/oip_ugo-panico.jpg?w=768&amp;h=797 768w, https:\/\/entreleslignesentrelesmots.files.wordpress.com\/2017\/05\/oip_ugo-panico.jpg?w=987&amp;h=1024 987w\" alt=\"\" width=\"500\" height=\"519\" data-attachment-id=\"29691\" data-permalink=\"https:\/\/entreleslignesentrelesmots.wordpress.com\/2017\/05\/21\/quelques-idees-recues-sur-la-prison\/oip_ugo-panico\/\" data-orig-file=\"https:\/\/entreleslignesentrelesmots.files.wordpress.com\/2017\/05\/oip_ugo-panico.jpg?w=500&amp;h=519\" data-orig-size=\"1594,1654\" data-comments-opened=\"1\" data-image-meta=\"{&quot;aperture&quot;:&quot;0&quot;,&quot;credit&quot;:&quot;&quot;,&quot;camera&quot;:&quot;&quot;,&quot;caption&quot;:&quot;&quot;,&quot;created_timestamp&quot;:&quot;0&quot;,&quot;copyright&quot;:&quot;&quot;,&quot;focal_length&quot;:&quot;0&quot;,&quot;iso&quot;:&quot;0&quot;,&quot;shutter_speed&quot;:&quot;0&quot;,&quot;title&quot;:&quot;&quot;,&quot;orientation&quot;:&quot;0&quot;}\" data-image-title=\"oip_ugo-panico\" data-image-description=\"\" data-medium-file=\"https:\/\/entreleslignesentrelesmots.files.wordpress.com\/2017\/05\/oip_ugo-panico.jpg?w=500&amp;h=519?w=289\" data-large-file=\"https:\/\/entreleslignesentrelesmots.files.wordpress.com\/2017\/05\/oip_ugo-panico.jpg?w=500&amp;h=519?w=500\" \/><\/a><\/p>\n<p align=\"CENTER\"><b>\u00a9Ugo Panico<\/b><\/p>\n<p align=\"JUSTIFY\">\u00ab\u00a0Il faut se d\u00e9faire r\u00e9solument de l\u2019id\u00e9e commune selon laquelle les effectifs de personnes emprisonn\u00e9es sont li\u00e9s \u00e0 l\u2019\u00e9tat de d\u00e9linquance du pays\u00a0\u00bb, rappelle Jean-Marie Delarue, ancien Contr\u00f4leur g\u00e9n\u00e9ral des lieux de privation de libert\u00e9.<\/p>\n<p align=\"JUSTIFY\">En effet, l\u2019augmentation de la population d\u00e9tenue est surtout li\u00e9e \u00e0 des orientations de politique p\u00e9nale, dont l\u2019inflation de mesures favorisant l\u2019incarc\u00e9ration.<\/p>\n<ul>\n<li>\n<p align=\"JUSTIFY\">D\u00e9couvrez\u00a0<a href=\"http:\/\/oip.org\/en-bref\/comment-expliquer-la-surpopulation-des-prisons-francaises\/\" target=\"_blank\" rel=\"noopener noreferrer\"><u>comment expliquer la surpopulation dans les prisons fran\u00e7aises<\/u><\/a>.<\/p>\n<\/li>\n<li>\n<p align=\"JUSTIFY\">D\u00e9couvrez\u00a0<a href=\"http:\/\/oip.org\/en-bref\/comment-pourrait-on-pallier-le-probleme-de-la-surpopulation-carcerale\/\" target=\"_blank\" rel=\"noopener noreferrer\"><u>comment pallier ce probl\u00e8me de surpopulation carc\u00e9rale<\/u><\/a>.<\/p>\n<\/li>\n<li>\n<p align=\"JUSTIFY\">D\u00e9couvrez\u00a0<a href=\"http:\/\/oip.org\/en-bref\/quelles-sont-les-alternatives-possibles-a-la-prison\/\" target=\"_blank\" rel=\"noopener noreferrer\"><u>les alternatives possibles \u00e0 prison<\/u><\/a>.<\/p>\n<\/li>\n<\/ul>\n<p align=\"CENTER\"><a href=\"https:\/\/entreleslignesentrelesmots.files.wordpress.com\/2017\/05\/1marie-lys-2.jpg\"><img decoding=\"async\" class=\"alignleft size-full wp-image-29694\" src=\"https:\/\/entreleslignesentrelesmots.files.wordpress.com\/2017\/05\/1marie-lys-2.jpg?w=500&amp;h=519\" sizes=\"(max-width: 500px) 100vw, 500px\" srcset=\"https:\/\/entreleslignesentrelesmots.files.wordpress.com\/2017\/05\/1marie-lys-2.jpg?w=500&amp;h=519 500w, https:\/\/entreleslignesentrelesmots.files.wordpress.com\/2017\/05\/1marie-lys-2.jpg?w=1000&amp;h=1038 1000w, https:\/\/entreleslignesentrelesmots.files.wordpress.com\/2017\/05\/1marie-lys-2.jpg?w=145&amp;h=150 145w, https:\/\/entreleslignesentrelesmots.files.wordpress.com\/2017\/05\/1marie-lys-2.jpg?w=289&amp;h=300 289w, https:\/\/entreleslignesentrelesmots.files.wordpress.com\/2017\/05\/1marie-lys-2.jpg?w=768&amp;h=797 768w, https:\/\/entreleslignesentrelesmots.files.wordpress.com\/2017\/05\/1marie-lys-2.jpg?w=987&amp;h=1024 987w\" alt=\"\" width=\"500\" height=\"519\" data-attachment-id=\"29694\" data-permalink=\"https:\/\/entreleslignesentrelesmots.wordpress.com\/2017\/05\/21\/quelques-idees-recues-sur-la-prison\/1marie-lys-2\/\" data-orig-file=\"https:\/\/entreleslignesentrelesmots.files.wordpress.com\/2017\/05\/1marie-lys-2.jpg?w=500&amp;h=519\" data-orig-size=\"1594,1654\" data-comments-opened=\"1\" data-image-meta=\"{&quot;aperture&quot;:&quot;0&quot;,&quot;credit&quot;:&quot;&quot;,&quot;camera&quot;:&quot;&quot;,&quot;caption&quot;:&quot;&quot;,&quot;created_timestamp&quot;:&quot;0&quot;,&quot;copyright&quot;:&quot;&quot;,&quot;focal_length&quot;:&quot;0&quot;,&quot;iso&quot;:&quot;0&quot;,&quot;shutter_speed&quot;:&quot;0&quot;,&quot;title&quot;:&quot;&quot;,&quot;orientation&quot;:&quot;0&quot;}\" data-image-title=\"1marie-lys-2\" data-image-description=\"\" data-medium-file=\"https:\/\/entreleslignesentrelesmots.files.wordpress.com\/2017\/05\/1marie-lys-2.jpg?w=500&amp;h=519?w=289\" data-large-file=\"https:\/\/entreleslignesentrelesmots.files.wordpress.com\/2017\/05\/1marie-lys-2.jpg?w=500&amp;h=519?w=500\" \/><\/a><\/p>\n<p align=\"CENTER\"><b>\u00a9Marie-Lys<\/b><\/p>\n<p align=\"JUSTIFY\">Plus de la moiti\u00e9 des peines prononc\u00e9es chaque ann\u00e9e sont des peines tr\u00e8s courtes, de moins d\u2019un an. Les personnes condamn\u00e9es pour les crimes les plus graves sont tr\u00e8s minoritaires dans les prisons fran\u00e7aises\u00a0: les peines de 20 \u00e0 30 ans concernent 3,2% des condamn\u00e9s, la perp\u00e9tuit\u00e9 0,8%.<\/p>\n<ul>\n<li>\n<p align=\"JUSTIFY\">D\u00e9couvrez <u>pour\u00a0<\/u><a href=\"http:\/\/oip.org\/en-bref\/pour-quels-types-de-delits-et-quelles-peines-les-personnes-detenues-sont-elles-incarcerees\/\" target=\"_blank\" rel=\"noopener noreferrer\"><u>quels types de d\u00e9lits<\/u><\/a>\u00a0on incarc\u00e8re en France.<\/p>\n<\/li>\n<li>\n<p align=\"JUSTIFY\">D\u00e9couvrez\u00a0<a href=\"http:\/\/oip.org\/en-bref\/qui-sont-les-personnes-incarcerees\/\" target=\"_blank\" rel=\"noopener noreferrer\"><u>qui sont les personnes incarc\u00e9r\u00e9es<\/u><\/a>.<\/p>\n<\/li>\n<\/ul>\n<p>&nbsp;<\/p>\n<p><a href=\"https:\/\/oip.org\"><img decoding=\"async\" class=\"aligncenter size-full wp-image-29695\" src=\"https:\/\/entreleslignesentrelesmots.files.wordpress.com\/2017\/05\/logo-oip.png?w=500&amp;h=239\" sizes=\"(max-width: 500px) 100vw, 500px\" srcset=\"https:\/\/entreleslignesentrelesmots.files.wordpress.com\/2017\/05\/logo-oip.png?w=500&amp;h=239 500w, https:\/\/entreleslignesentrelesmots.files.wordpress.com\/2017\/05\/logo-oip.png?w=150&amp;h=72 150w, https:\/\/entreleslignesentrelesmots.files.wordpress.com\/2017\/05\/logo-oip.png?w=300&amp;h=143 300w, https:\/\/entreleslignesentrelesmots.files.wordpress.com\/2017\/05\/logo-oip.png 580w\" alt=\"\" width=\"500\" height=\"239\" data-attachment-id=\"29695\" data-permalink=\"https:\/\/entreleslignesentrelesmots.wordpress.com\/2017\/05\/21\/quelques-idees-recues-sur-la-prison\/logo-oip\/\" data-orig-file=\"https:\/\/entreleslignesentrelesmots.files.wordpress.com\/2017\/05\/logo-oip.png?w=500&amp;h=239\" data-orig-size=\"580,277\" data-comments-opened=\"1\" data-image-meta=\"{&quot;aperture&quot;:&quot;0&quot;,&quot;credit&quot;:&quot;&quot;,&quot;camera&quot;:&quot;&quot;,&quot;caption&quot;:&quot;&quot;,&quot;created_timestamp&quot;:&quot;0&quot;,&quot;copyright&quot;:&quot;&quot;,&quot;focal_length&quot;:&quot;0&quot;,&quot;iso&quot;:&quot;0&quot;,&quot;shutter_speed&quot;:&quot;0&quot;,&quot;title&quot;:&quot;&quot;,&quot;orientation&quot;:&quot;0&quot;}\" data-image-title=\"logo-oip\" data-image-description=\"\" data-medium-file=\"https:\/\/entreleslignesentrelesmots.files.wordpress.com\/2017\/05\/logo-oip.png?w=500&amp;h=239?w=300\" data-large-file=\"https:\/\/entreleslignesentrelesmots.files.wordpress.com\/2017\/05\/logo-oip.png?w=500&amp;h=239?w=500\" \/><\/a><\/p>\n<p align=\"JUSTIFY\"><a href=\"https:\/\/oip.org\/analyse\/quelques-idees-recues-sur-la-prison\/\">https:\/\/oip.org\/analyse\/quelques-idees-recues-sur-la-prison\/<\/a><\/p>\n<\/div>\n","protected":false},"excerpt":{"rendered":"<p>Le temps de la campagne \u00e9lectorale, l\u2019OIP, en partenariat avec les auteurs de bande dessin\u00e9e de l\u2019\u00c9picerie s\u00e9quentielle, propose un dessin par semaine pour d\u00e9construire les id\u00e9es re\u00e7ues sur la prison. https:\/\/oip.org\/analyse\/quelques-idees-recues-sur-la-prison\/ \u00a9Alexe Lolivrel Le co\u00fbt moyen d\u2019une ann\u00e9e de prison pour une personne d\u00e9tenue est estim\u00e9 \u00e0 32\u00a0000 euros, tandis que le co\u00fbt moyen &#8230; <a title=\"Quelques id\u00e9es re\u00e7ues sur la prison\" class=\"read-more\" href=\"https:\/\/bruxelles-pantheres.be\/?p=3267\" aria-label=\"En savoir plus sur Quelques id\u00e9es re\u00e7ues sur la prison\">Lire la suite<\/a><\/p>\n","protected":false},"author":1,"featured_media":3211,"comment_status":"open","ping_status":"open","sticky":false,"template":"","format":"standard","meta":{"footnotes":""},"categories":[36,8],"tags":[158,205,178,29],"class_list":["post-3267","post","type-post","status-publish","format-standard","has-post-thumbnail","hentry","category-europe","category-prisons","tag-france","tag-luk-vervaet","tag-prison","tag-torture"],"_links":{"self":[{"href":"https:\/\/bruxelles-pantheres.be\/index.php?rest_route=\/wp\/v2\/posts\/3267","targetHints":{"allow":["GET"]}}],"collection":[{"href":"https:\/\/bruxelles-pantheres.be\/index.php?rest_route=\/wp\/v2\/posts"}],"about":[{"href":"https:\/\/bruxelles-pantheres.be\/index.php?rest_route=\/wp\/v2\/types\/post"}],"author":[{"embeddable":true,"href":"https:\/\/bruxelles-pantheres.be\/index.php?rest_route=\/wp\/v2\/users\/1"}],"replies":[{"embeddable":true,"href":"https:\/\/bruxelles-pantheres.be\/index.php?rest_route=%2Fwp%2Fv2%2Fcomments&post=3267"}],"version-history":[{"count":1,"href":"https:\/\/bruxelles-pantheres.be\/index.php?rest_route=\/wp\/v2\/posts\/3267\/revisions"}],"predecessor-version":[{"id":3268,"href":"https:\/\/bruxelles-pantheres.be\/index.php?rest_route=\/wp\/v2\/posts\/3267\/revisions\/3268"}],"wp:featuredmedia":[{"embeddable":true,"href":"https:\/\/bruxelles-pantheres.be\/index.php?rest_route=\/wp\/v2\/media\/3211"}],"wp:attachment":[{"href":"https:\/\/bruxelles-pantheres.be\/index.php?rest_route=%2Fwp%2Fv2%2Fmedia&parent=3267"}],"wp:term":[{"taxonomy":"category","embeddable":true,"href":"https:\/\/bruxelles-pantheres.be\/index.php?rest_route=%2Fwp%2Fv2%2Fcategories&post=3267"},{"taxonomy":"post_tag","embeddable":true,"href":"https:\/\/bruxelles-pantheres.be\/index.php?rest_route=%2Fwp%2Fv2%2Ftags&post=3267"}],"curies":[{"name":"wp","href":"https:\/\/api.w.org\/{rel}","templated":true}]}}