{"id":3289,"date":"2017-06-05T16:15:28","date_gmt":"2017-06-05T15:15:28","guid":{"rendered":"https:\/\/bruxelles-pantheres.be\/?p=3289"},"modified":"2017-06-05T16:15:28","modified_gmt":"2017-06-05T15:15:28","slug":"osons-dire-non-a-la-guerre-contre-daesh","status":"publish","type":"post","link":"https:\/\/bruxelles-pantheres.be\/?p=3289","title":{"rendered":"Osons dire non \u00e0 la guerre contre Daesh !"},"content":{"rendered":"<p style=\"text-align: center;\"><a href=\"https:\/\/bruxelles-pantheres.be\/wp-content\/uploads\/2017\/06\/end-endless-war.gif\"><img decoding=\"async\" class=\"alignnone size-full wp-image-3290\" src=\"https:\/\/bruxelles-pantheres.be\/wp-content\/uploads\/2017\/06\/end-endless-war.gif\" alt=\"\" width=\"350\" height=\"263\" \/><\/a>(photo : arr\u00eatez la guerre sans fin)<\/p>\n<p>Alors que la Belgique continue \u00e0 construire des prisons et \u00e0 solliciter la premi\u00e8re place dans la classe am\u00e9ricaine de la Guerre Mondiale contre le Terrorisme, les Pays-Bas ferment quelques dizaines de prisons et refusent de continuer leur participation \u00e0 la guerre contre Daesh. Pour des raisons budg\u00e9taires. Je n\u2019aime pas leurs mauvaises raisons.<\/p>\n<p>Mais les faits sont l\u00e0\u00a0: une autre politique est possible.<\/p>\n<p>Prenons le risque d\u2019\u00eatre trait\u00e9 comme des traitres, des l\u00e2ches, des sympathisants du terrorisme ou comme la cinqui\u00e8me colonne de l\u2019ennemi.<\/p>\n<p>Osons dire\u00a0: \u00ab\u00a0non \u00e0 la guerre\u00a0\u00bb, qui ravage le monde depuis 25 ans, qui a sem\u00e9 la haine et le terrorisme partout et qui n\u2019aura jamais de fin.<\/p>\n<p>Osons dire que notre civilisation n\u2019est pas sup\u00e9rieure aux autres, mais qu\u2019elle est la plus violente qui ait jamais exist\u00e9 dans l\u2019histoire humaine.<\/p>\n<p>Osons dire que les conflits et les crimes doivent se r\u00e9gler par la justice et non par la guerre.<\/p>\n<p>Osons dire qu\u2019il est temps de sortir du bourbier de la guerre pour prot\u00e9ger nos enfants du chaos.<\/p>\n<p>Osons dire qu\u2019il faut r\u00e9conciliation et r\u00e9paration pour les guerres injustes faites aux peuples du monde en notre nom.<\/p>\n<p>Osons la paix et la justice\u00a0!<\/p>\n<p><span class=\"\"><a id=\"js_1rp\" class=\" UFICommentActorName\" dir=\"ltr\" href=\"https:\/\/www.facebook.com\/luk.vervaet?fref=ufi\" data-ft=\"{&quot;tn&quot;:&quot;;&quot;}\" data-hovercard=\"\/ajax\/hovercard\/hovercard.php?id=1252074013&amp;extragetparams=%7B%22is_public%22%3Afalse%2C%22hc_location%22%3A%22ufi%22%7D\">Luk Vervaet<\/a><\/span><\/p>\n","protected":false},"excerpt":{"rendered":"<p>(photo : arr\u00eatez la guerre sans fin) Alors que la Belgique continue \u00e0 construire des prisons et \u00e0 solliciter la premi\u00e8re place dans la classe am\u00e9ricaine de la Guerre Mondiale contre le Terrorisme, les Pays-Bas ferment quelques dizaines de prisons et refusent de continuer leur participation \u00e0 la guerre contre Daesh. Pour des raisons budg\u00e9taires. &#8230; <a title=\"Osons dire non \u00e0 la guerre contre Daesh !\" class=\"read-more\" href=\"https:\/\/bruxelles-pantheres.be\/?p=3289\" aria-label=\"En savoir plus sur Osons dire non \u00e0 la guerre contre Daesh !\">Lire la suite<\/a><\/p>\n","protected":false},"author":1,"featured_media":2717,"comment_status":"open","ping_status":"open","sticky":false,"template":"","format":"standard","meta":{"footnotes":""},"categories":[21,36,4,6,18,28],"tags":[38],"class_list":["post-3289","post","type-post","status-publish","format-standard","has-post-thumbnail","hentry","category-anti-imperialisme","category-europe","category-islamophobie","category-palestine-moyen-orient","category-resistance-bruxelles","category-racismes","tag-guerre"],"_links":{"self":[{"href":"https:\/\/bruxelles-pantheres.be\/index.php?rest_route=\/wp\/v2\/posts\/3289","targetHints":{"allow":["GET"]}}],"collection":[{"href":"https:\/\/bruxelles-pantheres.be\/index.php?rest_route=\/wp\/v2\/posts"}],"about":[{"href":"https:\/\/bruxelles-pantheres.be\/index.php?rest_route=\/wp\/v2\/types\/post"}],"author":[{"embeddable":true,"href":"https:\/\/bruxelles-pantheres.be\/index.php?rest_route=\/wp\/v2\/users\/1"}],"replies":[{"embeddable":true,"href":"https:\/\/bruxelles-pantheres.be\/index.php?rest_route=%2Fwp%2Fv2%2Fcomments&post=3289"}],"version-history":[{"count":1,"href":"https:\/\/bruxelles-pantheres.be\/index.php?rest_route=\/wp\/v2\/posts\/3289\/revisions"}],"predecessor-version":[{"id":3291,"href":"https:\/\/bruxelles-pantheres.be\/index.php?rest_route=\/wp\/v2\/posts\/3289\/revisions\/3291"}],"wp:featuredmedia":[{"embeddable":true,"href":"https:\/\/bruxelles-pantheres.be\/index.php?rest_route=\/wp\/v2\/media\/2717"}],"wp:attachment":[{"href":"https:\/\/bruxelles-pantheres.be\/index.php?rest_route=%2Fwp%2Fv2%2Fmedia&parent=3289"}],"wp:term":[{"taxonomy":"category","embeddable":true,"href":"https:\/\/bruxelles-pantheres.be\/index.php?rest_route=%2Fwp%2Fv2%2Fcategories&post=3289"},{"taxonomy":"post_tag","embeddable":true,"href":"https:\/\/bruxelles-pantheres.be\/index.php?rest_route=%2Fwp%2Fv2%2Ftags&post=3289"}],"curies":[{"name":"wp","href":"https:\/\/api.w.org\/{rel}","templated":true}]}}