{"id":3295,"date":"2017-06-09T09:12:06","date_gmt":"2017-06-09T08:12:06","guid":{"rendered":"https:\/\/bruxelles-pantheres.be\/?p=3295"},"modified":"2017-06-09T09:13:25","modified_gmt":"2017-06-09T08:13:25","slug":"rien-de-bon-ne-viendra-de-la-maxi-prison","status":"publish","type":"post","link":"https:\/\/bruxelles-pantheres.be\/?p=3295","title":{"rendered":"Rien de bon ne viendra de la Maxi-prison"},"content":{"rendered":"<div class=\"post-header\"><\/div>\n<div id=\"post-body-824162031991955771\" class=\"post-body entry-content\">\n<div dir=\"ltr\">\n<div class=\"\">\n<div class=\"separator\"><a href=\"https:\/\/2.bp.blogspot.com\/-wza4nSlLANc\/Tuh2VSdBDyI\/AAAAAAAAAkk\/pSEEFpc5L9ItDXi-kQod3GZ00X1i79etACPcB\/s1600\/Construction%2Ben%2Bfer.JPG\"><img decoding=\"async\" class=\"aligncenter\" src=\"https:\/\/2.bp.blogspot.com\/-wza4nSlLANc\/Tuh2VSdBDyI\/AAAAAAAAAkk\/pSEEFpc5L9ItDXi-kQod3GZ00X1i79etACPcB\/s320\/Construction%2Ben%2Bfer.JPG\" width=\"320\" height=\"212\" border=\"0\" data-original-height=\"479\" data-original-width=\"720\" \/><\/a><\/div>\n<h4 class=\"title3\"><strong>Rien de bon ne viendra de la Maxi-prison<\/strong><\/h4>\n<p><span class=\"title4\"><time datetime=\"2017-06-08T07:00+01:00\">08\/06\/17<\/time><\/span><\/p>\n<\/div>\n<div class=\"logo_article\" align=\"center\"><\/div>\n<div class=\"content content-main\">\n<div><strong>La maxi-prison de Haren continue son petit bout de chemin malgr\u00e9 les nombreuses oppositions venues de militants, d\u2019activistes mais aussi de sp\u00e9cialistes de la s\u00e9curit\u00e9, du judiciaire ou de l\u2019\u00e9conomie. Les intervenants sociaux devront aussi subir l\u2019impact qu\u2019aura la maxi-prison.<\/strong><\/div>\n<div><\/div>\n<div>\n<div class=\"spip\">La maxi-prison est suppos\u00e9e \u00eatre une r\u00e9ponse \u00e0 la surpopulation carc\u00e9rale et \u00e0 l\u2019\u00e9tat d\u00e9plorable des prisons bruxelloises. La qualit\u00e9 de vie des prisonniers et les conditions de travail du personnel sont deux facteurs qui impactent grandement sur les possibilit\u00e9s d\u2019intervention des travailleurs psycho-m\u00e9dico-sociaux. Si ces conditions se d\u00e9gradent, le travail devient de plus en plus difficile et a un impact de moins en moins perceptible voire de moins en moins r\u00e9el. La maxi-prison accentue l\u2019aspect d\u00e9shumanisant de l\u2019incarc\u00e9ration et ce sont, encore une fois, les intervenants qui devront compenser les manques.<\/div>\n<h3 class=\"spip\">Un surplus de travail<\/h3>\n<div class=\"spip\">La nouvelle prison n\u2019est absolument pas pens\u00e9e pour am\u00e9liorer la r\u00e9insertion, le suivi psychologique ou m\u00e9dical. Les travailleurs qui seront amen\u00e9s \u00e0 intervenir au sein de celle-ci devront mettre en place une nouvelle organisation. Outre l\u2019aspect contraignant du travail en milieu carc\u00e9ral, l\u2019impact n\u00e9gatif sur les personnes accompagn\u00e9es (d\u00e9tenus ou familles) va rejaillir sur le travail des intervenants. Enfin, le nombre de d\u00e9tenus aura aussi une incidence sur la disponibilit\u00e9 des travailleurs et la qualit\u00e9 des prestations. Vu la logique qui sous-tend la construction, rien n\u2019assure que le surplus de travail sera accompagn\u00e9 d\u2019une augmentation des moyens, que du contraire.<\/div>\n<h3 class=\"spip\">Non-marchand en zone commerciale<\/h3>\n<div class=\"spip\">La sous-traitance de nombreux services est une probl\u00e9matique suppl\u00e9mentaire et la future prison s\u2019annonce d\u00e9j\u00e0 comme un \u00ab\u00a0exemple\u00a0\u00bb du genre. Le travail non-marchand et plus particuli\u00e8rement l\u2019accompagnement psycho-m\u00e9dico-social s\u2019accommode assez mal des imp\u00e9ratifs de rentabilit\u00e9 du secteur marchand. Si la prison doit \u00eatre un lieu de rentabilit\u00e9 pour les soci\u00e9t\u00e9s priv\u00e9es qui y ont investi, il y aura une pression pour atteindre les objectifs. Cette pression va compliquer le travail d\u2019accompagnement et de r\u00e9insertion qui pourtant am\u00e8ne un b\u00e9n\u00e9fice \u00e0 la soci\u00e9t\u00e9. De mani\u00e8re g\u00e9n\u00e9rale la privatisation des services et des responsabilit\u00e9s \u00e9tatiques est un danger pour le secteur du non-marchand et au-del\u00e0 de la question d\u00e9ontologique que cela suscite, ce sont les moyens mis en place et la finalit\u00e9 des missions qui sont en jeu.<\/div>\n<h3 class=\"spip\">Peu d\u2019\u00e9chos<\/h3>\n<div class=\"spip\">Les critiques et remarques \u00e9manant des professionnels de l\u2019accompagnement en milieu carc\u00e9ral et de l\u2019aide aux justiciables sont, semble-t-il, peu entendues. Quoi d\u2019\u00e9tonnant d\u00e8s lors que ceux-ci n\u2019ont pas \u00e9t\u00e9, ou de mani\u00e8re anecdotique, impliqu\u00e9s dans le processus de r\u00e9alisation de la maxi-prison et que les critiques du syst\u00e8me carc\u00e9ral dans son ensemble ne trouvent que peu d\u2019\u00e9chos chez les pouvoirs publics.<\/div>\n<h3 class=\"spip\">Une am\u00e9lioration incertaine<\/h3>\n<div class=\"spip\">Plusieurs points vont rendre la vie dans la maxi-prison particuli\u00e8rement difficile malgr\u00e9 la modernit\u00e9. Les conditions de vie des prisonniers en Belgique ont \u00e9t\u00e9 point\u00e9es du doigt dans la notice 2016 de l\u2019observatoire international des prisons. La situation \u00e0 Haren risque d\u2019\u00eatre bien pire entre la situation g\u00e9ographique qui expose le personnel et les prisonniers aux nuisances de l\u2019a\u00e9roport de Zaventem et une conception moderne qui en oublie l\u2019humain (pas de contact vers l\u2019ext\u00e9rieur depuis la cellule, une visibilit\u00e9 r\u00e9duite depuis la fen\u00eatre, une architecture aseptis\u00e9e et fonctionnaliste, etc.). Ce sont \u00e0 nouveau les intervenants psycho-m\u00e9dico-sociaux qui vont devoir \u00e9voluer dans un climat d\u00e9sastreux suppos\u00e9ment adapt\u00e9 aux besoins des personnes.<\/div>\n<h3 class=\"spip\">L\u2019\u00e9loignement en plus de l\u2019isolement<\/h3>\n<div class=\"spip\">La situation g\u00e9ographique de la maxi-prison par rapport aux bureaux des travailleurs et au reste de la ville en g\u00e9n\u00e9ral va entra\u00eener des d\u00e9placements plus longs ce qui va diminuer la disponibilit\u00e9 des travailleurs et augmenter leur fatigue. De plus s ce sera une difficult\u00e9 suppl\u00e9mentaire pour les familles dans l\u2019organisation des visites ce qui va in\u00e9vitablement cr\u00e9er un mal-\u00eatre suppl\u00e9mentaire. Cela va un peu plus compliquer les missions d\u2019aide aux justiciables dont sont charg\u00e9s une partie des professionnels.<\/div>\n<div class=\"spip\">Notice 2016 de l\u2019observatoire international des prisons\u00a0:\u00a0<a class=\"spip_out\" href=\"http:\/\/oipbelgique.be\/fr\/wp-content\/uploads\/2017\/01\/Notice-2016.pdf\" target=\"_blank\" rel=\"noopener\">ici<\/a><\/div>\n<div><\/div>\n<div class=\"spip\">Perceval CARTERON. \u00c9ducateur.<\/div>\n<div>\n<h5 class=\"title3\">\u00a0<a href=\"http:\/\/pro.guidesocial.be\/relais\/rien-de-bon-ne-viendra-de-la-maxi-prison.html?utm_content=bufferce7a9&amp;utm_medium=social&amp;utm_source=facebook.com&amp;utm_campaign=buffer\">SOURCE<\/a><\/h5>\n<\/div>\n<\/div>\n<\/div>\n<\/div>\n<\/div>\n","protected":false},"excerpt":{"rendered":"<p>Rien de bon ne viendra de la Maxi-prison 08\/06\/17 La maxi-prison de Haren continue son petit bout de chemin malgr\u00e9 les nombreuses oppositions venues de militants, d\u2019activistes mais aussi de sp\u00e9cialistes de la s\u00e9curit\u00e9, du judiciaire ou de l\u2019\u00e9conomie. Les intervenants sociaux devront aussi subir l\u2019impact qu\u2019aura la maxi-prison. La maxi-prison est suppos\u00e9e \u00eatre une &#8230; <a title=\"Rien de bon ne viendra de la Maxi-prison\" class=\"read-more\" href=\"https:\/\/bruxelles-pantheres.be\/?p=3295\" aria-label=\"En savoir plus sur Rien de bon ne viendra de la Maxi-prison\">Lire la suite<\/a><\/p>\n","protected":false},"author":1,"featured_media":3211,"comment_status":"open","ping_status":"open","sticky":false,"template":"","format":"standard","meta":{"footnotes":""},"categories":[8],"tags":[31,14,238],"class_list":["post-3295","post","type-post","status-publish","format-standard","has-post-thumbnail","hentry","category-prisons","tag-belgique","tag-bruxelles","tag-haren"],"_links":{"self":[{"href":"https:\/\/bruxelles-pantheres.be\/index.php?rest_route=\/wp\/v2\/posts\/3295","targetHints":{"allow":["GET"]}}],"collection":[{"href":"https:\/\/bruxelles-pantheres.be\/index.php?rest_route=\/wp\/v2\/posts"}],"about":[{"href":"https:\/\/bruxelles-pantheres.be\/index.php?rest_route=\/wp\/v2\/types\/post"}],"author":[{"embeddable":true,"href":"https:\/\/bruxelles-pantheres.be\/index.php?rest_route=\/wp\/v2\/users\/1"}],"replies":[{"embeddable":true,"href":"https:\/\/bruxelles-pantheres.be\/index.php?rest_route=%2Fwp%2Fv2%2Fcomments&post=3295"}],"version-history":[{"count":2,"href":"https:\/\/bruxelles-pantheres.be\/index.php?rest_route=\/wp\/v2\/posts\/3295\/revisions"}],"predecessor-version":[{"id":3297,"href":"https:\/\/bruxelles-pantheres.be\/index.php?rest_route=\/wp\/v2\/posts\/3295\/revisions\/3297"}],"wp:featuredmedia":[{"embeddable":true,"href":"https:\/\/bruxelles-pantheres.be\/index.php?rest_route=\/wp\/v2\/media\/3211"}],"wp:attachment":[{"href":"https:\/\/bruxelles-pantheres.be\/index.php?rest_route=%2Fwp%2Fv2%2Fmedia&parent=3295"}],"wp:term":[{"taxonomy":"category","embeddable":true,"href":"https:\/\/bruxelles-pantheres.be\/index.php?rest_route=%2Fwp%2Fv2%2Fcategories&post=3295"},{"taxonomy":"post_tag","embeddable":true,"href":"https:\/\/bruxelles-pantheres.be\/index.php?rest_route=%2Fwp%2Fv2%2Ftags&post=3295"}],"curies":[{"name":"wp","href":"https:\/\/api.w.org\/{rel}","templated":true}]}}