{"id":3298,"date":"2017-06-09T09:18:05","date_gmt":"2017-06-09T08:18:05","guid":{"rendered":"https:\/\/bruxelles-pantheres.be\/?p=3298"},"modified":"2017-06-09T11:40:14","modified_gmt":"2017-06-09T10:40:14","slug":"francois-houtart-garder-un-ideal-revolutionnaire","status":"publish","type":"post","link":"https:\/\/bruxelles-pantheres.be\/?p=3298","title":{"rendered":"Fran\u00e7ois Houtart : \u00ab Garder un id\u00e9al r\u00e9volutionnaire \u00bb"},"content":{"rendered":"<p><a href=\"https:\/\/bruxelles-pantheres.be\/wp-content\/uploads\/2017\/06\/FranC3A7oisHoutart.jpg\"><img decoding=\"async\" class=\"alignnone size-full wp-image-3299\" src=\"https:\/\/bruxelles-pantheres.be\/wp-content\/uploads\/2017\/06\/FranC3A7oisHoutart.jpg\" alt=\"\" width=\"640\" height=\"421\" srcset=\"https:\/\/bruxelles-pantheres.be\/wp-content\/uploads\/2017\/06\/FranC3A7oisHoutart.jpg 640w, https:\/\/bruxelles-pantheres.be\/wp-content\/uploads\/2017\/06\/FranC3A7oisHoutart-300x197.jpg 300w\" sizes=\"(max-width: 640px) 100vw, 640px\" \/><\/a><\/p>\n<p>Une de mes premi\u00e8res rencontres avec Fran\u00e7ois Houtart remonte au d\u00e9but de l\u2019ann\u00e9e 1991, \u00e0 l\u2019occasion de notre mobilisation contre la premi\u00e8re guerre du Golfe. En f\u00e9vrier 91, des artistes et des intellectuels r\u00e9unis \u00e0 Ouagadougou, Burkina Faso \u00e0 l\u2019occasion du Festival du Film FESPACO, ont r\u00e9dig\u00e9 la d\u00e9claration \u00ab\u00a0La nouvelle guerre de cent ans: les peuples vaincront l\u2019imp\u00e9rialisme\u00a0\u00bb. Parmi les premiers signataires se trouvaient Med Hondo, Ludo Martens, Fran\u00e7ois Houtart, Jaap Kruithof.<\/p>\n<p>Depuis lors, j\u2019ai toujours connu Fran\u00e7ois Houtart aux premiers rangs dans les combats contre la guerre, le colonialisme et l\u2019exploitation et toujours totalement engag\u00e9 dans le soutien \u00e0 la r\u00e9sistance des peuples, partout dans le monde. C\u2019est donc tout naturellement que je lui avais demand\u00e9 de rejoindre mon appel pour le retrait du Hamas et de toutes les organisations palestiniennes de r\u00e9sistance de la liste europ\u00e9enne des organisations terroristes, \u00e0 l\u2019occasion des \u00e9lections europ\u00e9ennes de 2009. Pour motiver ce soutien, il avait r\u00e9dig\u00e9 la d\u00e9claration suivante, qui reste d\u2019une br\u00fblante actualit\u00e9\u00a0: \u00ab\u00a0<em>On ne discute pas avec des terroristes. C&rsquo;est un principe admis g\u00e9n\u00e9ralement. Tout le probl\u00e8me est de savoir qui est terroriste? Aujourd&rsquo;hui ce sont tous les adversaires, ce qui donne bonne conscience aux Etats-Unis, au gouvernement du Pr\u00e9sident Uribe en Colombie dans ses op\u00e9rations militaires contre les FARC, au gouvernement de Sri Lanka dans sa guerre contre les Tigres tamouls, au gouvernement isra\u00e9lien dans son agression contre le peuple palestinien.<br \/>\n<\/em><em>\u00a0<\/em><em>Je me rappelle qu&rsquo;\u00e0 la fin de la seconde guerre mondiale, faisant partie de l&rsquo;Arm\u00e9e secr\u00e8te, j&rsquo;avais \u00e9t\u00e9 trait\u00e9 de \u00ab\u00a0terroriste\u00a0\u00bb par des soldats allemands. Il fut un temps o\u00f9 l&rsquo;OLP \u00e9tait qualifi\u00e9e de terroriste. Ce n&rsquo;est pas parce qu&rsquo;une organisation recourt \u00e0 certaines m\u00e9thodes r\u00e9pr\u00e9hensibles moralement, qu&rsquo;elle est automatiquement terroriste. Ce fut aussi le cas de la R\u00e9sistance pendant la guerre de 40. Par ailleurs, il y a aussi des \u00e9volutions dans le temps. N&rsquo;oublions pas qu&rsquo;Isra\u00ebl a aussi \u00e9t\u00e9 construit comme Etat par un mouvement appel\u00e9 en son temps terroriste.<\/em><em>\u00a0<\/em><em>Pour la Palestine, la seule voie est la n\u00e9gociation pacifique. Il est donc grand temps que le Hamas puisse \u00eatre un acteur dans le processus. Une pression politique doit \u00eatre exerc\u00e9e \u00e0 cet effet, si l&rsquo;on veut vraiment arriver \u00e0 la paix\u00a0<\/em>\u00bb.<\/p>\n<p>Quelques ann\u00e9es avant, en 2005, je lui avait demand\u00e9 de d\u00e9finir comment il voyait l\u2019unit\u00e9 d\u2019action dans une perspective de rassemblement des r\u00e9sistances. Il m\u2019avait alors communiqu\u00e9 le texte suivant, que je reproduis int\u00e9gralement, car cette r\u00e9flexion \u00e9galement a gard\u00e9 toute sa pertinence.<\/p>\n<p>\u00ab\u00a0<em>L&rsquo;action contre le n\u00e9olib\u00e9ralisme, comme phase actuelle du capitalisme mondialise, ne peut se r\u00e9aliser qu&rsquo;en convergence. En effet, une des caract\u00e9ristiques de cette h\u00e9g\u00e9monie est le fait que plus aucun groupe humain dans le monde n&rsquo;\u00e9chappe \u00e0 la logique de la loi de la valeur. Il ne s&rsquo;agit plus seulement des groupes sociaux soumis r\u00e9ellement au capital (la classe ouvri\u00e8re), selon le concept de Marx de subsomption r\u00e9elle, c&rsquo;est-\u00e0-dire se r\u00e9alisant au sein du processus de production. Sont aussi concern\u00e9s tous ceux qui se situent hors d&rsquo;une relation salariale, dans une subsomption formelle du travail au capital, c&rsquo;est-\u00e0-dire par le biais d&rsquo;autres m\u00e9canismes, notamment juridiques ou financiers. Or il s&rsquo;agit de la grande majorit\u00e9 des travailleurs actuellement dans le monde : les petits paysans, les secteurs informels, les paysans sans terre&#8230;<br \/>\n<\/em><em><br \/>\n<\/em><em>Si nous nous r\u00e9f\u00e9rons \u00e0 la p\u00e9riph\u00e9rie du capitalisme de la triade, qu&rsquo;il suffise de penser aux divers moyens d&rsquo;extraction de la richesse, depuis les m\u00e9canismes de formation des prix des mati\u00e8res premi\u00e8res ou des produits agricoles, jusqu&rsquo;au service de la dette, les conditions mises par les investisseurs \u00e9trangers, les paradis fiscaux, le dumping des produits agricoles, l&rsquo;\u00e9vasion des cerveaux, toutes politiques qui contribuent \u00e0 l&rsquo;accumulation du capital et \u00e0 l&rsquo;appauvrissement des soci\u00e9t\u00e9s n\u00e9o-colonialis\u00e9es.<\/em><em>Tout cela affecte de nombreux groupes, les peuples autochtones qui perdent leurs moyens d&rsquo;existence, les m\u00e8res de familles concern\u00e9es par la privatisation de l&rsquo;eau, de l&rsquo;\u00e9lectricit\u00e9, la perte d&rsquo;acc\u00e8s \u00e0 l&rsquo;\u00e9ducation aux services de sant\u00e9, les petits paysans entra\u00een\u00e9s dans le circuit de la famine.<br \/>\n<\/em><em>\u00a0<\/em><em>Voil\u00e0 pourquoi, vingt-cinq ans apr\u00e8s le Consensus de Washington, dix ans apr\u00e8s la chute du mur de Berlin, qui signifia le triomphalisme du n\u00e9olib\u00e9ralisme, on assista \u00e0 la double convergence de mouvements sociaux et d&rsquo;organisations non gouvernementales protestant contre les centres de d\u00e9cision du n\u00e9olib\u00e9ralisme mondial d&rsquo;une part et au d\u00e9veloppement des Forums sociaux de l&rsquo;autre.<\/em><em>\u00a0<\/em><em>S&rsquo;agit-il de la naissance d&rsquo;un nouveau sujet historique ? L&rsquo;avenir le dira, mais il est clair que l&rsquo;opposition au n\u00e9olib\u00e9ralisme r\u00e9unit aujourd&rsquo;hui des mouvements et des organisations qui n&rsquo;avaient rien en commun et qui d\u00e9couvrent progressivement que l&rsquo;adversaire est le m\u00eame pour tous, parce que la logique qui pr\u00e9side \u00e0 l&rsquo;accumulation du capital les affecte tous. Les objectifs des luttes sociales se sont \u00e9largis. Il s&rsquo;agit de revendications qui couvrent tout l&rsquo;\u00e9ventail des besoins humains y compris dans le champ de la culture et de la qualit\u00e9 de la vie et qui concernent aussi bien la sauvegarde de l&rsquo;univers que la d\u00e9fense de l&rsquo;humanit\u00e9. Or, il ne suffit pas de protester, mais aussi de proposer des alternatives.<\/em><em>\u00a0<\/em><em>C&rsquo;est alors que les positions divergent. Il y a ceux qui affirment que le capitalisme peut \u00eatre humanis\u00e9, arguant que d&rsquo;ailleurs, la seule attitude utile est de proposer des reformes. D&rsquo;autres estiment que face \u00e0 la r\u00e9alit\u00e9 seul un changement radical pourra apporter des solutions r\u00e9elles et qui luttent pour un remplacement du capitalisme par un autre syst\u00e8me. Bref, la division se creuse \u00e0 nouveau entre r\u00e9volutionnaires et r\u00e9formistes et risque de mener la convergence des r\u00e9sistances \u00e0 l&rsquo;\u00e9clatement. Et si tout cela n&rsquo;\u00e9tait qu&rsquo;une fausse dichotomie ?<\/em><em>\u00a0<\/em><em>En effet, il y a des niveaux diff\u00e9rents d&rsquo;alternatives : l&rsquo;utopie, dans le sens de ce qui n&rsquo;existe pas aujourd&rsquo;hui, mais pourrait se r\u00e9aliser demain et qui se d\u00e9finit par l&rsquo;interrogation : quelle soci\u00e9t\u00e9 voulons-nous ? Il s&rsquo;agit d&rsquo;une cr\u00e9ation collective permanente, constamment \u00e0 red\u00e9finir et qui se d\u00e9cline tr\u00e8s concr\u00e8tement : quelle \u00e9ducation volons-nous, quelle agriculture, quelle entreprise, quels moyens de communications&#8230;? Sans doute le projet post-capitaliste s&rsquo;oppose-t-il \u00e0 celui de sa simple r\u00e9gulation, mais certains objectifs concrets peuvent co\u00efncider.<\/em><em>\u00a0<\/em><em>Sur le plan du court et du moyen terme, les co\u00efncidences se rapprochent plus encore. Le moyen terme se d\u00e9finit comme tel, soit parce qu&rsquo;il exige la mise en place de m\u00e9canismes sociaux ou techniques complexes ou encore parce que le syst\u00e8me va se d\u00e9fendre. A ce niveau il existe bien des objectifs, \u00e9conomiques, sociaux, culturels, politiques, \u00e9cologiques sur lesquels une action commune peut \u00eatre men\u00e9e. Pensons \u00e0 l&rsquo;opposition \u00e0 l&rsquo;ALCA en Am\u00e9rique latine et \u00e0 la construction progressive d&rsquo;une int\u00e9gration du continent. Cela ne signifie pas la fin du capitalisme, mais bien un frein s\u00e9rieux \u00e0 l&rsquo;h\u00e9g\u00e9monie unipolaire des Etats Unis dans la r\u00e9gion.<\/em><em>A court terme, les objectifs communs sont encore plus nombreux. Ils se justifient par le fait que les gens souffrent ou meurent aujourd&rsquo;hui et pas demain. Par ailleurs des victoires partielles sont n\u00e9cessaires dans les luttes sociales. Ce serait une erreur de consid\u00e9rer les petits pas uniquement comme des mani\u00e8res de permettre au syst\u00e8me de s&rsquo;adapter aux nouvelles circonstances et donc de se reproduire. Ils sont aussi des br\u00e8ches que l&rsquo;on peut introduire dans la logique du syst\u00e8me capitaliste.<\/em><em>\u00a0<\/em><em>Le courant r\u00e9formiste place ses objectifs dans un am\u00e9nagement du syst\u00e8me, pour des raisons diverses, depuis le simple pragmatisme jusqu&rsquo;\u00e0 la foi dans le march\u00e9. Le courant r\u00e9volutionnaire d\u00e9sire changer un mode de production, ce qui ne se r\u00e9alise pas dans un temps court, car cela implique des transformations \u00e9conomiques, politiques et culturelles consid\u00e9rables. Mais il est porteur de la conviction que la logique de l&rsquo;accumulation capitaliste ne fera qu&rsquo;accentuer les contradictions dans les rapports entre l&rsquo;homme et la nature et entre les \u00eatres humains.<\/em><em>\u00a0<\/em><em>Bien que les objectifs \u00e0 long terme (l&rsquo;utopie) influencent profond\u00e9ment la lecture et la conception de ce que l&rsquo;on peut r\u00e9aliser \u00e0 moyen ou \u00e0 court terme, la construction d&rsquo;un sujet historique nouveau et mondialis\u00e9 exige une unit\u00e9 dans les actions concr\u00e8tes. Pour les uns, elles peuvent constituer un objectif en soi et pour les autres un pas dans un processus de changement radical. Tout plaide donc pour une unit\u00e9 d&rsquo;action, sans cacher les diff\u00e9rences de perspectives : garder un id\u00e9al r\u00e9volutionnaire, sans m\u00e9priser les petits pas pour les uns; revendiquer des objectifs concrets comme strat\u00e9gie la plus efficace pour humaniser le syst\u00e8me \u00e9conomique pour les autres. Il y aura certes des points de divergences, mais aussi un large \u00e9ventail d&rsquo;actions en commun, seule mani\u00e8re d&rsquo;avancer dans la lutte contemporaine \u00e0 l&rsquo;\u00e9chelle mondiale, face \u00e0 un adversaire qui a tout avantage \u00e0 encourager les divisions<\/em>\u00a0\u00bb<a href=\"#_ftn1\" name=\"_ftnref1\">[1]<\/a>.<\/p>\n<p>Tant que la pens\u00e9e d\u2019un homme et le souvenir de ses combats continuent \u00e0 enrichir notre pens\u00e9e et nos combats, il reste vivant parmi nous.<\/p>\n<p>&nbsp;<\/p>\n<p><a href=\"#_ftnref1\" name=\"_ftn1\">[1]<\/a> Contradictions 111-112, Rassembler les r\u00e9sistances, textes r\u00e9unis par Nadine Rosa-Rosso, 3<sup>\u00e8me<\/sup> et 4<sup>\u00e8me<\/sup> trimestres 2005, p7-9<\/p>\n<p>Publi\u00e9 par <a href=\"https:\/\/plus.google.com\/103350341598559458967\" data-gapiscan=\"true\" data-onload=\"true\" data-gapiattached=\"true\"> Nadine Rosa-Rosso <\/a><\/p>\n","protected":false},"excerpt":{"rendered":"<p>Une de mes premi\u00e8res rencontres avec Fran\u00e7ois Houtart remonte au d\u00e9but de l\u2019ann\u00e9e 1991, \u00e0 l\u2019occasion de notre mobilisation contre la premi\u00e8re guerre du Golfe. En f\u00e9vrier 91, des artistes et des intellectuels r\u00e9unis \u00e0 Ouagadougou, Burkina Faso \u00e0 l\u2019occasion du Festival du Film FESPACO, ont r\u00e9dig\u00e9 la d\u00e9claration \u00ab\u00a0La nouvelle guerre de cent ans: &#8230; <a title=\"Fran\u00e7ois Houtart : \u00ab Garder un id\u00e9al r\u00e9volutionnaire \u00bb\" class=\"read-more\" href=\"https:\/\/bruxelles-pantheres.be\/?p=3298\" aria-label=\"En savoir plus sur Fran\u00e7ois Houtart : \u00ab Garder un id\u00e9al r\u00e9volutionnaire \u00bb\">Lire la suite<\/a><\/p>\n","protected":false},"author":1,"featured_media":3300,"comment_status":"open","ping_status":"open","sticky":false,"template":"","format":"standard","meta":{"footnotes":""},"categories":[1,35,21,36,6,18],"tags":[164],"class_list":["post-3298","post","type-post","status-publish","format-standard","has-post-thumbnail","hentry","category-non-classe","category-amerique-du-sud","category-anti-imperialisme","category-europe","category-palestine-moyen-orient","category-resistance-bruxelles","tag-francois-houtart"],"_links":{"self":[{"href":"https:\/\/bruxelles-pantheres.be\/index.php?rest_route=\/wp\/v2\/posts\/3298","targetHints":{"allow":["GET"]}}],"collection":[{"href":"https:\/\/bruxelles-pantheres.be\/index.php?rest_route=\/wp\/v2\/posts"}],"about":[{"href":"https:\/\/bruxelles-pantheres.be\/index.php?rest_route=\/wp\/v2\/types\/post"}],"author":[{"embeddable":true,"href":"https:\/\/bruxelles-pantheres.be\/index.php?rest_route=\/wp\/v2\/users\/1"}],"replies":[{"embeddable":true,"href":"https:\/\/bruxelles-pantheres.be\/index.php?rest_route=%2Fwp%2Fv2%2Fcomments&post=3298"}],"version-history":[{"count":1,"href":"https:\/\/bruxelles-pantheres.be\/index.php?rest_route=\/wp\/v2\/posts\/3298\/revisions"}],"predecessor-version":[{"id":3301,"href":"https:\/\/bruxelles-pantheres.be\/index.php?rest_route=\/wp\/v2\/posts\/3298\/revisions\/3301"}],"wp:featuredmedia":[{"embeddable":true,"href":"https:\/\/bruxelles-pantheres.be\/index.php?rest_route=\/wp\/v2\/media\/3300"}],"wp:attachment":[{"href":"https:\/\/bruxelles-pantheres.be\/index.php?rest_route=%2Fwp%2Fv2%2Fmedia&parent=3298"}],"wp:term":[{"taxonomy":"category","embeddable":true,"href":"https:\/\/bruxelles-pantheres.be\/index.php?rest_route=%2Fwp%2Fv2%2Fcategories&post=3298"},{"taxonomy":"post_tag","embeddable":true,"href":"https:\/\/bruxelles-pantheres.be\/index.php?rest_route=%2Fwp%2Fv2%2Ftags&post=3298"}],"curies":[{"name":"wp","href":"https:\/\/api.w.org\/{rel}","templated":true}]}}