{"id":33,"date":"2009-01-24T01:21:15","date_gmt":"2009-01-24T00:21:15","guid":{"rendered":"https:\/\/bruxelles-pantheres.be\/?p=33"},"modified":"2013-11-09T22:50:25","modified_gmt":"2013-11-09T21:50:25","slug":"la-gauche-et-lappui-a-la-resistance","status":"publish","type":"post","link":"https:\/\/bruxelles-pantheres.be\/?p=33","title":{"rendered":"La gauche et l\u2019appui \u00e0 la r\u00e9sistance."},"content":{"rendered":"<p><small>23 janvier 2009 15:51 <\/small><\/p>\n<p><strong>La gauche et l\u2019appui \u00e0 la r\u00e9sistance.<\/strong><\/p>\n<div><img decoding=\"async\" alt=\"\" src=\"http:\/\/www.legrandsoir.info\/local\/cache-vignettes\/L250xH241\/arton7916-842c7.jpg\" width=\"250\" height=\"241\" align=\"left\" \/><\/p>\n<div>Nadine ROSA-ROSSO<\/div>\n<div id=\"font-variable\">\n<p><em>Intervention au Forum international de Beyrouth pour la r\u00e9sistance, l\u2019anti-imp\u00e9rialisme, la solidarit\u00e9 des peuples et les alternatives, le 17 janvier 2009.<\/em><\/p>\n<p>La question cl\u00e9 de ce forum est celle de l\u2019appui aux r\u00e9sistances \u00e0 l\u2019imp\u00e9rialisme, partout dans le monde. En tant que militante communiste belge ind\u00e9pendante, je voudrais aborder uniquement le probl\u00e8me de la gauche europ\u00e9enne sur cette question.<!--more--><\/p>\n<p>Les manifestations massives dans les capitales et les grandes villes europ\u00e9ennes pour soutenir le peuple de Gaza viennent de mettre encore une fois en \u00e9vidence le probl\u00e8me central\u00a0: la toute grande majorit\u00e9 de la gauche, y compris les communistes, accepte de soutenir le peuple de Gaza face \u00e0 l\u2019agression isra\u00e9lienne mais refuse de soutenir ses expressions politiques, comme le Hamas en Palestine ou le Hezbollah au Liban. Non seulement la gauche ne les soutient pas, mais elle les d\u00e9nonce et les combat. Son soutien au peuple de Gaza se situe sur le plan humanitaire et non sur le plan politique.<br \/>\nEn ce qui concerne le Hamas et le Hezbollah, la principale pr\u00e9occupation de la gauche est l\u2019appui des masses arabes \u00e0 ces formations et non l\u2019intention d\u00e9lib\u00e9r\u00e9e et hautement proclam\u00e9e d\u2019Isra\u00ebl de les an\u00e9antir. Sur le plan politique, on peut dire sans exag\u00e9rer que le souhait (plus ou moins ouvertement avou\u00e9) de la gauche se situe sur la m\u00eame ligne que celle du gouvernement isra\u00e9lien\u00a0: liquider le soutien populaire au Hamas et au Hezbollah. Cette question se pose non seulement pour le Moyen-Orient mais aussi au sein des capitales europ\u00e9ennes parce que la grande masse des manifestants \u00e0 Bruxelles, Londres ou Paris aujourd\u2019hui y est constitu\u00e9e des populations issues de l\u2019immigration maghr\u00e9bine.<\/p>\n<p>Les r\u00e9actions de la gauche sur ces manifestations sont tout \u00e0 fait symptomatiques. Je vous en cite quelques-unes, mais je pourrais en citer des dizaines. Le site de Res Publica, en France, titre apr\u00e8s la grande manifestation parisienne du 3 janvier\u00a0: \u00ab\u00a0<em>Nous refusons d\u2019\u00eatre pi\u00e9g\u00e9s par les islamistes du Hamas, du Jihad islamiste et du Hezbollah\u00a0!<\/em>\u00a0\u00bb. \u00ab\u00a0<em>Quelques militants de gauche et d\u2019extr\u00eame gauche (qui ont tr\u00e8s faiblement mobilis\u00e9) se sont retrouv\u00e9s litt\u00e9ralement noy\u00e9s dans une foule dont les opinions sont aux antipodes de ce qu\u2019incarne le mouvement r\u00e9publicain fran\u00e7ais et de ce que pr\u00f4ne la gauche du XXI\u00e8me si\u00e8cle. Plus de 90\u00a0% des manifestants ont d\u00e9fendu une vision du monde int\u00e9griste, communautariste, fond\u00e9e sur la guerre des civilisations, anti-la\u00efque, anti-r\u00e9publicaine et pr\u00f4n\u00e9 un relativisme culturel dont on conna\u00eet toutes les d\u00e9rives n\u00e9fastes, notamment en Angleterre<\/em>\u00a0\u00bb.<\/p>\n<p>Res Publica n\u2019est ni marxiste ni communiste, mais on cherche en vain sur des sites marxistes le moindre mot positif sur Hamas. On trouvera des formulations telles que \u00ab\u00a0<em>Quoiqu\u2019on puisse penser sur le Hamas, une chose est indiscutable\u00a0: la population palestinienne a \u00e9lu d\u00e9mocratiquement le Hamas \u00e0 la direction de Gaza, lors d\u2019\u00e9lections qui se sont d\u00e9roul\u00e9es sous contr\u00f4le international<\/em> (1).\u00a0\u00bb Et quand on cherche plus loin sur \u00ab\u00a0ce qu\u2019on peut penser du Hamas\u00a0\u00bb, on trouve tant sur le site du Parti Communiste Fran\u00e7ais que sur celui du Parti du Travail de Belgique un article intitul\u00e9 \u00ab\u00a0<em>Comment Isra\u00ebl a mis en selle le Hamas<\/em>\u00a0\u00bb. On y apprend que le Hamas a \u00e9t\u00e9 soutenu par Isra\u00ebl, les Etats-Unis et l\u2019Union europ\u00e9enne, un point c\u2019est tout. Je souligne que cet article a \u00e9t\u00e9 mis en ligne le 2 janvier, apr\u00e8s une semaine de bombardements isra\u00e9liens intensifs et la veille de l\u2019offensive terrestre dont le but proclam\u00e9 est la destruction du Hamas.<\/p>\n<p>Je reviens sur la citation de Res Publica parce qu\u2019elle r\u00e9sume assez bien l\u2019attitude g\u00e9n\u00e9rale de la gauche non seulement vis-\u00e0-vis de la r\u00e9sistance palestinienne mais aussi des masses arabes et musulmanes eu Europe.<\/p>\n<p>Le plus int\u00e9ressant de cette citation se trouve dans la parenth\u00e8se\u00a0: la gauche et l\u2019extr\u00eame gauche (qui ont tr\u00e8s faiblement mobilis\u00e9). On pourrait s\u2019attendre, apr\u00e8s un tel aveu, \u00e0 un bilan un tant soit peu autocritique de cette absence de mobilisation, en plein carnage du peuple palestinien.<\/p>\n<p>Mais non, toute la charge est dirig\u00e9e contre la masse des manifestants (90%) \u00e0 qui il est reproch\u00e9 de mener la \u00ab\u00a0guerre des civilisations\u00a0\u00bb.<\/p>\n<p>Dans toutes les manifestations auxquelles j\u2019ai particip\u00e9 \u00e0 Bruxelles, j\u2019ai demand\u00e9 \u00e0 des manifestants de me traduire les slogans scand\u00e9s en arabe et ils l\u2019ont chaque fois fait avec plaisir. J\u2019ai entendu beaucoup de soutien \u00e0 la r\u00e9sistance palestinienne et beaucoup de d\u00e9nonciation des gouvernements arabes, en particulier du pr\u00e9sident \u00e9gyptien Mubarak, des crimes d\u2019Isra\u00ebl, du silence assourdissant de la communaut\u00e9 internationale ou de la complicit\u00e9 de l\u2019Union europ\u00e9enne. Selon moi des mots d\u2019ordre politiques tout \u00e0 fait appropri\u00e9s \u00e0 la situation. Mais sans doute que certains n\u2019entendent que \u00ab\u00a0Allahu aqbar\u00a0!\u00a0\u00bb et se font leur opinion sur cette seule base.<\/p>\n<p>Le fait m\u00eame que des slogans sont cri\u00e9s en arabe suffit parfois \u00e0 irriter la gauche. Ainsi le comit\u00e9 organisateur de la manifestation du 11 janvier \u00e9tait pr\u00e9occup\u00e9 des langues qui y seraient utilis\u00e9s. Mais ne peut-on tout simplement pas diffuser les traductions de ces slogans\u00a0? Ce serait peut-\u00eatre le premier pas dans la compr\u00e9hension mutuelle. Quand nous manifestions en 1973 contre le coup d\u2019\u00e9tat militaire pro-am\u00e9ricain de Pinochet au Chili, personne ne se serait aviser de dire aux manifestants latino-am\u00e9ricains \u00ab\u00a0Scandez en fran\u00e7ais, s\u2019il vous plait\u00a0!\u00a0\u00bb. Pour mener ce combat, nous avons tous appris des slogans en espagnol et cela ne choquait personne.<\/p>\n<p>Le probl\u00e8me est bien dans la parenth\u00e8se\u00a0: pourquoi la gauche et l\u2019extr\u00eame gauche mobilisent si peu\u00a0? Et pour \u00eatre plus clair, la gauche et l\u2019extr\u00eame gauche sont-elles encore capables de mobiliser sur ces questions\u00a0?<\/p>\n<p>Le probl\u00e8me \u00e9tait d\u00e9j\u00e0 \u00e9vident lors de l\u2019invasion isra\u00e9lienne du Liban \u00e0 l\u2019\u00e9t\u00e9 2006.<br \/>\nJe voudrais citer ici un Isra\u00e9lien antisioniste, qui a trouv\u00e9 refuge \u00e0 Londres, le musicien de jazz Gilad Atzmon, et qui disait d\u00e9j\u00e0, six mois avant l\u2019invasion\u00a0: \u00ab\u00a0<em>Depuis pas mal de temps, il est tr\u00e8s clair que l\u2019id\u00e9ologie de gauche se d\u00e9bat d\u00e9sesp\u00e9r\u00e9ment pour trouver sa voie au milieu de la bataille en train d\u2019\u00e9merger entre l\u2019Occident et le Moyen-Orient. Les param\u00e8tres de ce qu\u2019il est convenu d\u2019appeler le \u00ab\u00a0clash entre civilisations\u00a0\u00bb sont si clairement en place que le militant de gauche \u00ab\u00a0rationnel\u00a0\u00bb et \u00ab\u00a0ath\u00e9e\u00a0\u00bb est \u00e0 coup s\u00fbr condamn\u00e9 \u00e0 se retrouver plus pr\u00e8s de Donald Rumsfeld que d\u2019un religieux musulman<\/em>\u00a0\u00bb.<\/p>\n<p>Il est difficile de poser le probl\u00e8me plus clairement.<\/p>\n<p>Parmi les param\u00e8tres, je voudrais en traiter bri\u00e8vement deux qui paralysent litt\u00e9ralement la gauche dans son soutien \u00e0 la r\u00e9sistance palestinienne, libanaise et plus g\u00e9n\u00e9ralement arabe et\/ou musulmane\u00a0: la religion et le terrorisme.<\/p>\n<p><strong>La gauche et la religion<\/strong><\/p>\n<p>Atterr\u00e9e par les sentiments religieux pr\u00e9sents dans les masses populaires issues de l\u2019immigration, la gauche, marxiste ou non, brandit r\u00e9guli\u00e8rement la c\u00e9l\u00e8bre phrase de Marx \u00ab\u00a0<em>La religion est l\u2019opium du peuple<\/em>\u00a0\u00bb. Elle pense ainsi avoir tout dit. Il faut soumettre le peuple \u00e0 une s\u00e9rieuse cure de d\u00e9sintoxication et ceci avant tout autre chose. J\u2019aimerais vous lire la citation de Marx qui aboutit \u00e0 cette conclusion et si je cite Marx ce n\u2019est pas pour me cacher derri\u00e8re une sommit\u00e9 mais c\u2019est parce que j\u2019esp\u00e8re ainsi faire r\u00e9fl\u00e9chir au moins ceux qui s\u2019en revendiquent.<\/p>\n<p>\u00ab\u00a0<em>La religion est la th\u00e9orie g\u00e9n\u00e9rale de ce monde, (..) sa logique sous forme populaire, son point d\u2019honneur spiritualiste, son enthousiasme, sa sanction morale, son comportement solennel, sa raison g\u00e9n\u00e9rale de consolation et de justification. (\u2026) <strong>La mis\u00e8re religieuse est \u00e0 la fois l\u2019expression de la mis\u00e8re r\u00e9elle et d\u2019autre part la protestation contre cette mis\u00e8re<\/strong>. La religion est le soupir de la cr\u00e9ature accabl\u00e9e, le c\u0153ur d\u2019un homme sans c\u0153ur, comme elle est l\u2019esprit des temps priv\u00e9s d\u2019esprit. Elle est l\u2019opium du peuple\u2026<\/em>\u00a0\u00bb.<\/p>\n<p>J\u2019ai toujours \u00e9t\u00e9 ath\u00e9e et je le reste mais je ne suis pas du tout \u00e9tonn\u00e9e de la mont\u00e9e des sentiments religieux dans les peuples. Dans le monde d\u2019aujourd\u2019hui, la plupart des hommes politiques, y compris de la gauche, aiment proclamer leur impuissance\u00a0: ils ne peuvent rien contre la sup\u00e9riorit\u00e9 militaire des Etats-Unis, ils ne peuvent rien, ou presque, contre les sp\u00e9culations financi\u00e8res et la logique du profit qui ruinent, affament et tuent des milliards d\u2019\u00eatres humains sur cette plan\u00e8te. Tout cela, c\u2019est \u00ab\u00a0la main invisible du march\u00e9\u00a0\u00bb. Mais quelle diff\u00e9rence y a-t-il entre une \u00ab\u00a0main invisible\u00a0\u00bb et \u00ab\u00a0l\u2019intervention divine\u00a0\u00bb\u00a0? La seule diff\u00e9rence, c\u2019est que la th\u00e9orie de la \u00ab\u00a0main invisible\u00a0\u00bb d\u00e9sarme totalement les masses dans leur soif de justice sociale et \u00e9conomique et que \u00ab\u00a0l\u2019intervention divine\u00a0\u00bb semble souvent les aider \u00e0 tenir bon et \u00e0 r\u00e9sister. Que cela nous plaise ou nous d\u00e9plaise, ce n\u2019est pas en crachant sur des milliards d\u2019\u00eatre humains que nous allons nous rapprocher d\u2019eux.<\/p>\n<p>La gauche fait exactement la m\u00eame chose que ce qu\u2019elle reproche aux islamistes\u00a0: elle n\u2019analyse la situation qu\u2019en termes religieux. Elle refuse d\u2019entendre les propos religieux comme \u00ab\u00a0une protestation contre la mis\u00e8re\u00a0\u00bb. Et on pourrait ajouter aujourd\u2019hui contre l\u2019imp\u00e9rialisme, le colonialisme et le n\u00e9o-colonialisme. Et par ce refus elle se coupe totalement d\u2019une immense partie des masses populaires. Et je ne peux pas mieux dire que Gilad Atzmon \u00ab\u00a0<em>Plut\u00f4t qu\u2019imposer nos croyances \u00e0 d\u2019autres, nous ferions bien mieux <strong>d\u2019apprendre \u00e0 comprendre<\/strong> ce en quoi les autres croient.<\/em>\u00a0\u00bb Parce que si nous continuons \u00e0 refuser d\u2019apprendre \u00e0 comprendre, nous passerons le reste de notre vie \u00e0 nous lamenter sur les sentiments religieux des masses au lieu de les rejoindre dans leur combat pour la paix, l\u2019ind\u00e9pendance et la justice sociale et \u00e9conomique.<\/p>\n<p>A propos de la religion, il est important d\u2019ajouter que le sort r\u00e9serv\u00e9 \u00e0 la religion musulmane est fort diff\u00e9rent de celui r\u00e9serv\u00e9, m\u00eame par la gauche, \u00e0 la religion chr\u00e9tienne. Je n\u2019ai jamais per\u00e7u aucune r\u00e9ticence de la gauche \u00e0 se solidariser avec les \u00e9v\u00eaques latino-am\u00e9ricains partisans de la th\u00e9ologie de la lib\u00e9ration en lutte contre l\u2019imp\u00e9rialisme yankee dans les ann\u00e9e 70, ni avec le catholicisme d\u00e9clar\u00e9 de la r\u00e9sistance irlandaise contre l\u2019imp\u00e9rialisme britannique. Je n\u2019ai jamais entendu la gauche critiquer Martin Luther King pour ses r\u00e9f\u00e9rences \u00e0 l\u2019\u00e9vangile qui ont \u00e9t\u00e9 un puissant levier de mobilisation pour la masse des travailleurs noirs am\u00e9ricains, priv\u00e9s de tous les droits politiques, \u00e9conomiques et sociaux dans les USA des ann\u00e9es soixante. La diff\u00e9rence de traitement, la m\u00e9fiance syst\u00e9matique \u00e0 l\u2019\u00e9gard des musulmans, tous soup\u00e7onn\u00e9s, sans distinction, de vouloir nous imposer la Charia, ne peut s\u2019expliquer que par l\u2019empreinte ind\u00e9l\u00e9bile du colonialisme sur nos consciences. N\u2019oublions quand m\u00eame pas que les communistes, comme ceux du Parti Communiste Belge, ont r\u00e9ussi \u00e0 vanter les m\u00e9rites de la colonisation, colport\u00e9e avec enthousiasme par les missionnaires chr\u00e9tiens. Ainsi, en 1948, au sortir d\u2019une r\u00e9sistance h\u00e9ro\u00efque des partis communistes contre l\u2019occupant nazi, on pouvait lire dans le programme du Parti Communiste de Belgique pour le Congo\u00a0:<\/p>\n<blockquote><p>a) R\u00e9alisation d\u2019une seule entit\u00e9 \u00e9conomique Belgique-Congo\u00a0;b) D\u00e9veloppement des \u00e9changes avec la colonie et valorisation de ses richesses nationales\u00a0;<\/p>\n<p>c) Nationalisation des richesses et des entreprises trust\u00e9es au Congo\u00a0;<\/p>\n<p>d) D\u00e9veloppement du colonat blanc, du paysannat et de l\u2019artisanat noir\u00a0;<\/p>\n<p>e) Extension progressive aux populations noires des droits et libert\u00e9s d\u00e9mocratiques.<\/p><\/blockquote>\n<p>C\u2019est ce genre d\u2019\u00e9ducation politique des travailleurs qui a abouti \u00e0 l\u2019absence quasi totale de r\u00e9action de ces m\u00eames travailleurs face \u00e0 l\u2019assassinat de Patrice Lumumba et de Pierre Mulele, comme des dizaines d\u2019autres dirigeants et militants africains anti-imp\u00e9rialistes. Car \u00ab\u00a0notre\u00a0\u00bb civilisation chr\u00e9tienne est quand m\u00eame quelque chose de civilis\u00e9, n\u2019est-ce pas\u00a0? Et nous ne pouvons \u00e9tendre les droits et libert\u00e9s d\u00e9mocratiques aux masses du tiers monde que de fa\u00e7on \u00ab\u00a0progressive\u00a0\u00bb, vu qu\u2019elles sont trop barbares pour en faire un bon usage.<br \/>\nC\u2019est exactement ce m\u00eame type de raisonnement politique colonial qui fait qu\u2019aujourd\u2019hui la gauche se mord les doigts d\u2019avoir soutenu les \u00e9lections d\u00e9mocratiques en Palestine. Dommage, il aurait fallu \u00eatre plus \u00ab\u00a0progressif\u00a0\u00bb puisque maintenant la majorit\u00e9 a vot\u00e9 Hamas. Pire, la gauche reproche \u00e0 l\u2019Occident d\u2019avoir \u00ab\u00a0<em>forc\u00e9 la main \u00e0 l\u2019OLP pour organiser des \u00e9lections l\u00e9gislatives en 2006 alors que tout indiquait que le Hamas allait les remporter<\/em>\u00a0\u00bb. C\u2019est ce qu\u2019on peut lire aujourd\u2019hui sur le site du Parti Communiste Fran\u00e7ais et du Parti du Travail de Belgique.<\/p>\n<p>Si l\u2019on cessait de se focaliser sur les convictions religieuses, on pourrait peut-\u00eatre \u00ab\u00a0apprendre \u00e0 comprendre\u00a0\u00bb pourquoi les masses arabes et musulmanes qui manifestent aujourd\u2019hui pour la Palestine crient \u00ab\u00a0z\u00e9ro\u00a0\u00bb \u00e0 un dirigeant arabe et musulman comme Mubarak et clament le nom de Chavez, un dirigeant latino-am\u00e9ricain et chr\u00e9tien. Est-ce que ces masses n\u2019expriment pas ainsi clairement que leur grille de lecture n\u2019est pas, en premier lieu, la religion mais bien la position \u00e0 l\u2019\u00e9gard de l\u2019imp\u00e9rialisme am\u00e9ricain et sioniste\u00a0?<\/p>\n<p>Et si la gauche posait le probl\u00e8me radicalement en ces termes, est-ce qu\u2019elle ne pourrait pas retrouver un petit peu du soutien populaire qui a fait sa force\u00a0?<\/p>\n<p><strong>La gauche et le terrorisme<\/strong><\/p>\n<p>La seconde grande source de paralysie de la gauche dans le combat anti-imp\u00e9rialiste est la hantise d\u2019\u00eatre assimil\u00e9e au terrorisme.<\/p>\n<p>Le pr\u00e9sident de la Chambre des repr\u00e9sentants allemande, Walter Momper, la chef de la fraction des Verts Franziska Eichst\u00e4dt-Bohlig, un chef du Linke Klaus Lederer, et d\u2019autres encore ont manifest\u00e9 \u00e0 Berlin en soutien \u00e0 Isra\u00ebl sous le slogan \u00ab\u00a0Halte \u00e0 la terreur du Hamas\u00a0\u00bb . Il faut savoir que la formation de gauche allemande Die Linke est consid\u00e9r\u00e9e par beaucoup en Europe comme une alternative cr\u00e9dible et nouvelle pour la gauche.<\/p>\n<p>Toute l\u2019histoire de la colonisation et de la d\u00e9colonisation est une histoire de terres vol\u00e9es par la force militaire et reconquises par la force. De l\u2019Alg\u00e9rie au Vietnam, de Cuba \u00e0 l\u2019Afrique du Sud, du Congo \u00e0 la Palestine, aucune puissance colonisatrice n\u2019a renonc\u00e9 par la n\u00e9gociation et le dialogue politiques \u00e0 sa domination. C\u2019est aussi le sens que Gilad Atzmon vient de donner la semaine pass\u00e9e aux tirs de roquette du Hamas\u00a0: \u00ab\u00a0<em>Cette semaine, nous en avons appris un peu plus sur l\u2019arsenal balistique du Hamas. Il est \u00e9vident que le Hamas a fait preuve d\u2019une certaine retenue avec Isra\u00ebl depuis trop longtemps. Le Hamas s\u2019est retenu d\u2019\u00e9tendre le conflit \u00e0 l\u2019ensemble du sud d\u2019Isra\u00ebl. Il m\u2019est venu \u00e0 l\u2019esprit que les vol\u00e9es de roquettes qui se sont abattues sporadiquement sur Sderot et Ashkelon n\u2019\u00e9taient en r\u00e9alit\u00e9 rien d\u2019autre qu\u2019un message des Palestiniens emprisonn\u00e9s. C\u2019\u00e9tait d\u2019abord un message \u00e0 la terre, aux champs et aux vergers vol\u00e9s\u00a0: \u2019Notre terre ador\u00e9e, nous ne t\u2019avons pas oubli\u00e9e, nous combattons encore pour toi, au plus vite nous reviendrons, nous reprendrons l\u00e0 o\u00f9 nous avons \u00e9t\u00e9 arr\u00eat\u00e9s<\/em>\u00a0\u00bb. Ce qu\u2019un juif n\u00e9 sur le sol d\u2019Isra\u00ebl peut comprendre, reste incompris et en tout cas ind\u00e9fendable pour la gauche europ\u00e9enne\u00a0: la n\u00e9cessit\u00e9 et le droit des peuples \u00e0 reprendre par la force ce qui leur a \u00e9t\u00e9 vol\u00e9 par la force.<\/p>\n<p>Parce que depuis le 11 septembre 2001, tout usage de la force dans la lutte anticoloniale et anti-imp\u00e9rialiste est r\u00e9pertori\u00e9 dans la cat\u00e9gorie \u00ab\u00a0terrorisme\u00a0\u00bb\u00a0; il n\u2019est m\u00eame plus question d\u2019en discuter.<\/p>\n<p>Il faudrait pourtant rappeler que le Hamas a \u00e9t\u00e9 plac\u00e9 par les Etats-Unis sur la liste des organisations terroristes bien longtemps avant le 11 septembre, en 1995. C\u2019est en janvier 1995 que les Etats-Unis ont \u00e9labor\u00e9 la \u00ab\u00a0<em>Specially designated terrorist List<\/em> (SDT)\u00a0\u00bb sur laquelle on retrouvait pratiquement tous les mouvements, partis et organisations du tiers monde qui ont recours \u00e0 la lutte arm\u00e9e contre l\u2019imp\u00e9rialisme. Mais c\u2019est surtout apr\u00e8s le 11 septembre, et avec le lancement de la \u00ab\u00a0<em>global war on terror<\/em> (GWAT)\u00a0\u00bb, la guerre globale contre le terrorisme de l\u2019administration Bush, que la capitulation d\u2019une grande partie de la gauche a commenc\u00e9 . La peur d\u2019\u00eatre class\u00e9e parmi les terroristes ou parmi des partisans du terrorisme n\u2019est plus seulement politique ou id\u00e9ologique, elle est aussi pratique. La directive de l\u2019Union europ\u00e9enne pour la lutte contre les organisations terroristes a \u00e9t\u00e9 traduite dans la plupart des l\u00e9gislations nationales par un \u00ab\u00a0copier-coller\u00a0\u00bb qui permet aux tribunaux de poursuivre nombre de militants suspect\u00e9s de soutenir le terrorisme. A Londres, des militants vendant des brochures comportant une analyse marxiste du Hamas ont \u00e9t\u00e9 arr\u00eat\u00e9s et leurs brochures saisies. Autrement dit, se renseigner ou en renseigner d\u2019autres sur le programme politique et sur les agissements du Hamas ou du Hezbollah devient une entreprise ill\u00e9gale.<\/p>\n<p>Chacun est donc pri\u00e9, pour vivre en paix, d\u2019au minimum prendre ses distances et si possible de condamner sans r\u00e9serve ces formations politiques. Dans ces conditions, on voit mal comment la lutte politique entre la gauche et ces courants pourrait se mener de fa\u00e7on saine.<\/p>\n<p>J\u2019ai donc une proposition tr\u00e8s concr\u00e8te \u00e0 faire\u00a0: nous devons lancer un appel pour faire retirer le Hamas de la liste des organisations terroristes. Nous devons nous opposer aux tentatives europ\u00e9ennes actuelles d\u2019y placer \u00e9galement le Hezbollah. C\u2019est la moindre des choses que nous puissions faire si nous pr\u00e9tendons soutenir la r\u00e9sistance palestinienne, libanaise et arabe. C\u2019est la condition d\u00e9mocratique minimale pour qu\u2019un soutien \u00e0 la r\u00e9sistance soit possible et qu\u2019une confrontation des courants politiques diff\u00e9rents au sein de la r\u00e9sistance \u00e0 l\u2019imp\u00e9rialisme soit possible. C\u2019est la condition politique indispensable pour que la gauche ait la moindre chance de se faire entendre par les masses en lutte contre l\u2019imp\u00e9rialisme.<\/p>\n<p>Je suis parfaitement consciente que mes convictions politiques sont minoritaires dans la gauche et en particulier parmi les communistes europ\u00e9ens. Cela me pr\u00e9occupe profond\u00e9ment, non pas pour mon propre sort, je ne suis qu\u2019une militante parmi d\u2019autres, mais pour l\u2019avenir de l\u2019id\u00e9al communiste qui est la suppression de l\u2019exploitation de l\u2019homme par l\u2019homme et, d\u00e8s lors, in\u00e9luctablement, l\u2019abolition de l\u2019oppression imp\u00e9rialiste, coloniale et n\u00e9o-coloniale.<\/p>\n<p>Nadine Rosa-Rosso<\/p>\n<p>(1) D\u00e9claration du bureau du PTB\u00a0: arr\u00eater le massacre \u00e0 Gaza, 31.12.2008<\/p>\n<\/div>\n<\/div>\n","protected":false},"excerpt":{"rendered":"<p>23 janvier 2009 15:51 La gauche et l\u2019appui \u00e0 la r\u00e9sistance. Nadine ROSA-ROSSO Intervention au Forum international de Beyrouth pour la r\u00e9sistance, l\u2019anti-imp\u00e9rialisme, la solidarit\u00e9 des peuples et les alternatives, le 17 janvier 2009. La question cl\u00e9 de ce forum est celle de l\u2019appui aux r\u00e9sistances \u00e0 l\u2019imp\u00e9rialisme, partout dans le monde. En tant que &#8230; <a title=\"La gauche et l\u2019appui \u00e0 la r\u00e9sistance.\" class=\"read-more\" href=\"https:\/\/bruxelles-pantheres.be\/?p=33\" aria-label=\"En savoir plus sur La gauche et l\u2019appui \u00e0 la r\u00e9sistance.\">Lire la suite<\/a><\/p>\n","protected":false},"author":1,"featured_media":34,"comment_status":"open","ping_status":"open","sticky":false,"template":"","format":"standard","meta":{"footnotes":""},"categories":[6],"tags":[14,15],"class_list":["post-33","post","type-post","status-publish","format-standard","has-post-thumbnail","hentry","category-palestine-moyen-orient","tag-bruxelles","tag-resistance"],"_links":{"self":[{"href":"https:\/\/bruxelles-pantheres.be\/index.php?rest_route=\/wp\/v2\/posts\/33","targetHints":{"allow":["GET"]}}],"collection":[{"href":"https:\/\/bruxelles-pantheres.be\/index.php?rest_route=\/wp\/v2\/posts"}],"about":[{"href":"https:\/\/bruxelles-pantheres.be\/index.php?rest_route=\/wp\/v2\/types\/post"}],"author":[{"embeddable":true,"href":"https:\/\/bruxelles-pantheres.be\/index.php?rest_route=\/wp\/v2\/users\/1"}],"replies":[{"embeddable":true,"href":"https:\/\/bruxelles-pantheres.be\/index.php?rest_route=%2Fwp%2Fv2%2Fcomments&post=33"}],"version-history":[{"count":2,"href":"https:\/\/bruxelles-pantheres.be\/index.php?rest_route=\/wp\/v2\/posts\/33\/revisions"}],"predecessor-version":[{"id":155,"href":"https:\/\/bruxelles-pantheres.be\/index.php?rest_route=\/wp\/v2\/posts\/33\/revisions\/155"}],"wp:featuredmedia":[{"embeddable":true,"href":"https:\/\/bruxelles-pantheres.be\/index.php?rest_route=\/wp\/v2\/media\/34"}],"wp:attachment":[{"href":"https:\/\/bruxelles-pantheres.be\/index.php?rest_route=%2Fwp%2Fv2%2Fmedia&parent=33"}],"wp:term":[{"taxonomy":"category","embeddable":true,"href":"https:\/\/bruxelles-pantheres.be\/index.php?rest_route=%2Fwp%2Fv2%2Fcategories&post=33"},{"taxonomy":"post_tag","embeddable":true,"href":"https:\/\/bruxelles-pantheres.be\/index.php?rest_route=%2Fwp%2Fv2%2Ftags&post=33"}],"curies":[{"name":"wp","href":"https:\/\/api.w.org\/{rel}","templated":true}]}}