{"id":3312,"date":"2017-06-16T06:57:00","date_gmt":"2017-06-16T05:57:00","guid":{"rendered":"https:\/\/bruxelles-pantheres.be\/?p=3312"},"modified":"2017-06-16T09:28:16","modified_gmt":"2017-06-16T08:28:16","slug":"suspectes-parce-que-deja-suspects-stop-a-la-presomption-de-culpabilite","status":"publish","type":"post","link":"https:\/\/bruxelles-pantheres.be\/?p=3312","title":{"rendered":"Suspect\u00e9s parce que d\u00e9j\u00e0 suspects. Stop \u00e0 la pr\u00e9somption de culpabilit\u00e9 !"},"content":{"rendered":"<div id='gallery-1' class='gallery galleryid-3312 gallery-columns-4 gallery-size-medium'><figure class='gallery-item'>\n\t\t\t<div class='gallery-icon landscape'>\n\t\t\t\t<a href='https:\/\/bruxelles-pantheres.be\/?attachment_id=3314#main'><img decoding=\"async\" width=\"300\" height=\"188\" src=\"https:\/\/bruxelles-pantheres.be\/wp-content\/uploads\/2017\/06\/Sans-titre-300x188.png\" class=\"attachment-medium size-medium\" alt=\"\" srcset=\"https:\/\/bruxelles-pantheres.be\/wp-content\/uploads\/2017\/06\/Sans-titre-300x188.png 300w, https:\/\/bruxelles-pantheres.be\/wp-content\/uploads\/2017\/06\/Sans-titre-1024x640.png 1024w, https:\/\/bruxelles-pantheres.be\/wp-content\/uploads\/2017\/06\/Sans-titre-768x480.png 768w, https:\/\/bruxelles-pantheres.be\/wp-content\/uploads\/2017\/06\/Sans-titre-1320x825.png 1320w, https:\/\/bruxelles-pantheres.be\/wp-content\/uploads\/2017\/06\/Sans-titre.png 1440w\" sizes=\"(max-width: 300px) 100vw, 300px\" \/><\/a>\n\t\t\t<\/div><\/figure><figure class='gallery-item'>\n\t\t\t<div class='gallery-icon landscape'>\n\t\t\t\t<a href='https:\/\/bruxelles-pantheres.be\/?attachment_id=3315#main'><img decoding=\"async\" width=\"300\" height=\"188\" src=\"https:\/\/bruxelles-pantheres.be\/wp-content\/uploads\/2017\/06\/Sans-titre2-300x188.png\" class=\"attachment-medium size-medium\" alt=\"\" srcset=\"https:\/\/bruxelles-pantheres.be\/wp-content\/uploads\/2017\/06\/Sans-titre2-300x188.png 300w, https:\/\/bruxelles-pantheres.be\/wp-content\/uploads\/2017\/06\/Sans-titre2-1024x640.png 1024w, https:\/\/bruxelles-pantheres.be\/wp-content\/uploads\/2017\/06\/Sans-titre2-768x480.png 768w, https:\/\/bruxelles-pantheres.be\/wp-content\/uploads\/2017\/06\/Sans-titre2-1320x825.png 1320w, https:\/\/bruxelles-pantheres.be\/wp-content\/uploads\/2017\/06\/Sans-titre2.png 1440w\" sizes=\"(max-width: 300px) 100vw, 300px\" \/><\/a>\n\t\t\t<\/div><\/figure><figure class='gallery-item'>\n\t\t\t<div class='gallery-icon landscape'>\n\t\t\t\t<a href='https:\/\/bruxelles-pantheres.be\/?attachment_id=3316#main'><img decoding=\"async\" width=\"300\" height=\"188\" src=\"https:\/\/bruxelles-pantheres.be\/wp-content\/uploads\/2017\/06\/Sans-titre3-300x188.png\" class=\"attachment-medium size-medium\" alt=\"\" srcset=\"https:\/\/bruxelles-pantheres.be\/wp-content\/uploads\/2017\/06\/Sans-titre3-300x188.png 300w, https:\/\/bruxelles-pantheres.be\/wp-content\/uploads\/2017\/06\/Sans-titre3-1024x640.png 1024w, https:\/\/bruxelles-pantheres.be\/wp-content\/uploads\/2017\/06\/Sans-titre3-768x480.png 768w, https:\/\/bruxelles-pantheres.be\/wp-content\/uploads\/2017\/06\/Sans-titre3-1320x825.png 1320w, https:\/\/bruxelles-pantheres.be\/wp-content\/uploads\/2017\/06\/Sans-titre3.png 1440w\" sizes=\"(max-width: 300px) 100vw, 300px\" \/><\/a>\n\t\t\t<\/div><\/figure><figure class='gallery-item'>\n\t\t\t<div class='gallery-icon landscape'>\n\t\t\t\t<a href='https:\/\/bruxelles-pantheres.be\/?attachment_id=3317#main'><img decoding=\"async\" width=\"300\" height=\"188\" src=\"https:\/\/bruxelles-pantheres.be\/wp-content\/uploads\/2017\/06\/Sans-titre4-300x188.png\" class=\"attachment-medium size-medium\" alt=\"\" srcset=\"https:\/\/bruxelles-pantheres.be\/wp-content\/uploads\/2017\/06\/Sans-titre4-300x188.png 300w, https:\/\/bruxelles-pantheres.be\/wp-content\/uploads\/2017\/06\/Sans-titre4-1024x640.png 1024w, https:\/\/bruxelles-pantheres.be\/wp-content\/uploads\/2017\/06\/Sans-titre4-768x480.png 768w, https:\/\/bruxelles-pantheres.be\/wp-content\/uploads\/2017\/06\/Sans-titre4-1320x825.png 1320w, https:\/\/bruxelles-pantheres.be\/wp-content\/uploads\/2017\/06\/Sans-titre4.png 1440w\" sizes=\"(max-width: 300px) 100vw, 300px\" \/><\/a>\n\t\t\t<\/div><\/figure>\n\t\t<\/div>\n\n<h4>Suspect\u00e9s parce que d\u00e9j\u00e0 suspects. Stop \u00e0 la pr\u00e9somption de culpabilit\u00e9 !<\/h4>\n<div class=\"meta\">\n<div class=\"row\">\n<div class=\"col-xs-12 col-sm-6\">\n<p class=\"byline-name\">Carte blanche<\/p>\n<\/div>\n<div class=\"col-xs-12 col-sm-6\">\n<p class=\"page-source\"><a href=\"http:\/\/m.levif.be\/actualite\/belgique\/suspectes-parce-que-deja-suspects-stop-a-la-presomption-de-culpabilite\/article-opinion-678689.html\">Source: Le Vif<\/a><\/p>\n<\/div>\n<\/div>\n<\/div>\n<p class=\"lead\">Dimanche 11 Juin 2017 \u00e0 Bruxelles. Une fillette de 6 ans dispara\u00eet alors qu&rsquo;elle accompagne son p\u00e8re au March\u00e9 de l&rsquo;Abattoir \u00e0 Anderlecht. Tr\u00e8s vite, de nombreuses personnes se mobilisent dans le quartier, la commune, la ville \u00e0 la recherche de la petite fille.<\/p>\n<p>Le soir venu, toujours aucune nouvelle de l&rsquo;enfant. Un appel est alors lanc\u00e9 via Childfocus et la police f\u00e9d\u00e9rale. Dans le m\u00eame temps, la rumeur enfle : la disparition de la fillette serait due \u00e0 un enl\u00e8vement. Instantan\u00e9ment, la toile s&rsquo;enflamme laissant place \u00e0 un formidable \u00e9lan de solidarit\u00e9. Au total, ce sont un million de personnes qui partagent les avis de recherche de la petite fille. Bruxelles, et en particulier ses quartiers populaires, est massivement mobilis\u00e9e \u00e0 travers les r\u00e9seaux sociaux, signe que le traumatisme laiss\u00e9 par les trag\u00e9dies de Loubna, Julie et Melissa est encore vivace.<\/p>\n<p>Les recherches se poursuivent durant toute la nuit et lundi matin, la rumeur se confirme. Les images de vid\u00e9osurveillance capt\u00e9es la veille au march\u00e9 montrent la fillette tenant la main d&rsquo;un homme inconnu de ses parents. La diffusion du portrait de l&rsquo;individu permet finalement aux services de police de retrouver l&rsquo;enfant apr\u00e8s 21 longues heures de disparition.<\/p>\n<p>Voil\u00e0 un d\u00e9nouement heureux, fruit d&rsquo;une traque collective et d&rsquo;une mobilisation citoyenne sans pr\u00e9c\u00e9dent. C&rsquo;est l&rsquo;heure de la d\u00e9livrance pour tous, un soulagement n\u00e9anmoins g\u00e2ch\u00e9 par l&rsquo;intervention ind\u00e9licate des m\u00e9dias. Pendant que des milliers de Bruxellois inquiets s&rsquo;activaient encore, tant\u00f4t continuant \u00e0 relayer les avis de recherche, tant\u00f4t livrant des informations pr\u00e9cieuses aux forces de l&rsquo;ordre sur le ravisseur de la fillette, une s\u00e9rie de grands m\u00e9dias nationaux et r\u00e9gionaux diffusent en effet l&rsquo;information selon laquelle le suspect serait de type nord-africain. Une information qui s&rsquo;av\u00e8re d&#8217;embl\u00e9e surprenante \u00e9tant donn\u00e9 que rien sur les images diffus\u00e9es par la police ne permet d&rsquo;\u00e9tablir cela, hormis le fait que l&rsquo;individu portait une barbe et avait les cheveux sombres. Cette information se r\u00e9v\u00e8lera d\u00e9finitivement erron\u00e9e lorsque l&rsquo;identit\u00e9 du suspect arr\u00eat\u00e9 a commenc\u00e9 \u00e0 circuler sur les r\u00e9seaux sociaux.<\/p>\n<p>On pourrait se dire qu&rsquo;il ne s&rsquo;agit l\u00e0 que d&rsquo;un \u00e9ni\u00e8me fait malheureux de la part des m\u00e9dias, contraints de travailler dans l&rsquo;urgence et la pr\u00e9cipitation, et devant se baser sur des d\u00e9p\u00eaches dont ils n&rsquo;ont pas toujours les moyens de v\u00e9rifier le contenu. Sauf que l&rsquo;histoire en rappelle une autre tristement connue, celle de Joe Van Holsbeeck, lyc\u00e9en tu\u00e9 en 2006 parce qu&rsquo;il refusait le vol de son lecteur MP3. A l&rsquo;\u00e9poque, <a href=\"http:\/\/www.lemonde.fr\/europe\/article\/2006\/04\/26\/belgique-malaise-apres-l-attribution-d-un-meurtre-a-des-maghrebins_765569_3214.html\" target=\"_blank\" rel=\"noopener\">la th\u00e8se d&rsquo;un meurtre commis par de jeunes Maghr\u00e9bins s&rsquo;\u00e9tait propag\u00e9e comme une tra\u00een\u00e9e de poudre<\/a>. A tel point que nombre de dirigeants d&rsquo;associations et de citoyens d&rsquo;origine nord-africaine s&rsquo;\u00e9taient sentis oblig\u00e9s de devoir se distancier par rapport aux agissements criminels de ceux que le pays entier consid\u00e9raient comme \u00e9tant \u00ab\u00a0deux des leurs\u00a0\u00bb. On connait la suite. La police a fini par appr\u00e9hender l&rsquo;un des jeunes meurtriers, r\u00e9v\u00e9lant au passage son identit\u00e9 qui \u00e9tait tout sauf \u00e0 consonance maghr\u00e9bine.<\/p>\n<p>Plus que des conclusions h\u00e2tives tir\u00e9es d&rsquo;images de vid\u00e9osurveillance, ces all\u00e9gations font \u00e9tat de st\u00e9r\u00e9otypes \u00e0 l&rsquo;\u00e9gard d&rsquo;une frange de la population, la barbe ou la couleur fonc\u00e9e des cheveux devenant ainsi l&rsquo;attribut de pr\u00e9dilection des personnes issues de l&rsquo;immigration maghr\u00e9bine. Elles r\u00e9v\u00e8lent surtout un impens\u00e9 racial qui semble profond\u00e9ment ancr\u00e9 dans notre soci\u00e9t\u00e9 et qui permet de faire le raccourci \u00ab\u00a0d\u00e9linquants = immigr\u00e9s\/musulmans\u00a0\u00bb sans autre forme de pr\u00e9caution. Selon cette logique, tout m\u00e9fait d&rsquo;un individu porteur des attributs physiques incrimin\u00e9s ferait de lui un membre de ces communaut\u00e9s qui apparaissent toujours suspectes de quelque chose dans l&rsquo;inconscient collectif. C&rsquo;est \u00e9galement ainsi qu&rsquo;en d&rsquo;autres circonstances, puisant toujours dans cet impens\u00e9 racial, les qualificatifs d&rsquo;attentat et de terrorisme n&rsquo;auraient de raison d&rsquo;\u00eatre m\u00e9diatiques et politiques qu&rsquo;au regard de l&rsquo;origine &#8211; arabe voire musulmane pour les moins pr\u00e9cautionneux &#8211; de l&rsquo;auteur du crime.<\/p>\n<p>Si le proc\u00e9d\u00e9 reste identique 11 ans plus tard, une chose semble toutefois avoir chang\u00e9 entre le meurtre odieux de Joe Van Holsbeeck et le rapt survenu dimanche : les th\u00e8ses infond\u00e9es des m\u00e9dias et le cas \u00e9ch\u00e9ant des enqu\u00eateurs ne suscitent plus de grande indignation et se trouvent quasi syst\u00e9matiquement r\u00e9duites au rang de \u00ab\u00a0maladresses\u00a0\u00bb. Comme si \u00e0 l&rsquo;\u00e8re du terrorisme globalis\u00e9, on consid\u00e9rait normal d&rsquo;\u00e9noncer de mani\u00e8re exp\u00e9ditive des propos suspicieux \u00e0 l&rsquo;\u00e9gard de certains. Pourtant plus que jamais, il nous appara\u00eet capital de d\u00e9noncer ces pratiques incriminantes et stigmatisantes.<\/p>\n<p>A l&rsquo;heure o\u00f9 l&rsquo;\u00e9quilibre social d\u00e9j\u00e0 fragile semble menac\u00e9 de partout ; \u00e0 l&rsquo;heure o\u00f9 l&rsquo;extr\u00eame droite progresse de fa\u00e7on constante aux quatre coins de l&rsquo;Europe, alimenter les crispations identitaires et nourrir une certaine forme de vindicte populaire sans preuve se r\u00e9v\u00e8le particuli\u00e8rement irresponsable. Il est aujourd&rsquo;hui grand temps que cessent ces proc\u00e9d\u00e9s m\u00e9diatiques racialisant qui tendent \u00e0 criminaliser les uns et \u00e0 aussit\u00f4t blanchir les autres. Il est temps que prenne fin le r\u00e8gne de la pr\u00e9somption de culpabilit\u00e9 qui p\u00e8se sur ceux dont la peau reste per\u00e7ue comme n&rsquo;appartenant pas \u00e0 cette imaginaire couleur de l&rsquo;innocence.<\/p>\n<p><strong>Maryam Kolly <\/strong>(professeure invit\u00e9e, chercheur USL-B)<\/p>\n<p><strong>Malika Hamidi<\/strong> (sociologue)<\/p>\n<p><strong>Collectif contre l&rsquo;islamophobie en Belgique asbl<\/strong><\/p>\n<p><strong>Julie Pascoet<\/strong> (European Network Against Racisme)<\/p>\n<p><strong>Dyab Abou Jahjah<\/strong> (\u00e9crivain et activiste)<\/p>\n<p><strong>Kalvin Soiresse Njall <\/strong>(Collectif M\u00e9moire coloniale)<\/p>\n<p><strong>Noura Amer<\/strong> (pr\u00e9sidente AWSA-Be asbl)<\/p>\n<p><strong>Youssef Chihab <\/strong>(militant des droits de l&rsquo;Homme)<\/p>\n<p><strong>Olivier Mukuna<\/strong> (journaliste et essayiste)<\/p>\n<p><strong>Mohsin Mouedden<\/strong> (pr\u00e9sident Ambassadeurs de la Paix)<\/p>\n<p><strong>V\u00e9ronique Clette-Gakuba<\/strong> (chercheuse, ULB)<\/p>\n<p><strong>Nordine Sa\u00efdi <\/strong>(militant d\u00e9colonial)<\/p>\n<p><strong>Gioia Kayaga <\/strong>(artiste, enseignante)<\/p>\n<p><strong>David Jamar<\/strong> (charg\u00e9 de cours, directeur Service Sociologie et Anthropologie UMons)<\/p>\n<p><strong>Manu Scordia<\/strong> (dessinateur)<\/p>\n<p><strong>Ismail Akhlal<\/strong> (com\u00e9dien)<\/p>\n<p><strong>Mohamed Ouachen<\/strong> (com\u00e9dien, r\u00e9alisateur)<\/p>\n<p><strong>Demaone<\/strong> (artiste calligraphe)<\/p>\n<p><strong>Julie Jaroszewski <\/strong>(chanteuse, com\u00e9dienne)<\/p>\n<p><strong>Luk Vervaet<\/strong> (ancien enseignant dans les prisons)<\/p>\n<p><strong>Khadija Senhadji <\/strong>(anthropologue)<\/p>\n<p>Jean-Pierre Griez<\/p>\n<p>Didier Brissa (formateur en \u00e9ducation populaire)<\/p>\n<p>Rachida Aziz (activiste, entrepreneuse)<\/p>\n<p>Nadia Boumazzoughe<\/p>\n<p>Aur\u00e9lie Delain<\/p>\n<p>Naima Gharbi<\/p>\n<p>Suzanne Veldeman<\/p>\n<p>Tayino Cherubin<\/p>\n<p>Milady Renoir (po\u00e9tesse)<\/p>\n<p>Alexandra Ab\u00e9cassis<\/p>\n<p>Marie-Fran\u00e7oise Cordemans (membre du Comit\u00e9 Free Ali)<\/p>\n<p>Mahdiya El-Ouiali<\/p>\n<p>Yamina Bounir (militante associative)<\/p>\n<p>Kamar Takkal<\/p>\n<p>Eugenia Fanio (enseignante, traductrice)<\/p>\n<p>Ikram Dahri<\/p>\n<p>\u00c9ric Hulsens<\/p>\n<p>Mauro Gasparini (LCR)<\/p>\n<p>Fabienne Brion<\/p>\n<p>Eva Jimenez<\/p>\n","protected":false},"excerpt":{"rendered":"<p>Suspect\u00e9s parce que d\u00e9j\u00e0 suspects. Stop \u00e0 la pr\u00e9somption de culpabilit\u00e9 ! Carte blanche Source: Le Vif Dimanche 11 Juin 2017 \u00e0 Bruxelles. Une fillette de 6 ans dispara\u00eet alors qu&rsquo;elle accompagne son p\u00e8re au March\u00e9 de l&rsquo;Abattoir \u00e0 Anderlecht. Tr\u00e8s vite, de nombreuses personnes se mobilisent dans le quartier, la commune, la ville \u00e0 &#8230; <a title=\"Suspect\u00e9s parce que d\u00e9j\u00e0 suspects. Stop \u00e0 la pr\u00e9somption de culpabilit\u00e9 !\" class=\"read-more\" href=\"https:\/\/bruxelles-pantheres.be\/?p=3312\" aria-label=\"En savoir plus sur Suspect\u00e9s parce que d\u00e9j\u00e0 suspects. Stop \u00e0 la pr\u00e9somption de culpabilit\u00e9 !\">Lire la suite<\/a><\/p>\n","protected":false},"author":1,"featured_media":922,"comment_status":"open","ping_status":"open","sticky":false,"template":"","format":"standard","meta":{"footnotes":""},"categories":[36,28],"tags":[31,14,23,13],"class_list":["post-3312","post","type-post","status-publish","format-standard","has-post-thumbnail","hentry","category-europe","category-racismes","tag-belgique","tag-bruxelles","tag-discrimination","tag-nordine-saidi"],"_links":{"self":[{"href":"https:\/\/bruxelles-pantheres.be\/index.php?rest_route=\/wp\/v2\/posts\/3312","targetHints":{"allow":["GET"]}}],"collection":[{"href":"https:\/\/bruxelles-pantheres.be\/index.php?rest_route=\/wp\/v2\/posts"}],"about":[{"href":"https:\/\/bruxelles-pantheres.be\/index.php?rest_route=\/wp\/v2\/types\/post"}],"author":[{"embeddable":true,"href":"https:\/\/bruxelles-pantheres.be\/index.php?rest_route=\/wp\/v2\/users\/1"}],"replies":[{"embeddable":true,"href":"https:\/\/bruxelles-pantheres.be\/index.php?rest_route=%2Fwp%2Fv2%2Fcomments&post=3312"}],"version-history":[{"count":4,"href":"https:\/\/bruxelles-pantheres.be\/index.php?rest_route=\/wp\/v2\/posts\/3312\/revisions"}],"predecessor-version":[{"id":3321,"href":"https:\/\/bruxelles-pantheres.be\/index.php?rest_route=\/wp\/v2\/posts\/3312\/revisions\/3321"}],"wp:featuredmedia":[{"embeddable":true,"href":"https:\/\/bruxelles-pantheres.be\/index.php?rest_route=\/wp\/v2\/media\/922"}],"wp:attachment":[{"href":"https:\/\/bruxelles-pantheres.be\/index.php?rest_route=%2Fwp%2Fv2%2Fmedia&parent=3312"}],"wp:term":[{"taxonomy":"category","embeddable":true,"href":"https:\/\/bruxelles-pantheres.be\/index.php?rest_route=%2Fwp%2Fv2%2Fcategories&post=3312"},{"taxonomy":"post_tag","embeddable":true,"href":"https:\/\/bruxelles-pantheres.be\/index.php?rest_route=%2Fwp%2Fv2%2Ftags&post=3312"}],"curies":[{"name":"wp","href":"https:\/\/api.w.org\/{rel}","templated":true}]}}