{"id":332,"date":"2013-05-21T02:48:23","date_gmt":"2013-05-21T01:48:23","guid":{"rendered":"https:\/\/bruxelles-pantheres.be\/?p=332"},"modified":"2013-11-10T02:51:15","modified_gmt":"2013-11-10T01:51:15","slug":"les-loyers-grimpent-descendons-dans-la-rue","status":"publish","type":"post","link":"https:\/\/bruxelles-pantheres.be\/?p=332","title":{"rendered":"Les loyers grimpent, descendons dans la rue !"},"content":{"rendered":"<article id=\"post-6163\">\n<div>\n<div><img decoding=\"async\" alt=\"logementssociaux3\" src=\"http:\/\/www.woning-marathon-logement.be\/wp-content\/uploads\/logementssociaux3-640x456.jpg\" width=\"640\" height=\"456\" \/><\/div>\n<div>\n<div>Les loyers grimpent, descendons dans la rue !<\/div>\n<div>20 mai 2013<\/div>\n<p>|carte blanche |<\/p>\n<\/div>\n<p>La crise du logement qui s\u00e9vit \u00e0 Bruxelles est de plus en plus aig\u00fce. Forc\u00e9s de consacrer une part toujours plus critique de leurs revenus \u00e0 se loger, nombre de Bruxellois et de Bruxelloises \u00e9prouvent de plus en plus de mal \u00e0 trouver un logement accessible et de qualit\u00e9. Depuis plus de 20 ans, les politiques mises en place par les autorit\u00e9s ont \u00e9t\u00e9 incapables de r\u00e9pondre \u00e0 la situation parfois dramatique dans laquelle glissent de nombreux m\u00e9nages. Il est grand temps d\u2019agir pour produire massivement des logements r\u00e9ellement accessibles, et pour emp\u00eacher la hausse des loyers.<!--more--><\/p>\n<p><strong>L\u2019\u00e9chec des politiques r\u00e9gionales<\/strong><\/p>\n<p>Alors que pr\u00e8s de 50% des familles de la capitale sont dans les conditions d\u2019acc\u00e8s \u00e0 un logement social, cet ancien \u00ab fer de lance \u00bb de nos politiques sociales ne repr\u00e9sente que 8% du parc de logements de notre R\u00e9gion (+\/- 39.000 unit\u00e9s). Des aides consid\u00e9rables ont \u00e9t\u00e9 attribu\u00e9es pour soutenir la r\u00e9novation de logements publics comme priv\u00e9s, mais leurs effets sont rest\u00e9s plus que limit\u00e9s pour certaines couches de la population. Pendant ce temps, la construction de nouveaux logements publics accessibles aux plus bas revenus est rest\u00e9e dramatiquement insuffisante. Le bilan du Plan Logement de 2004 est particuli\u00e8rement d\u00e9cevant : sur les 5000 logements publics locatifs annonc\u00e9s pour 2009, seuls 1040 \u00e9taient sortis de terre fin 2012. En 10 ans (2002-2011), on n\u2019a r\u00e9alis\u00e9 que 440 logements sociaux suppl\u00e9mentaires, alors le nombre de m\u00e9nages sur les listes d\u2019attente a augment\u00e9 de 16.000 (pour atteindre aujourd\u2019hui 41.000 m\u00e9nages). Pourquoi cette lenteur ?<\/p>\n<p>Les pouvoirs publics se sont peu \u00e0 peu tourn\u00e9s vers d\u2019autres politiques que le logement social : aides \u00e0 l\u2019acquisition, Agences Immobili\u00e8res Sociales, Fonds du Logement,\u2026 Autant de dispositifs qui constituent d\u00e9sormais le corps de la politique du logement de notre R\u00e9gion. Ceci explique sans doute le glissement s\u00e9mantique op\u00e9r\u00e9 au d\u00e9but de cette l\u00e9gislature : aujourd\u2019hui, plus personne ou presque n\u2019utilise le terme de \u00ab logement social \u00bb, on ne parle plus que de logements \u00e0 \u00ab gestion publique et \u00e0 finalit\u00e9 sociale \u00bb\u2026 La production de logements r\u00e9ellement sociaux semble bel et bien au point mort, remplac\u00e9e par un logement semi-priv\u00e9\/semi-public souvent acquisitif. Avec quelles cons\u00e9quences \u00e0 long terme ?<\/p>\n<p>M\u00eame les Soci\u00e9t\u00e9s Immobili\u00e8res de Service Public, en charge du logement social, seront d\u00e9sormais, avec l\u2019entr\u00e9e en vigueur du nouveau Code du Logement, habilit\u00e9e \u00e0 g\u00e9rer un certain quota de logements moyens. Bruxelles ne cesse de creuser son foss\u00e9 social, elle exclut les plus pauvres et peine \u00e0 retenir la classe moyenne.<\/p>\n<p><strong>Un bon plan pour le logement ?<\/strong><\/p>\n<p>La crise du logement public n\u2019est en fait \u00ab que \u00bb la partie apparente du probl\u00e8me. Logements insalubres, sur-occupation, vendeurs de sommeil, endettement, expulsions,\u2026 Les situations individuelles v\u00e9cues par un nombre croissant de m\u00e9nages sont moins m\u00e9diatis\u00e9es, mais pas moins interpellantes. Les demandes d\u2019aide aupr\u00e8s des CPAS et associations de premi\u00e8re ligne sont en hausse constante, alors que la situation g\u00e9n\u00e9rale du logement ne donne aux m\u00e9nages en d\u00e9tresse aucune perspective pour sortir de leurs difficult\u00e9s.<\/p>\n<p>Pendant ce temps, le Gouvernement semble ne plus jurer que par \u00ab l\u2019internationalisation \u00bb comme rem\u00e8de aux probl\u00e8mes de sous-financement de la R\u00e9gion. Il m\u00e8ne des politiques de r\u00e9novation urbaine favorisant des hausses immobili\u00e8res qu\u2019aucun dispositif l\u00e9gal ne cherche \u00e0 encadrer s\u00e9rieusement. Il offre les rares r\u00e9serves fonci\u00e8res de Bruxelles \u00e0 des investisseurs en qu\u00eate de profits\u2026<\/p>\n<p>Face \u00e0 cette situation dramatique, il est grand temps que notre Gouvernement prenne la mesure des v\u00e9ritables enjeux qui traversent notre ville et les d\u00e9cisions qui s\u2019imposent. Des mesures d\u2019encadrement des loyers coupl\u00e9es \u00e0 une forte taxation des logements vides devraient permettre une mod\u00e9ration durable des loyers sur le march\u00e9 priv\u00e9. La production massive de logements publics locatifs, dont une grande part de logements sociaux, est l\u2019autre grand chantier qui permettrait d\u2019enrayer ce cycle infernal. Ces mesures de bon sens impliquent d\u2019arr\u00eater les politiques diminuant la ma\u00eetrise publique du foncier, et de r\u00e9server aux seules conditions sociales modestes les aides publiques permettant l\u2019accession \u00e0 la propri\u00e9t\u00e9 dans notre territoire confin\u00e9.<\/p>\n<p>\u00c0 l\u2019heure o\u00f9 le Gouvernement finalise son nouveau Plan R\u00e9gional de D\u00e9veloppement Durable, cens\u00e9 traduire les grandes priorit\u00e9s d\u2019actions de la R\u00e9gion \u00e0 l\u2019horizon 2020, nous r\u00e9clamons avec force qu\u2019il adopte de telles mesures. Bruxelles a besoin d\u2019urgence d\u2019une politique ambitieuse d\u2019acc\u00e8s \u00e9quitable au logement ! Cela doit \u00eatre l\u2019un des principaux objectifs de tout plan de d\u00e9veloppement.<\/p>\n<p>Le 25 mai, nous appelons les habitants \u00e0 soutenir ces revendications lors d\u2019une mobilisation festive dans les rues de Bruxelles : une marche qui mettra en sc\u00e8ne le parcours du combattant pour trouver un logement d\u00e9cent et abordable dans la capitale.<\/p>\n<p><a href=\"http:\/\/www.woning-marathon-logement.be\/\">www.woning-marathon-logement.be<\/a><\/p>\n<p><strong><em>Carte blanche publi\u00e9e dans <a href=\"http:\/\/www.lesoir.be\/242407\/article\/debats\/cartes-blanches\/2013-05-14\/loyers-grimpent-descendons-dans-rue\">\u00ab\u00a0Le Soir\u00a0\u00bb en ligne<\/a>, le 14 mai 2013<\/em><\/strong><\/p>\n<p><strong>Signataires :<\/strong><br \/>\nBrusselse raad voor het leefmilieu, Centre Bruxellois d\u2019Action Interculturelle, Chez nous \u2013 Bij ons, Collectif ALARM, CSC Bruxelles, Equipes Populaires Bruxelles, F\u00e9d\u00e9ration bruxelloise de l\u2019union pour le logement, Inter-Environnement Bruxelles, Ligue des droits de l\u2019homme, Maison de quartier Bonnevie, MOC Bruxelles, Plus T\u00f4t Te Laat, Rassemblement bruxellois pour le Droit \u00e0 l\u2019Habitat, Syndicat des locataires, Union des Locataires du Quartier Nord, Union des Locataires d\u2019Anderlecht-Cureghem, Woningen 123 Logements.<\/p>\n<p><a href=\"http:\/\/www.woning-marathon-logement.be\/affiches\/\">Affiches du marathon<\/a><\/p>\n<div><img decoding=\"async\" alt=\"manger2\" src=\"http:\/\/www.woning-marathon-logement.be\/wp-content\/uploads\/manger2-640x475.jpg\" width=\"640\" height=\"475\" \/><\/div>\n<\/div>\n<\/article>\n","protected":false},"excerpt":{"rendered":"<p>Les loyers grimpent, descendons dans la rue ! 20 mai 2013 |carte blanche | La crise du logement qui s\u00e9vit \u00e0 Bruxelles est de plus en plus aig\u00fce. Forc\u00e9s de consacrer une part toujours plus critique de leurs revenus \u00e0 se loger, nombre de Bruxellois et de Bruxelloises \u00e9prouvent de plus en plus de mal &#8230; <a title=\"Les loyers grimpent, descendons dans la rue !\" class=\"read-more\" href=\"https:\/\/bruxelles-pantheres.be\/?p=332\" aria-label=\"En savoir plus sur Les loyers grimpent, descendons dans la rue !\">Lire la suite<\/a><\/p>\n","protected":false},"author":1,"featured_media":333,"comment_status":"open","ping_status":"open","sticky":false,"template":"","format":"standard","meta":{"footnotes":""},"categories":[20,18,28],"tags":[14,23,19],"class_list":["post-332","post","type-post","status-publish","format-standard","has-post-thumbnail","hentry","category-logement","category-resistance-bruxelles","category-racismes","tag-bruxelles","tag-discrimination","tag-pauvrete"],"_links":{"self":[{"href":"https:\/\/bruxelles-pantheres.be\/index.php?rest_route=\/wp\/v2\/posts\/332","targetHints":{"allow":["GET"]}}],"collection":[{"href":"https:\/\/bruxelles-pantheres.be\/index.php?rest_route=\/wp\/v2\/posts"}],"about":[{"href":"https:\/\/bruxelles-pantheres.be\/index.php?rest_route=\/wp\/v2\/types\/post"}],"author":[{"embeddable":true,"href":"https:\/\/bruxelles-pantheres.be\/index.php?rest_route=\/wp\/v2\/users\/1"}],"replies":[{"embeddable":true,"href":"https:\/\/bruxelles-pantheres.be\/index.php?rest_route=%2Fwp%2Fv2%2Fcomments&post=332"}],"version-history":[{"count":1,"href":"https:\/\/bruxelles-pantheres.be\/index.php?rest_route=\/wp\/v2\/posts\/332\/revisions"}],"predecessor-version":[{"id":334,"href":"https:\/\/bruxelles-pantheres.be\/index.php?rest_route=\/wp\/v2\/posts\/332\/revisions\/334"}],"wp:featuredmedia":[{"embeddable":true,"href":"https:\/\/bruxelles-pantheres.be\/index.php?rest_route=\/wp\/v2\/media\/333"}],"wp:attachment":[{"href":"https:\/\/bruxelles-pantheres.be\/index.php?rest_route=%2Fwp%2Fv2%2Fmedia&parent=332"}],"wp:term":[{"taxonomy":"category","embeddable":true,"href":"https:\/\/bruxelles-pantheres.be\/index.php?rest_route=%2Fwp%2Fv2%2Fcategories&post=332"},{"taxonomy":"post_tag","embeddable":true,"href":"https:\/\/bruxelles-pantheres.be\/index.php?rest_route=%2Fwp%2Fv2%2Ftags&post=332"}],"curies":[{"name":"wp","href":"https:\/\/api.w.org\/{rel}","templated":true}]}}