{"id":3325,"date":"2017-06-27T20:25:20","date_gmt":"2017-06-27T19:25:20","guid":{"rendered":"https:\/\/bruxelles-pantheres.be\/?p=3325"},"modified":"2017-06-27T20:25:20","modified_gmt":"2017-06-27T19:25:20","slug":"stop-au-pir-bashing-soutien-a-lantiracisme-politique","status":"publish","type":"post","link":"https:\/\/bruxelles-pantheres.be\/?p=3325","title":{"rendered":"Stop au PIR bashing ! Soutien \u00e0 l\u2019antiracisme politique"},"content":{"rendered":"<div style=\"text-align: center;\"><a href=\"https:\/\/bruxelles-pantheres.be\/wp-content\/uploads\/2017\/06\/houria_cornel_pm-400x225.jpg\"><img decoding=\"async\" class=\"alignnone size-full wp-image-3326\" src=\"https:\/\/bruxelles-pantheres.be\/wp-content\/uploads\/2017\/06\/houria_cornel_pm-400x225.jpg\" alt=\"\" width=\"400\" height=\"225\" srcset=\"https:\/\/bruxelles-pantheres.be\/wp-content\/uploads\/2017\/06\/houria_cornel_pm-400x225.jpg 400w, https:\/\/bruxelles-pantheres.be\/wp-content\/uploads\/2017\/06\/houria_cornel_pm-400x225-300x169.jpg 300w\" sizes=\"(max-width: 400px) 100vw, 400px\" \/><\/a><\/div>\n<div class=\"entry-meta\"><span class=\"meta-prep meta-prep-author\">Publi\u00e9 le<\/span> <a title=\"13 h 07 min\" href=\"http:\/\/indigenes-republique.fr\/stop-au-pir-bashing-soutien-a-lantiracisme-politique\/\" rel=\"bookmark\"><span class=\"entry-date\">26 juin 2017<\/span><\/a> <span class=\"meta-sep\">par<\/span> <span class=\"author vcard\"><a class=\"url fn n\" title=\"Afficher tous les articles par PIR\" href=\"http:\/\/indigenes-republique.fr\/author\/mehdi\/\">Collectif<\/a><\/span><\/div>\n<div class=\"post-thumbnail\"><\/div>\n<p>Une v\u00e9ritable campagne m\u00e9diatique est actuellement men\u00e9e contre Houria Bouteldja et le Parti des Indig\u00e8nes de la R\u00e9publique. Elle touche aussi les cadres politiques, militants et intellectuels non Blancs, soup\u00e7onn\u00e9s d\u2019une quelconque implication dans les combats de l\u2019antiracisme politique, la gauche solidaire de ces combats et celles et ceux qui ont tr\u00e8s courageusement d\u00e9fendu le droit \u00e0 l\u2019expression de Houria Bouteldja et leur refus de la d\u00e9sinformation, m\u00eame sans forc\u00e9ment partager les th\u00e8ses du PIR.<\/p>\n<p>Une s\u00e9rie d\u2019articles dans le Monde, le Figaro et Marianne pr\u00e9sente la porte-parole du Parti des Indig\u00e8nes de la R\u00e9publique comme raciste, homophobe et antis\u00e9mite. Aucun propos, ni \u00e9crit de Houria Bouteldja ne vient corroborer ces tr\u00e8s graves accusations. Les th\u00e8ses d\u00e9fendues par Houria Bouteldja sont escamot\u00e9es ou d\u00e9form\u00e9es. Des propos outranciers lui sont pr\u00eat\u00e9s pour cr\u00e9er les conditions d\u2019une hyst\u00e9risation du d\u00e9bat et instruire un proc\u00e8s en sorcellerie.<\/p>\n<p>De fait, la plupart des auteurs de ces diatribes savent parfaitement que Houria Bouteldja n\u2019est ni raciste, ni homophobe, ni antis\u00e9mite. Pourquoi veulent-ils la faire taire ? Que dit-elle qui les touche \u00e0 ce point, m\u00eame et surtout quand ils veulent faire croire qu\u2019ils combattent l\u2019ordre \u00e9tabli ? Le regard qu\u2019elle porte sur les r\u00e9alit\u00e9s fran\u00e7aises est loin des narrations consensuelles et l\u00e9nifiantes que ces propagandistes veulent faire passer pour v\u00e9rit\u00e9s r\u00e9v\u00e9l\u00e9es.<\/p>\n<div class=\"entry-content\">\n<div class=\"pf-content\">\n<p>En effet, au plan int\u00e9rieur, le climat d\u00e9l\u00e9t\u00e8re instill\u00e9 par le discours islamophobe de politiques irresponsables et par la gestion raciste des cat\u00e9gories populaires issues des anciennes colonies alimentent des tensions sociales croissantes.<\/p>\n<p>Au plan ext\u00e9rieur, la permanence des r\u00e9seaux de la Fran\u00e7afrique et des interventions militaires sur le continent t\u00e9moignent de la vitalit\u00e9 du tropisme n\u00e9ocolonial d\u2019Etat. La complaisance dont fait preuve la R\u00e9publique devant les violations syst\u00e9matiques du droit international par l\u2019Etat d\u2019Isra\u00ebl alimente l\u2019indignation d\u2019une partie de la population fran\u00e7aise dont on aurait tort de penser qu\u2019elle se limite aux musulmans ou aux citoyens d\u2019origine arabe. Au contraire de ce que veulent faire croire des publicistes charg\u00e9s de brouiller les enjeux, le soutien au peuple palestinien ne signifie aucunement l\u2019adh\u00e9sion \u00e0 l\u2019id\u00e9ologie antis\u00e9mite qu\u2019on brandit uniquement pour justifier l\u2019injustifiable.<\/p>\n<p>Ces attaques r\u00e9p\u00e9t\u00e9es, relay\u00e9es par les organes du pouvoir m\u00e9diatico-politique et l\u2019extr\u00eame-droite, proviennent d\u2019une certaine gauche institutionnelle qui se pr\u00e9sente comme \u00ab\u00a0progressiste\u00a0\u00bb. Il s\u2019agit d\u2019attaques concert\u00e9es et coordonn\u00e9es qui, \u00e0 quelques nuances pr\u00e8s, reproduisent la m\u00eame trame narrative, en se passant les mots et les formules pr\u00e9fabriqu\u00e9es.<\/p>\n<p>La strat\u00e9gie assum\u00e9e consiste \u00e0 opposer un antiracisme\u00a0\u00ab\u00a0universaliste\u00a0\u00bb et \u00ab\u00a0humaniste\u00a0\u00bb \u00e0 celui du PIR, assimil\u00e9 \u00e0 une d\u00e9rive identitaire qui ne serait que le miroir invers\u00e9 de l\u2019extr\u00eame-droite. En r\u00e9alit\u00e9, ce qu\u2019ils ne pardonnent pas au PIR, c\u2019est justement d\u2019avoir mis en \u00e9vidence l\u2019\u00e9tendue politique du racisme structurel de l\u2019extr\u00eame-droite \u00e0 l\u2019extr\u00eame-gauche et donc d\u2019avoir objectiv\u00e9 les hi\u00e9rarchies raciales install\u00e9es au c\u0153ur de la R\u00e9publique, des institutions et de la soci\u00e9t\u00e9 fran\u00e7aises comme des rapports de lutte \u00e0 part enti\u00e8re. La d\u00e9nonciation du pr\u00e9tendu \u00ab\u00a0essentialisme\u00a0\u00bb du PIR qui tomberait dans le pi\u00e8ge de l\u2019assignation raciale, dont se nourrirait pr\u00e9cis\u00e9ment le racisme, ne fait justement que r\u00e9v\u00e9ler leur malaise face aux luttes de l\u2019antiracisme politique qui bousculent ces hi\u00e9rarchies, \u00e9tant donn\u00e9 que leur pr\u00e9tendu \u00ab\u00a0universalisme\u00a0\u00bb en est le gardien. La question sociale, voire la lutte des classes quand ils osent encore prononcer ce gros mot du bout des l\u00e8vres, n\u2019est pour eux qu\u2019un alibi qui consiste \u00e0 nier le caract\u00e8re irr\u00e9ductiblement social des combats de l\u2019antiracisme politique. Si on observe l\u2019empressement avec lequel les appareils m\u00e9diatico-politiques et l\u2019extr\u00eame-droite relaient leurs attaques, il n\u2019est pas difficile de constater de quel c\u00f4t\u00e9 ceux-ci redoutent que se d\u00e9veloppent les luttes structurelles\u00a0; et de quel c\u00f4t\u00e9, ils se sont trouv\u00e9s une caution.<\/p>\n<p>Il existe, en tout cas, un paradoxe entre le caract\u00e8re insignifiant que les attaques attribuent unanimement au PIR, comme \u00ab\u00a0groupuscule sans assises populaires\u00a0\u00bb, et leur coordination et violence, dont le projet certain est d\u2019\u00eatre vite suppl\u00e9\u00e9es par une r\u00e9pression d\u2019Etat, f\u00fbt-elle ultralib\u00e9rale ou fasciste, dans le contexte autoritaire qui se dessine d\u00e9j\u00e0 et auquel on propose donc Houria Bouteldja et le PIR comme cible de choix.<\/p>\n<p>La raison en est simple. Les instigateurs de cette campagne et les centres de pouvoir sont inquiets de la mont\u00e9e de l\u2019alternative d\u00e9coloniale, li\u00e9e \u00e0 la pr\u00e9sence critique ou du moins pas suffisamment docile de non-Blancs dans de nombreux espaces sociaux et dans le paysage politique ; \u00e0 ses luttes collectives et aux diverses expressions de protestation des populations issues de l\u2019immigration\u00a0; et m\u00eame du poids de son vote, quand il se reporte sur des candidats\u00a0des quartiers populaires, ind\u00e9pendants ou \u00e9mergeants, qui font trembler les politiciens \u00a0repr\u00e9sentatifs de l\u2019h\u00e9g\u00e9monie national-r\u00e9publicaine et d\u00e9r\u00e8glent ses m\u00e9canismes client\u00e9listes. Tout ceci qu\u2019ils appellent le \u00ab\u00a0communautarisme\u00a0\u00bb, parce qu\u2019il met en p\u00e9ril leurs privil\u00e8ges, leur dispute aussi le monopole de la production de sens. Or, de ce point de vue,\u00a0l\u2019antiracisme politique\u00a0porte des coups incontestables. Ces coups sont bien entendu consid\u00e9r\u00e9s, par les thurif\u00e9raires de l\u2019ordre \u00e9tabli et ses sous-traitants \u00ab\u00a0rebelles\u00a0\u00bb, comme hautement dangereux dans ce contexte-l\u00e0.<\/p>\n<p>Bref, les attaques sont l\u2019expression de cette panique-l\u00e0, tout-\u00e0-fait identitaire, m\u00eame si elle se donne un masque lisse, dont le but ultime n\u2019est pas seulement de censurer Houria Bouteldja et le PIR mais toute parole\u00a0dissonante\u00a0issue de l\u2019immigration\u00a0et toute expression de solidarit\u00e9 avec elle, c\u2019est-\u00e0-dire d\u2019emp\u00eacher que le consensus national-r\u00e9publicain,\u00a0faussement universaliste, soit bris\u00e9, que les luttes structurelles se d\u00e9veloppent et qu\u2019une majorit\u00e9 nouvelle \u00e9merge. Il s\u2019agit de soumettre \u00e0 l\u2019injonction de ce consensus, comme on exige de Dani\u00e8le Obono qu\u2019elle crie \u00ab\u00a0Vive la France\u00a0!\u00a0\u00bb<\/p>\n<p>C\u2019est parce qu\u2019Houria Bouteldja ne s\u2019est pas pli\u00e9e \u00e0 cette injonction\u00a0qu\u2019on veut l\u2019\u00e9liminer du d\u00e9bat public. Aujourd\u2019hui, c\u2019est elle. Demain\u00a0? D\u00e8s lors, il est imp\u00e9ratif de s\u2019unir contre ces attaques, en les d\u00e9non\u00e7ant pour ce qu\u2019elles sont\u00a0: l\u2019avant-garde d\u2019une nouvelle vague ultrar\u00e9actionnaire qui, sous un vocable \u00ab\u00a0progressiste\u00a0\u00bb, un antiracisme d\u2019apparat et une notion h\u00e9g\u00e9moniste de l\u2019\u00e9l\u00e9ment \u00ab\u00a0populaire\u00a0\u00bb, d\u00e9fend ses privil\u00e8ges de race et de classe, en pr\u00e9parant le terrain \u00e0 un d\u00e9cha\u00eenement de violence bien plus concret encore.<\/p>\n<p>&nbsp;<\/p>\n<p><em><strong>Premiers signataires :<\/strong><\/em><\/p>\n<p>&nbsp;<\/p>\n<p id=\"yui_3_16_0_ym19_1_1498479589394_8615\"><span id=\"yui_3_16_0_ym19_1_1498479589394_8616\"><em><strong>Rapha\u00ebl Confiant<\/strong><\/em>,\u00a0professeur des universit\u00e9s\u00a0(Universit\u00e9 des Antilles)\/\u00e9crivain (Martinique)<\/span><\/p>\n<p id=\"yui_3_16_0_ym19_1_1498479589394_8614\"><span id=\"yui_3_16_0_ym19_1_1498479589394_8613\"><em><strong>Mireille Fanon Mendes France<\/strong><\/em>, experte ONU et Fondation Frantz Fanon<\/span><\/p>\n<p id=\"yui_3_16_0_ym19_1_1498479589394_8611\"><span id=\"yui_3_16_0_ym19_1_1498479589394_8612\"><em><strong>Fran\u00e7ois G\u00e8ze<\/strong><\/em>, \u00e9diteur<\/span><\/p>\n<p id=\"yui_3_16_0_ym19_1_1498479589394_8610\"><span id=\"yui_3_16_0_ym19_1_1498479589394_8609\"><em><strong>Maboula Soumahoro<\/strong><\/em>, <\/span>Ma\u00eetresse de conf\u00e9rences, Bennington College et Columbia University<\/p>\n<p id=\"yui_3_16_0_ym19_1_1498479589394_7478\"><span id=\"yui_3_16_0_ym19_1_1498479589394_8608\"><em><strong>Didier Lestrade<\/strong><\/em>, journaliste, \u00e9crivain<\/span><\/p>\n<p id=\"yui_3_16_0_ym19_1_1498479589394_7480\"><span id=\"yui_3_16_0_ym19_1_1498479589394_8607\"><em><strong>Omar Slaouti,<\/strong><\/em> militant antiraciste<\/span><\/p>\n<p id=\"yui_3_16_0_ym19_1_1498479589394_7481\"><span id=\"yui_3_16_0_ym19_1_1498479589394_8606\"><em><strong>Patrick Thevenin<\/strong><\/em>, journaliste<\/span><\/p>\n<p id=\"yui_3_16_0_ym19_1_1498479589394_7482\"><span id=\"yui_3_16_0_ym19_1_1498479589394_7483\"><em><strong>Stephen Suffern<\/strong><\/em>, avocat aux barreaux de Paris et de New-York<\/span><\/p>\n<p id=\"yui_3_16_0_ym19_1_1498479589394_7484\"><span id=\"yui_3_16_0_ym19_1_1498479589394_8605\"><em><strong>Annick Coup\u00e9<\/strong><\/em>, syndicaliste<\/span><\/p>\n<p id=\"yui_3_16_0_ym19_1_1498479589394_7486\"><span id=\"yui_3_16_0_ym19_1_1498479589394_8604\"><em><strong>Malik-Tahar Chaouch<\/strong><\/em>, c<\/span><span id=\"yui_3_16_0_ym19_1_1498479589394_7485\">hercheur, Universidad Veracruzana (Mexique)<\/span><\/p>\n<p id=\"yui_3_16_0_ym19_1_1498479589394_7487\"><span id=\"yui_3_16_0_ym19_1_1498479589394_8603\"><em><strong>Omar Benderra,<\/strong><\/em> militant associatif<\/span><\/p>\n<p id=\"yui_3_16_0_ym19_1_1498479589394_7488\"><span id=\"yui_3_16_0_ym19_1_1498479589394_8600\"><em><strong>Suzy Sorel<\/strong><\/em>, Chef d\u2019entreprise (Martinique)<\/span><\/p>\n<p id=\"yui_3_16_0_ym19_1_1498479589394_7490\"><span id=\"yui_3_16_0_ym19_1_1498479589394_7489\"><em><strong>Danik Zandwonis<\/strong><\/em>, directeur de\u00a0<u>caribcreolenews.com<\/u>\u00a0 (Guadeloupe)<\/span><\/p>\n<p id=\"yui_3_16_0_ym19_1_1498479589394_7491\"><span id=\"yui_3_16_0_ym19_1_1498479589394_8599\"><em><strong>Pierre Carpentier<\/strong><\/em>, naviguant (Guyane).<\/span><\/p>\n<p id=\"yui_3_16_0_ym19_1_1498479589394_7492\"><span id=\"yui_3_16_0_ym19_1_1498479589394_7493\"><em><strong>Dominique Boisdron<\/strong><\/em>, docteur en sciences de l\u2019Education (Guyane)<\/span><\/p>\n<p id=\"yui_3_16_0_ym19_1_1498479589394_7494\"><span id=\"yui_3_16_0_ym19_1_1498479589394_8598\"><em><strong>Madjid Rouar<\/strong><\/em>, militant politique <\/span><\/p>\n<p id=\"yui_3_16_0_ym19_1_1498479589394_7495\"><span id=\"yui_3_16_0_ym19_1_1498479589394_8597\"><em><strong>Salima Mellah<\/strong><\/em>, militante associative<\/span><span id=\"yui_3_16_0_ym19_1_1498479589394_8596\"><br \/>\n<span id=\"yui_3_16_0_ym19_1_1498479589394_8595\"><em><strong>Boualem Hamadache<\/strong><\/em>, militant associatif<\/span><\/span><\/p>\n<p id=\"yui_3_16_0_ym19_1_1498479589394_7496\"><span id=\"yui_3_16_0_ym19_1_1498479589394_8594\"><strong>Hassane Mezine<\/strong>, photographe<\/span><\/p>\n<p id=\"yui_3_16_0_ym19_1_1498479589394_7497\"><span id=\"yui_3_16_0_ym19_1_1498479589394_8593\"><em><strong>Thierry Mathiasin<\/strong><\/em>, enseignant (Guadeloupe)<\/span><\/p>\n<p id=\"yui_3_16_0_ym19_1_1498479589394_7498\"><span id=\"yui_3_16_0_ym19_1_1498479589394_8592\"><em><strong>Marwan Andaloussi<\/strong><\/em>, journaliste<\/span><\/p>\n<p id=\"yui_3_16_0_ym19_1_1498479589394_7499\"><span id=\"yui_3_16_0_ym19_1_1498479589394_8591\"><em><strong>Rapha\u00ebl Constant<\/strong><\/em>, avocat (Martinique)<\/span><\/p>\n<p id=\"yui_3_16_0_ym19_1_1498479589394_7505\"><span id=\"yui_3_16_0_ym19_1_1498479589394_8590\"><em><strong>Mehdi Derfoufi<\/strong><\/em>, enseignant chercheur<\/span><\/p>\n<p id=\"yui_3_16_0_ym19_1_1498479589394_7506\"><span id=\"yui_3_16_0_ym19_1_1498479589394_8589\"><em><strong>Ali El Baz<\/strong><\/em>, militant de l\u2019immigration<\/span><\/p>\n<p id=\"yui_3_16_0_ym19_1_1498479589394_7508\"><span id=\"yui_3_16_0_ym19_1_1498479589394_7507\"><em><strong>Steve Gadet<\/strong><\/em>, Enseignant-chercheur (Universit\u00e9 des Antilles), militant et rappeur (Guadeloupe)<\/span><\/p>\n<p><em><strong>Sihame Assbague<\/strong><\/em>, journaliste et militante<\/p>\n<p><em><strong>Saadane Sadgui<\/strong><\/em>, co-fondateur des JALB et du MIB<\/p>\n<p><em><strong>Nordine Sa\u00efdi<\/strong><\/em>, Bruxelles Panth\u00e8res<\/p>\n<p><em><strong>Mayanthi Fernando<\/strong><\/em>, Ma\u00eetre de conf\u00e9rences, Univesity of California, Santa Cruz<\/p>\n<p><em><strong>Ghazi Hidouci<\/strong><\/em>, ancien ministre<\/p>\n<p><em><strong>Mohamed Hocine<\/strong><\/em>, Mantes-la-Jolie.<\/p>\n<p><strong><em>Julien SERGERE<\/em>, <\/strong>Enseignant Lettres-Histoire (Guadeloupe)<\/p>\n<p><em><strong>Dominique Natanson<\/strong><\/em>, co-pr\u00e9sident de l\u2019UJFP<br \/>\n<span data-ft=\"{&quot;tn&quot;:&quot;K&quot;}\"><em><strong>Jean Claude Meyer<\/strong><\/em>, membre du BN de l\u2019UJFP<\/span><\/p>\n<p><strong><em>Ismahane Chouder<\/em><\/strong>, CFPE<\/p>\n<p><span data-ft=\"{&quot;tn&quot;:&quot;K&quot;}\"><strong><em>Sam Bourcier<\/em><\/strong>, universit\u00e9 Lille 3<\/span><\/p>\n<p><span data-ft=\"{&quot;tn&quot;:&quot;K&quot;}\"><strong><em>Michel Ouaknine, ing\u00e9nieur<\/em><\/strong>, militant antiraciste<\/span><\/p>\n<p><strong><em>Sonia Fayman<\/em><\/strong>, UJFP et IJAN<\/p>\n<p><span class=\"5yl5\"><em><strong>Jos\u00e9-Luis Moragu\u00e8s<\/strong><\/em>, militant antiraciste<\/span><\/p>\n<p><a href=\"http:\/\/indigenes-republique.fr\/stop-au-pir-bashing-soutien-a-lantiracisme-politique\/\">Source<\/a><\/p>\n<\/div>\n<\/div>\n","protected":false},"excerpt":{"rendered":"<p>Publi\u00e9 le 26 juin 2017 par Collectif Une v\u00e9ritable campagne m\u00e9diatique est actuellement men\u00e9e contre Houria Bouteldja et le Parti des Indig\u00e8nes de la R\u00e9publique. Elle touche aussi les cadres politiques, militants et intellectuels non Blancs, soup\u00e7onn\u00e9s d\u2019une quelconque implication dans les combats de l\u2019antiracisme politique, la gauche solidaire de ces combats et celles et &#8230; <a title=\"Stop au PIR bashing ! Soutien \u00e0 l\u2019antiracisme politique\" class=\"read-more\" href=\"https:\/\/bruxelles-pantheres.be\/?p=3325\" aria-label=\"En savoir plus sur Stop au PIR bashing ! Soutien \u00e0 l\u2019antiracisme politique\">Lire la suite<\/a><\/p>\n","protected":false},"author":1,"featured_media":3002,"comment_status":"open","ping_status":"open","sticky":false,"template":"","format":"standard","meta":{"footnotes":""},"categories":[1,35,21,4,7,18,28,37],"tags":[31,14,158,147,13,130,15],"class_list":["post-3325","post","type-post","status-publish","format-standard","has-post-thumbnail","hentry","category-non-classe","category-amerique-du-sud","category-anti-imperialisme","category-islamophobie","category-negrophobie","category-resistance-bruxelles","category-racismes","category-romophobie","tag-belgique","tag-bruxelles","tag-france","tag-houria-bouteldja","tag-nordine-saidi","tag-parti-des-indigenes-de-la-republique","tag-resistance"],"_links":{"self":[{"href":"https:\/\/bruxelles-pantheres.be\/index.php?rest_route=\/wp\/v2\/posts\/3325","targetHints":{"allow":["GET"]}}],"collection":[{"href":"https:\/\/bruxelles-pantheres.be\/index.php?rest_route=\/wp\/v2\/posts"}],"about":[{"href":"https:\/\/bruxelles-pantheres.be\/index.php?rest_route=\/wp\/v2\/types\/post"}],"author":[{"embeddable":true,"href":"https:\/\/bruxelles-pantheres.be\/index.php?rest_route=\/wp\/v2\/users\/1"}],"replies":[{"embeddable":true,"href":"https:\/\/bruxelles-pantheres.be\/index.php?rest_route=%2Fwp%2Fv2%2Fcomments&post=3325"}],"version-history":[{"count":1,"href":"https:\/\/bruxelles-pantheres.be\/index.php?rest_route=\/wp\/v2\/posts\/3325\/revisions"}],"predecessor-version":[{"id":3327,"href":"https:\/\/bruxelles-pantheres.be\/index.php?rest_route=\/wp\/v2\/posts\/3325\/revisions\/3327"}],"wp:featuredmedia":[{"embeddable":true,"href":"https:\/\/bruxelles-pantheres.be\/index.php?rest_route=\/wp\/v2\/media\/3002"}],"wp:attachment":[{"href":"https:\/\/bruxelles-pantheres.be\/index.php?rest_route=%2Fwp%2Fv2%2Fmedia&parent=3325"}],"wp:term":[{"taxonomy":"category","embeddable":true,"href":"https:\/\/bruxelles-pantheres.be\/index.php?rest_route=%2Fwp%2Fv2%2Fcategories&post=3325"},{"taxonomy":"post_tag","embeddable":true,"href":"https:\/\/bruxelles-pantheres.be\/index.php?rest_route=%2Fwp%2Fv2%2Ftags&post=3325"}],"curies":[{"name":"wp","href":"https:\/\/api.w.org\/{rel}","templated":true}]}}