{"id":3329,"date":"2017-07-05T18:23:48","date_gmt":"2017-07-05T17:23:48","guid":{"rendered":"https:\/\/bruxelles-pantheres.be\/?p=3329"},"modified":"2017-11-08T13:58:05","modified_gmt":"2017-11-08T12:58:05","slug":"non-au-proces-en-sorcellerie-dhouria-bouteldja","status":"publish","type":"post","link":"https:\/\/bruxelles-pantheres.be\/?p=3329","title":{"rendered":"Non au proc\u00e8s en sorcellerie d\u2019Houria Bouteldja"},"content":{"rendered":"<p style=\"text-align: center;\"><a href=\"https:\/\/bruxelles-pantheres.be\/wp-content\/uploads\/2017\/07\/20375.jpg\"><img decoding=\"async\" class=\"alignnone size-full wp-image-3330\" src=\"https:\/\/bruxelles-pantheres.be\/wp-content\/uploads\/2017\/07\/20375.jpg\" alt=\"\" width=\"1170\" height=\"550\" srcset=\"https:\/\/bruxelles-pantheres.be\/wp-content\/uploads\/2017\/07\/20375.jpg 1170w, https:\/\/bruxelles-pantheres.be\/wp-content\/uploads\/2017\/07\/20375-300x141.jpg 300w, https:\/\/bruxelles-pantheres.be\/wp-content\/uploads\/2017\/07\/20375-1024x481.jpg 1024w, https:\/\/bruxelles-pantheres.be\/wp-content\/uploads\/2017\/07\/20375-768x361.jpg 768w\" sizes=\"(max-width: 1170px) 100vw, 1170px\" \/><\/a><\/p>\n<p>Chez nos voisins fran\u00e7ais se d\u00e9roule actuellement une v\u00e9ritable campagne m\u00e9diatique contre Houria Bouteldja et le Parti des Indig\u00e8nes de la R\u00e9publique (PIR). Depuis des ann\u00e9es, cette offensive est aussi men\u00e9e en Belgique, sous des formes diff\u00e9rentes, mais avec un objectif identique : faire taire les voix comme les id\u00e9es qui d\u00e9noncent le racisme d\u2019Etat et le combattent pour atteindre une \u00e9galit\u00e9 effective qui ne soit pas que de papier.<\/p>\n<p>Cette campagne qui cible prioritairement les citoyens noirs, arabes et musulmans des quartiers populaires vise \u00e9galement des cadres politiques, militants et intellectuels non-blancs, soup\u00e7onn\u00e9s d\u2019une quelconque implication dans les combats de l\u2019antiracisme politique, y compris lorsque ceux-ci ne partagent pas les th\u00e8ses du PIR.<\/p>\n<p>A travers une s\u00e9rie de tribunes et d\u2019articles, plus ineptes les uns que les autres, <em>Le Monde<\/em>, <em>Le Figaro<\/em> ou <em>Marianne<\/em> d\u00e9peignent la porte-parole du Parti des Indig\u00e8nes de la R\u00e9publique en \u00ab\u00a0<em>raciste<\/em>\u00a0\u00bb, \u00ab\u00a0<em>homophobe<\/em>\u00a0\u00bb et \u00ab\u00a0<em>antis\u00e9mite<\/em>\u00a0\u00bb. Imbus de leur position et de leur impunit\u00e9, les procureurs m\u00e9diatiques n&rsquo;apportent bien s\u00fbr aucune preuve \u00e0 ce qu\u2019ils avancent. A coups de d\u00e9formations, d\u2019interpr\u00e9tations fallacieuses et d\u2019accusations infond\u00e9es sur le contenu du livre d\u2019Houria Bouteldja (1), ces d\u00e9fenseurs z\u00e9l\u00e9s d\u2019un syst\u00e8me, qui maintient et pratique un racisme structurel \u00e0 tous les \u00e9tages de la stratification sociale, cherchent \u00e0 hyst\u00e9riser le d\u00e9bat en vue d\u2019un proc\u00e8s en sorcellerie de la r\u00e9calcitrante.<\/p>\n<p>En Belgique comme en France, cette strat\u00e9gie \u00e9cul\u00e9e consiste \u00e0 opposer un antiracisme dit \u00abuniversaliste \u00bb et \u00ab humaniste \u00bb \u00e0 celui du PIR et des militants de l\u2019antiracisme politique. Ces derniers sont ensuite accus\u00e9s, au mieux, de d\u00e9rive identitaire, au pire, de constituer le pendant racis\u00e9 du racisme de l\u2019extr\u00eame-droite. Tartuferies qui ne tiennent pas la route. En r\u00e9alit\u00e9, ce que ces id\u00e9ologues paternalistes ne pardonnent pas aux activistes de l\u2019antiracisme politique, c\u2019est de disperser le brouillard cotonneux de l\u2019antiracisme \u00e0 la sauce <em>SOS Racisme<\/em> ou <em>UNIA<\/em>, de mettre le doigt l\u00e0 o\u00f9 \u00e7a fait mal, c\u2019est-\u00e0-dire \u00e0 peu pr\u00e8s partout. Ce qu\u2019ils leur reprochent encore, c\u2019est de mettre en \u00e9vidence l\u2019enracinement profond d\u2019un racisme structurel au sein de toutes les institutions et dispositifs des soci\u00e9t\u00e9s fran\u00e7aise et belge. Ce qu\u2019ils leur reprochent, enfin et surtout, c\u2019est d\u2019objectiver la permanence de cette hi\u00e9rarchisation raciale et d\u2019en faire un rapport de lutte \u00e0 part enti\u00e8re.<\/p>\n<p>Les acteurs de cette campagne m\u00e9diatique et les centres de pouvoir s\u2019inqui\u00e8tent de la progression d\u2019une vision alternative de la soci\u00e9t\u00e9. A savoir, une vision d\u00e9coloniale li\u00e9e \u00e0 la pr\u00e9sence aujourd\u2019hui indocile et revendicative, politiquement critique, de citoyens non-blancs au sein de nombreux espaces sociaux ainsi que dans les paysages \u00e9lectoral et politique. Une vision qui passe notamment par la d\u00e9termination de faire sauter le d\u00e9ni du passif colonial, un tabou encore plus f\u00e9roce en Belgique qu\u2019en France&#8230;<\/p>\n<p>L\u2019expression grandissante des populations issues de l\u2019immigration postcoloniale, l\u2019organisation et l\u2019articulation de leurs luttes ainsi que leur poids \u00e9lectoral lorsque leurs voix se portent sur des candidats des quartiers populaires font trembler ces politiciens, \u00e9ditorialistes et intellectuels du s\u00e9rail ethno-nationaliste h\u00e9g\u00e9monique et d\u00e9stabilisent la p\u00e9rennit\u00e9 de leur domination.<\/p>\n<p>C\u2019est parce qu\u2019Houria Bouteldja refuse leur injonction au silence et \u00e0 la discr\u00e9tion qu\u2019elle est victime de ces tentatives visant \u00e0 la d\u00e9cr\u00e9dibiliser et \u00e0 l\u2019\u00e9liminer du d\u00e9bat public. C\u2019est \u00e9galement parce qu\u2019elle a \u00e9t\u00e9 r\u00e9cemment soutenue par une vingtaine d\u2019intellectuels fran\u00e7ais blancs que ses d\u00e9tracteurs fulminent et tentent, chaque jour davantage, de la diaboliser.<\/p>\n<p>Aujourd\u2019hui, c\u2019est elle, en France. Demain, qui, chez nous\u00a0?<\/p>\n<p>En cons\u00e9quence, il nous appara\u00eet imp\u00e9ratif de s\u2019unir contre ces attaques malhonn\u00eates et calomnieuses. En les d\u00e9non\u00e7ant pour ce qu\u2019elles sont : le ressac permanent d\u2019une vague ultrar\u00e9actionnaire qui &#8211; sous un antiracisme d\u2019apparat et avec une vision h\u00e9g\u00e9moniste de l\u2019\u00e9l\u00e9ment \u00ab populaire \u00bb &#8211; d\u00e9fend ses privil\u00e8ges de race et de classe. Sans se soucier du risque de pr\u00e9parer ainsi le terrain \u00e0 un d\u00e9cha\u00eenement de violences.<\/p>\n<ul>\n<li>\u00ab\u00a0Les Blancs, les Juifs et Nous\u00a0\u00bb, Editions La Fabrique, Paris, 2016.<\/li>\n<\/ul>\n<p><em>Isabelle Stengers<\/em>, Philosophe<\/p>\n<p>David Jamar, Sociologue<\/p>\n<p><em>V\u00e9ronique Clette<\/em>&#8211;<em>Gakuba<\/em>, Sociologue<\/p>\n<p>Khadija Senhadji, Anthropologue<\/p>\n<p><em>Maryam Kolly<\/em><em>, <\/em>Sociologue<\/p>\n<p>Gia Abrassart, Journaliste ind\u00e9pendante &#8211; Caf\u00e9 Congo<\/p>\n<p>Luis Martinez Andrade, sociologue mexicain<\/p>\n<p><em>Malika HAMIDI<\/em>, <em>Docteur en Sociologie<\/em><\/p>\n<p><em>Fatima Zibouh<\/em>, Chercheuse en sciences politiques et sociales<\/p>\n<p>Youri Lou Vertongen, Chercheur, Universit\u00e9 Saint-Louis\/Migrations et Luttes Sociales<\/p>\n<p>Dyab Abou Jahjah, \u00c9crivain et activiste<\/p>\n<p>Martin Vander Elst, Philosophe, anthropologue<\/p>\n<p>Nadia Fadil, Sociologue, Anthropologue<\/p>\n<p><em>Maximin Emagna<\/em>, Docteur en science politique, Europe Belgium Diversity (EBD)<\/p>\n<p>Charlotte Kates, Samidoun Palestinian Prisoner Solidarity Network<\/p>\n<p><em>Chris Den Hond<\/em>, Journaliste et r\u00e9alisateur<\/p>\n<p>Nordine Sa\u00efdi, Bruxelles Panth\u00e8res<\/p>\n<p><em>Daniel Vanhove<\/em>, Observateur civil et auteur<\/p>\n<p>Eric Hulsens, Publiciste<\/p>\n<p>Fabrizio Terranova, Cin\u00e9aste<\/p>\n<p><em>Rachida Aziz<\/em>, Le Space<\/p>\n<p>Rudi Barnet, consultant audiovisuel<\/p>\n<p>Tr\u00f6ss Nipanki, \u00c9diteur<\/p>\n<p>Dema, Artiste<\/p>\n<p><em>Graziella Van Loo, Activiste <\/em><\/p>\n<p>J\u00e9r\u00e9mie Piolat,\u00a0 Auteur, Anthropologue<\/p>\n<p>Manu Scordia, Dessinateur<\/p>\n<p>Mouhad Reghif, Bachelier en Sciences Politiques<\/p>\n<p><em>Marianne Van<\/em> Leeuw Koplewicz, \u00c9ditions du souffle<\/p>\n<p><span class=\"st\">Ludo De Witte, Sociologue, Auteur <\/span><\/p>\n<p>Rachida Lamrabet, Juriste et \u00c9crivaine<\/p>\n<p><span class=\"gD\" data-hovercard-id=\"benedikte.zitouni@gmail.com\">Benedikte Zitouni, Universit\u00e9 Saint-Louis Bruxelles.<br \/>\n<\/span><\/p>\n<p>Organisations :<br \/>\nCollectif des Citoyennes f\u00e9ministes et musulmanes.<br \/>\nBruxelles Panth\u00e8res.<\/p>\n","protected":false},"excerpt":{"rendered":"<p>Chez nos voisins fran\u00e7ais se d\u00e9roule actuellement une v\u00e9ritable campagne m\u00e9diatique contre Houria Bouteldja et le Parti des Indig\u00e8nes de la R\u00e9publique (PIR). Depuis des ann\u00e9es, cette offensive est aussi men\u00e9e en Belgique, sous des formes diff\u00e9rentes, mais avec un objectif identique : faire taire les voix comme les id\u00e9es qui d\u00e9noncent le racisme d\u2019Etat &#8230; <a title=\"Non au proc\u00e8s en sorcellerie d\u2019Houria Bouteldja\" class=\"read-more\" href=\"https:\/\/bruxelles-pantheres.be\/?p=3329\" aria-label=\"En savoir plus sur Non au proc\u00e8s en sorcellerie d\u2019Houria Bouteldja\">Lire la suite<\/a><\/p>\n","protected":false},"author":1,"featured_media":3331,"comment_status":"open","ping_status":"open","sticky":false,"template":"","format":"standard","meta":{"footnotes":""},"categories":[36,4,7,18,28],"tags":[31,14,23,147,130,15],"class_list":["post-3329","post","type-post","status-publish","format-standard","has-post-thumbnail","hentry","category-europe","category-islamophobie","category-negrophobie","category-resistance-bruxelles","category-racismes","tag-belgique","tag-bruxelles","tag-discrimination","tag-houria-bouteldja","tag-parti-des-indigenes-de-la-republique","tag-resistance"],"_links":{"self":[{"href":"https:\/\/bruxelles-pantheres.be\/index.php?rest_route=\/wp\/v2\/posts\/3329","targetHints":{"allow":["GET"]}}],"collection":[{"href":"https:\/\/bruxelles-pantheres.be\/index.php?rest_route=\/wp\/v2\/posts"}],"about":[{"href":"https:\/\/bruxelles-pantheres.be\/index.php?rest_route=\/wp\/v2\/types\/post"}],"author":[{"embeddable":true,"href":"https:\/\/bruxelles-pantheres.be\/index.php?rest_route=\/wp\/v2\/users\/1"}],"replies":[{"embeddable":true,"href":"https:\/\/bruxelles-pantheres.be\/index.php?rest_route=%2Fwp%2Fv2%2Fcomments&post=3329"}],"version-history":[{"count":5,"href":"https:\/\/bruxelles-pantheres.be\/index.php?rest_route=\/wp\/v2\/posts\/3329\/revisions"}],"predecessor-version":[{"id":3444,"href":"https:\/\/bruxelles-pantheres.be\/index.php?rest_route=\/wp\/v2\/posts\/3329\/revisions\/3444"}],"wp:featuredmedia":[{"embeddable":true,"href":"https:\/\/bruxelles-pantheres.be\/index.php?rest_route=\/wp\/v2\/media\/3331"}],"wp:attachment":[{"href":"https:\/\/bruxelles-pantheres.be\/index.php?rest_route=%2Fwp%2Fv2%2Fmedia&parent=3329"}],"wp:term":[{"taxonomy":"category","embeddable":true,"href":"https:\/\/bruxelles-pantheres.be\/index.php?rest_route=%2Fwp%2Fv2%2Fcategories&post=3329"},{"taxonomy":"post_tag","embeddable":true,"href":"https:\/\/bruxelles-pantheres.be\/index.php?rest_route=%2Fwp%2Fv2%2Ftags&post=3329"}],"curies":[{"name":"wp","href":"https:\/\/api.w.org\/{rel}","templated":true}]}}