{"id":3335,"date":"2017-07-06T12:18:10","date_gmt":"2017-07-06T11:18:10","guid":{"rendered":"https:\/\/bruxelles-pantheres.be\/?p=3335"},"modified":"2017-07-05T23:27:17","modified_gmt":"2017-07-05T22:27:17","slug":"interview-dhouria-bouteldja-par-olivier-mukuna","status":"publish","type":"post","link":"https:\/\/bruxelles-pantheres.be\/?p=3335","title":{"rendered":"Interview d&rsquo;Houria Bouteldja par Olivier Mukuna"},"content":{"rendered":"<div class=\"_39k2\">\n<div id=\"js_82d\" class=\"_4lmk _2vxa autofocus _5s6c\" tabindex=\"-1\">Houria Bouteldja : \u201cJe combats mon int\u00e9gration\u201d<\/div>\n<div class=\"_2yud clearfix\">\n<div class=\"_ohe lfloat\"><\/div>\n<div class=\"\">\n<div class=\"_42ef _8u\">\n<div class=\"_3uhg\"><a class=\"_2yug\" href=\"https:\/\/www.facebook.com\/olivier.mukuna\" target=\"_blank\" rel=\"noopener\">Olivier Mukuna<\/a><span class=\"_4_mg\">\u00b7<\/span><a class=\"uiLinkSubtle\" href=\"https:\/\/www.facebook.com\/notes\/olivier-mukuna\/houria-bouteldja-je-combats-mon-int%C3%A9gration\/1666717406695777\/\">mercredi 5 juillet 2017<\/a><a id=\"u_86_0\" class=\"uiStreamPrivacy inlineBlock fbStreamPrivacy fbPrivacyAudienceIndicator\" role=\"button\" href=\"https:\/\/www.facebook.com\/notes\/olivier-mukuna\/houria-bouteldja-je-combats-mon-int%C3%A9gration\/1666717406695777\/#\" data-hover=\"tooltip\" aria-label=\"Ouvert \u00e0\u00a0: Public\" data-tooltip-content=\"Ouvert \u00e0\u00a0: Public\"><i class=\"lock img sp_RdXPSUltFAY sx_14c68d\"><\/i><\/a><\/div>\n<div><\/div>\n<\/div>\n<\/div>\n<\/div>\n<\/div>\n<div class=\"_39k5 _5s6c\">\n<div>\n<div class=\"_2cuy _3dgx _2vxa\"><span class=\"_4yxo\">Cibl\u00e9e par une<\/span> <span class=\"_4yxo\">virulente campagne m\u00e9diatique (<\/span><span class=\"_4yxo _4yxp\">Le Monde<\/span><span class=\"_4yxo\">, <\/span><span class=\"_4yxo _4yxp\">Le Figaro<\/span><span class=\"_4yxo\">, <\/span><span class=\"_4yxo _4yxp\">Lib\u00e9ration<\/span><span class=\"_4yxo\">, <\/span><span class=\"_4yxo _4yxp\">Marianne<\/span><span class=\"_4yxo\">, <\/span><span class=\"_4yxo _4yxp\">Valeurs Actuelles<\/span><span class=\"_4yxo\">, etc.) l\u2019accusant de \u00ab <\/span><span class=\"_4yxo _4yxp\">racisme<\/span><span class=\"_4yxo\"> \u00bb, \u00ab<\/span><span class=\"_4yxo _4yxp\">d\u2019homophobie<\/span><span class=\"_4yxo\"> \u00bb et \u00ab<\/span><span class=\"_4yxo _4yxp\">d\u2019antif\u00e9minisme<\/span><span class=\"_4yxo\">\u00bb, Houria Bouteldja n\u2019a pu r\u00e9pondre \u00e0 ses d\u00e9tracteurs. Et pour cause : aucun m\u00e9dia ne l\u2019a sollicit\u00e9e. Ecueil journalistique corrig\u00e9. La porte-parole du Parti des Indig\u00e8nes de la R\u00e9publique (PIR) a accept\u00e9 de r\u00e9pondre \u00e0 nos questions. Sans d\u00e9robade ni complaisance. Entretien.<\/span><\/div>\n<div class=\"_2cuy _3dgx _2vxa\">Par Olivier Mukuna<\/div>\n<div><\/div>\n<div><\/div>\n<div class=\"_2cuy _3dgx _2vxa\"><strong><span class=\"_4yxo\">Plus de dix jours de pol\u00e9mique avec la sortie quasi quotidienne d\u2019un article accusatoire contre vous et le PIR : pourquoi aucun m\u00e9dia fran\u00e7ais ne vous donne-t-il la parole ? <\/span><\/strong><\/div>\n<div class=\"_2cuy _3dgx _2vxa\"><strong><span class=\"_4yxo\">Houria Bouteldja<\/span> :<\/strong> C\u2019est pr\u00e9cis\u00e9ment le n\u0153ud du probl\u00e8me. On parle de nous mais sans nous. Chacun a son mot \u00e0 dire, chacun a toute latitude pour d\u00e9former ce qu\u2019on dit, mais il serait effectivement tr\u00e8s dangereux de nous donner la parole parce qu\u2019on risquerait de rectifier (rire)&#8230; En fait, il s\u2019agit surtout de cr\u00e9er une Houria Bouteldja et une organisation politique imaginaire. Cr\u00e9er des \u00ab monstres \u00bb infr\u00e9quentables en lieu et place de ce qui existe vraiment.<\/div>\n<div><\/div>\n<div class=\"_2cuy _3dgx _2vxa\"><strong><span class=\"_4yxo\">Quelle est la production m\u00e9diatique qui vous a la plus insupport\u00e9 ?<\/span><\/strong><\/div>\n<div class=\"_2cuy _3dgx _2vxa\"><strong><span class=\"_4yxo\">H.B<\/span> :<\/strong> Probablement, la premi\u00e8re, celle du Monde, sign\u00e9e par <span class=\"_4yxo\">Jean Birnbaum<\/span> (1). Tout d\u2019abord parce que le quotidien jouit d\u2019une autorit\u00e9 et d\u2019un grand prestige. Ensuite, parce que cette production se veut objective. Elle se distingue des autres, de droite et d\u2019extr\u00eame-droite, qui sont pour la plupart outranci\u00e8res et beaucoup moins cr\u00e9dibles. <span class=\"_4yxp\">Le Monde<\/span>, lui, a le cr\u00e9dit de la respectabilit\u00e9. Cet article de Birnbaum \u00e9voque une gauche divis\u00e9e. A partir de ce postulat, d\u2019un point de vue d\u00e9ontologique et journalistique, il fallait donc donner la parole aux repr\u00e9sentants des deux gauches. Or, tout au long de son papier, il ne parle que d\u2019une seule gauche, celle qui nous est hostile, et pas de la gauche plus favorable aux th\u00e8ses d\u00e9coloniales.<\/div>\n<figure class=\"_2cuy _4nuy _2vxa _3tvj\">\n<div class=\"_h2x _h2y _4lh4\">\n<p><img decoding=\"async\" id=\"u_86_3\" class=\"_h2z _297z _4lh5 img\" src=\"https:\/\/scontent.fbru1-1.fna.fbcdn.net\/v\/t1.0-9\/19657493_10155504585284907_5282506910442960897_n.jpg?oh=17bc8ced96828d0629f35c4a0d80dca9&amp;oe=59D1AE1C\" alt=\"\" \/><\/p>\n<blockquote>\n<div class=\"_h2w _50f8 _50f4\">Plus d&rsquo;un an apr\u00e8s la sortie de son premier et brillant essai, qui tutoie les fulgurances de C\u00e9saire et Fanon, il reste \u00ab\u00a0difficile\u00a0\u00bb pour beaucoup de d\u00e9battre avec Houria Bouteldja.<\/div>\n<\/blockquote>\n<\/div>\n<\/figure>\n<div class=\"_2cuy _3dgx _2vxa\"><strong><span class=\"_4yxo\">Parall\u00e8lement \u00e0 la d\u00e9fense de la d\u00e9put\u00e9e Dani\u00e8le Obono (FI), <\/span><span class=\"_4yxo _4yxp\">Lib\u00e9ration<\/span><span class=\"_4yxo\"> a publi\u00e9 un article jugeant les accusations de racisme et d\u2019homophobie port\u00e9es contre vous \u00ab <\/span><span class=\"_4yxo _4yxp\">moins int\u00e9ressantes<\/span><span class=\"_4yxo\"> \u00bb que celle de votre suppos\u00e9 \u00ab<\/span><span class=\"_4yxo _4yxp\">antif\u00e9minisme<\/span><span class=\"_4yxo\"> \u00bb <\/span>(2)<span class=\"_4yxo\"> &#8230; <\/span><\/strong><\/div>\n<div class=\"_2cuy _3dgx _2vxa\"><strong>\u00a0<\/strong><\/div>\n<div class=\"_2cuy _3dgx _2vxa\"><strong><span class=\"_4yxo\">H.B<\/span> :<\/strong> Disons que, dans la grande presse, Dani\u00e8le Obono est plus facilement d\u00e9fendable que moi car elle milite dans une organisation \u00ab respectable \u00bb. Il y a n\u00e9anmoins eu <span class=\"_4yxo\">Olivier Tonneau<\/span> &#8211; membre de la France Insoumise (FI), blogueur sur <span class=\"_4yxp\">Mediapart<\/span> et que je ne connais pas &#8211; qui a \u00e9t\u00e9 tr\u00e8s correct avec le PIR (3). Pour revenir \u00e0 <span class=\"_4yxp\">Lib\u00e9ration<\/span>, ils n\u2019ont jamais \u00e9t\u00e9 anti-PIR : c\u2019est pire, ils nous ignorent. Sur les 12 derni\u00e8res ann\u00e9es, depuis qu\u2019on existe, il n\u2019y a jamais eu un seul article journalistique concernant le PIR dans Lib\u00e9ration. Juste la recension incendiaire de mon livre (4) et la publication de rares tribunes prenant notre d\u00e9fense, comme celle <span class=\"_4yxo\">d\u2019Oc\u00e9ane Rose Marie<\/span> (5). Du coup, avec cet article que vous \u00e9voquez, je constate chez <span class=\"_4yxp\">Lib\u00e9ration<\/span> une \u00e9volution presque positive (rire)&#8230; Quant \u00e0 cet \u00ab<span class=\"_4yxp\">antif\u00e9minisme <\/span>\u00bb, il s\u2019agit d\u2019une lecture erron\u00e9e et tendancieuse de ce que je dis ; ce qui permet \u00e0 <span class=\"_4yxp\">Lib\u00e9<\/span> d\u2019\u00eatre moins vulgairement outrancier que les autres tout en choisissant son camp. Mais bon, c\u2019est d\u00e9j\u00e0 plus honn\u00eate puisqu\u2019on reste dans le d\u00e9bat d\u2019id\u00e9es.<\/div>\n<div><\/div>\n<div class=\"_2cuy _3dgx _2vxa\"><strong><span class=\"_4yxo\">Vous n\u2019avez pas de condamnation judiciaire, votre livre paru l\u2019ann\u00e9e derni\u00e8re conna\u00eet un essor international, vous \u00eates invit\u00e9e \u00e0 vous exprimer dans plusieurs universit\u00e9s \u00e0 travers le monde : ce qui ressemble \u00e0 un proc\u00e8s en sorcellerie ne d\u00e9range donc aucun m\u00e9dia ? <\/span><\/strong><\/div>\n<div class=\"_2cuy _3dgx _2vxa\"><strong><span class=\"_4yxo\">H.B<\/span> :<\/strong> Je crois au contraire qu\u2019il arrange tout le monde&#8230; C\u2019est beaucoup plus simple de nous diaboliser que de se confronter \u00e0 ce qu\u2019on dit. La confrontation leur est tr\u00e8s difficile et toute cette pol\u00e9mique n\u2019est qu\u2019une fuite. L\u2019un des objectifs de cette offensive m\u00e9diatique, c\u2019est de m\u2019isoler, afin d\u2019intimider d\u2019\u00e9ventuels soutiens. Il faut terroriser les sympathisants. Ils cherchent \u00e0 faire le d\u00e9sert autour de nous. Le sociologue <span class=\"_4yxo\">Laurent Bouvet<\/span> (6), l\u2019a m\u00eame tweet\u00e9 au sujet de Dani\u00e8le Obono (FI) : \u00ab <span class=\"_4yxp\">Il faut d\u00e9noncer \u00e0 la fois les liens d\u2019Obono avec le Parti des Indig\u00e8nes et les attaques racistes qu\u2019elle subit <\/span>\u00bb.<\/div>\n<figure class=\"_2cuy _4nuy _2vxa _3tvj\">\n<div class=\"_h2x _h2y _4lh4\">\n<p><img decoding=\"async\" id=\"u_86_4\" class=\"_h2z _297z _4lh5 img\" src=\"https:\/\/scontent.fbru1-1.fna.fbcdn.net\/v\/t1.0-9\/19732298_10155504613994907_6827630632905408283_n.jpg?oh=1bc4c708355433f30420badaa172f79a&amp;oe=59D87454\" alt=\"\" \/><\/p>\n<blockquote>\n<div class=\"_h2w _50f8 _50f4\">Houria Bouteldja.<\/div>\n<\/blockquote>\n<\/div>\n<\/figure>\n<div class=\"_2cuy _3dgx _2vxa\"><strong><span class=\"_4yxo\">L\u2019intellectuel Jean Bricmont vous reproche votre \u00ab <\/span><span class=\"_4yxo _4yxp\">id\u00e9ologie postcoloniale<\/span><span class=\"_4yxo\"> \u00bb, d\u00e9finie par lui comme \u00ab <\/span><span class=\"_4yxo _4yxp\">un sous-ensemble du postmodernisme<\/span><span class=\"_4yxo\"> \u00bb (notamment th\u00e9oris\u00e9 par Foucault). Selon le physicien belge, proche du linguiste nord-am\u00e9ricain Noam Chomsky, vous n\u2019\u00eates pas une \u00ab<\/span><span class=\"_4yxo _4yxp\">mauvaise fran\u00e7aise<\/span><span class=\"_4yxo\"> \u00bb mais au contraire \u00ab <\/span><span class=\"_4yxo _4yxp\">tr\u00e8s fran\u00e7aise<\/span><span class=\"_4yxo\"> \u00bb. Qu\u2019en pensez-vous ? <\/span><\/strong><\/div>\n<div class=\"_2cuy _3dgx _2vxa\"><strong><span class=\"_4yxo\">H.B<\/span> :<\/strong> D\u2019abord, ni le PIR ni moi-m\u00eame ne sommes dans la pens\u00e9e postcoloniale : nous sommes dans la pens\u00e9e d\u00e9coloniale. Cette pens\u00e9e pr\u00e9cise prend sa source dans l\u2019inach\u00e8vement des ind\u00e9pendances des pays du Tiers-monde. Ces pays n\u2019ont pas \u00e9t\u00e9 enti\u00e8rement d\u00e9colonis\u00e9s du fait que l\u2019imp\u00e9rialisme et le colonialisme se sont m\u00e9tamorphos\u00e9s de mani\u00e8re tr\u00e8s sophistiqu\u00e9e. Except\u00e9 la Palestine et certains endroits, l\u2019ancienne forme de colonialisme n\u2019est plus pr\u00e9pond\u00e9rante. Aujourd\u2019hui, la forme d\u2019oppression coloniale la plus r\u00e9pandue, c\u2019est l\u2019imp\u00e9rialisme sous le masque de la globalisation. Le PIR reprend donc cette analyse qui postule que la d\u00e9colonisation n\u2019est pas achev\u00e9e. Et pour d\u00e9coloniser, il ne s\u2019agit pas simplement de lib\u00e9rer des territoires g\u00e9ographiques, il faut lib\u00e9rer les territoires politiques, l\u2019Etat, le pouvoir, les grandes instances, la pens\u00e9e politique ! Cette lib\u00e9ration est donc multidimensionnelle et s\u2019attache \u00e0 la critique du pouvoir : ce que les penseurs sud-am\u00e9ricains nomment \u2018la colonialit\u00e9 du pouvoir\u2019.<\/div>\n<div class=\"_2cuy _3dgx _2vxa\">J\u2019ajoute que le PIR s\u2019inscrit aussi dans cette filiation d\u00e9coloniale avec \u2018le sud du Nord\u2019. Pour nous, au Nord, en France comme ailleurs en Europe, il existe des \u2018sud\u2019 qui doivent participer au combat d\u00e9colonial en \u00e9tant les fers de lance de l\u2019anti-imp\u00e9rialisme \u00e0 l\u2019int\u00e9rieur des Etats occidentaux, des d\u00e9mocraties lib\u00e9rales.<\/div>\n<div class=\"_2cuy _3dgx _2vxa\">Ensuite, je n\u2019ai pas attendu Jean Bricmont pour savoir que je suis tr\u00e8s fran\u00e7aise. J\u2019ai \u00e9crit dans mon livre que je suis \u00ab blanchie \u00bb ! Oui, je suis fran\u00e7aise. N\u00e9e et \u00e9duqu\u00e9e dans une soci\u00e9t\u00e9 donn\u00e9e, je suis de la culture de cette soci\u00e9t\u00e9. Je n\u2019ai rien \u00e0 redire l\u00e0-dessus et ne combats pas cela. En revanche, je combats mon int\u00e9gration. Parce que celle-ci est une int\u00e9gration \u00e0 l\u2019int\u00e9rieur d\u2019un Etat-nation lui-m\u00eame imp\u00e9rialiste. J\u2019ai ma part de responsabilit\u00e9 et, \u00e0 ce titre, je suis effectivement une blanche. Mais \u00e0 l\u2019int\u00e9rieur de l\u2019Etat-nation, dans mon rapport aux blancs, je suis une indig\u00e8ne parce que les races sociales structurent les relations sociales.<\/div>\n<div><\/div>\n<div class=\"_2cuy _3dgx _2vxa\"><strong><span class=\"_4yxo\">A gauche comme \u00e0 droite du spectre politique, le PIR est conspu\u00e9 ou diabolis\u00e9. Cela signifie-t-il que votre parti a atteint la 3\u00e8me \u00e9tape de la c\u00e9l\u00e8bre phrase : \u00ab<\/span><span class=\"_4yxo _4yxp\">D\u2019abord, ils vous ignorent ; apr\u00e8s, ils se moquent ; ensuite, ils vous combattent et enfin, vous gagnez<\/span><span class=\"_4yxo\"> \u00bb ? <\/span><\/strong><\/div>\n<div class=\"_2cuy _3dgx _2vxa\"><strong><span class=\"_4yxo\">H.B<\/span> :<\/strong> Ce qui est s\u00fbr, c\u2019est qu\u2019il y a une crise d\u2019identit\u00e9 chez ceux qui nous attaquent. Ils sont les v\u00e9ritables identitaires, en proie \u00e0 une crise du sens, qu\u2019ils ignorent, et qu\u2019ils voudraient nous mettre sur le dos. Alors que, de notre c\u00f4t\u00e9, nous ne nous exprimons qu\u2019en termes de concepts politiques. Mais quel que soit le concept qu\u2019on utilise, ils l\u2019interpr\u00e8tent erron\u00e9ment. Par exemple, lorsque nous parlons de \u00ab race sociale \u00bb, pour nous c\u2019est une production de l\u2019histoire et non du racialisme ; lorsque nous \u00e9voquons \u00ab les indig\u00e8nes \u00bb, ils nous accusent de \u00ab <span class=\"_4yxp\">communautarisme<\/span> \u00bb sauf que je ne sais pas de quelle <span class=\"_4yxp\">\u00ab communaut\u00e9<\/span> \u00bb ils parlent puisque, par d\u00e9finition, l\u2019indig\u00e8ne est un statut. En quoi un antillais et un descendant d\u2019Alg\u00e9riens seraient-ils de la m\u00eame communaut\u00e9 ? En revanche, tous deux vivent la m\u00eame condition, le m\u00eame statut. Bref, je ne vois pas en quoi le PIR serait dans un \u00ab <span class=\"_4yxp\">d\u00e9lire identitaire<\/span> \u00bb, comme le mart\u00e8lent nos adversaires ?<\/div>\n<figure class=\"_2cuy _4nuy _2vxa _3tvj\">\n<div class=\"_h2x _h2y _4lh3\">\n<blockquote><p><img decoding=\"async\" id=\"u_86_5\" class=\"_h2z _297z _4lh5 img\" src=\"https:\/\/scontent.fbru1-1.fna.fbcdn.net\/v\/t31.0-8\/19679319_10155504647299907_517162134495445570_o.jpg?oh=3a698056a96b3f71653e4ae70ec36284&amp;oe=5A0FE2F4\" alt=\"\" \/><\/p>\n<div class=\"_h2w _50f8 _50f4\">Houria Bouteldja et son \u00e9diteur Eric Hazan (La Fabrique) lors de la conf\u00e9rence de presse de pr\u00e9sentation de leur livre \u00ab\u00a0Les Blancs, les Juifs et nous\u00a0\u00bb.<\/div>\n<\/blockquote>\n<\/div>\n<\/figure>\n<div class=\"_2cuy _3dgx _2vxa\">Maintenant, oui, on est en train de gagner du terrain, tant sur le plan id\u00e9ologique que politique. Une partie de la gauche radicale d\u00e9bat \u00e0 partir de nos postulats, ce qui la divise et la r\u00e9forme. C\u2019est tr\u00e8s bien. Par exemple, il y a des courants au sein de la France Insoumise (FI) qui repr\u00e9sentent un peu les id\u00e9es d\u00e9coloniales. Donc, m\u00eame en marge, ce courant d\u00e9colonial existe jusqu\u2019\u00e0 l\u2019Assembl\u00e9e Nationale. C\u2019est aussi cela que certains trouvent insupportable\u2026<\/div>\n<div class=\"_2cuy _3dgx _2vxa\">Il faut aussi analyser la situation \u00e0 partir de la victoire d\u2019<span class=\"_4yxo\">Emmanuel Macron<\/span>. Cette victoire a \u00e9cras\u00e9 tous les courants ultra-islamophobes. Un an avant la pr\u00e9sidentielle, on s\u2019attendait \u00e0 une campagne \u00e9lectorale islamophobe tr\u00e8s virulente, se basant sur l\u2019exploitation des attentats et du terrorisme. C\u2019est le contraire qui s\u2019est produit. <span class=\"_4yxo\">Fran\u00e7ois Fillon<\/span> (LR) qui a d\u00e9marr\u00e9 tr\u00e8s islamophobe, a \u00e9t\u00e9 rattrap\u00e9 par ses casseroles et a rat\u00e9 son coup. L\u2019islamophobe <span class=\"_4yxo\">Manuel Valls<\/span> (ex-PS) a perdu les primaires contre <span class=\"_4yxo\">Beno\u00eet Hamon<\/span> (ex-PS) qui d\u00e9fendait une ligne beaucoup plus soft. L\u2019extr\u00eame-droite de <span class=\"_4yxo\">Marine Le Pen<\/span> (FN) a \u00e9t\u00e9 balay\u00e9e par Macron (LREM) au second tour. Bref, l\u2019alibi radicalement islamophobe a perdu ! Et nos d\u00e9tracteurs actuels sont largement ceux qui repr\u00e9sentent cette ligne ultra-islamophobe et perdante \u00e0 la pr\u00e9sidentielle. <span class=\"_4yxp\">Le Figaro<\/span>, c\u2019est le soutien \u00e0 Fillon et le sociologue Bouvet, c\u2019est la ligne de Valls et <span class=\"_4yxo\">Caroline Fourest<\/span>. La propagation manifeste de nos id\u00e9es sont craintes par ces gens-l\u00e0 dont les convictions islamophobes accusent, pour le moment, un net recul politique.<\/div>\n<div><\/div>\n<div class=\"_2cuy _3dgx _2vxa\"><strong><span class=\"_4yxo\">Quelle est l\u2019erreur de votre part ou la critique fond\u00e9e que vous seriez pr\u00eate \u00e0 reconna\u00eetre ?<\/span><\/strong><\/div>\n<div class=\"_2cuy _3dgx _2vxa\"><strong><span class=\"_4yxo\">H.B<\/span> :<\/strong> Je dois vous dire que je n\u2019en reconnais aucune (rire)\u2026 Bon, on nous reproche souvent de faire preuve de provocation. Peut-\u00eatre, mais il ne s\u2019agit pas de provocations gratuites. S\u2019il y a provocation, c\u2019est dans le but de cr\u00e9er une majorit\u00e9 d\u00e9coloniale. Il s\u2019agit de mettre un coup de pied aux fesses \u00e0 une partie de la gauche radicale dont nous disons, nous-m\u00eames, qu\u2019elle est la fois notre alli\u00e9 privil\u00e9gi\u00e9 et notre adversaire premier. Le PIR n\u2019a donc pas choisi la droite ni l\u2019extr\u00eame-droite. Nous sommes dans une perspective constructive sauf que la gauche blanche reste blanche. Et si celle-ci veut gagner du terrain, il va bien falloir qu\u2019elle s\u2019allie aux quartiers populaires. Or, les habitants de ces quartiers, on ne les convainc pas avec du marxisme-l\u00e9ninisme ou du r\u00e9publicanisme \u00e0 la <span class=\"_4yxo\">M\u00e9lenchon<\/span> ! Les quartiers populaires, les citoyens issus de l\u2019immigration, ont leur propre agenda et des probl\u00e9matiques largement li\u00e9es au racisme d\u2019Etat et \u00e0 l\u2019imp\u00e9rialisme. A un moment donn\u00e9, il va bien falloir que cet agenda devienne celui de nos partenaires.<\/div>\n<figure class=\"_2cuy _4nuy _2vxa _3tvj\">\n<div class=\"_h2x _4lh4\"><img decoding=\"async\" id=\"u_86_6\" class=\"_h2z _297z _4lh5 img\" src=\"https:\/\/scontent.fbru1-1.fna.fbcdn.net\/v\/t1.0-9\/19875571_10155504662494907_5427981511844534137_n.jpg?oh=529083da92a5e860bdf9e9fa83741817&amp;oe=5A02116C\" alt=\"\" \/><\/div>\n<\/figure>\n<div class=\"_2cuy _3dgx _2vxa\"><strong><span class=\"_4yxo\">Jean-Luc M\u00e9lenchon et la France Insoumise (FI) ont du mal \u00e0 accepter vos priorit\u00e9s ?<\/span><\/strong><\/div>\n<div class=\"_2cuy _3dgx _2vxa\"><strong><span class=\"_4yxo\">H.B<\/span> :<\/strong> Oui, particuli\u00e8rement celle du racisme d\u2019Etat\u2026 En r\u00e9alit\u00e9, ils sont dans un tel confort id\u00e9ologique que lorsque quelqu\u2019un d\u00e9veloppe une autre v\u00e9rit\u00e9, il est tout de suite catalogu\u00e9 en \u00abprovocateur\u00bb. Nous ne sommes pas dans la provocation : nous nous attaquons \u00e0 tous les angles morts de la pens\u00e9e progressiste. On ne laisse rien de c\u00f4t\u00e9 ! Le rapport aux juifs, aux femmes, aux homosexuels, aux quartiers populaires, \u00e0 la race, etc. On traite toutes ces questions d\u2019un point de vue d\u00e9colonial. Et on ne se laisse pas imposer des grilles d\u2019analyse qui ne s\u2019adaptent pas \u00e0 notre condition sp\u00e9cifique.<\/div>\n<div><\/div>\n<div class=\"_2cuy _3dgx _2vxa\"><strong><span class=\"_4yxo\">D\u2019aucuns, dont Jean Bricmont, jugent que votre d\u00e9marche politique fait davantage monter le racisme plut\u00f4t que le r\u00e9duire\u2026<\/span><\/strong><\/div>\n<div class=\"_2cuy _3dgx _2vxa\"><strong><span class=\"_4yxo\">H.B<\/span> :<\/strong> D\u2019abord, pour moi, Bricmont n\u2019est pas du tout une r\u00e9f\u00e9rence. Ensuite, une telle conclusion signifie qu\u2019ils ne nous laissent aucune possibilit\u00e9. Soit nous devons suivre la gauche, \u00eatre la cinqui\u00e8me roue du carrosse &#8211; alors que la gauche a toujours trahi les citoyens issus de l\u2019immigration voire participe de leur oppression avec son islamophobie &#8211; et r\u00e9pondre \u00e0 leurs sollicitations pour battre la droite sans qu\u2019aucune de nos questions ne soit politiquement prise en charge ; soit on ne fait rien et on se fait \u00e9craser de toute mani\u00e8re. Non. Nous, nous faisons le pari de nous organiser, d\u2019aller chercher nos alli\u00e9s et de cr\u00e9er de nouvelles alliances ! En fait, ce que ces gens comme Bricmont nous disent, c\u2019est de rester des sujets apolitiques, de rester passifs et attendre que les choses se passent. Or, la situation empire et ce n\u2019est pas parce que les Indig\u00e8nes existent ou revendiquent qu\u2019il y a soudain une flamb\u00e9e de discriminations. Celles-ci existent avec ou sans le PIR. Notre parti ne se contente pas d\u2019y r\u00e9agir mais propose une nouvelle soci\u00e9t\u00e9. <span class=\"_4yxo\">Frantz Fanon<\/span> disait vouloir cr\u00e9er \u00ab <span class=\"_4yxp\">un homme nouveau<\/span> \u00bb. C\u2019est ce que le PIR reprend et ambitionne : nous voulons cr\u00e9er un nouvel humain et \u00e7a se fera avec nous.<\/div>\n<div><\/div>\n<div class=\"_2cuy _3dgx _2vxa\"><strong><span class=\"_4yxo\">D\u2019autres se demandent comment vous supportez la r\u00e9currence de ces accusations m\u00e9diatiques, qui ne datent pas de ces derniers jours mais se r\u00e9p\u00e8tent depuis plus de 10 ans ? <\/span><\/strong><\/div>\n<div class=\"_2cuy _3dgx _2vxa\"><strong><span class=\"_4yxo\">H.B<\/span> :<\/strong> Si on nous accuse de tous les maux, on nous aime \u00e9galement par ailleurs\u2026 On oublie souvent que le PIR est tr\u00e8s appr\u00e9ci\u00e9 en France. Par exemple, lors de la campagne des L\u00e9gislatives ou lorsque je faisais la promo de mon livre, partout o\u00f9 je suis all\u00e9e : les gens nous adorent ou au moins nous respectent ! Au sein des indig\u00e8nes comme parmi les blancs, on nous aime beaucoup. En fait, il y a les \u00e9lites qui ont acc\u00e8s aux m\u00e9dias et puis les gens qui ne sont pas m\u00e9diatis\u00e9s&#8230; Dans le milieu militant, on travaille avec plein de gens formidables avec lesquels on a tiss\u00e9 des liens de confiance et d\u2019estime r\u00e9ciproques. J\u2019ajoute que le PIR est aussi extr\u00eamement appr\u00e9ci\u00e9 \u00e0 l\u2019\u00e9tranger. Ce qui nous a conduit \u00e0 travailler aux USA, avec <span class=\"_4yxo\">Angela Davis<\/span>, avec le r\u00e9seau d\u00e9colonial, au Maghreb ou aux Antilles. Lorsqu\u2019il se passe des \u00e9v\u00e8nements en France, des gens nous appellent d\u2019Australie pour recueillir notre avis ! C\u2019est quand m\u00eame autre chose\u2026 Cela ne signifie pas que le PIR fait l\u2019unanimit\u00e9 chez les indig\u00e8nes, car nous remuons des choses et cr\u00e9ons du d\u00e9bat en interne. Il n\u2019y a pas de processus d\u2019adulation mais des franges du champ politique et intellectuel nous suivent et nous respectent. Ce n\u2019est pas si mal et \u00e7a permet de relativiser les articles ineptes de la presse fran\u00e7aise.<\/div>\n<figure class=\"_2cuy _4nuy _2vxa\">\n<div class=\"_h2x _h2y\">\n<blockquote><p><img decoding=\"async\" id=\"u_86_7\" class=\"_h2z _297z _usd img\" src=\"https:\/\/scontent.fbru1-1.fna.fbcdn.net\/v\/t1.0-9\/19702345_10155504675059907_1541210189646106604_n.jpg?oh=dfa519f2dd08e15135163b75416585fc&amp;oe=5A077BE0\" alt=\"\" \/><\/p>\n<div class=\"_h2w _50f8 _50f4\">Franco Lollia, porte-parole de la Brigade Anti-N\u00e9grophobie (BAN) aux c\u00f4t\u00e9s d&rsquo;Houria Bouteldja, porte-parole du PIR.<\/div>\n<\/blockquote>\n<\/div>\n<\/figure>\n<div class=\"_2cuy _3dgx _2vxa\"><strong><span class=\"_4yxo\">Quelle est aujourd\u2019hui l\u2019attitude des intellectuels fran\u00e7ais qui ont pris votre d\u00e9fense dans <\/span><span class=\"_4yxo _4yxp\">Le Monde<\/span> (7)<span class=\"_4yxo\"> ? L\u2019\u00e9ditorialiste Jack Dion les a qualifi\u00e9s de \u00ab <\/span><span class=\"_4yxo _4yxp\">soldats perdus<\/span><span class=\"_4yxo\"> \u00bb <\/span>(8)<span class=\"_4yxo\"> tandis que Le sociologue Laurent Bouvet a jug\u00e9 qu\u2019ils avaient commis \u00ab <\/span><span class=\"_4yxo _4yxp\">un crime contre la pens\u00e9e<\/span><span class=\"_4yxo\"> \u00bb\u2026<\/span><\/strong><\/div>\n<div class=\"_2cuy _3dgx _2vxa\"><strong><span class=\"_4yxo\">H.B<\/span> :<\/strong> Je n\u2019ai pas eu de retours directs de leur part. Cette initiative de soutien leur est propre et je ne connais pas la plupart d\u2019entre eux. J\u2019imagine simplement qu\u2019ils prennent la mesure de ce que signifie me soutenir\u2026 Pour ce faire, il faut un certain courage, une constance, de la personnalit\u00e9 et surtout savoir bien distinguer son v\u00e9ritable ennemi (rire).<\/div>\n<div><\/div>\n<div class=\"_2cuy _3dgx _2vxa\"><strong><span class=\"_4yxo\">Que dites-vous aux citoyens racis\u00e9s qui comprennent l\u2019enjeu politico-m\u00e9diatique autour de votre personne, ont envie de se solidariser mais ont peur de conna\u00eetre une diabolisation semblable \u00e0 la v\u00f4tre ? <\/span><\/strong><\/div>\n<div class=\"_2cuy _3dgx _2vxa\"><strong>H.B :<\/strong> J\u2019ai envie de leur dire que, dans les ann\u00e9es 30, il y avait aussi des personnes, qui subissaient les m\u00eames pressions, avaient peur pour leur famille et leur situation. Beaucoup \u00e9taient terroris\u00e9s et, m\u00eame s\u2019ils voulaient d\u00e9fendre les juifs, ils ne l\u2019ont pas fait pour beaucoup\u2026 Chacun doit prendre ses responsabilit\u00e9s. Celles et ceux qui se taisent se rendent co-responsables de ce qui adviendra. Pour autant, je pense que les blancs ont un peu plus de responsabilit\u00e9s que les indig\u00e8nes et doivent m\u00eame aider les indig\u00e8nes \u00e0 nous soutenir. Parce que, d\u2019une part, les indig\u00e8nes se trouvent dans une situation plus pr\u00e9caire que la majorit\u00e9 des blancs et, d\u2019autre part, il reste difficile pour des indig\u00e8nes \u00ab install\u00e9s \u00bb d\u2019\u00e9crire et de signer une tribune semblable \u00e0 celle parue dans <span class=\"_4yxp\">Le Monde<\/span> [dont les signataires sont tous blancs, ndlr]. C\u2019est encore le privil\u00e8ge blanc que de pouvoir se permettre une telle expression et prise de risque. D\u2019ailleurs, pour l\u2019instant, rares sont les personnalit\u00e9s indig\u00e8nes ayant une visibilit\u00e9 m\u00e9diatique \u00e0 m\u2019avoir soutenue. Du c\u00f4t\u00e9 des militants de l\u2019antiracisme politique, il y a eu <span class=\"_4yxo\">Sihame Assbague<\/span> ou <span class=\"_4yxo\">Omar Slaouti<\/span>. Du c\u00f4t\u00e9 intellectuel, il y a eu <span class=\"_4yxo\">Rapha\u00ebl Confiant<\/span> et <span class=\"_4yxo\">Maboula Soumahoro<\/span> ou <span class=\"_4yxo\">Mireille Fanon Mend\u00e8s-France<\/span>. Rien de surprenant, ce sont ceux qui d\u00e9j\u00e0 s\u2019affichent et prennent des risques. Mais il n\u2019y a pas eu une v\u00e9ritable lev\u00e9e de boucliers d\u2019indig\u00e8nes.<\/div>\n<div><\/div>\n<div class=\"_2cuy _3dgx _2vxa\"><strong><span class=\"_4yxo\">Comment l\u2019expliquez-vous ? Par une certaine peur ou le d\u00e9sir de se prot\u00e9ger ?<\/span><\/strong><\/div>\n<div class=\"_2cuy _3dgx _2vxa\"><strong><span class=\"_4yxo\">H.B<\/span> :<\/strong> Pas seulement. Il n\u2019y a pas que la peur\u2026 Il n\u2019est pas interdit de penser que, pour certains indig\u00e8nes install\u00e9s, nous sommes des entraves, plus un probl\u00e8me qu\u2019autre chose. Parce que notre d\u00e9marche politique les oblige, quelque part, \u00e0 plus d\u2019engagement, \u00e0 se radicaliser davantage et donc \u00e0 prendre des risques. C\u2019est int\u00e9ressant, car cela laisse entrevoir nos futures contradictions, en termes de classe notamment.<\/div>\n<div><\/div>\n<div class=\"_2cuy _3dgx _2vxa\"><strong><span class=\"_4yxo\">Selon une des signataires de la tribune du <\/span><span class=\"_4yxo _4yxp\">Monde<\/span><span class=\"_4yxo\">, vous avez \u00ab <\/span><span class=\"_4yxo _4yxp\">une pens\u00e9e qui travaille les cat\u00e9gories existantes pour mieux s\u2019en \u00e9chapper<\/span><span class=\"_4yxo\"> \u00bb. D\u00e8s lors, vous seriez <\/span><span class=\"_4yxo _4yxp\">\u00ab en avance sur<\/span><span class=\"_4yxo\"> [votre] <\/span><span class=\"_4yxo _4yxp\">temps<\/span><span class=\"_4yxo\"> \u00bb. Vous \u00eates d\u2019accord ? <\/span><\/strong><\/div>\n<div class=\"_2cuy _3dgx _2vxa\"><strong><span class=\"_4yxo\">H.B<\/span> :<\/strong> D\u2019une certaine mani\u00e8re, oui. Tout ce qui travaille la soci\u00e9t\u00e9, tout ce que nous disons aujourd\u2019hui, demain, seront des \u00e9vidences. Ce qui ne signifie pas qu\u2019on va \u00ab gagner \u00bb. Gagner voudrait dire que nous serions parvenus \u00e0 faire advenir un monde d\u00e9colonis\u00e9. Or, je suis trop pessimiste pour penser que cela arrivera de notre vivant. Par contre, sortir de notre marginalit\u00e9, parvenir \u00e0 cr\u00e9er des alliances, pousser notre mouvement et conqu\u00e9rir des espaces politiques, c\u2019est en cours. Assur\u00e9ment. En 2005, on \u00e9tait d\u00e9j\u00e0 en avance. Lorsqu\u2019\u00e0 l\u2019\u00e9poque, nous avons lanc\u00e9 notre \u00ab <span class=\"_4yxp\">Appel des Indig\u00e8nes de la R\u00e9publique<\/span> \u00bb (9), une majorit\u00e9 le trouvait trop provocateur ou caricatural. Aujourd\u2019hui, malgr\u00e9 la virulence de ceux qui nous attaquent, beaucoup le signeraient ou n\u2019y trouvent rien \u00e0 y redire. Comme Olivier Tonneau qui a repris et valoris\u00e9 un extrait de notre Appel dans son dernier article sur <span class=\"_4yxp\">Mediapart<\/span>. Il a \u00e9t\u00e9 tr\u00e8s cons\u00e9quent&#8230; Enfin et surtout, je ne me consid\u00e8re pas comme une innocente. Je pars du postulat qu\u2019en vivant dans les soci\u00e9t\u00e9s occidentales, on profite du pillage. A ce titre, on est responsable. On ne peut pas pleurer sur l\u2019Afrique et penser que la solution c\u2019est d\u2019aller donner du riz aux Africains. Il ne s\u2019agit pas \u00ab d\u2019aider\u00bb mais de remettre en cause le fonctionnement profond de nos soci\u00e9t\u00e9s. Et \u00e7a, c\u2019est le minimum.<\/div>\n<div><\/div>\n<div class=\"_2cuy _3dgx _2vxa\">(1) <a href=\"http:\/\/www.lemonde.fr\/idees\/article\/2017\/06\/09\/la-gauche-dechiree-par-le-racisme-antiraciste_5141086_3232.html\" target=\"_blank\" rel=\"nofollow noopener\">http:\/\/www.lemonde.fr\/idees\/article\/2017\/06\/09\/la-gauche-dechiree-par-le-racisme-antiraciste_5141086_3232.html<\/a><\/div>\n<div class=\"_2cuy _3dgx _2vxa\">(2) <a href=\"http:\/\/www.liberation.fr\/france\/2017\/06\/22\/de-quel-droit-somme-t-on-daniele-obono-de-crier-vive-la-france_1578755\" target=\"_blank\" rel=\"nofollow noopener\">http:\/\/www.liberation.fr\/france\/2017\/06\/22\/de-quel-droit-somme-t-on-daniele-obono-de-crier-vive-la-france_1578755<\/a><\/div>\n<div class=\"_2cuy _3dgx _2vxa\">(3) <a href=\"https:\/\/blogs.mediapart.fr\/olivier-tonneau\/blog\/250617\/tartuffe-et-banania-daniele-obono-face-la-republique-irreprochable\" target=\"_blank\" rel=\"nofollow noopener\">https:\/\/blogs.mediapart.fr\/olivier-tonneau\/blog\/250617\/tartuffe-et-banania-daniele-obono-face-la-republique-irreprochable<\/a><\/div>\n<div class=\"_2cuy _3dgx _2vxa\">(4) \u00ab <span class=\"_4yxp\">Les Blancs, les Juifs et nous<\/span> \u00bb, Houria Bouteldja, Editions La Fabrique, Paris, 2016. <a href=\"http:\/\/www.lafabrique.fr\/catalogue.php?idArt=952\" target=\"_blank\" rel=\"nofollow noopener\">http:\/\/www.lafabrique.fr\/catalogue.php?idArt=952<\/a><\/div>\n<div class=\"_2cuy _3dgx _2vxa\">(5) <a href=\"http:\/\/www.liberation.fr\/debats\/2016\/05\/30\/qui-a-peur-de-houria-bouteldja_1456167\" target=\"_blank\" rel=\"nofollow noopener\">http:\/\/www.liberation.fr\/debats\/2016\/05\/30\/qui-a-peur-de-houria-bouteldja_1456167<\/a><\/div>\n<div class=\"_2cuy _3dgx _2vxa\">(6) <a href=\"http:\/\/www.lefigaro.fr\/vox\/societe\/2017\/06\/23\/31003-20170623ARTFIG00122-bouvet-que-des-universitaires-defendent-houria-bouteldja-est-un-crime-contre-l-esprit.php\" target=\"_blank\" rel=\"nofollow noopener\">http:\/\/www.lefigaro.fr\/vox\/societe\/2017\/06\/23\/31003-20170623ARTFIG00122-bouvet-que-des-universitaires-defendent-houria-bouteldja-est-un-crime-contre-l-esprit.php<\/a><\/div>\n<div class=\"_2cuy _3dgx _2vxa\">(7) <a href=\"http:\/\/www.lemonde.fr\/idees\/article\/2017\/06\/19\/vers-l-emancipation-contre-la-calomnie-en-soutien-a-houria-bouteldja-et-a-l-antiracisme-politique_5147623_3232.html\" target=\"_blank\" rel=\"nofollow noopener\">http:\/\/www.lemonde.fr\/idees\/article\/2017\/06\/19\/vers-l-emancipation-contre-la-calomnie-en-soutien-a-houria-bouteldja-et-a-l-antiracisme-politique_5147623_3232.html<\/a><\/div>\n<div class=\"_2cuy _3dgx _2vxa\">(8) <a href=\"https:\/\/www.marianne.net\/debattons\/editos\/touche-pas-ma-raciste-ces-intellectuels-qui-soutiennent-houria-bouteldja\" target=\"_blank\" rel=\"nofollow noopener\">https:\/\/www.marianne.net\/debattons\/editos\/touche-pas-ma-raciste-ces-intellectuels-qui-soutiennent-houria-bouteldja<\/a><\/div>\n<div class=\"_2cuy _3dgx _2vxa\">(9) <a href=\"http:\/\/indigenes-republique.fr\/le-p-i-r\/appel-des-indigenes-de-la-republique\/\" target=\"_blank\" rel=\"nofollow noopener\">http:\/\/indigenes-republique.fr\/le-p-i-r\/appel-des-indigenes-de-la-republique\/<\/a><\/div>\n<\/div>\n<\/div>\n","protected":false},"excerpt":{"rendered":"<p>Houria Bouteldja : \u201cJe combats mon int\u00e9gration\u201d Olivier Mukuna\u00b7mercredi 5 juillet 2017 Cibl\u00e9e par une virulente campagne m\u00e9diatique (Le Monde, Le Figaro, Lib\u00e9ration, Marianne, Valeurs Actuelles, etc.) l\u2019accusant de \u00ab racisme \u00bb, \u00abd\u2019homophobie \u00bb et \u00abd\u2019antif\u00e9minisme\u00bb, Houria Bouteldja n\u2019a pu r\u00e9pondre \u00e0 ses d\u00e9tracteurs. Et pour cause : aucun m\u00e9dia ne l\u2019a sollicit\u00e9e. Ecueil journalistique &#8230; <a title=\"Interview d&rsquo;Houria Bouteldja par Olivier Mukuna\" class=\"read-more\" href=\"https:\/\/bruxelles-pantheres.be\/?p=3335\" aria-label=\"En savoir plus sur Interview d&rsquo;Houria Bouteldja par Olivier Mukuna\">Lire la suite<\/a><\/p>\n","protected":false},"author":1,"featured_media":3330,"comment_status":"open","ping_status":"open","sticky":false,"template":"","format":"standard","meta":{"footnotes":""},"categories":[36,4,7,18,28],"tags":[147,62,130],"class_list":["post-3335","post","type-post","status-publish","format-standard","has-post-thumbnail","hentry","category-europe","category-islamophobie","category-negrophobie","category-resistance-bruxelles","category-racismes","tag-houria-bouteldja","tag-olivier-mukuna","tag-parti-des-indigenes-de-la-republique"],"_links":{"self":[{"href":"https:\/\/bruxelles-pantheres.be\/index.php?rest_route=\/wp\/v2\/posts\/3335","targetHints":{"allow":["GET"]}}],"collection":[{"href":"https:\/\/bruxelles-pantheres.be\/index.php?rest_route=\/wp\/v2\/posts"}],"about":[{"href":"https:\/\/bruxelles-pantheres.be\/index.php?rest_route=\/wp\/v2\/types\/post"}],"author":[{"embeddable":true,"href":"https:\/\/bruxelles-pantheres.be\/index.php?rest_route=\/wp\/v2\/users\/1"}],"replies":[{"embeddable":true,"href":"https:\/\/bruxelles-pantheres.be\/index.php?rest_route=%2Fwp%2Fv2%2Fcomments&post=3335"}],"version-history":[{"count":3,"href":"https:\/\/bruxelles-pantheres.be\/index.php?rest_route=\/wp\/v2\/posts\/3335\/revisions"}],"predecessor-version":[{"id":3338,"href":"https:\/\/bruxelles-pantheres.be\/index.php?rest_route=\/wp\/v2\/posts\/3335\/revisions\/3338"}],"wp:featuredmedia":[{"embeddable":true,"href":"https:\/\/bruxelles-pantheres.be\/index.php?rest_route=\/wp\/v2\/media\/3330"}],"wp:attachment":[{"href":"https:\/\/bruxelles-pantheres.be\/index.php?rest_route=%2Fwp%2Fv2%2Fmedia&parent=3335"}],"wp:term":[{"taxonomy":"category","embeddable":true,"href":"https:\/\/bruxelles-pantheres.be\/index.php?rest_route=%2Fwp%2Fv2%2Fcategories&post=3335"},{"taxonomy":"post_tag","embeddable":true,"href":"https:\/\/bruxelles-pantheres.be\/index.php?rest_route=%2Fwp%2Fv2%2Ftags&post=3335"}],"curies":[{"name":"wp","href":"https:\/\/api.w.org\/{rel}","templated":true}]}}