{"id":3342,"date":"2017-07-29T15:11:49","date_gmt":"2017-07-29T14:11:49","guid":{"rendered":"https:\/\/bruxelles-pantheres.be\/?p=3342"},"modified":"2017-07-29T15:11:49","modified_gmt":"2017-07-29T14:11:49","slug":"de-grenade-a-guantanamo-la-torture-du-sujet-musulman","status":"publish","type":"post","link":"https:\/\/bruxelles-pantheres.be\/?p=3342","title":{"rendered":"De Grenade \u00e0 Guantanamo : La torture du sujet musulman"},"content":{"rendered":"<p><a href=\"https:\/\/bruxelles-pantheres.be\/wp-content\/uploads\/2017\/07\/151299413.jpg\"><img decoding=\"async\" class=\"size-full wp-image-3347 aligncenter\" src=\"https:\/\/bruxelles-pantheres.be\/wp-content\/uploads\/2017\/07\/151299413.jpg\" alt=\"\" width=\"320\" height=\"336\" srcset=\"https:\/\/bruxelles-pantheres.be\/wp-content\/uploads\/2017\/07\/151299413.jpg 320w, https:\/\/bruxelles-pantheres.be\/wp-content\/uploads\/2017\/07\/151299413-286x300.jpg 286w\" sizes=\"(max-width: 320px) 100vw, 320px\" \/><\/a><\/p>\n<p>De Grenade \u00e0 Guantanamo\u00a0: La torture du sujet musulman<\/p>\n<p>Dr. Hatem Bazian<\/p>\n<p>Traduction : <span class=\"st\"><em>Caro Moop<\/em><\/span> pour Bruxelles Panth\u00e8res<\/p>\n<p>Le 12 juillet 2017<\/p>\n<p>Alors que j\u2019enseignais pour un cours d\u2019\u00e9t\u00e9 sur la Pens\u00e9e Musulmane D\u00e9coloniale \u00e0 Grenade, l\u2019Espagne m\u2019a amen\u00e9e de nouveau au contact de l\u2019histoire et des cons\u00e9quences de l\u2019Inquisition, et de l\u2019expulsion des Musulmans et des Juifs de 1492 et apr\u00e8s. Particuli\u00e8rement, une visite au mus\u00e9e de l\u2019Inquisition de Grenade, et au mus\u00e9e de la torture de Cordoue m\u2019a inspir\u00e9 une s\u00e9rie de questionnements sur la continuit\u00e9 de la d\u00e9shumanisation et du traitement inflig\u00e9 au sujet Musulman. Peut-on op\u00e9rer une distinction entre les chambres de tortures de l\u2019Inquisition, les \u00ab\u00a0proc\u00e9dures judiciaires\u00a0\u00bb, le contr\u00f4le de l\u2019espace des Musulmans, la r\u00e9glementation des corps et des croyances, d\u2019hier \u00e0 aujourd\u2019hui \u00e0 Abu Ghra\u00efb, Bagram, et Guantanamo, lorsque cela rel\u00e8ve du traitement r\u00e9serv\u00e9 aux Musulmans\u00a0?<\/p>\n<p><a href=\"https:\/\/bruxelles-pantheres.be\/wp-content\/uploads\/2017\/07\/5tormentodetoca.jpg\"><img decoding=\"async\" class=\"size-full wp-image-3344 alignleft\" src=\"https:\/\/bruxelles-pantheres.be\/wp-content\/uploads\/2017\/07\/5tormentodetoca.jpg\" alt=\"\" width=\"373\" height=\"283\" srcset=\"https:\/\/bruxelles-pantheres.be\/wp-content\/uploads\/2017\/07\/5tormentodetoca.jpg 373w, https:\/\/bruxelles-pantheres.be\/wp-content\/uploads\/2017\/07\/5tormentodetoca-300x228.jpg 300w\" sizes=\"(max-width: 373px) 100vw, 373px\" \/><\/a>Au deuxi\u00e8me \u00e9tage du mus\u00e9e de l\u2019inquisition, j\u2019ai \u00e9t\u00e9 confront\u00e9 \u00e0 \u00ab\u00a0La Toca La Tortura Del Agua\u00a0\u00bb (Torture du Tissu &#8211; ou de l\u2019Eau) d\u00e9crite en ces termes\u00a0: \u00ab\u00a0la victime \u00e9tait attach\u00e9e par ses mains et ses pieds \u00e0 une grille\u2026L\u2019accus\u00e9 \u00e9tait ensuite forc\u00e9 d\u2019ouvrir sa bouche et un tissu \u00e9tait enfonc\u00e9 dans sa gorge. Des litres d\u2019eau \u00e9taient ensuite vers\u00e9s et le prisonnier \u00e9tait oblig\u00e9 d\u2019avaler. Le tissu tremp\u00e9 causait une sensation terrible d\u2019\u00e9touffement qui obligeait ainsi le prisonnier \u00e0 continuer \u00e0 boire. La s\u00e9v\u00e9rit\u00e9 de la torture se mesurait \u00e0 la quantit\u00e9 d\u2019eau vers\u00e9e.\u00a0 Souvent le tissu \u00e9tait mis de fa\u00e7on abrupte, faisant ainsi saigner la gorge\u2026\u00a0\u00bb. La \u00ab\u00a0torture du Tissu &#8211; ou de l\u2019Eau\u00a0\u00bb ne semble t-elle pas similaire ou famili\u00e8re au grand r\u00e9gime de torture institu\u00e9 sous le nom de \u00ab\u00a0guerre du terrorisme\u00a0\u00bb\u00a0!<\/p>\n<p>Il \u00e9tait int\u00e9ressant de voir au mus\u00e9e de l\u2019Inquisition la nature organis\u00e9e de la d\u00e9marche, sa l\u00e9gitimit\u00e9, l\u2019Etat, la structure publique et institutionnelle derri\u00e8re le syst\u00e8me de torture. Toute la d\u00e9marche \u00e9tait affich\u00e9e publiquement et r\u00e9gul\u00e9e par l\u2019Etat par l\u2019interm\u00e9diaire d\u2019un cadre l\u00e9gal, officiel et syst\u00e9mique faisant de la torture une norme en Andalousie, et ciblant les Musulmans et les Juifs, pr\u00e9cis\u00e9ment pour le fait d\u2019\u00eatre Musulman ou Juif.<\/p>\n<p><a href=\"https:\/\/bruxelles-pantheres.be\/wp-content\/uploads\/2017\/07\/86079_1.jpg\"><img decoding=\"async\" class=\"size-full wp-image-3349 alignright\" src=\"https:\/\/bruxelles-pantheres.be\/wp-content\/uploads\/2017\/07\/86079_1.jpg\" alt=\"\" width=\"450\" height=\"290\" srcset=\"https:\/\/bruxelles-pantheres.be\/wp-content\/uploads\/2017\/07\/86079_1.jpg 450w, https:\/\/bruxelles-pantheres.be\/wp-content\/uploads\/2017\/07\/86079_1-300x193.jpg 300w\" sizes=\"(max-width: 450px) 100vw, 450px\" \/><\/a>L\u2019expulsion et l\u2019Inquisition ont concern\u00e9 les Musulmans et les Juifs, de la m\u00eame mani\u00e8re, des femmes \u00e9taient r\u00e9guli\u00e8rement accus\u00e9es de sorcellerie, une accusation librement adress\u00e9e \u00e0 toute femme s\u2019\u00e9cartant de la norme sociale prescrite. Le chef de la ville de Grenade Aba Abdellah Alaaghier a c\u00e9d\u00e9 la ville de Grenade \u00e0 la reine Isabella I de Castille et Ferdinand II d\u2019Aragon en 1492 a la condition de pr\u00e9server la vie et la culture de la ville. Imm\u00e9diatement apr\u00e8s la cession, l\u2019ordre d\u2019expulsion des Juifs de Grenade a \u00e9t\u00e9 donn\u00e9, pendant que les Musulmans ont re\u00e7u des restrictions de d\u00e9placement, puis par la suite ont v\u00e9cu des conversions forc\u00e9es.<\/p>\n<p>L\u2019Inquisition, l\u2019expulsion et les tortures ont d\u00e9but\u00e9 apr\u00e8s la cession et la fin du r\u00e9gime Musulman en Espagne, c\u2019est-\u00e0-dire quand les menaces militaires d\u2019hostilit\u00e9s furent r\u00e9ellement termin\u00e9es. Le r\u00e9gime Musulman en Espagne a d\u00e9but\u00e9 en 711 et dur\u00e9 jusqu\u2019en 1492, ce qui signifie que la population qui a \u00e9t\u00e9 expuls\u00e9e et plac\u00e9e sous le r\u00e9gime de l\u2019Inquisition \u00e9tait bien bel et bien Espagnole. La pr\u00e9sence Arabe et Africaine dans la P\u00e9ninsule Ib\u00e9rienne n\u2019a jamais atteint la majorit\u00e9, les conversions \u00e0 l\u2019Islam au cours des si\u00e8cles parmi la population Espagnole a \u00e9t\u00e9 le facteur cl\u00e9 de l\u2019accroissement de la population Musulmane dans la r\u00e9gion. Les populations Juives quant \u00e0 elles \u00e9taient pr\u00e9sentes en Espagne avant l\u2019arriv\u00e9e des Musulmans, mais des Juifs venant d\u2019ailleurs en Europe sont venus en Andalousie pendant la p\u00e9riode Islamique en raison de l\u2019inclusion des populations et de la participation rendue possible \u00e0 tous les niveaux dans la soci\u00e9t\u00e9 civile Musulmane.<\/p>\n<p>L\u2019Inquisition a \u00e9t\u00e9 l\u2019instrument de l\u2019Etat et de l\u2019Eglise pour la re-Christianisation de la r\u00e9gion en utilisant un r\u00e9gime de violence structur\u00e9e et de \u00ab\u00a0nettoyage ethnique\u00a0\u00bb pour atteindre leur objectif. Les \u00e9crits, discussions et commentaires \u00e0 propos des Musulmans et Juifs en Espagne utilisent souvent un vocabulaire simpliste, r\u00e9duisant leur identit\u00e9 \u00e0 leur Arabit\u00e9, ou leur origine de l\u2019est, plut\u00f4t que de nommer ce dont il s\u2019agissait r\u00e9ellement\u00a0: une population complexe d\u2019un point de vue racial, diversifi\u00e9e ethniquement, culturellement et religieusement. L\u2019Inquisition \u00e9tait un projet de l\u2019Etat et de l\u2019Eglise, pour constituer \u00e0 partir d\u2019une population racialement h\u00e9t\u00e9rog\u00e8ne, une majorit\u00e9 Chr\u00e9tienne fabriqu\u00e9e par des conversions forc\u00e9es, par la mort et l\u2019expulsion pour ceux qui refusaient d\u2019adh\u00e9rer \u00e0 ces conditions.<\/p>\n<figure id=\"attachment_3350\" aria-describedby=\"caption-attachment-3350\" style=\"width: 490px\" class=\"wp-caption aligncenter\"><a href=\"https:\/\/bruxelles-pantheres.be\/wp-content\/uploads\/2017\/07\/Alhambra_Decree.jpg\"><img decoding=\"async\" class=\"wp-image-3350 size-full\" src=\"https:\/\/bruxelles-pantheres.be\/wp-content\/uploads\/2017\/07\/Alhambra_Decree.jpg\" alt=\"\" width=\"500\" height=\"698\" srcset=\"https:\/\/bruxelles-pantheres.be\/wp-content\/uploads\/2017\/07\/Alhambra_Decree.jpg 500w, https:\/\/bruxelles-pantheres.be\/wp-content\/uploads\/2017\/07\/Alhambra_Decree-215x300.jpg 215w\" sizes=\"(max-width: 500px) 100vw, 500px\" \/><\/a><figcaption id=\"caption-attachment-3350\" class=\"wp-caption-text\">Fac-simil\u00e9 du d\u00e9cret de l\u2019Alhambra \u00ab\u2026 Nous avons d\u00e9cid\u00e9 d&rsquo;ordonner \u00e0 tous les juifs, hommes et femmes, de quitter nos royaumes et de ne jamais y retourner\u2026 \u00e0 la date du 31 juillet 1492 et ne plus rentrer sous peine de mort et de confiscation de leurs biens\u2026 \u00bb<\/figcaption><\/figure>\n<p style=\"text-align: center;\">\n<p>Lors de cette p\u00e9riode d\u2019Inquisition et d\u2019expulsions, le roi Ferdinand a ordonn\u00e9\u00a0 en 1499 la fermeture des Mosqu\u00e9es, et a interdit la pratique publique de l\u2019Islam sur tous les territoires qu\u2019il gouvernait. Cela a conduit de nombreux Musulmans Andalous \u00e0 pratiquer dans le cadre priv\u00e9,\u00a0ce qui a \u00e9t\u00e9 par la suite r\u00e9gul\u00e9 par des arr\u00eat\u00e9s, s\u2019immis\u00e7ant ainsi dans les maisons et les espaces priv\u00e9s. Le d\u00e9cret de 1567 est un exemple de ces r\u00e9gulations, il a fait de la pratique rituelle du bain pr\u00e9c\u00e9dant les pri\u00e8res du vendredi <em>[Ghusul]<\/em> un acte\u00a0 punissable par l\u2019Inquisition. En cons\u00e9quence, \u00ab\u00a0les bains publics musulmans qui accueillaient en moyenne 20 \u00e0 25 clients \u00e0 la fois \u2013 ce que l\u2019on connait aujourd\u2019hui comme les \u00ab\u00a0bains Turques\u00a0\u00bb, spas et massages, avec jusqu\u2019\u00e0 20 \u00e0 25 pi\u00e8ces pour se relaxer, ont \u00e9t\u00e9 ferm\u00e9s et d\u00e9truits\u00a0\u00bb. La ville de Grenade poss\u00e9dait une infrastructure de bains publics tr\u00e8s \u00e9tendue et riche, pour les hommes et les femmes, et tout cela a \u00e9t\u00e9 d\u00e9truit par les expulsions et l\u2019Inquisition.<\/p>\n<p>Parall\u00e8lement, la couronne espagnole a produit un d\u00e9cret en 1529 interdisant l\u2019usage de la langue Arabe pour la lecture, l\u2019\u00e9criture et la parole. Ce d\u00e9cret \u00ab\u00a0impliquait que les Musulmans n\u2019\u00e9taient pas autoris\u00e9s \u00e0 lire le Coran, et que bien s\u00fbr, quiconque \u00e9tait vu avec un Coran encourait imm\u00e9diatement la mort pour lui et pour sa famille\u00a0\u00bb. L\u2019Inquisition ciblait les Musulmans et Juifs qui avaient \u00e9t\u00e9 convertis de force, s\u2019assurant qu\u2019ils ne pratiquaient pas leur religion dans le cadre priv\u00e9, et produisant ainsi un syst\u00e8me de surveillance pour gouverner les aspects publics et priv\u00e9s de leur quotidien. La surveillance montait les voisins les uns contre les autres, et rendait m\u00eame possible d\u2019obtenir des b\u00e9n\u00e9fices financiers ou de r\u00e9cup\u00e9rer des propri\u00e9t\u00e9s par l\u2019interm\u00e9diaire du tribunal de l\u2019Inquisition. Nous pouvons voir l\u2019intrusion dans la vie religieuse et les gains financiers de fa\u00e7on certaine lors de l\u2019Inquisition, et de fa\u00e7on relativement similaire dans l\u2019actuelle \u00ab\u00a0guerre contre le terrorisme\u00a0\u00bbqui utilise en toute transparence la cupidit\u00e9 des entreprises dans sa poursuite contre \u00ab\u00a0l\u2019ennemi Musulman\u00a0\u00bb \u00e0 travers le monde.<\/p>\n<p style=\"text-align: left;\"><a href=\"https:\/\/bruxelles-pantheres.be\/wp-content\/uploads\/2017\/07\/watertortureDM_468x404.jpg\"><img decoding=\"async\" class=\"size-full wp-image-3345 alignleft\" src=\"https:\/\/bruxelles-pantheres.be\/wp-content\/uploads\/2017\/07\/watertortureDM_468x404.jpg\" alt=\"\" width=\"468\" height=\"404\" srcset=\"https:\/\/bruxelles-pantheres.be\/wp-content\/uploads\/2017\/07\/watertortureDM_468x404.jpg 468w, https:\/\/bruxelles-pantheres.be\/wp-content\/uploads\/2017\/07\/watertortureDM_468x404-300x259.jpg 300w\" sizes=\"(max-width: 468px) 100vw, 468px\" \/><\/a>En effet, la \u00ab\u00a0guerre globale contre le terrorisme\u00a0\u00bb est pass\u00e9e en pilote automatique depuis le 9\/11, et a de nouveau cr\u00e9\u00e9 une cat\u00e9gorie d\u2019humains s\u00e9par\u00e9s, le \u00ab\u00a0Musulman Ennemi\u00a0\u00bb pendant que les techniques de tortures et la surveillance sont normalis\u00e9es et \u00e9tendues, au-del\u00e0 des limites pr\u00e9vues par les \u00ab\u00a0lois internationales\u00a0\u00bb. La <em>Toca La Tortura Del Agua<\/em> (Torture du Tissu &#8211; ou de l\u2019Eau) \u00e9tait pr\u00e9curseur du \u00ab\u00a0WaterBoarding\u00a0\u00bb [Simulacre de noyade] et d\u2019autres techniques r\u00e9pandues de torture appliqu\u00e9es uniquement au sujet Musulman. En quoi les Musulmans sont-ils diff\u00e9rents qu\u2019ils n\u00e9cessiteraient que le \u00ab\u00a0monde civilis\u00e9\u00a0\u00bb utilise des techniques de tortures \u00ab\u00a0nouvelles\u00a0\u00bb &#8211; ou r\u00e9introduise les techniques de l\u2019Inquisition- pour leur extraire le marqueur g\u00e9n\u00e9tique de la violence de l\u2019Islam\u00a0?<\/p>\n<p>Plus important encore, pourquoi est ce que ce syst\u00e8me g\u00e9n\u00e9ralis\u00e9 de tortures a-t-il besoin de s\u2019int\u00e9resser au sujet Musulman, mais que cela n\u2019a pas \u00e9t\u00e9 le cas pour l\u2019Allemagne nazie\u00a0? Si nous pr\u00e9tendons \u00eatre arriv\u00e9s \u00e0 une p\u00e9riode de l\u2019histoire civilis\u00e9e, pourquoi a-t-on encore besoin de Guantanamo, et quelle est la fonction d\u2019un lieu en dehors de tout cadre l\u00e9gal, que ce soit de la constitution Am\u00e9ricaine ou de la 4<sup>\u00e8me<\/sup> convention de Gen\u00e8ve\u00a0? Le fait de \u00ab\u00a0WaterBordoader\u00a0\u00bb un prisonnier 80 \u00e0 84 fois pour lui extraire des informations ressemble \u00e0 une pratique datant de l\u2019Inquisition, et l\u2019argument avanc\u00e9 que l\u2019ennemi lui non plus ne respecte pas la loi est une logique relevant d\u2019une mascarade absurde. Les soci\u00e9t\u00e9s s\u2019\u00e9valuent par leurs id\u00e9aux, et non par l\u2019ennemi qu\u2019ils combattent. Donc, quels sont les id\u00e9aux qui \u00e9taient\/sont en jeu \u00e0 Guantanamo, Bagram et Abu Ghra\u00efb, et dans quelle mesure le traitement inflig\u00e9 aux prisonniers s\u2019inscrit-il dans l\u2019imaginaire d\u2019une histoire enracin\u00e9e dans les d\u00e9crets de l\u2019Inquisition\u00a0?<\/p>\n<p>Un enjeu plus critique reste \u00e0 m\u00e9diter\u00a0: \u00e0 l\u2019\u00e9poque de l\u2019Inquisition, le monde Musulman a ouvert ses portes aux Musulmans et aux Juifs expuls\u00e9s. Pendant l\u2019Inquisition, les \u00e9lites Musulmanes et les populations lointaines et proches de l\u2019Espagne ne dirigeaient aucune attaque contre les communaut\u00e9s Chr\u00e9tiennes vivant sur le vaste territoire du monde Musulman. La vision islamique et son ancrage historique reposent sur l\u2019inclusion et la tol\u00e9rance, raison pour laquelle nous pouvons encore aujourd\u2019hui parler de communaut\u00e9s Chr\u00e9tiennes et Juives dans le monde Arabe et Musulman. Sans vouloir \u00eatre accus\u00e9 de minimiser des tensions, difficult\u00e9s et moments de crises dans l\u2019histoire incluant la situation en Palestine et les actuels criminels de DAESH, mais le record g\u00e9n\u00e9ral r\u00e9siste \u00e0 une analyse compar\u00e9e \u00e0 toute p\u00e9riode historique de l\u2019histoire de l\u2019occident. Le 20<sup>\u00e8me<\/sup> si\u00e8cle et son record de violence de la part de l\u2019occident et son record de d\u00e9shumanisation pose la question de savoir si quelque chose a \u00e9t\u00e9 retenu de l\u2019histoire de l\u2019Inquisition et des expulsions\u00a0!<\/p>\n<p><a href=\"https:\/\/bruxelles-pantheres.be\/wp-content\/uploads\/2017\/07\/From_Granada_to_Guantanamo_The_Torturing.pdf\">From_Granada_to_Guantanamo_The_Torturing<\/a><\/p>\n<p>Traduction : <span class=\"st\"><em>Caro Moop<\/em><\/span> pour Bruxelles Panth\u00e8res<\/p>\n<p>&nbsp;<\/p>\n","protected":false},"excerpt":{"rendered":"<p>De Grenade \u00e0 Guantanamo\u00a0: La torture du sujet musulman Dr. Hatem Bazian Traduction : Caro Moop pour Bruxelles Panth\u00e8res Le 12 juillet 2017 Alors que j\u2019enseignais pour un cours d\u2019\u00e9t\u00e9 sur la Pens\u00e9e Musulmane D\u00e9coloniale \u00e0 Grenade, l\u2019Espagne m\u2019a amen\u00e9e de nouveau au contact de l\u2019histoire et des cons\u00e9quences de l\u2019Inquisition, et de l\u2019expulsion des &#8230; <a title=\"De Grenade \u00e0 Guantanamo : La torture du sujet musulman\" class=\"read-more\" href=\"https:\/\/bruxelles-pantheres.be\/?p=3342\" aria-label=\"En savoir plus sur De Grenade \u00e0 Guantanamo : La torture du sujet musulman\">Lire la suite<\/a><\/p>\n","protected":false},"author":1,"featured_media":1651,"comment_status":"open","ping_status":"open","sticky":false,"template":"","format":"standard","meta":{"footnotes":""},"categories":[36,4,18],"tags":[193,191,29],"class_list":["post-3342","post","type-post","status-publish","format-standard","has-post-thumbnail","hentry","category-europe","category-islamophobie","category-resistance-bruxelles","tag-inquisition","tag-musulmans","tag-torture"],"_links":{"self":[{"href":"https:\/\/bruxelles-pantheres.be\/index.php?rest_route=\/wp\/v2\/posts\/3342","targetHints":{"allow":["GET"]}}],"collection":[{"href":"https:\/\/bruxelles-pantheres.be\/index.php?rest_route=\/wp\/v2\/posts"}],"about":[{"href":"https:\/\/bruxelles-pantheres.be\/index.php?rest_route=\/wp\/v2\/types\/post"}],"author":[{"embeddable":true,"href":"https:\/\/bruxelles-pantheres.be\/index.php?rest_route=\/wp\/v2\/users\/1"}],"replies":[{"embeddable":true,"href":"https:\/\/bruxelles-pantheres.be\/index.php?rest_route=%2Fwp%2Fv2%2Fcomments&post=3342"}],"version-history":[{"count":1,"href":"https:\/\/bruxelles-pantheres.be\/index.php?rest_route=\/wp\/v2\/posts\/3342\/revisions"}],"predecessor-version":[{"id":3351,"href":"https:\/\/bruxelles-pantheres.be\/index.php?rest_route=\/wp\/v2\/posts\/3342\/revisions\/3351"}],"wp:featuredmedia":[{"embeddable":true,"href":"https:\/\/bruxelles-pantheres.be\/index.php?rest_route=\/wp\/v2\/media\/1651"}],"wp:attachment":[{"href":"https:\/\/bruxelles-pantheres.be\/index.php?rest_route=%2Fwp%2Fv2%2Fmedia&parent=3342"}],"wp:term":[{"taxonomy":"category","embeddable":true,"href":"https:\/\/bruxelles-pantheres.be\/index.php?rest_route=%2Fwp%2Fv2%2Fcategories&post=3342"},{"taxonomy":"post_tag","embeddable":true,"href":"https:\/\/bruxelles-pantheres.be\/index.php?rest_route=%2Fwp%2Fv2%2Ftags&post=3342"}],"curies":[{"name":"wp","href":"https:\/\/api.w.org\/{rel}","templated":true}]}}