{"id":335,"date":"2013-05-21T02:52:01","date_gmt":"2013-05-21T01:52:01","guid":{"rendered":"https:\/\/bruxelles-pantheres.be\/?p=335"},"modified":"2013-11-10T02:54:03","modified_gmt":"2013-11-10T01:54:03","slug":"rendez-les-cles-du-mali-au-peuple-malien","status":"publish","type":"post","link":"https:\/\/bruxelles-pantheres.be\/?p=335","title":{"rendered":"Rendez les cl\u00e9s du Mali au peuple malien !"},"content":{"rendered":"<header><\/header>\n<div>\n<div><img decoding=\"async\" alt=\"\" src=\"https:\/\/lh3.ggpht.com\/-DRxvVM_iOoU\/UZoimEf9lbI\/AAAAAAAACP8\/w2LIcKhKMgM\/s1600\/a.traore.jpg\" \/><\/div>\n<address itemprop=\"name\"><strong>Le texte int\u00e9gral de la derni\u00e8re r\u00e9volte de Aminata Traor\u00e9 ( 1)\u00a0 : rendez-nous notre pays !<\/strong><\/address>\n<div>\n<p align=\"right\"><i>\u00ab\u00a0Toute soci\u00e9t\u00e9 imp\u00e9rialiste voit dans l\u2019Autre la n\u00e9gation de l\u2019id\u00e9al qu\u2019elle s\u2019efforce, elle-m\u00eame, d\u2019atteindre. Elle cherche \u00e0 le domestiquer en l\u2019attirant dans le champ d\u2019application de son id\u00e9al et en l\u2019y situant au degr\u00e9 le plus bas\u00a0\u00bb<\/i>\u00a0Wolfgang Sachs<\/p>\n<p><b>QUE SOMMES-NOUS DEVENUS AU MALI\u00a0?<!--more--><\/b><\/p>\n<p><i>\u00ab\u00a0A qui allons-nous rendre les cl\u00e9s\u00a0?<\/i>\u00a0\u00bb est la question pos\u00e9e par Pierre Lellouche, d\u00e9put\u00e9 UMP et Pr\u00e9sident du groupe Sahel de la Commission des Affaires Etrang\u00e8res de l\u2019Assembl\u00e9e Nationale fran\u00e7aise \u00e0 propos du Mali. C\u2019\u00e9tait le 22 avril 2013, lors du d\u00e9bat parlementaire qui a pr\u00e9c\u00e9d\u00e9 le vote de la prolongation de l\u2019op\u00e9ration Serval. Comme pour lui r\u00e9pondre, Herv\u00e9 Morin, ancien ministre (UMP) de la D\u00e9fense dit \u00ab\u00a0<i>Mais il n\u2019y a personne \u00e0 qui passer la main<\/i>\u00a0\u00bb. Comme une lettre \u00e0 la poste, la prolongation demand\u00e9e a \u00e9t\u00e9 adopt\u00e9e \u00e0 l\u2019unanimit\u00e9. S\u2019agissant de l\u2019organisation de l\u2019\u00e9lection pr\u00e9sidentielle en juillet 2013. La France officielle est non seulement unanime mais\u00a0 intransigeante<\/p>\n<p>Je serai \u00ab\u00a0intraitable\u00a0\u00bb a pr\u00e9venu le Pr\u00e9sident Fran\u00e7ois Hollande. Ce mot est dans toutes les t\u00eates ici et nous a bless\u00e9s. Le ministre de la D\u00e9fense Jean Yves Le Drian estime \u00e0 ce sujet qu\u2019\u00a0\u00ab\u00a0il faut dire les choses fortement\u00a0\u00bb (RFI). Les Maliens qui ont accueilli le Pr\u00e9sident Fran\u00e7ois Hollande en lib\u00e9rateur s\u2019imaginaient que l\u2019Op\u00e9ration Serval d\u00e9barrasserait rapidement leur pays de Al Qaeda au Maghreb Islamique (AQMI) et ses affili\u00e9s d\u2019Ansar Dine et du MUJAO et que la vie reviendrait comme avant. L\u2019intervention militaire a incontestablement r\u00e9duit la capacit\u00e9 de nuisance des djihadistes en en tuant quelques centaines et en d\u00e9truisant d\u2019\u00e9normes stocks d\u2019armes et de carburant. Mais les villes de Gao et Tombouctou sont lib\u00e9r\u00e9es sans l\u2019\u00eatre totalement puisque des groupes que le discours officiel qualifie de \u00ab\u00a0r\u00e9siduels\u00a0\u00bb op\u00e8rent dans ces localit\u00e9s et y commettent des attentats. Fait plus pr\u00e9occupant, Kidal est entre les mains du Mouvement National de Lib\u00e9ration de l\u2019Azawad (MNLA) qui interdit \u00e0 l\u2019arm\u00e9e malienne d\u2019y acc\u00e9der.<\/p>\n<p>De peur de s\u2019enliser, la France revoit ses effectifs \u00e0 la baisse sans pour autant se retirer. Sa coop\u00e9ration avec la Communaut\u00e9 Economique des Etats de l\u2019Afrique de l\u2019Ouest (CEDEAO) dans la mobilisation des troupes africaines de la Mission Internationale de Soutien au Mali (MISMA) \u00e9tant loin d\u2019\u00eatre satisfaisante. La Mission multidimensionnelle int\u00e9gr\u00e9e des Nations unies au Mali (MINUSMA) entrera en action en juillet.<\/p>\n<p>La France ne s\u2019enlisera pas. Mais dans quelle aventure a-t-elle embarqu\u00e9 notre pays alors qu\u2019il ne s\u2019y \u00e9tait pas pr\u00e9par\u00e9\u00a0? Et quel Mali laisserons-nous aux g\u00e9n\u00e9rations futures\u00a0? Celui o\u00f9 le d\u00e9part du dernier soldat fran\u00e7ais a \u00e9t\u00e9 l\u2019un des temps forts de sa d\u00e9colonisation et qui aujourd\u2019hui perd ce qui lui restait de souverainet\u00e9\u00a0?<\/p>\n<p>Confiant dans son r\u00f4le de lib\u00e9rateur, le Pr\u00e9sident Hollande nous a promis lors de son passage \u00e0 Bamako une nouvelle ind\u00e9pendance, \u00ab\u00a0<i>non pas contre le colonialisme, mais contre le terrorisme<\/i>\u00a0\u00bb. Comme s\u2019il appartenait \u00e0 la France de nous sauver d\u2019un p\u00e9ril auquel elle n\u2019est pas \u00e9trang\u00e8re si l\u2019on remonte \u00e0 son intervention en Libye.<\/p>\n<p>L\u2019Homme malien est-il suffisamment entr\u00e9 dans l\u2019histoire\u00a0? Est-il sujet de son propre devenir de mani\u00e8re \u00e0 jouir de son droit de dire \u00ab\u00a0non\u00a0\u00bb aux choix et aux d\u00e9cisions qui engagent son destin\u00a0?<\/p>\n<p>La militarisation comme r\u00e9ponse \u00e0 l\u2019\u00e9chec du mod\u00e8le n\u00e9olib\u00e9ral\u00a0dans mon pays est le choix que je conteste. Interdite de s\u00e9jour dans les pays de l\u2019espace Schengen, je regarde avec admiration et respect, la mobilisation et la d\u00e9termination des peuples d\u2019Europe \u00e0 lutter contre le m\u00eame syst\u00e8me qui en toute qui\u00e9tude nous broie, ici en Afrique.<\/p>\n<p><b>L\u2019EFFONDREMENT DU CAPITALISME MALIEN \u00ab\u00a0GAGNANT\u00a0\u00bb<\/b><\/p>\n<p>Le Mali ne souffre pas d\u2019une crise humanitaire et s\u00e9curitaire au nord du fait de la r\u00e9bellion et de l\u2019islam radical et d\u2019une crise politique et institutionnelle au sud en raison du coup d\u2019Etat du 22 mars 2012. Cette approche r\u00e9ductrice est la premi\u00e8re et v\u00e9ritable entrave \u00e0 la paix et la reconstruction nationale. Nous avons assist\u00e9 surtout \u00e0 l\u2019effondrement d\u2019un capitalisme malien pr\u00e9tendument gagnant au co\u00fbt social et humain fort \u00e9lev\u00e9.<\/p>\n<p>Ajustement structurel, ch\u00f4mage end\u00e9mique, pauvret\u00e9 et extr\u00eame pauvret\u00e9, sont notre lot depuis les ann\u00e9es 80. La France et les autres pays europ\u00e9ens ont juste une trentaine d\u2019ann\u00e9es de retard sur le Mali, et ses fr\u00e8res d\u2019infortune d\u2019Afrique, soumis depuis plus de trois d\u00e9cennies \u00e0 la m\u00e9decine de cheval du Fond Mon\u00e9taire International (FMI) et de la Banque mondiale.<\/p>\n<p>Selon le CNUCED (rapport 2001), l\u2019Afrique est le continent o\u00f9 la mise en \u0153uvre des PAS a \u00e9t\u00e9 la plus massive, la plus pouss\u00e9e et la plus destructrice le long des d\u00e9cennies 80 et 90 au cours desquelles les institutions internationales de financement ne se sont pr\u00e9occup\u00e9es que de la correction des d\u00e9s\u00e9quilibres macro-\u00e9conomiques et des distorsions du march\u00e9 en exigeant des Etats des documents de strat\u00e9gie de r\u00e9duction de la pauvret\u00e9 (DSRP).<\/p>\n<p>Le credo de Margaret Thatcher \u00ab\u00a0<i>There Is No Alternative<\/i>\u00a0\u00bb (TINA) marche \u00e0 merveille sous nos cieux. Il revient \u00e0 dire au plan \u00e9conomique \u00ab\u00a0lib\u00e9ralisez vos \u00e9conomies \u00e0 tout prix\u00a0\u00bb, au plan politique \u00ab\u00a0D\u00e9mocratisez selon nos normes et nos crit\u00e8res\u00a0\u00bb et dans le cas du Mali \u00ab\u00a0votez en juillet\u00a0\u00bb. A cet agenda, suffisamment p\u00e9rilleux, s\u2019ajoute, \u00e0 pr\u00e9sent, le volet militaire \u00ab\u00a0s\u00e9curisez vos pays selon nos m\u00e9thodes et conform\u00e9ment \u00e0 nos int\u00e9r\u00eats\u00a0\u00bb.<\/p>\n<p>Sacrifi\u00e9 sur l\u2019autel du commerce dit libre et concurrentiel, mais parfaitement d\u00e9loyal comme l\u2019illustrent les fili\u00e8res cotonni\u00e8re et aurif\u00e8re, et sur celui de la d\u00e9mocratie formelle, le Mali est en train de l\u2019\u00eatre, \u00e9galement, dans le cadre de la lutte contre le terrorisme.<\/p>\n<p>La r\u00e9bellion du Mouvement Nationale de lib\u00e9ration de l\u2019Azawad (MNLA), le coup d\u2019Etat, et le recrutement des jeunes ch\u00f4meurs et affam\u00e9s au nord comme au sud du pays par AQMI, Ansar Dine et MUJAO s\u2019inscrivent dans un environnement national explosif. Il a \u00e9t\u00e9 marqu\u00e9 en fin 2011 et d\u00e9but 2012 par des marches de protestations contre la vie ch\u00e8re, le ch\u00f4mage, la pr\u00e9carit\u00e9, le r\u00e9f\u00e9rendum constitutionnel, la question fonci\u00e8re, la corruption et l\u2019impunit\u00e9.<\/p>\n<p>Mis \u00e0 part la petite minorit\u00e9 des nouveaux riches, c\u2019est le peuple malien qui est le grand perdant de l\u2019ouverture de l\u2019\u00e9conomie nationale aux forceps. Il est diverti par le discours mensonger et soporifique sur l\u2019exemplarit\u00e9 de notre d\u00e9mocratie et de nos performances \u00e9conomiques qui \u00e9taient semble-t-il les meilleures\u00a0 de l\u2019UEMOA. Les voix discordantes sont ostracis\u00e9es.<\/p>\n<p><b>DENI DE DEMOCRATIE<\/b><\/p>\n<p>D\u00e9mocratique\u00a0 \u00e0 l\u2019int\u00e9rieur de ses fronti\u00e8res, lorsqu\u2019on consid\u00e8re la teneur\u00a0 et la vivacit\u00e9 du d\u00e9bat dans l\u2019h\u00e9micycle et dans la rue sur le mariage pour tous, par exemple, elle se montre intraitable dans ses relations avec le Mali. Ne pas voir le moindre mal dans son retour en force.\u00a0 Ne rien savoir de ses desseins ou faire semblant de ne pas savoir. Chanter et danser \u00e0 sa gloire si l\u2019on veut \u00eatre dans ses bonnes gr\u00e2ces, exister politiquement et circuler librement en Europe. S\u2019y refuser, reviendrait \u00e0 ne pas \u00eatre avec elle, donc contre elle. On se croirait au lendemain des attentats du World Trade Center aux Etats-Unis d\u2019Am\u00e9rique en 2001, au moment o\u00f9 le Pr\u00e9sident am\u00e9ricain Georges W Bush d\u00e9clarait\u00a0: \u00ab\u00a0Ou bien on est avec nous, ou bien on est avec les terroristes\u00a0\u00bb.\u00a0Dans mon cas ce sont les id\u00e9es de gauche sur les ravages de la mondialisation n\u00e9olib\u00e9rale en Afrique qui sont devenues subversives. Elles m\u2019avaient pourtant valu d\u2019\u00eatre l\u2019invit\u00e9e du Parti Socialiste \u00e0 son universit\u00e9 de la Rochelle en 2010.<\/p>\n<p>Pour brouiller le sens de mon discours et de mon combat j\u2019ai \u00e9t\u00e9 qualifi\u00e9e d\u2019abord de pro-putschiste et d\u2019anti-CEDEAO, avant l\u2019\u00e9tape actuelle\u00a0 de mon assignation \u00e0 r\u00e9sidence. Je suis redevable \u00e0 Karamoko Bamba du mouvement N\u2019KO de cette pens\u00e9e africaine selon laquelle \u00ab\u00a0<i>celui qui a le fusil ne s\u2019en sert pas pour prendre le pouvoir. Et celui qui d\u00e9tient le pouvoir l\u2019exerce dans l\u2019int\u00e9r\u00eat du peuple et sous son contr\u00f4le\u00a0\u00bb.<\/i><\/p>\n<p>Pourquoi devais-je faire porter l\u2019enti\u00e8re responsabilit\u00e9 de l\u2019effondrement de l\u2019Etat aux laiss\u00e9s-pour-compte d\u2019une arm\u00e9e gangren\u00e9e, comme les autres institutions de la R\u00e9publique, par la corruption, le n\u00e9potisme et l\u2019impunit\u00e9 ?<\/p>\n<p>Il ne peut \u00eatre reproch\u00e9 aux militaires de ne pas savoir d\u00e9fendre un pays dont les \u00e9lites politiques et \u00e9conomiques, non seulement acceptent de l\u2019ouvrir au march\u00e9 dans les pires conditions mais en profitent pour s\u2019enrichir. Le naufrage est d\u2019abord le leur pour avoir revendiqu\u00e9 un mod\u00e8le \u00e9conomique qui rime avec le d\u00e9sengagement et le d\u00e9litement de l\u2019Etat, la ruine des paysans, la clochardisation des troupes et le ch\u00f4mage end\u00e9mique. S\u2019ils n\u2019avaient pas les moyens d\u2019appr\u00e9hender les ravages du syst\u00e8me dans les ann\u00e9es 80, nos dirigeants politiques ne peuvent plus l\u2019ignorer au regard de l\u2019impasse dans laquelle ce syst\u00e8me\u00a0 a conduit la Gr\u00e8ce, l\u2019Espagne, le Portugal, Chypre et\u2026 la France, leur mode de r\u00e9f\u00e9rence.<\/p>\n<p><b>DE L\u2019OSTRACISATION A LA CRIMINALISATION<\/b><\/p>\n<p>C\u2019est le 12 avril au moment de me rendre \u00e0 Berlin \u00e0 l\u2019invitation de la gauche allemande (Die Linke) et \u00e0 Paris \u00e0 celle du Nouveau Parti Anticapitaliste (NPA) que j\u2019ai appris que j\u2019\u00e9tais devenue <i>persona non grata<\/i> en Europe \u00e0 la demande de la France. Il en est de m\u00eame pour Oumar Mariko, le Secr\u00e9taire g\u00e9n\u00e9ral du parti SADI (<i>Solidarit\u00e9 Africaine pour la D\u00e9mocratie et l\u2019Ind\u00e9pendance<\/i>). L\u2019ambassade d\u2019Allemagne m\u2019a donn\u00e9 un visa qui m\u2019a permis de me rendre \u00e0 Berlin en passant par Istanbul (Turquie) au lieu d\u2019Amsterdam (Pays-Bas) comme initialement pr\u00e9vu. Quant \u00e0 l\u2019\u00e9tape de Paris, elle a tout simplement \u00e9t\u00e9 annul\u00e9e.<\/p>\n<p>J\u2019ai pris connaissance de mon statut de <i>persona non grata<\/i> par le message suivant qui m\u2019a \u00e9t\u00e9 adress\u00e9 par la Fondation Rosa Luxembourg<\/p>\n<p>\u00ab\u00a0L\u2019ambassade d\u2019Allemagne \u00e0 Bamako nous a inform\u00e9 ce matin que la condition indispensable pour votre visa pour l\u2019Allemagne est que vous ne voyagez pas via un pays de Schengen. C\u2019est pourquoi nous avons achet\u00e9 un nouveau ticket (des vols via Istanbul\/Turquie) que vous trouvez ci-joint. Je suis d\u00e9sol\u00e9 que de ce fait vous n\u2019avez pas la chance de rester trois jours \u00e0 Paris. Mais l\u2019ambassade d\u2019Allemagne nous a inform\u00e9 que la France a emp\u00each\u00e9 qu\u2019on vous donne un visa pour tous les pays Schengen.\u00a0\u00a0On va venir vous chercher \u00e0 l\u2019a\u00e9roport \u00e0 Berlin lundi.<i>\u00a0<\/i>\u00bb<\/p>\n<p>L\u2019Association \u00ab\u00a0Afrique Avenir\u00a0\u00bb en co-organisatrice de l\u2019une des conf\u00e9rences \u00e0 Berlin a protest\u00e9 et ses principaux partenaires ont r\u00e9agi \u00e0 leur tour. Je remercie tous ceux qui m\u2019ont t\u00e9moign\u00e9 leur solidarit\u00e9 et rappelle ici le sens de mon combat, pour ceux qui consid\u00e8rent que la France a le droit de porter atteinte \u00e0 ma libert\u00e9 de circulation en raison de mon d\u00e9saccord avec Paris lorsqu\u2019il ne\u00a0 pratique que la politique de ses int\u00e9r\u00eats.<\/p>\n<p>Qui peut me reprocher ce que les auteurs du rapport d\u2019information du S\u00e9nat fran\u00e7ais disent si clairement en ces termes \u00ab\u00a0<i>La France ne peut se d\u00e9sint\u00e9resser de l\u2019Afrique qui est, depuis des d\u00e9cennies, sa profondeur strat\u00e9gique, qui sera demain, plus peupl\u00e9e que l\u2019Inde et la Chine (en 2050, l\u2019Afrique aura 1,8 milliards d\u2019habitants contre 250 millions en 1950), qui rec\u00e8le la plupart des ressources naturelles, d\u00e9sormais rar\u00e9fi\u00e9es et qui conna\u00eet un d\u00e9collage \u00e9conomique, certes, in\u00e9gal, mais sans pr\u00e9c\u00e9dent, qui n\u2019est plus, seulement, port\u00e9 par l\u2019envol\u00e9e du cours des mati\u00e8res premi\u00e8res, mais aussi, par l\u2019\u00e9mergence d\u2019une v\u00e9ritable classe moyenne<\/i>\u00a0\u00bb.<\/p>\n<p>Si le constat sur les enjeux d\u00e9mographiques et \u00e9conomiques est fond\u00e9, le \u00ab\u00a0<i>d\u00e9collage \u00e9conomique<\/i>\u00a0\u00bb auquel ce rapport fait allusion est incertain, source de conflits parce qu\u2019in\u00e9galitaire, ne profitant d\u2019abord qu\u2019aux entreprises \u00e9trang\u00e8res et \u00e0 une partie de l\u2019\u00e9lite politique et \u00e9conomique.<\/p>\n<p>Les enjeux de l\u2019intervention militaire en cours sont\u00a0: \u00e9conomiques (l\u2019uranium, donc le nucl\u00e9aire et l\u2019ind\u00e9pendance \u00e9nerg\u00e9tique), s\u00e9curitaire (les menaces d\u2019attentats terroristes contre les int\u00e9r\u00eats des multinationales notamment AREVA, les prises d\u2019otages, le grand banditisme, notamment le narcotrafic et les ventes d\u2019armes), g\u00e9opolitique (notamment la concurrence chinoise) et migratoires.<\/p>\n<p>Quelle paix, quelle r\u00e9conciliation et quelle reconstruction peut-on esp\u00e9rer lorsque ces enjeux sont soigneusement cach\u00e9s au peuple\u00a0?<\/p>\n<p><b>L\u2019INSTRUMENTALISATION DES FEMMES<\/b><\/p>\n<p>L\u2019interdiction de l\u2019espace Schengen ne me vise pas en tant que femme mais elle d\u00e9montre que celles qui refusent d\u2019\u00eatre instrumentalis\u00e9es dans la d\u00e9fense des int\u00e9r\u00eats dominants peuvent \u00eatre combattues. J\u2019en fais la douloureuse exp\u00e9rience au niveau national depuis longtemps d\u00e9j\u00e0, mais ne m\u2019attendais \u00e0 \u00eatre\u00a0ostracis\u00e9e de la part du pays des droits de l\u2019homme, pr\u00e9cis\u00e9ment, au moment o\u00f9 mon pays est en guerre. Il viole ainsi la r\u00e9solution 1325, relative \u00e0 la participation des femmes \u00e0 la prise de d\u00e9cision \u00e0 tous les niveaux, \u00e0 la pr\u00e9vention ou \u00e0 la r\u00e9solution des conflits ainsi qu\u2019\u00e0 la reconstruction.<\/p>\n<p>Dois-je rappeler que le 8 mars 2013, Journ\u00e9e Internationale des Femmes, le Pr\u00e9sident Fran\u00e7ois Hollande r\u00e9pondait \u00e0 son pr\u00e9d\u00e9cesseur, Nicolas Sarkozy qui s\u2019interrogeait sur la pr\u00e9sence de l\u2019arm\u00e9e fran\u00e7aise au Mali, qu\u2019elle y est all\u00e9e \u00ab\u00a0<i>parce qu\u2019il y avait des femmes victimes de l\u2019oppression et de la barbarie\u00a0! Des femmes \u00e0 qui l\u2019on imposait de porter le voile\u00a0! Des femmes qui n\u2019osaient plus sortir de chez elles. Des femmes qui \u00e9taient battues<\/i>\u00a0!\u00a0\u00bb.<\/p>\n<p>A propos de voile, je suis l\u2019une des rescap\u00e9es maliennes et sah\u00e9liennes de l\u2019analphab\u00e9tisme qui tente de d\u00e9chirer celui, pernicieux, de l\u2019illettrisme \u00e9conomique qui maintient les Africains dans l\u2019ignorance la plus totale des politiques n\u00e9olib\u00e9rales et fait d\u2019eux du b\u00e9tail \u00e9lectoral. Le Pr\u00e9sident Hollande se montrerait-il si intraitable quant \u00e0 la date de l\u2019\u00e9lection pr\u00e9sidentielle au Mali s\u2019il avait devant lui un \u00e9lectorat malien qui place la souverainet\u00e9 \u00e9conomique, mon\u00e9taire, politique et militaire au c\u0153ur du d\u00e9bat politique\u00a0?<\/p>\n<p>A propos des femmes qui \u2018\u2019 n\u2019osaient plus sortir de chez elles\u2019\u2019, je sortais jusqu\u2019ici librement de mon pays et parcourais tout aussi librement l\u2019Europe et le monde. Quelle que soit l\u2019issue de la situation que je traverse en ce moment, elle ne peut qu\u2019\u00eatre dissuasive pour les autres Maliennes et Africaines qui ont envie de comprendre le monde global et de lutter pour ne pas le subir mais en \u00eatre des citoyennes averties et actives.<\/p>\n<p><b>AIDE AU DEVELOPPEMENT OU A LA MILITARISATION<\/b><\/p>\n<p>Au djihadisme arm\u00e9 il faut, semble-t-il, une solution arm\u00e9e. La voie est ainsi ouverte dans un pays comme le n\u00f4tre aux achats d\u2019armement au lieu d\u2019analyser et de soigner le radicalisme religieux qui prosp\u00e8re l\u00e0 o\u00f9 l\u2019Etat, ajust\u00e9 et privatis\u00e9, est n\u00e9cessairement carenc\u00e9 ou tout simplement\u00a0 absent.<\/p>\n<p>Faire l\u2019\u00e2ne pour avoir du foin, est le comportement qui pr\u00e9vaut dans ce contexte de pauvret\u00e9 g\u00e9n\u00e9ralis\u00e9e tant au niveau des Etats que de certaines organisations non \u00e9tatiques. Et la guerre -comble de l\u2019horreur- est aussi une occasion d\u2019injecter de l\u2019argent frais dans notre \u00e9conomie exsangue.<\/p>\n<p>D\u00e9\u00e7ue par les h\u00e9sitations et les lenteurs de l\u2019Europe dont la solidarit\u00e9 s\u2019est traduite jusqu\u2019ici par la formation de l\u2019arm\u00e9e malienne et de certains soutiens bilat\u00e9raux, la France invite au partage de l\u2019effort financier entre Europ\u00e9ens dans la d\u00e9fense de leurs int\u00e9r\u00eats strat\u00e9giques en Afrique de l\u2019Ouest. D\u2019autres bailleurs de fonds y seront associ\u00e9s.<\/p>\n<p>Le 15 mai 2013 \u00e0 Bruxelles, les bailleurs de fonds examineront le plan d\u2019actions prioritaires d\u2019urgence (pour 2013 et 2014). Les ressources qui seront mobilis\u00e9es (ou annonc\u00e9es) profiteront-elles au peuple malien, qui ne sait plus o\u00f9 donner de la t\u00eate ou\u00a0 irrigueront-elles les m\u00eames circuits \u00e9conomiques selon les m\u00eames pratiques qui ont aggrav\u00e9 la pauvret\u00e9 et les in\u00e9galit\u00e9s.<\/p>\n<p>Dans le cadre de la reprise de la Coop\u00e9ration, le ministre fran\u00e7ais d\u00e9l\u00e9gu\u00e9 aupr\u00e8s du ministre des Affaires \u00e9trang\u00e8res, charg\u00e9 du D\u00e9veloppement annonce 240 millions d\u2019euros destin\u00e9s \u00e0 financer l\u2019agriculture, les services de bases dont l\u2019eau et l\u2019\u00e9lectricit\u00e9 dans les r\u00e9gions du nord, le retour des populations.<\/p>\n<p>C\u2019est le lieu de rappeler que Tripoli la capitale Libyenne a abrit\u00e9, les 29 et 30 novembre 2010, le Troisi\u00e8me Sommet Afrique-UE o\u00f9 le Guide libyen, Mouammar Kadhafi, a accueilli, en grande pompe, les dirigeants de 80 pays africains et europ\u00e9ens.<\/p>\n<p>La cr\u00e9ation d\u2019emplois, les investissements et la croissance \u00e9conomique, la paix, la stabilit\u00e9, les migrations et le changement climatique \u00e9taient \u00e0 l\u2019ordre du jour de ce sommet. Les participants s\u2019\u00e9taient mis d\u2019accord sur un \u00ab\u00a0plan d\u2019action\u00a0\u00bb pour un Partenariat Afrique-UE de 2011 \u00e0 2013.<\/p>\n<p>L\u2019UE a, \u00e0 cette occasion, r\u00e9affirm\u00e9 son engagement \u00e0 consacrer 07% de son PNB \u00e0 l\u2019aide publique et au d\u00e9veloppement d\u2019ici 2015 et d\u2019affecter 50 milliards d\u2019euros aux objectifs g\u00e9n\u00e9raux du partenariat envisag\u00e9 entre 2011 et 2013. Nous sommes en 2013 et fort loin des objectifs de d\u00e9veloppement du Mill\u00e9naire et des voies et moyens de les atteindre en 2020. Car le ver dans le fruit.<\/p>\n<p>La paix, la r\u00e9conciliation et la reconstruction du Mali, n\u2019ont aucune chance d\u2019aboutir si elles doivent reposer sur des arrangements politiciens en vue d\u2019engranger l\u2019\u00a0\u00ab\u00a0aide ext\u00e9rieure\u00a0\u00bb.<\/p>\n<p>L\u2019Etat, ou ce qui en reste ainsi que les rebelles se battent et n\u00e9gocient dans le cadre du m\u00eame paradigme qui a aggrav\u00e9 le ch\u00f4mage, la pauvret\u00e9 et les tensions. Les diff\u00e9rends se r\u00e8glent en termes d\u2019investissement, dans les infrastructures, le lieu par excellence de l\u2019enrichissement rapide et de la corruption. La liste des travaux d\u2019infrastructures mal ex\u00e9cut\u00e9s ou non r\u00e9alis\u00e9s est longue. Elle explique en partie le m\u00e9contentement des populations du septentrion qui souffrent pendant que des maisons individuelles poussent au su et au vu de tout le monde gr\u00e2ce aux d\u00e9tournements de fonds et l\u2019argent du narcotrafic.<\/p>\n<p><b>OSONS UNE AUTRE ECONOMIE<\/b><\/p>\n<p>Rien ne sera plus comme avant. Ce qui \u00e9tait difficile risque de l\u2019\u00eatre davantage avec la militarisation qui absorbera des ressources dont nous avons cruellement besoin pour l\u2019agriculture, l\u2019eau, la sant\u00e9, le logement, l\u2019environnement et l\u2019emploi.<\/p>\n<p>Op\u00e9ration Serval, Mission Internationale de Soutien au Mali (MISMA), Mission Int\u00e9gr\u00e9e de Stabilisation Multidimensionnelle des Nations-Unies, la d\u00e9fense de notre pays et notre s\u00e9curit\u00e9, avant d\u2019\u00eatre militaire, est d\u2019abord un d\u00e9fi intellectuel, moral et politique.<\/p>\n<p>Je me suis reconnue dans les propos du candidat Fran\u00e7ois Hollande lorsqu\u2019il d\u00e9clara qu\u2019 \u00ab\u00a0<i>il est temps de choisir une autre voie. Il est temps de choisir une autre politique<\/i>\u00a0\u00bb. Ce temps est, assur\u00e9ment, venu et pour la France et pour ses anciennes colonies d\u2019Afrique. Il est celui des transitions \u00e9conomiques, sociales, politiques, \u00e9cologiques et civilisationnelles qui n\u2019ont rien \u00e0 voir avec la feuille de route de la \u00ab\u00a0<i>communaut\u00e9 internationale<\/i>\u00a0\u00bb. Elles renvoient \u00e0 un changement de paradigme<b>.<\/b><\/p>\n<p>Que les dirigeants africains qui ont int\u00e9rioris\u00e9 le discours mensonger sur l\u2019in\u00e9luctabilit\u00e9 de cette guerre afin d\u2019en finir le p\u00e9ril djihadiste ne s\u2019y trompent pas\u00a0: l\u2019effet de contagion qu\u2019ils redoutent, tient moins \u00e0 la mobilit\u00e9 des djihadistes qu\u2019\u00e0 la similitude des r\u00e9alit\u00e9s \u00e9conomiques, sociales et politiques induites par le mod\u00e8le n\u00e9olib\u00e9ral.<\/p>\n<p>Si les chefs djihadistes viennent d\u2019ailleurs, la majorit\u00e9 des combattants sont des jeunes maliens sans emplois, sans interlocuteurs, sans perspectives d\u2019avenir. Les narcotrafiquants puisent, eux-aussi, convoyeurs et revendeurs de drogue parmi la m\u00eame jeunesse d\u00e9sempar\u00e9e.<\/p>\n<p>La mis\u00e8re morale et mat\u00e9rielle des jeunes dipl\u00f4m\u00e9s, des paysans, des \u00e9leveurs et d\u2019autres groupes vuln\u00e9rables constitue le v\u00e9ritable ferment des r\u00e9voltes et des rebellions qui, mal interpr\u00e9t\u00e9es, alimentent, de l\u2019int\u00e9rieur bien des r\u00e9seaux. La lutte contre le terrorisme et le crime organis\u00e9, sans effusion de sang, au Mali et en Afrique de l\u2019Ouest passe par l\u2019analyse honn\u00eate et rigoureuse du bilan des trois derni\u00e8res d\u00e9cennies de lib\u00e9ralisme sauvage, de destruction du tissu \u00e9conomique et social ainsi que des \u00e9cosyst\u00e8mes. Rien n\u2019emp\u00eache les centaines de milliers de jeunes Maliens, Nig\u00e9riens, Tchadiens, S\u00e9n\u00e9galais, Mauritaniens et autres, qui viennent chaque ann\u00e9e grossir le nombre des demandeurs d\u2019emploi et de visas, de rejoindre le rang des djihadistes si les Etats et leurs partenaires techniques et financiers ne sont pas capables de remettre le mod\u00e8le n\u00e9olib\u00e9ral en question.<\/p>\n<p><b>L\u2019INDISPENSABLE CONVERGENCE DES LUTTES<\/b><\/p>\n<p>Je plaide pour un \u00e9lan de solidarit\u00e9 qui prenne le contre-pied de la militarisation, nous restitue notre dignit\u00e9, pr\u00e9serve la vie et les \u00e9cosyst\u00e8mes.<\/p>\n<p>Tout irait dans le bon sens si les 15.000 soldats \u00e9taient des enseignants, des m\u00e9decins, des ing\u00e9nieurs et si les milliards d\u2019euros, qui vont \u00eatre d\u00e9pens\u00e9s, \u00e9taient destin\u00e9s \u00e0 ceux et celles qui ont le plus besoin. Nos enfants n\u2019auraient pas besoin d\u2019aller se faire tuer en soldats mal pay\u00e9s, en narcotrafiquants ou en fous de Dieu.<\/p>\n<p>Nous nous devons de nous atteler, nous-m\u00eames \u00e0 la t\u00e2che primordiale de la transformation de notre moi profond, \u00e9branl\u00e9 et de notre pays meurtri. L\u2019avantage consid\u00e9rable de l\u2019approche syst\u00e9mique est la d\u00e9tribalisation des conflits au profit d\u2019une conscience politique qui r\u00e9concilie et rassemble ceux que l\u2019\u00e9conomie mondialis\u00e9e broie. Touareg, Peulh, Arabes, Bamanan, Sonrha\u00ef, Bellah, S\u00e9noufos cesseraient de s\u2019en prendre les uns aux autres et se battraient ensemble et autrement.<\/p>\n<p>Cette approche altermondialiste nous rend notre \u00ab\u00a0dignit\u00e9\u00a0\u00bb dans un contexte o\u00f9 nous avons tendance \u00e0 culpabiliser et \u00e0 nous en remettre, poings et pieds li\u00e9s, \u00e0 une \u00ab\u00a0communaut\u00e9 internationale\u00a0\u00bb juge et partie.<\/p>\n<p>Elle plaide pour la convergence des luttes \u00e0 l\u2019int\u00e9rieur des fronti\u00e8res entre les diff\u00e9rentes composantes de la soci\u00e9t\u00e9 \u00e9prouv\u00e9es par la barbarie du syst\u00e8me capitaliste qui ne veulent ni se r\u00e9signer ni se soumettre. Elles doivent explorer ensemble des alternatives \u00e0 la guerre.<\/p>\n<p>Les Etats lib\u00e9raux ayant privil\u00e9gi\u00e9 la guerre et investi dans les armes de destruction des vies humaines, du lien social et des \u00e9cosyst\u00e8mes, innovons \u00e0 travers la bataille des id\u00e9es et convoquons une conf\u00e9rence citoyenne au sommet pour l\u2019autre d\u00e9veloppement du Mali, en vue de desserrer l\u2019\u00e9tau de la mondialisation capitaliste. Il s\u2019agit d\u2019instaurer le d\u00e9bat sur la relation entre politiques n\u00e9olib\u00e9rales et chaque aspect de la crise\u00a0: ch\u00f4mage end\u00e9mique des jeunes, r\u00e9bellions, mutineries, coups d\u2019Etat, violences faites aux femmes, radicalisme religieux.<\/p>\n<p>Un travail in\u00e9dit et intense d\u2019information et d\u2019\u00e9ducation citoyenne dans les langues nationales, permettra aux Maliens de parler enfin entre eux de leur pays et de leur avenir.<\/p>\n<p>Parce que tous les Hommes naissent libres et \u00e9gaux en droits, nous revendiquons juste notre droit \u00e0\u00a0:<\/p>\n<ul>\n<li>un autre \u00e9conomie, de mani\u00e8re \u00e0 disposer des richesses de notre pays, et\u00a0 \u00e0 choisir librement des politiques qui nous mettent \u00e0 l\u2019abri du ch\u00f4mage, de la pauvret\u00e9, de l\u2019errance et de la guerre\u00a0;<\/li>\n<li>un syst\u00e8me politique v\u00e9ritablement d\u00e9mocratique, parce que intelligible pour l\u2019ensemble des Maliens, d\u00e9clin\u00e9\u00a0 et d\u00e9battu dans les langues nationales, fond\u00e9 sur des valeurs de culture et de soci\u00e9t\u00e9 largement partag\u00e9es\u00a0;<\/li>\n<li>la libert\u00e9 d\u2019expression et de circulation.<\/li>\n<\/ul>\n<p><b>RENDEZ-NOUS LES CLES DE NOTRE PAYS\u00a0!<\/b><\/p>\n<p>La France officielle qui d\u00e9clare <i>urbi et orbi<\/i> que nous n\u2019avons \u00ab\u00a0pas d\u2019Etat digne de ce nom\u00a0\u00bb, ni \u00ab\u00a0d\u2019arm\u00e9e digne de ce nom\u00a0\u00bb,\u00a0consid\u00e8re certainement que nous n\u2019avons pas non plus d\u2019existence en tant que peuple pour aller jusqu\u2019\u00e0 se demander\u00a0 \u00ab\u00a0\u00e0 qui remettre les cl\u00e9s\u00a0\u00bb et \u00e0 exiger l\u2019organisation de nos \u00e9lections en juillet 2013. Elle s\u2019accommode par ailleurs de l\u2019annulation de la concertation nationale \u2013 qui devait nous permettre de prendre ensemble entre Maliens le pouls de notre pays. Elle s\u2019accommode tout autant de l\u2019\u00e9tat d\u2019urgence instaur\u00e9, puis prolong\u00e9 une premi\u00e8re fois, et une seconde fois de mani\u00e8re \u00e0 \u00ab\u00a0s\u00e9curiser\u00a0\u00bb la transition.<\/p>\n<p>Je n\u2019ai pas le sentiment que la \u00ab\u00a0guerre contre le terrorisme\u00a0\u00bb ait apport\u00e9 la paix en Irak, en Afghanistan et en Libye, et que les casques bleus ont su garantir aux populations de la R\u00e9publique D\u00e9mocratique du Congo et en Ha\u00efti la s\u00e9curit\u00e9 que celles-ci \u00e9taient en droit d\u2019attendre d\u2019eux.<\/p>\n<p>Mais je suis persuad\u00e9e qu\u2019il y a en chaque Malienne et chaque Malien un(e) soldat(e), un(e) patriote qui doit pouvoir participer \u00e0 la d\u00e9fense de ses int\u00e9r\u00eats et du Mali \u00e0 partir d\u2019une bonne connaissance de son \u00e9tat r\u00e9el dans l\u2019\u00e9conomie mondialis\u00e9e.<\/p>\n<p>La r\u00e9ponse \u00e0 l\u2019insupportable question de Claude Lellouche est claire\u00a0: le Mali est \u00e0 rendre aux Maliens. Nous pouvons-en prendre le plus grand soin parce que, comme Bouna Boukary Dioura l\u2019a rappel\u00e9, nous savons, nous les peuples du Sahel que les rochers finissent par fleurir \u00e0 force d\u2019amour et de pers\u00e9v\u00e9rance.<\/p>\n<p><b><i>Rendez les cl\u00e9s du Mali au peuple malien\u00a0!<\/i><\/b><\/p>\n<p align=\"right\"><b>Aminata D. Traor\u00e9, Bamako le 03 mai 2013<\/b><\/p>\n<p align=\"right\">(1)<\/p>\n<div align=\"JUSTIFY\"><b>NOTES<\/b><br \/>\n<b><br \/>\n<\/b><br \/>\n<a href=\"http:\/\/3.bp.blogspot.com\/-TDdeIoeQfjc\/UZom8gPoI7I\/AAAAAAAACQM\/IoUoioRNtAw\/s1600\/traore2.jpg\"><img decoding=\"async\" alt=\"\" src=\"https:\/\/lh3.ggpht.com\/-TDdeIoeQfjc\/UZom8gPoI7I\/AAAAAAAACQM\/IoUoioRNtAw\/s1600\/traore2.jpg\" width=\"200\" height=\"100\" border=\"0\" \/><\/a><br \/>\n<b><br \/>\n<\/b><\/div>\n<div align=\"JUSTIFY\">Intellectuelle, chercheur, sociologue, ancienne ministre de la Culture et du Tourisme du Mali, Aminata Traor\u00e9 m\u00e8ne sur tous les fronts son combat contre les travers d\u2019une mondialisation impos\u00e9e. Croyant \u00e0 l\u2019impact en ce sens de la culture, elle a lanc\u00e9 avec Ray Lema le R\u00e9seau des intellectuels africains pour l\u2019\u00e9thique et l\u2019esth\u00e9tique.<\/div>\n<div align=\"JUSTIFY\">Militante altermondialiste, elle s\u2019est engag\u00e9e dans le combat contre le lib\u00e9ralisme, qu\u2019elle consid\u00e8re comme responsable du maintien de la pauvret\u00e9 au Mali et en Afrique en g\u00e9n\u00e9ral. Aminata Dramane Traor\u00e9 souhaite que les \u00c9tats africains cessent de suivre les injonctions des pays occidentaux qui se traduisent par \u00ab\u00a0les plans et programmes des banquiers internationaux et des grandes puissances du Nord\u00a0\u00bb et qui conduisent \u00e0 la pauvret\u00e9 des populations et engendre les ph\u00e9nom\u00e8nes de violence et l\u2019\u00e9migration vers l\u2019Europe d\u2019une grande partie de la jeunesse d\u00e9sabus\u00e9e. Elle demande aux gouvernants africains de r\u00e9agir face au n\u00e9ocolonialisme.<\/div>\n<div align=\"JUSTIFY\">Aminata Dramane Traor\u00e9 a pris position en faveur du pr\u00e9sident Zimbabw\u00e9en Robert Mugab\u00e9 dans la gestion de son pays, consid\u00e9rant que ce qu\u2019on reproche au dictateur (la faillite de l\u2019\u00e9conomie, le non-respect des droits de l\u2019Homme, l\u2019appauvrissement de la population) serait d\u00fb en grande partie \u00e0 la politique men\u00e9e par l\u2019ancienne puissance coloniale, le Royaume Uni, et au non-respect de ses engagements. Elle renvoie les \u00ab donneurs de le\u00e7ons \u00bb, c\u2019est-\u00e0-dire les pays occidentaux, \u00e0 leurs propres manquements (guerre contre l\u2019Irak, crise \u00e9conomique, politique migratoire\u2026)<\/div>\n<div align=\"JUSTIFY\"><\/div>\n<div align=\"JUSTIFY\">Elle coordonne les activit\u00e9s du Forum pour un autre Mali et \u00e9tait responsable de l\u2019organisation du troisi\u00e8me volet \u00e0 Bamako du Forum social mondial polycentrique de 2006.<\/div>\n<div align=\"JUSTIFY\">La France a ajout\u00e9 le nom d\u2019Aminata Dramane Traor\u00e9 \u00e0 sa liste de persona non grata en 2012, ce qui limite ses d\u00e9placements en Europe.<\/div>\n<div align=\"JUSTIFY\"><b>Ses \u00e9crits <\/b><\/div>\n<div align=\"JUSTIFY\">En 1999, elle publie l\u2019\u00c9tau, un essai d\u00e9non\u00e7ant la politique des institutions de Bretton Woods (Fonds mon\u00e9taire international, Banque mondiale) qui imposent la mise en place de plans d\u2019ajustement structurel qui ne font qu\u2019appauvrir les populations africaines.<\/div>\n<div align=\"JUSTIFY\">En 2002, dans le Viol de l\u2019imaginaire, elle d\u00e9nonce les m\u00e9canismes privant l\u2019Afrique de ses ressources financi\u00e8res, naturelles et humaines.<\/div>\n<div align=\"JUSTIFY\">En 2005, elle publie une Lettre au pr\u00e9sident des Fran\u00e7ais \u00e0 propos de la C\u00f4te-d\u2019Ivoire et de l\u2019Afrique en g\u00e9n\u00e9ral o\u00f9 elle analyse les crises africaines dans le \u00ab pr\u00e9 carr\u00e9 fran\u00e7ais \u00bb \u00e0 la lumi\u00e8re de la mondialisation lib\u00e9rale.<\/div>\n<p>En 2008, elle publie l\u2019Afrique humili\u00e9e o\u00f9 elle critique vivement le discours jug\u00e9 raciste et n\u00e9ocolonialiste de Nicolas Sarkozy \u00e0 Dakar en juillet 2007.<\/p>\n<\/div>\n<div><strong>Sur le m\u00eame sujet :<\/strong><\/div>\n<div>\n<h3><a title=\"Permanent Link to Appel urgent du parti Egalit\u00e9 contre la guerre au Mali\" href=\"http:\/\/www.egalite.be\/?p=5228\" rel=\"bookmark\">Appel urgent du parti Egalit\u00e9 contre la guerre au Mali<\/a><\/h3>\n<\/div>\n<div>\n<address><a title=\"Permanent Link to Les militants maliens oppos\u00e9s \u00e0 l\u2019intervention fran\u00e7aise doivent pouvoir venir en France s\u2019exprimer !\" href=\"http:\/\/www.egalite.be\/?p=5875\" rel=\"bookmark\">Les militants maliens oppos\u00e9s \u00e0 l\u2019intervention fran\u00e7aise doivent pouvoir venir en France s\u2019exprimer !<\/a><\/address>\n<address><a title=\"Permanent Link to Disons \u00ab NON ! \u00bb \u00e0 la guerre par procuration\" href=\"http:\/\/www.egalite.be\/?p=5224\" rel=\"bookmark\">Disons \u00ab NON ! \u00bb \u00e0 la guerre par procuration<\/a><\/address>\n<header><img decoding=\"async\" class=\"alignright\" alt=\"arton1139\" src=\"http:\/\/www.egalite.be\/wp-content\/uploads\/2013\/01\/arton11391.jpg\" width=\"276\" height=\"344\" \/><\/header>\n<\/div>\n<\/div>\n","protected":false},"excerpt":{"rendered":"<p>Le texte int\u00e9gral de la derni\u00e8re r\u00e9volte de Aminata Traor\u00e9 ( 1)\u00a0 : rendez-nous notre pays ! \u00ab\u00a0Toute soci\u00e9t\u00e9 imp\u00e9rialiste voit dans l\u2019Autre la n\u00e9gation de l\u2019id\u00e9al qu\u2019elle s\u2019efforce, elle-m\u00eame, d\u2019atteindre. Elle cherche \u00e0 le domestiquer en l\u2019attirant dans le champ d\u2019application de son id\u00e9al et en l\u2019y situant au degr\u00e9 le plus bas\u00a0\u00bb\u00a0Wolfgang Sachs &#8230; <a title=\"Rendez les cl\u00e9s du Mali au peuple malien !\" class=\"read-more\" href=\"https:\/\/bruxelles-pantheres.be\/?p=335\" aria-label=\"En savoir plus sur Rendez les cl\u00e9s du Mali au peuple malien !\">Lire la suite<\/a><\/p>\n","protected":false},"author":1,"featured_media":0,"comment_status":"open","ping_status":"open","sticky":false,"template":"","format":"standard","meta":{"footnotes":""},"categories":[1,21,7,28],"tags":[],"class_list":["post-335","post","type-post","status-publish","format-standard","hentry","category-non-classe","category-anti-imperialisme","category-negrophobie","category-racismes"],"_links":{"self":[{"href":"https:\/\/bruxelles-pantheres.be\/index.php?rest_route=\/wp\/v2\/posts\/335","targetHints":{"allow":["GET"]}}],"collection":[{"href":"https:\/\/bruxelles-pantheres.be\/index.php?rest_route=\/wp\/v2\/posts"}],"about":[{"href":"https:\/\/bruxelles-pantheres.be\/index.php?rest_route=\/wp\/v2\/types\/post"}],"author":[{"embeddable":true,"href":"https:\/\/bruxelles-pantheres.be\/index.php?rest_route=\/wp\/v2\/users\/1"}],"replies":[{"embeddable":true,"href":"https:\/\/bruxelles-pantheres.be\/index.php?rest_route=%2Fwp%2Fv2%2Fcomments&post=335"}],"version-history":[{"count":1,"href":"https:\/\/bruxelles-pantheres.be\/index.php?rest_route=\/wp\/v2\/posts\/335\/revisions"}],"predecessor-version":[{"id":336,"href":"https:\/\/bruxelles-pantheres.be\/index.php?rest_route=\/wp\/v2\/posts\/335\/revisions\/336"}],"wp:attachment":[{"href":"https:\/\/bruxelles-pantheres.be\/index.php?rest_route=%2Fwp%2Fv2%2Fmedia&parent=335"}],"wp:term":[{"taxonomy":"category","embeddable":true,"href":"https:\/\/bruxelles-pantheres.be\/index.php?rest_route=%2Fwp%2Fv2%2Fcategories&post=335"},{"taxonomy":"post_tag","embeddable":true,"href":"https:\/\/bruxelles-pantheres.be\/index.php?rest_route=%2Fwp%2Fv2%2Ftags&post=335"}],"curies":[{"name":"wp","href":"https:\/\/api.w.org\/{rel}","templated":true}]}}