{"id":3353,"date":"2017-09-16T22:12:38","date_gmt":"2017-09-16T21:12:38","guid":{"rendered":"https:\/\/bruxelles-pantheres.be\/?p=3353"},"modified":"2017-09-16T22:12:38","modified_gmt":"2017-09-16T21:12:38","slug":"le-sommet-israel-afrique-repousse-face-au-boycott","status":"publish","type":"post","link":"https:\/\/bruxelles-pantheres.be\/?p=3353","title":{"rendered":"Le sommet Isra\u00ebl-Afrique repouss\u00e9 face au boycott"},"content":{"rendered":"<div class=\"post-meta\">\n<h5 style=\"text-align: center;\"><\/h5>\n<h5>Le sommet Isra\u00ebl-Afrique repouss\u00e9 face au boycott<\/h5>\n<p><span class=\"post-date\">12 09 2017<\/span><\/div>\n<div class=\"post-content\">Par Ali Abunimah, le 11 septembre 2017<img decoding=\"async\" class=\"size-full wp-image-11452 aligncenter\" src=\"http:\/\/www.agencemediapalestine.fr\/wp-content\/uploads\/2017\/09\/faure-netanyahu-e1505206987733.jpg\" alt=\"\" width=\"500\" height=\"356\" \/><\/p>\n<p><strong><em>Le pr\u00e9sident du Togo Faur\u00e9 Gnassingb\u00e9, photographi\u00e9 aux c\u00f4t\u00e9s de Sara et Benjamin Netanyanahu, devait accueillir un sommet Isra\u00ebl-Afrique le mois prochain. Celui-ci a \u00e9t\u00e9 repouss\u00e9 dans le cadre d\u2019un boycott grandissant (via Facebook)<\/em><\/strong><\/p>\n<p>Il semblerait que le projet d\u2019un haut sommet Isra\u00ebl-Afrique pr\u00e9vu le mois prochain se soit effondr\u00e9 devant l\u2019opposition croissante des gouvernements africains.<\/p>\n<p><i>The<\/i> <i>Jerusalem Post<\/i> racontait lundi que le sommet, qui devait se tenir dans la capitale togolaise Lom\u00e9, \u00ab\u00a0a \u00e9t\u00e9 annul\u00e9 \u00e0 la suite de menaces de boycott de la part d\u2019un bon nombre de pays, et de pressions contre l\u2019\u00e9v\u00e9nement venues des Palestiniens et des pays arabes\u00a0\u00bb.<\/p>\n<p>Le minist\u00e8re isra\u00e9lien des Affaires \u00e9trang\u00e8res a annonc\u00e9 que le sommet avait \u00e9t\u00e9 \u00ab\u00a0report\u00e9 \u00bb mais, comme le faisait remarquer le journal, aucune date alternative n\u2019a \u00e9t\u00e9 annonc\u00e9e.<\/p>\n<p>De\u00a0plus, i24 News d\u2019Isra\u00ebl a \u00e9voqu\u00e9 comme une inqui\u00e9tude l\u2019instabilit\u00e9 politique au Togo, o\u00f9 les forces de s\u00e9curit\u00e9 ont essay\u00e9 de violemment r\u00e9primer les manifestations contre 50 ans de pouvoir de la famille du pr\u00e9sident autocrate de l\u2019\u00c9tat ouest-africain Faur\u00e9 Gnassingb\u00e9.<\/p>\n<p>Ce sommet devait \u00eatre le couronnement de l\u2019offensive de charme du Premier ministre isra\u00e9lien Benjamin Netanyahu en Afrique.<\/p>\n<p>Les organisateurs ont dit que devaient y participer deux douzaines de chefs d\u2019\u00c9tat, 150 soci\u00e9t\u00e9s isra\u00e9liennes ainsi que\u00a0des repr\u00e9sentants de pays qui n\u2019ont aucune\u00a0relations diplomatiques avec Isra\u00ebl.<\/p>\n<p>Mais la pouss\u00e9e isra\u00e9lienne ne s\u2019est pas faite sans contestation.<\/p>\n<p>L\u2019Afrique du Sud a indiqu\u00e9 le mois dernier qu\u2019elle boycotterait le sommet et a encourag\u00e9 les autres gouvernements \u00e0 faire de m\u00eame.<\/p>\n<p>Le Soudan, le Maroc l\u2019Alg\u00e9rie, la Tunisie et la Mauritanie ont \u00e9galement d\u00e9cid\u00e9 de boycotter l\u2019\u00e9v\u00e8nement.<\/p>\n<p>En juin le roi du Maroc Mohammed VI a boycott\u00e9 un sommet au Liberia de l\u2019organisation r\u00e9gionale ouest-africaine ECOWAS parce que Netanyahu y \u00e9tait invit\u00e9.<\/p>\n<p><b>Alimenter les atrocit\u00e9s en Afrique<\/b><\/p>\n<p>Le site internet officiel du sommet confirme qu\u2019il est \u00ab\u00a0report\u00e9 \u00bb.<\/p>\n<p>Il \u00e9tait pr\u00e9sent\u00e9 comme devant promouvoir le commerce entre les Etats africains et Isra\u00ebl qui, conform\u00e9ment \u00e0 des th\u00e8mes cons\u00e9quents de propagande, est vendu comme \u00ab\u00a0la nation start-up\u00a0\u00bb et pionni\u00e8re dans les technologies de gestion de l\u2019eau.<\/p>\n<p>Mais Isra\u00ebl est \u00e9galement pr\u00e9sent\u00e9 comme \u00ab\u00a0le leader mondial dans les domaines de la lutte antiterroriste, \u00ab\u00a0offrant\u00a0\u00bb des ant\u00e9c\u00e9dents valid\u00e9s pour fournir ce genre d\u2019expertise \u00e0 ses nations partenaires dans le monde entier.<\/p>\n<p>En d\u2019autres termes, Isra\u00ebl vend des armes et des technologies r\u00e9pressives test\u00e9es sur les Palestiniens pendant des d\u00e9cennies d\u2019occupation militaire. Ce sommet aurait \u00e9t\u00e9 en grande partie\u00a0une foire pour le commerce des armes d\u2019Isra\u00ebl.<\/p>\n<p>Elbit Systems, le plus gros fabricant d\u2019armes d\u2019Isra\u00ebl, a r\u00e9cemment annonc\u00e9 une augmentation de b\u00e9n\u00e9fices, en partie dus \u00e0 l\u2019augmentation des exportations vers l\u2019Afrique.<\/p>\n<p>Le \u00ab\u00a0palmar\u00e8s\u00a0\u00bb d\u2019Isra\u00ebl d\u2019implication dans les crimes et les violations des droits fondamentaux s\u2019est d\u00e9j\u00e0 r\u00e9pandu \u00e0 travers le continent.<\/p>\n<p>Isra\u00ebl a continu\u00e9 \u00e0 alimenter la violence et les atrocit\u00e9s en Afrique en fournissant des armes pour les conflits au Sud Soudan et au Burundi et en envoyant des armes au Rwanda avant le g\u00e9nocide de 1994 \u2013 r\u00f4le qu\u2019Isra\u00ebl a cherch\u00e9 \u00e0 camoufler.<\/p>\n<p>Isra\u00ebl a maintenu des liens extr\u00eamement \u00e9troits avec l\u2019Afrique du Sud de l\u2019apartheid. Tel Aviv \u00e9tait le principal fournisseur d\u2019armes pour le r\u00e9gime supr\u00e9maciste blanc lorsque Pretoria \u00e9tait sous \u00e9troit embargo international.<\/p>\n<p>Les militants d\u2019Afrique du Sud ont salu\u00e9 l\u2019annulation du sommet, f\u00e9licitant les Etats qui ont d\u00e9cid\u00e9 de le boycotter.<\/p>\n<p>\u00ab\u00a0Nos gouvernements doivent continuer \u00e0 r\u00e9sister \u00e0 toutes les tentatives isra\u00e9liennes pour influencer, corrompre ou affaiblir notre solidarit\u00e9 avec les Palestiniens\u00a0\u00bb, a dit BDS Afrique du Sud, association qui soutient la compagne de boycott, d\u00e9sinvestissement et sanctions pour les droits des Palestiniens.<\/p>\n<p>\u00ab\u00a0Les Palestiniens sont un peuple qui nous a soutenus pendant les jours les plus sombres de l\u2019apartheid, tandis qu\u2019Isra\u00ebl, nous nous en souvenons douloureusement, fournissait des armes au gouvernement d\u2019apartheid.\u00a0\u00bb<\/p>\n<p>BDS Afrique du Sud a aussi rappel\u00e9 la politique raciste lanc\u00e9e par l\u2019\u00c9tat d\u2019Isra\u00ebl contre les migrants et r\u00e9fugi\u00e9s africains comme une autre raison de r\u00e9sister aux efforts d\u2019Isra\u00ebl pour normaliser les liens.<\/p>\n<p><b>Offensive de l\u00e9gitimit\u00e9<\/b><\/p>\n<p>Les efforts\u00a0d\u2019Isra\u00ebl pour am\u00e9liorer les relations\u00a0avec les Etats africains est li\u00e9e \u00e0 son acharnement pour gagner en l\u00e9gitimit\u00e9 et en soutien aux Nations Unies. <i>The Times of Israel<\/i> a \u00e9crit dimanche que les diplomates de l\u2019Autorit\u00e9 Palestinienne font pression contre une tentative d\u2019Isra\u00ebl d\u2019\u00eatre \u00e9lu au Conseil de S\u00e9curit\u00e9.<\/p>\n<p>La principale pr\u00e9occupation des efforts diplomatiques des Arabes est de convaincre les Etats africains de ne pas soutenir la strat\u00e9gie\u00a0isra\u00e9lienne.<\/p>\n<p>Le sommet pr\u00e9vu au Togo illustre \u00e9galement la permanente complicit\u00e9 des entreprises avec Isra\u00ebl. L\u2019un des commanditaires officiels du sommet est Brussels Airlines, filiale de l\u2019allemande Lufthansa. En soutenant le sommet, la compagnie a\u00e9rienne soutient efficacement les efforts d\u2019Isra\u00ebl pour vendre davantage d\u2019armes en Afrique.<\/p>\n<p>On a r\u00e9cemment r\u00e9v\u00e9l\u00e9 que Lufthansa \u00e9tait de connivence avec Isra\u00ebl dans ses efforts pour r\u00e9primer le soutien aux droits des Palestiniens quand elle a refus\u00e9 en juillet l\u2019embarquement de militants am\u00e9ricains qui faisaient partie d\u2019une d\u00e9l\u00e9gation interconfessionnelle.<\/p>\n<p>Le rabbin Alissa Wise, une des membres de la d\u00e9l\u00e9gation interdite, en a conclu que cette action \u00e9tait vraisemblablement le r\u00e9sultat de la surveillance par Isra\u00ebl des courriels des militants, qui fait partie des efforts d\u2019Isra\u00ebl pour contrecarrer le mouvement non-violent de boycott, d\u00e9sinvestissement et sanctions (BDS).<\/p>\n<p>Traduction\u00a0: J. Ch. pour l\u2019Agence M\u00e9dia Palestine<\/p>\n<p>Source\u00a0: <a href=\"https:\/\/electronicintifada.net\/blogs\/ali-abunimah\/israel-africa-summit-scrapped-amid-boycott?utm_content=buffer4cc08&amp;utm_medium=social&amp;utm_source=twitter.com&amp;utm_campaign=buffer\">The Electronic Intifada<\/a><\/p>\n<\/div>\n","protected":false},"excerpt":{"rendered":"<p>Le sommet Isra\u00ebl-Afrique repouss\u00e9 face au boycott 12 09 2017 Par Ali Abunimah, le 11 septembre 2017 Le pr\u00e9sident du Togo Faur\u00e9 Gnassingb\u00e9, photographi\u00e9 aux c\u00f4t\u00e9s de Sara et Benjamin Netanyanahu, devait accueillir un sommet Isra\u00ebl-Afrique le mois prochain. Celui-ci a \u00e9t\u00e9 repouss\u00e9 dans le cadre d\u2019un boycott grandissant (via Facebook) Il semblerait que le &#8230; <a title=\"Le sommet Isra\u00ebl-Afrique repouss\u00e9 face au boycott\" class=\"read-more\" href=\"https:\/\/bruxelles-pantheres.be\/?p=3353\" aria-label=\"En savoir plus sur Le sommet Isra\u00ebl-Afrique repouss\u00e9 face au boycott\">Lire la suite<\/a><\/p>\n","protected":false},"author":1,"featured_media":3354,"comment_status":"open","ping_status":"open","sticky":false,"template":"","format":"standard","meta":{"footnotes":""},"categories":[1,21,6],"tags":[15],"class_list":["post-3353","post","type-post","status-publish","format-standard","has-post-thumbnail","hentry","category-non-classe","category-anti-imperialisme","category-palestine-moyen-orient","tag-resistance"],"_links":{"self":[{"href":"https:\/\/bruxelles-pantheres.be\/index.php?rest_route=\/wp\/v2\/posts\/3353","targetHints":{"allow":["GET"]}}],"collection":[{"href":"https:\/\/bruxelles-pantheres.be\/index.php?rest_route=\/wp\/v2\/posts"}],"about":[{"href":"https:\/\/bruxelles-pantheres.be\/index.php?rest_route=\/wp\/v2\/types\/post"}],"author":[{"embeddable":true,"href":"https:\/\/bruxelles-pantheres.be\/index.php?rest_route=\/wp\/v2\/users\/1"}],"replies":[{"embeddable":true,"href":"https:\/\/bruxelles-pantheres.be\/index.php?rest_route=%2Fwp%2Fv2%2Fcomments&post=3353"}],"version-history":[{"count":1,"href":"https:\/\/bruxelles-pantheres.be\/index.php?rest_route=\/wp\/v2\/posts\/3353\/revisions"}],"predecessor-version":[{"id":3355,"href":"https:\/\/bruxelles-pantheres.be\/index.php?rest_route=\/wp\/v2\/posts\/3353\/revisions\/3355"}],"wp:featuredmedia":[{"embeddable":true,"href":"https:\/\/bruxelles-pantheres.be\/index.php?rest_route=\/wp\/v2\/media\/3354"}],"wp:attachment":[{"href":"https:\/\/bruxelles-pantheres.be\/index.php?rest_route=%2Fwp%2Fv2%2Fmedia&parent=3353"}],"wp:term":[{"taxonomy":"category","embeddable":true,"href":"https:\/\/bruxelles-pantheres.be\/index.php?rest_route=%2Fwp%2Fv2%2Fcategories&post=3353"},{"taxonomy":"post_tag","embeddable":true,"href":"https:\/\/bruxelles-pantheres.be\/index.php?rest_route=%2Fwp%2Fv2%2Ftags&post=3353"}],"curies":[{"name":"wp","href":"https:\/\/api.w.org\/{rel}","templated":true}]}}