{"id":3356,"date":"2017-09-17T23:07:33","date_gmt":"2017-09-17T22:07:33","guid":{"rendered":"https:\/\/bruxelles-pantheres.be\/?p=3356"},"modified":"2017-09-16T23:12:50","modified_gmt":"2017-09-16T22:12:50","slug":"le-genocide-du-peuple-rohingya","status":"publish","type":"post","link":"https:\/\/bruxelles-pantheres.be\/?p=3356","title":{"rendered":"Le g\u00e9nocide du peuple Rohingya"},"content":{"rendered":"<figure id=\"attachment_3358\" aria-describedby=\"caption-attachment-3358\" style=\"width: 590px\" class=\"wp-caption alignnone\"><a href=\"https:\/\/bruxelles-pantheres.be\/wp-content\/uploads\/2017\/09\/aung-1.jpg\"><img decoding=\"async\" class=\"size-full wp-image-3358\" src=\"https:\/\/bruxelles-pantheres.be\/wp-content\/uploads\/2017\/09\/aung-1.jpg\" alt=\"\" width=\"600\" height=\"427\" srcset=\"https:\/\/bruxelles-pantheres.be\/wp-content\/uploads\/2017\/09\/aung-1.jpg 600w, https:\/\/bruxelles-pantheres.be\/wp-content\/uploads\/2017\/09\/aung-1-300x214.jpg 300w\" sizes=\"(max-width: 600px) 100vw, 600px\" \/><\/a><figcaption id=\"caption-attachment-3358\" class=\"wp-caption-text\">20130315 &#8211; NAYPYIDAW, MYANMAR: Belgian Vice-Prime Minister and Foreign Minister Didier Reynders gives the medal of &lsquo;Officer in the Order of the Crown&rsquo; to President of the Committee for Rule of Law in Myanmar, Daw Aung San Suu Kyi, during aN interview with Belgian journalists during a diplomatic visit of Belgian Foreign Minister Didier Reynders to Republic of the Union of Myanmar, Friday 15 March 2013. BELGA PHOTO BENOIT DOPPAGNE<\/figcaption><\/figure>\n<h4 class=\"singlePageTitle\">Le g\u00e9nocide du peuple Rohingya : int\u00e9r\u00eats p\u00e9troliers, d\u00e9mocratie en \u00e9chec et faux proph\u00e8tes<\/h4>\n<div class=\"wp-caption aligncenter\">\n<div id=\"img_thum\"><\/div>\n<div id=\"title_thum\">R\u00e9fugi\u00e9s arrivant au Bengladesh &#8211; Leur village de Garotibil a \u00e9t\u00e9 ravag\u00e9 et incendi\u00e9 par l&rsquo;arm\u00e9e birmane &#8211; Photo : Mahmoud Hossain Opu\/Al-Jazeera<\/div>\n<\/div>\n<div class=\"dd_post_share\"><\/div>\n<div align=\"justify\">\n<p><strong>Ramzy Baroud<\/strong> \u2013 <em>Dans une certaine mesure, Aung San Suu Kyi a jou\u00e9 le r\u00f4le du faux proph\u00e8te. Glorifi\u00e9e par l\u2019Occident depuis de nombreuses ann\u00e9es, elle a \u00e9t\u00e9 pr\u00e9sent\u00e9e comme une \u00ab\u00a0ic\u00f4ne de la d\u00e9mocratie\u00a0\u00bb parce qu\u2019elle s\u2019\u00e9tait oppos\u00e9e au gouvernement de son pays, la Birmanie, au moment o\u00f9 une coalition occidentale dirig\u00e9e par les \u00c9tats-Unis isolait Rangoon \u00e0 cause de son alliance avec la Chine.<\/em>Aung San Suu Kyi a jou\u00e9 son r\u00f4le comme pr\u00e9vu, en gagnant l\u2019approbation de la Droite et l\u2019admiration de la Gauche. Et pour le service rendu, elle a remport\u00e9 un <a href=\"http:\/\/chroniquepalestine.com\/genocide-peuple-rohingya-aung-san-suu-kyi-etre-privee-prix-nobel-paix\/\">prix Nobel de la paix<\/a> en 1991. Elle a rejoint le groupe envi\u00e9 des \u00ab\u00a0A\u00een\u00e9s\u00a0\u00bb et a \u00e9t\u00e9 promue par beaucoup dans les m\u00e9dias et gouvernements, comme une figure h\u00e9ro\u00efque \u00e0 imiter.<\/p>\n<p><a href=\"http:\/\/www.telegraph.co.uk\/news\/worldnews\/asia\/burmamyanmar\/9196218\/Hillary-Clinton-a-fan-of-Aung-San-Suu-Kyi-biopic.html\" target=\"_blank\" rel=\"noopener\">Hillary Clinton<\/a> l\u2019a d\u00e9crite comme une \u00ab\u00a0femme extraordinaire\u00a0\u00bb. L\u2019itin\u00e9raire de la \u00ab\u00a0Lady\u00a0\u00bb birmane va de la paria politique dans son pays \u2013 o\u00f9 elle avait \u00e9t\u00e9 plac\u00e9e en r\u00e9sidence surveill\u00e9e pendant 15 ans \u2013 jusqu\u2019au triomphe apr\u00e8s qu\u2019elle soit devenue la premi\u00e8re dirigeante de la Birmanie apr\u00e8s une \u00e9lection multipartite en 2015. Depuis lors, elle a visit\u00e9 de nombreux pays, d\u00een\u00e9 avec des reines et des pr\u00e9sidents, fait des discours m\u00e9morables, re\u00e7u des r\u00e9compenses, tout en redorant sciemment l\u2019image de l\u2019arm\u00e9e tr\u00e8s brutale \u00e0 laquelle elle s\u2019\u00e9tait oppos\u00e9e au fil des ans. (M\u00eame aujourd\u2019hui, l\u2019arm\u00e9e birmane a un pouvoir proche du veto sur tous les aspects de la conduite du pays).<\/p>\n<p><iframe src=\"http:\/\/players.brightcove.net\/665003303001\/4k5gFJHRe_default\/index.html?videoId=5571294142001\" width=\"300\" height=\"150\" frameborder=\"0\" allowfullscreen=\"allowfullscreen\"><\/iframe><\/p>\n<p>Mais la grande \u00ab\u00a0humaniste\u00a0\u00bb semble avoir manqu\u00e9 d\u2019int\u00e9grit\u00e9 alors que son gouvernement, son arm\u00e9e et sa police commen\u00e7aient \u00e0 mener une vaste op\u00e9ration de nettoyage ethnique qui visait les \u00ab\u00a0gens les plus opprim\u00e9s sur terre\u00a0\u00bb, les <a href=\"http:\/\/www.info-palestine.eu\/spip.php?article13346\" target=\"_blank\" rel=\"noopener\">Rohingyas<\/a>. Ces gens sans d\u00e9fense ont \u00e9t\u00e9 soumis \u00e0 un <a href=\"http:\/\/chroniquepalestine.com\/seule-pression-internationale-sauver-peuple-rohingya\/\">g\u00e9nocide brutal et syst\u00e9matique<\/a>, dans un effort conjoint de l\u2019arm\u00e9e, de la police et des nationalistes bouddhistes majoritaires de Birmanie.<\/p>\n<p>Les ainsi-nomm\u00e9es \u00ab\u00a0op\u00e9rations de nettoyage\u00a0\u00bb ont ces derniers mois tu\u00e9 des centaines de Rohingyas, poussant plus de <a href=\"http:\/\/www.aljazeera.com\/news\/2017\/09\/urges-myanmar-give-access-rakhine-crisis-area-170908002538497.html\" target=\"_blank\" rel=\"noopener\">250 000<\/a> personnes en larmes, effray\u00e9es et affam\u00e9es \u00e0 s\u2019\u00e9chapper pour sauver leur vie de quelque mani\u00e8re possible. Des centaines de personnes en plus ont p\u00e9ri noy\u00e9es en mer ou ont \u00e9t\u00e9 chass\u00e9es et tu\u00e9es dans la jungle.<\/p>\n<h4>Armes isra\u00e9liennes pour les criminels birmans<\/h4>\n<p>Des r\u00e9cits de meurtres et de mutilations rappellent ce qu\u2019a d\u00fb endurer le peuple palestinien pendant la Nakba de 1948. Il n\u2019est donc pas surprenant qu\u2019Isra\u00ebl soit l\u2019<a href=\"http:\/\/www.haaretz.com\/world-news\/1.810390\" target=\"_blank\" rel=\"noopener\">un des plus principaux fournisseurs d\u2019armes<\/a> de l\u2019arm\u00e9e birmane. Malgr\u00e9 un embargo d\u2019armes prolong\u00e9 sur la Birmanie par de nombreux pays, le ministre isra\u00e9lien de la D\u00e9fense, Avigdor Lieberman, insiste sur le fait que son pays n\u2019a pas l\u2019intention d\u2019arr\u00eater ses exp\u00e9ditions d\u2019armes au si m\u00e9prisable r\u00e9gime de Rangoon, lequel utilise activement ces armes contre ses propres minorit\u00e9s, non seulement les musulmans dans l\u2019\u00e9tat occidental de Rakhine mais aussi contre les chr\u00e9tiens dans le nord.<\/p>\n<p>L\u2019un des envois isra\u00e9liens a \u00e9t\u00e9 annonc\u00e9 en ao\u00fbt 2016 par la soci\u00e9t\u00e9 isra\u00e9lienne <a href=\"http:\/\/www.haaretz.com\/world-news\/1.810390\" target=\"_blank\" rel=\"noopener\">TAR Ideal Concepts<\/a>. L\u2019entreprise a fi\u00e8rement soulign\u00e9 que ses fusils Corner Shot sont d\u00e9j\u00e0 utilis\u00e9s de mani\u00e8re op\u00e9rationnelle par les militaires birmans.<\/p>\n<p><iframe src=\"http:\/\/players.brightcove.net\/665003303001\/4k5gFJHRe_default\/index.html?videoId=5571294142001\" width=\"300\" height=\"150\" frameborder=\"0\" allowfullscreen=\"allowfullscreen\"><\/iframe><br \/>\n<em>Les Rohingyas qui parviennent au Bengladesh manquent de tout\u2026<\/em>L\u2019histoire d\u2019Isra\u00ebl regorge d\u2019<a href=\"https:\/\/lobelog.com\/israels-sordid-history-of-supporting-dictatorships\/\" target=\"_blank\" rel=\"noopener\">exemples de soutien<\/a> \u00e0 des <a href=\"http:\/\/www.info-palestine.eu\/spip.php?article16178\" target=\"_blank\" rel=\"noopener\">juntes brutales<\/a> et des r\u00e9gimes autoritaires, mais pourquoi tous ceux qui se pr\u00e9tendent les gardiens de la d\u00e9mocratie restent-ils silencieux \u00e0 propos du du bain de sang en Birmanie ?<\/p>\n<p>Pr\u00e8s d\u2019un quart de la population Rohingya a d\u00e9j\u00e0 \u00e9t\u00e9 chass\u00e9e de chez elle depuis octobre dernier. Le reste pourrait suivre dans un proche avenir, rendant ainsi le crime collectif presque irr\u00e9versible.<\/p>\n<p>Aung San Suu Kyi n\u2019a m\u00eame pas eu le courage moral d\u2019adresser quelques mots de sympathie aux victimes. Au lieu de cela, elle n\u2019a su que faire une <a href=\"http:\/\/www.aljazeera.com\/news\/2017\/09\/urges-myanmar-give-access-rakhine-crisis-area-170908002538497.html\" target=\"_blank\" rel=\"noopener\">d\u00e9claration qui n\u2019engage \u00e0 rien<\/a> : \u00ab\u00a0nous devons nous occuper de tous ceux qui sont dans notre pays\u00a0\u00bb. Entre-temps, son porte-parole et d\u2019autres <em>seconds couteaux<\/em> ont lanc\u00e9 une campagne de haine contre les Rohingyas, les accusant de br\u00fbler leurs propres villages, de fabriquer leurs propres histoires de viol\u2026 se r\u00e9f\u00e9rant aux Rohingyas qui osent r\u00e9sister comme \u00e0 des \u00ab\u00a0<a href=\"http:\/\/www.just-international.org\/mediastatement\/rohingyas-jihadists\/\" target=\"_blank\" rel=\"noopener\">jihadistes<\/a>\u00a0\u00bb dans l\u2019espoir de lier le g\u00e9nocide en cours avec l\u2019<a href=\"http:\/\/www.info-palestine.eu\/spip.php?article15851\" target=\"_blank\" rel=\"noopener\">infecte campagne<\/a> de l\u2019Occident visant \u00e0 diffamer les musulmans partout dans le monde.<\/p>\n<p>Mais les rapports bien document\u00e9s nous donnent plus qu\u2019un aper\u00e7u de la terrible r\u00e9alit\u00e9 v\u00e9cue par les Rohingyas. Un <a href=\"http:\/\/www.un.org\/apps\/news\/story.asp?NewsID=56103#.WbM4KMiGPIU\" target=\"_blank\" rel=\"noopener\">r\u00e9cent rapport<\/a> des Nations Unies d\u00e9taille le r\u00e9cit d\u2019une femme, dont le mari a \u00e9t\u00e9 tu\u00e9 par des soldats dans ce que l\u2019ONU a qualifi\u00e9 d\u2019attaques \u00ab\u00a0syst\u00e9matiques et \u00e0 grande \u00e9chelle\u00a0\u00bb qui \u00ab\u00a0constituent tr\u00e8s probablement des <a href=\"http:\/\/edition.cnn.com\/2017\/03\/21\/asia\/myanmar-un-crimes-against-humanity\/index.html\" target=\"_blank\" rel=\"noopener\">crimes contre l\u2019humanit\u00e9<\/a>\u00ab\u00a0.<\/p>\n<p>\u00ab\u00a0Cinq d\u2019entre eux m\u2019ont enlev\u00e9 mes v\u00eatements et m\u2019ont viol\u00e9e\u00a0\u00bb, a d\u00e9clar\u00e9 <a href=\"https:\/\/theintercept.com\/2017\/04\/13\/burmese-nobel-prize-winner-aung-san-suu-kyi-has-turned-into-an-apologist-for-genocide-against-muslims\/\" target=\"_blank\" rel=\"noopener\">la femme en deuil<\/a>. \u00ab\u00a0Mon fils de huit mois a pleur\u00e9 de faim alors qu\u2019ils \u00e9taient dans ma maison parce qu\u2019il voulait que je l\u2019allaite. Afin de le faire taire, ils l\u2019ont tu\u00e9 avec un couteau\u00a0\u00bb.<\/p>\n<p>En fuyant les r\u00e9fugi\u00e9s se sont rendus au Bangladesh dans ce qui est un voyage de cauchemar. On a parl\u00e9 de <a href=\"http:\/\/www.independent.co.uk\/news\/world\/asia\/rohingya-burma-myanmar-children-beheaded-burned-alive-refugees-bangladesh-a7926521.html\" target=\"_blank\" rel=\"noopener\">meurtres d\u2019enfants<\/a>, de viols des femmes et de l\u2019incendie des villages. Certains de ces r\u00e9cits ont \u00e9t\u00e9 confirm\u00e9s par des images satellitaires <a href=\"https:\/\/www.hrw.org\/news\/2017\/09\/02\/burma-satellite-images-show-massive-fire-destruction\" target=\"_blank\" rel=\"noopener\">fournies par Human Rights Watch<\/a>, montrant des villages effac\u00e9s de la carte dans tout l\u2019\u00c9tat.<\/p>\n<h4>Encore et toujours le p\u00e9trole<\/h4>\n<p>Certes, l\u2019horrible destin du peule Rohingya n\u2019est pas enti\u00e8rement nouveau. Mais ce qui rend la situation tellement dramatique, c\u2019est que l\u2019Occident est maintenant pleinement du c\u00f4t\u00e9 du gouvernement qui commet ces actes atroces.<\/p>\n<p>Et il y a une raison pour cela : le p\u00e9trole.<\/p>\n<p>Rapportant de Ramree Island, <a href=\"http:\/\/www.aljazeera.com\/indepth\/features\/2014\/10\/hunting-myanmar-hidden-treasure-2014101611542965472.html\" target=\"_blank\" rel=\"noopener\">Hereward Holland<\/a> a parl\u00e9 de la \u00ab\u00a0chasse au tr\u00e9sor cach\u00e9 du Myanmar (Birmanie)\u00a0\u00bb.<\/p>\n<p>Des d\u00e9p\u00f4ts massifs de p\u00e9trole rest\u00e9s inexploit\u00e9s suite \u00e0 des d\u00e9cennies de boycott occidental contre le pouvoir de la junte, sont maintenant disponibles aux plus offrants. C\u2019est une d\u00e9bauche d\u2019affaires p\u00e9troli\u00e8res et tous sont invit\u00e9s. Shell, ENI, Total, Chevron et bien d\u2019autres investissent de grosses sommes pour exploiter les ressources naturelles du pays, tandis que les Chinois \u2013 qui ont domin\u00e9 l\u2019\u00e9conomie de la Birmanie pendant de nombreuses ann\u00e9es \u2013 sont lentement refoul\u00e9s.<\/p>\n<p>En effet, la rivalit\u00e9 pour s\u2019attribuer les richesse inexploit\u00e9e de la Birmanie est \u00e0 son apog\u00e9e. C\u2019est cette richesse \u2013 et la n\u00e9cessit\u00e9 de saper le statut de superpuissance de la Chine en Asie \u2013 qui a ramen\u00e9 l\u2019Occident sur le devant de la sc\u00e8ne, mettant en place Aung San Suu Kyi comme leader dans un pays qui n\u2019a jamais chang\u00e9 fondamentalement mais s\u2019est refait une image pour ouvrir la voie au retour de la \u00ab\u00a0grosse industrie p\u00e9troli\u00e8re\u00a0\u00bb<\/p>\n<p>Cependant, les Rohingya en paient le prix.<\/p>\n<h4>Les Rohingyas sont les propri\u00e9taires naturels de leur terre ancestrale<\/h4>\n<p>Ne laissez pas la propagande officielle birmane vous induire en erreur. Les Rohingyas ne sont pas des \u00e9trangers, des intrus ou des immigrants en Birmanie.<\/p>\n<p>Le <a href=\"https:\/\/blogs.wsj.com\/indiarealtime\/2016\/12\/23\/timeline-a-short-history-of-myanmars-rohingya-minority\/\" target=\"_blank\" rel=\"noopener\">royaume d\u2019Arakan<\/a> remonte au 8\u00e8me si\u00e8cle. Dans les si\u00e8cles qui ont suivi, les habitants de ce royaume ont connu et embrass\u00e9 l\u2019islam gra\u0109e aux commer\u00e7ants arabes et, avec le temps, la r\u00e9gion est devenue majoritairement musulmane. Arakan est l\u2019\u00c9tat de Rakhine de la Birmanie d\u2019aujourd\u2019hui, o\u00f9 vit la plus grande partie des 1,2 million de Rohingyas estim\u00e9s.<\/p>\n<p>La fausse id\u00e9e selon laquelle les Rohingyas sont des \u00e9trangers a commenc\u00e9 \u00e0 \u00eatre propag\u00e9e en 1784 lorsque le roi birman a conquis Arakan et a forc\u00e9 des centaines de milliers de ses habitants \u00e0 fuir. Beaucoup de ceux qui ont \u00e9t\u00e9 expuls\u00e9s de leurs maisons vers le Bengale \u00e9taient finalement revenus.<\/p>\n<p>Les attaques contre les Rohingyas et les tentatives constantes de les expulser de Rakhine se sont suivies sur plusieurs p\u00e9riodes de l\u2019histoire. Quelques exemples : suite \u00e0 la d\u00e9faite des forces britanniques stationn\u00e9es en Birmanie face au Japon en 1942; en 1948 [ann\u00e9e de l\u2019ind\u00e9pendance de la Birmanie]; apr\u00e8s le coup d\u2019\u00c9tat foment\u00e9e par l\u2019arm\u00e9e birmane en 1962; \u00e0 la suite de la ainsi-nomm\u00e9e \u00ab\u00a0Op\u00e9ration Dragon King\u00a0\u00bb en 1977 quand la junte militaire a expuls\u00e9 vers le Bangladesh, de leurs villages et par la force, plus de 200 000 Rohingyas, et ainsi de suite\u2026<\/p>\n<p>En 1982 le gouvernement militaire a adopt\u00e9 la <a href=\"https:\/\/www.hrw.org\/reports\/2000\/burma\/burm005-02.htm\" target=\"_blank\" rel=\"noopener\">loi sur la citoyennet\u00e9<\/a> qui a priv\u00e9 la plupart des Rohingyas de leur citoyennet\u00e9, les d\u00e9clarant ill\u00e9gaux dans leur propre pays.<\/p>\n<p>La guerre contre les Rohingyas a recommenc\u00e9 en 2012. Chaque \u00e9pisode, depuis lors, voyait un r\u00e9cit identique : des \u00ab\u00a0affrontements entre villages\u00a0\u00bb entre les bouddhistes et Rohingyas, se terminant le plus souvent par l\u2019expulsion de dizaines de milliers de membres de ce dernier groupe de la baie de Bengale vers les jungles, et pour les survivants, vers les <a href=\"http:\/\/www.palestinechronicle.com\/rohingya-refugees-stuck-in-impossible-situation-photo-gallery-by-zoriah\/\" target=\"_blank\" rel=\"noopener\">camps de r\u00e9fugi\u00e9s<\/a>.<\/p>\n<h4>Silence et complicit\u00e9 internationale<\/h4>\n<p>Au milieu d\u2019un silence international, seuls quelques personnages respect\u00e9s comme le pape Francis ont parl\u00e9 en faveur des Rohingyas, celui-ci dans une <a href=\"http:\/\/www.independent.co.uk\/news\/world\/asia\/pope-francis-burma-myanmar-rohingya-muslims-genocide-claims-un-report-latest-a7568496.html\" target=\"_blank\" rel=\"noopener\">pri\u00e8re profond\u00e9ment \u00e9mouvante<\/a> diffus\u00e9e en f\u00e9vrier dernier.<\/p>\n<p>Les Rohingyas sont de \u00ab\u00a0bonnes personnes\u00a0\u00bb, a d\u00e9clar\u00e9 le pape. \u00ab\u00a0Ce sont des gens pacifiques, et ce sont nos fr\u00e8res et s\u0153urs\u00a0\u00bb. Son appel \u00e0 la justice n\u2019a jamais \u00e9t\u00e9 entendu.<\/p>\n<p>Les pays arabes et musulmans sont rest\u00e9s en grande partie silencieux malgr\u00e9 le <a href=\"https:\/\/www.rt.com\/news\/401966-grozny-rally-myanmar-muslims\/\" target=\"_blank\" rel=\"noopener\">toll\u00e9 public<\/a> pour que quelque chose soit entrepris pour mettre fin au g\u00e9nocide.<\/p>\n<p><a href=\"http:\/\/www.dailymail.co.uk\/news\/article-4852092\/The-leader-s-turning-blind-eye-genocide.html\" target=\"_blank\" rel=\"noopener\">Rapportant de Sittwe<\/a>, la capitale de Rakhine, l\u2019ancien journaliste britannique Peter Oborne a d\u00e9crit ce qu\u2019il a vu dans un article publi\u00e9 par Daily Mail le 4 septembre:<\/p>\n<p>\u00ab\u00a0Il y a seulement cinq ans, environ 50 000 membres de population de la ville estim\u00e9e \u00e0 180 000 habitants appartenaient \u00e0 l\u2019ethnie musulmane locale des Rohingyas. Aujourd\u2019hui, ils sont moins de 3000. Et ils ne sont pas libres de circuler dans les rues. Ils sont entass\u00e9s dans un petit ghetto entour\u00e9 de barbel\u00e9s. Des gardiens arm\u00e9s emp\u00eachent les visiteurs d\u2019entrer \u2013 et ne permettront pas aux Rohingyas musulmans de partir\u00a0\u00bb.<\/p>\n<p>Cette r\u00e9alit\u00e9 \u00e9tant incontournable gr\u00e2ce \u00e0 leurs nombreux \u00e9missaires sur le terrain, les gouvernements occidentaux ne connaissaient que trop bien ces faits incontestables. Mais ils veillaient \u00e0 les ignorer.<\/p>\n<p>Lorsque les soci\u00e9t\u00e9s am\u00e9ricaines, europ\u00e9ennes et japonaises se sont pr\u00e9cipit\u00e9es pour exploiter les tr\u00e9sors de la Birmanie, tout ce dont il \u00e9tait besoin \u00e9tait un <a href=\"https:\/\/www.washingtonpost.com\/news\/democracy-post\/wp\/2017\/07\/18\/its-time-for-the-u-s-to-pressure-burma-on-human-rights-once-again\/?utm_term=.ea724d31d3e2\" target=\"_blank\" rel=\"noopener\">signe d\u2019approbation<\/a> de la part du gouvernement am\u00e9ricain. L\u2019administration Barack Obama salua l\u2019ouverture de la Birmanie, m\u00eame avant les \u00e9lections de 2015 qui ont amen\u00e9 au pouvoir Aung San Suu Kyi et sa Ligue Nationale pour la D\u00e9mocratie.<\/p>\n<p>Apr\u00e8s cette date, la Birmanie est devenue une \u00ab\u00a0success story\u00a0\u00bb am\u00e9ricaine de plus, bien s\u00fbr indiff\u00e9rente au fait qu\u2019un g\u00e9nocide s\u2019y d\u00e9roulait depuis des ann\u00e9es.<\/p>\n<p>La violence en Birmanie est susceptible d\u2019augmenter et d\u2019atteindre d\u2019autres pays de l\u2019ASEAN, simplement parce que les deux principaux groupes ethniques et religieux dans ces pays sont constitu\u00e9s presque uniform\u00e9ment de bouddhistes et de musulmans.<\/p>\n<p>Le retour triomphant des \u00c9tats-Unis et de l\u2019Occident pour exploiter les richesse de la Birmanie, en m\u00eame temps que la rivalit\u00e9 entre les \u00c9tats-Unis et les Chinois, sont susceptibles de compliquer encore plus la situation si l\u2019ASEAN ne met pas fin \u00e0 son <a href=\"http:\/\/www.atimes.com\/article\/asean-dangerously-silent-rohingya-crisis\/\" target=\"_blank\" rel=\"noopener\">dramatique silence<\/a> et n\u2019avance pas une strat\u00e9gie d\u00e9termin\u00e9e pour faire pression sur la Birmanie afin de mettre un terme au g\u00e9nocide du peuple Rohingya.<\/p>\n<p>Les peuples du monde entier doivent prendre position. Les communaut\u00e9s religieuses doivent s\u2019exprimer. Les groupes de d\u00e9fense des droits de l\u2019Homme doivent faire davantage pour documenter les crimes du gouvernement birman et obliger ceux qui leur fournissent des armes \u00e0 rendre des comptes.<\/p>\n<p>Le respect\u00e9 \u00e9v\u00eaque sud-africain Desmond Tutu a <a href=\"https:\/\/www.theguardian.com\/world\/2017\/sep\/08\/desmond-tutu-condemns-aung-san-suu-kyi-price-of-your-silence-is-too-steep\" target=\"_blank\" rel=\"noopener\">s\u00e9v\u00e8rement admonest\u00e9<\/a> <a href=\"http:\/\/chroniquepalestine.com\/genocide-peuple-rohingya-aung-san-suu-kyi-etre-privee-prix-nobel-paix\/\">Aung San Suu Kyi<\/a> pour avoir ferm\u00e9 les yeux sur le g\u00e9nocide en cours.<\/p>\n<p>C\u2019est le moins que l\u2019on pouvait attendre de l\u2019homme qui s\u2019est oppos\u00e9 \u00e0 l\u2019Apartheid dans son pays et a \u00e9crit ces mots c\u00e9l\u00e8bres : \u00ab\u00a0Si vous \u00eates neutre dans des situations d\u2019injustice, c\u2019est que vous avez choisi le c\u00f4t\u00e9 de l\u2019oppresseur\u00a0\u00bb.<\/p>\n<p><img decoding=\"async\" class=\"alignleft size-full wp-image-1738\" src=\"http:\/\/chroniquepalestine.com\/wp-content\/uploads\/2017\/01\/a1-46.jpg\" alt=\"Ramzy Baroud\" width=\"110\" height=\"95\" \/><strong> * Dr Ramzy Baroud<\/strong> \u00e9crit sur le Moyen-Orient depuis plus de 20 ans. Il est chroniqueur international, consultant en m\u00e9dias, auteur de plusieurs livres et le fondateur de <a href=\"http:\/\/www.palestinechronicle.com\" target=\"_blank\" rel=\"noopener\">PalestineChronicle.com<\/a>. Son dernier livre, R\u00e9sistant en Palestine \u2013 Une histoire vraie de Gaza (version fran\u00e7aise), peut \u00eatre command\u00e9 \u00e0 <a href=\"http:\/\/www.editionsdemilune.com\/resistant-en-palestine-p-49.html\" target=\"_blank\" rel=\"noopener\">Demi-Lune<\/a>. Son livre, La deuxi\u00e8me Intifada (version fran\u00e7aise) est disponible sur <a href=\"http:\/\/href=\" target=\"_blank\" rel=\"noopener\">Scribest<\/a>. Visitez son <a href=\"http:\/\/www.ramzybaroud.net\" target=\"_blank\" rel=\"noopener\">site personnel<\/a>.<\/p>\n<p>Articles <a href=\"http:\/\/chroniquepalestine.com\/?s=ramzy%2Bbaroud&amp;x=0&amp;y=0\">du m\u00eame auteur<\/a>.<\/p>\n<p><em>13 septembre 2017 \u2013 <a href=\"http:\/\/www.palestinechronicle.com\/the-genocide-of-the-rohingya-big-oil-failed-democracy-and-false-prophets\/\" target=\"_blank\" rel=\"noopener\">Palestine Chronicle<\/a> \u2013 Traduction : <a href=\"http:\/\/www.chroniquepalestine.com\/genocide-peuple-rohingya-interets-petroliers-democratie-echec-faux-prophetes\">Chronique de Palestine<\/a> \u2013 Lotfallah <\/em><\/p>\n<p><a href=\"http:\/\/chroniquepalestine.com\/genocide-peuple-rohingya-interets-petroliers-democratie-echec-faux-prophetes\/\">Source<\/a><\/p>\n<\/div>\n","protected":false},"excerpt":{"rendered":"<p>Le g\u00e9nocide du peuple Rohingya : int\u00e9r\u00eats p\u00e9troliers, d\u00e9mocratie en \u00e9chec et faux proph\u00e8tes R\u00e9fugi\u00e9s arrivant au Bengladesh &#8211; Leur village de Garotibil a \u00e9t\u00e9 ravag\u00e9 et incendi\u00e9 par l&rsquo;arm\u00e9e birmane &#8211; Photo : Mahmoud Hossain Opu\/Al-Jazeera Ramzy Baroud \u2013 Dans une certaine mesure, Aung San Suu Kyi a jou\u00e9 le r\u00f4le du faux proph\u00e8te. &#8230; <a title=\"Le g\u00e9nocide du peuple Rohingya\" class=\"read-more\" href=\"https:\/\/bruxelles-pantheres.be\/?p=3356\" aria-label=\"En savoir plus sur Le g\u00e9nocide du peuple Rohingya\">Lire la suite<\/a><\/p>\n","protected":false},"author":1,"featured_media":3357,"comment_status":"open","ping_status":"open","sticky":false,"template":"","format":"standard","meta":{"footnotes":""},"categories":[36,4,18,28],"tags":[31,14,243],"class_list":["post-3356","post","type-post","status-publish","format-standard","has-post-thumbnail","hentry","category-europe","category-islamophobie","category-resistance-bruxelles","category-racismes","tag-belgique","tag-bruxelles","tag-rohingyas"],"_links":{"self":[{"href":"https:\/\/bruxelles-pantheres.be\/index.php?rest_route=\/wp\/v2\/posts\/3356","targetHints":{"allow":["GET"]}}],"collection":[{"href":"https:\/\/bruxelles-pantheres.be\/index.php?rest_route=\/wp\/v2\/posts"}],"about":[{"href":"https:\/\/bruxelles-pantheres.be\/index.php?rest_route=\/wp\/v2\/types\/post"}],"author":[{"embeddable":true,"href":"https:\/\/bruxelles-pantheres.be\/index.php?rest_route=\/wp\/v2\/users\/1"}],"replies":[{"embeddable":true,"href":"https:\/\/bruxelles-pantheres.be\/index.php?rest_route=%2Fwp%2Fv2%2Fcomments&post=3356"}],"version-history":[{"count":3,"href":"https:\/\/bruxelles-pantheres.be\/index.php?rest_route=\/wp\/v2\/posts\/3356\/revisions"}],"predecessor-version":[{"id":3361,"href":"https:\/\/bruxelles-pantheres.be\/index.php?rest_route=\/wp\/v2\/posts\/3356\/revisions\/3361"}],"wp:featuredmedia":[{"embeddable":true,"href":"https:\/\/bruxelles-pantheres.be\/index.php?rest_route=\/wp\/v2\/media\/3357"}],"wp:attachment":[{"href":"https:\/\/bruxelles-pantheres.be\/index.php?rest_route=%2Fwp%2Fv2%2Fmedia&parent=3356"}],"wp:term":[{"taxonomy":"category","embeddable":true,"href":"https:\/\/bruxelles-pantheres.be\/index.php?rest_route=%2Fwp%2Fv2%2Fcategories&post=3356"},{"taxonomy":"post_tag","embeddable":true,"href":"https:\/\/bruxelles-pantheres.be\/index.php?rest_route=%2Fwp%2Fv2%2Ftags&post=3356"}],"curies":[{"name":"wp","href":"https:\/\/api.w.org\/{rel}","templated":true}]}}