{"id":3362,"date":"2017-09-22T18:48:20","date_gmt":"2017-09-22T17:48:20","guid":{"rendered":"https:\/\/bruxelles-pantheres.be\/?p=3362"},"modified":"2017-09-22T18:52:46","modified_gmt":"2017-09-22T17:52:46","slug":"rien-n-va-plus","status":"publish","type":"post","link":"https:\/\/bruxelles-pantheres.be\/?p=3362","title":{"rendered":"Rien n-va plus"},"content":{"rendered":"<p>\u00ab\u00a0Justice et dignit\u00e9 pour tous, Stop aux politiques de guerres int\u00e9rieure et ext\u00e9rieure !<br \/>\nC\u2019est pourquoi nous nous r\u00e9unirons devant l\u2019h\u00f4tel Hilton, jour de comm\u00e9moration de l\u2019assassinat de S\u00e9mira Adamu et \u00e9galement date d\u2019un colloque r\u00e9unissant Jan Jambon et Th\u00e9o Francken.<br \/>\nSoyez pr\u00e9sent \u00e0 19H30 devant l\u2019Hotel Hilton , 3 Carrefour de l\u2019Europe (sortie de la gare centrale) 1000 Bruxelles \u00a0\u00bb<\/p>\n<p style=\"text-align: center;\"><a href=\"https:\/\/bruxelles-pantheres.be\/wp-content\/uploads\/2017\/09\/21752176_175635766343282_4755093811889183529_n.jpg\"><img decoding=\"async\" class=\"alignnone size-full wp-image-3363\" src=\"https:\/\/bruxelles-pantheres.be\/wp-content\/uploads\/2017\/09\/21752176_175635766343282_4755093811889183529_n.jpg\" alt=\"\" width=\"480\" height=\"288\" srcset=\"https:\/\/bruxelles-pantheres.be\/wp-content\/uploads\/2017\/09\/21752176_175635766343282_4755093811889183529_n.jpg 480w, https:\/\/bruxelles-pantheres.be\/wp-content\/uploads\/2017\/09\/21752176_175635766343282_4755093811889183529_n-300x180.jpg 300w\" sizes=\"(max-width: 480px) 100vw, 480px\" \/><\/a><\/p>\n<p>Communiqu\u00e9 de Presse<br \/>\nPerscommuniqu\u00e9<\/p>\n<p>(Fran\u00e7ais en bas)<\/p>\n<p>&#8212;&#8211; Nederlands &#8212;&#8211;<\/p>\n<p>Een peiling van 11.11.11 toont aan dat een grote meerderheid van de Nederlandstalige Belgen solidair is met vluchtelingen, hen wil ondersteunen en van mening is dat de politieke wereld zich moet engageren om vluchtelingen op te vangen en te helpen. <a href=\"http:\/\/www.11.be\/component\/zoo\/item\/vlaming-is-solidair-met-vluchtelingen-en-wil-menswaardige-opvang\">(kijk hier voor de peiling).<\/a><\/p>\n<p>Meer in detail toont de peiling dat 86% van mening is dat elk mens rechten heeft die altijd en overal gelden. 81% vindt het belangrijk zich solidair te tonen met mensen in moeilijkheden zoals vluchtelingen. 78% is van mening dat vluchtelingen recht hebben op een onderkomen in Europa.*<\/p>\n<p>Als individuen en organisaties, merken we dat rondom ons: de bevolking erkent zich niet in de politiek van deze regering, de harde lijn en de onmenselijke politiek die de N-VA oplegt. De razzia\u2019s, de opsluitingen en uitwijzingen van mensen zonder papieren, de samenwerking met dictatoriale regimes, de actieve deelname in imperialistische oorlogen, de deportaties van mensen die legaal in het land zijn en soms zelfs hier geboren, het afnemen van de nationaliteit, &#8230; en meer algemeen: de politiek van racistische haat en islamofobie die ons wil doen geloven dat er ondermensen en inwoners van tweede klasse zijn wordt niet gedeeld door de bevolking.<\/p>\n<p>Tegelijkertijd drijft de regering zoveel mogelijk het aantal razzia\u2019s op mensen zonder papieren op, in het openbaar vervoer, waar ze kamperen, en zelfs tot in de rij voor de Dienst Vreemdelingenzaken, zodat mensen niet eens een asielaanvraag kunnen indienen.<\/p>\n<p>Onze conclusie is duidelijk: deze politiek vertegenwoordigt ons niet. Wij willen gerechtigheid en waardigheid voor iedereen. Stop aan de oorlogspolitiek in binnen- en buitenland.<\/p>\n<p>Daarom komen we samen voor het Hilton Hotel, op de herdenkingsdag van de moord op Semira Adamu en tevens de dag waar Theo Francken en Jan Jambon hun politiek willen verdedigen.<\/p>\n<p>Sluit je aan bij onze actie, om 19u00 voor het Hilton Hotel, Europakruispunt aan de uitgang van het Centraal Station te Brussel.<\/p>\n<p>*Andere peilingen geven gelijkaardige resultaten. Zoals die van het World Economic Forum (WEF) die aantoont dat 72% van de jongeren vluchtelingen in hun land wil ontvangen. Een nog grotere peiling van de Tent Foundation, met meer dan 12.000 deelnemers in 12 landen, wijst uit dat drie mensen op vier opvang van vluchtelingen in hun land steunt. Dat getal blijft stabiel doorheen de jaren.<\/p>\n<p>&#8212;&#8211; Fran\u00e7ais &#8212;&#8211;<\/p>\n<p>Un sondage de 11.11.11. montre qu\u2019une grande majorit\u00e9 des Belges n\u00e9erlandophones sont solidaires avec les r\u00e9fugi\u00e9s, veulent les soutenir et sont d\u2019avis que le monde politique doit s\u2019engager \u00e0 les accueillir et les aider.<a href=\"http:\/\/www.11.be\/component\/zoo\/item\/vlaming-is-solidair-met-vluchtelingen-en-wil-menswaardige-opvang\"> (voir le sondage ici)<\/a><\/p>\n<p>En d\u00e9tail, le sondage montre que 86% est d\u2019avis que chaque \u00eatre humain a des droits humains qui sont d\u2019applications immuablement et partout. 81% trouve important de se montrer solidaire avec des gens en difficult\u00e9 comme les r\u00e9fugi\u00e9s. 78% est d\u2019avis que les r\u00e9fugi\u00e9s on droit \u00e0 un toit en Europe.*<\/p>\n<p>En tant qu\u2019 individus et organisations, c\u2019est ce que nous ressentons autour de nous: la population ne se retrouve pas dans la politique de notre gouvernement, la ligne dure et la politique inhumaine qu\u2019impose la N-VA. Les rafles, enfermements et expulsions de personnes sans-papiers, la collaboration avec des r\u00e9gimes dictatoriaux, la participation active dans des guerres imp\u00e9rialistes, les d\u00e9portations de gens r\u00e9sidant l\u00e9galement et m\u00eame parfois n\u00e9s sur le territoire, la d\u00e9ch\u00e9ance de nationalit\u00e9,&#8230; plus g\u00e9n\u00e9ralement, cette politique de haine raciste et islamophobe qui laisse croire qu&rsquo;il existe des sous-hommes et des citoyens de seconde zone n\u2019est pas partag\u00e9e par la population.<\/p>\n<p>En parall\u00e8le, le gouvernement intensifie autant que possible les rafles de personnes Sans-papiers, dans les transports, les camps de fortune, les occupations et m\u00eame jusque dans la file devant l&rsquo;Office des \u00e9trangers, emp\u00eachant les individus d&rsquo;entreprendre la moindre d\u00e9marche de demande d&rsquo;asile !<\/p>\n<p>Notre conclusion est claire ; \u201cils ne nous repr\u00e9sentent pas\u201d. Justice et dignit\u00e9 pour tous, Stop aux politiques de guerres int\u00e9rieure et ext\u00e9rieure !<br \/>\nC\u2019est pourquoi nous nous r\u00e9unirons devant l\u2019h\u00f4tel Hilton, jour de comm\u00e9moration de l\u2019assassinat de S\u00e9mira Adamu et \u00e9galement date d\u2019un colloque r\u00e9unissant Jan Jambon et Th\u00e9o Francken.<br \/>\nSoyez pr\u00e9sent \u00e0 19H30 devant l\u2019Hotel Hilton , 3 Carrefour de l\u2019Europe (sortie de la gare centrale) 1000 Bruxelles<\/p>\n<p>*D\u2019autres sondages, comme celle du World Economic Forum (WEF) montre que 72% des jeunes veulent accueillir les r\u00e9fugi\u00e9s dans leurs pays. Et une grande enqu\u00eate de Tent Foundation, avec plus de 12.000 participants en 12 pays montre que trois personnes sur quatre soutiennent l\u2019accueil de r\u00e9fugi\u00e9s dans leur pays. Ce nombre reste stable les derniers ann\u00e9es.<\/p>\n","protected":false},"excerpt":{"rendered":"<p>\u00ab\u00a0Justice et dignit\u00e9 pour tous, Stop aux politiques de guerres int\u00e9rieure et ext\u00e9rieure ! C\u2019est pourquoi nous nous r\u00e9unirons devant l\u2019h\u00f4tel Hilton, jour de comm\u00e9moration de l\u2019assassinat de S\u00e9mira Adamu et \u00e9galement date d\u2019un colloque r\u00e9unissant Jan Jambon et Th\u00e9o Francken. Soyez pr\u00e9sent \u00e0 19H30 devant l\u2019Hotel Hilton , 3 Carrefour de l\u2019Europe (sortie de &#8230; <a title=\"Rien n-va plus\" class=\"read-more\" href=\"https:\/\/bruxelles-pantheres.be\/?p=3362\" aria-label=\"En savoir plus sur Rien n-va plus\">Lire la suite<\/a><\/p>\n","protected":false},"author":1,"featured_media":3364,"comment_status":"open","ping_status":"open","sticky":false,"template":"","format":"standard","meta":{"footnotes":""},"categories":[36,8,18,28,39,5],"tags":[244,241],"class_list":["post-3362","post","type-post","status-publish","format-standard","has-post-thumbnail","hentry","category-europe","category-prisons","category-resistance-bruxelles","category-racismes","category-sans-papier","category-violence-policiere","tag-rafles","tag-sans-papiers"],"_links":{"self":[{"href":"https:\/\/bruxelles-pantheres.be\/index.php?rest_route=\/wp\/v2\/posts\/3362","targetHints":{"allow":["GET"]}}],"collection":[{"href":"https:\/\/bruxelles-pantheres.be\/index.php?rest_route=\/wp\/v2\/posts"}],"about":[{"href":"https:\/\/bruxelles-pantheres.be\/index.php?rest_route=\/wp\/v2\/types\/post"}],"author":[{"embeddable":true,"href":"https:\/\/bruxelles-pantheres.be\/index.php?rest_route=\/wp\/v2\/users\/1"}],"replies":[{"embeddable":true,"href":"https:\/\/bruxelles-pantheres.be\/index.php?rest_route=%2Fwp%2Fv2%2Fcomments&post=3362"}],"version-history":[{"count":2,"href":"https:\/\/bruxelles-pantheres.be\/index.php?rest_route=\/wp\/v2\/posts\/3362\/revisions"}],"predecessor-version":[{"id":3367,"href":"https:\/\/bruxelles-pantheres.be\/index.php?rest_route=\/wp\/v2\/posts\/3362\/revisions\/3367"}],"wp:featuredmedia":[{"embeddable":true,"href":"https:\/\/bruxelles-pantheres.be\/index.php?rest_route=\/wp\/v2\/media\/3364"}],"wp:attachment":[{"href":"https:\/\/bruxelles-pantheres.be\/index.php?rest_route=%2Fwp%2Fv2%2Fmedia&parent=3362"}],"wp:term":[{"taxonomy":"category","embeddable":true,"href":"https:\/\/bruxelles-pantheres.be\/index.php?rest_route=%2Fwp%2Fv2%2Fcategories&post=3362"},{"taxonomy":"post_tag","embeddable":true,"href":"https:\/\/bruxelles-pantheres.be\/index.php?rest_route=%2Fwp%2Fv2%2Ftags&post=3362"}],"curies":[{"name":"wp","href":"https:\/\/api.w.org\/{rel}","templated":true}]}}