{"id":3368,"date":"2017-09-22T18:58:11","date_gmt":"2017-09-22T17:58:11","guid":{"rendered":"https:\/\/bruxelles-pantheres.be\/?p=3368"},"modified":"2017-09-22T18:58:11","modified_gmt":"2017-09-22T17:58:11","slug":"faut-il-accueillir-plus-de-demandeurs-dasile-en-belgique","status":"publish","type":"post","link":"https:\/\/bruxelles-pantheres.be\/?p=3368","title":{"rendered":"Faut-il accueillir plus de demandeurs d&rsquo;asile en Belgique?"},"content":{"rendered":"<div class=\"row\">\n<div class=\"col-sm-12 block_item__double-sm block_item__triple\">\n<div class=\"article\">\n<header>\n<p class=\"article-productionData\">\u00a0<time title=\"vendredi 27 septembre 2013 \u00e0 07h03\" datetime=\"2013-09-27 07:03:22\"><\/time><\/p>\n<\/header>\n<div class=\"illustration-img\"><img decoding=\"async\" class=\"illustration-img_img\" title=\"\u00a9 BELGA\" src=\"http:\/\/o1.llb.be\/image\/thumb\/523ac4e035703eef3a013889.jpg\" alt=\"\" data-srcset=\"{&quot;140&quot;:&quot;http:\/\/o3.llb.be\/image\/thumb\/523ac4e035703eef3a013888.jpg&quot;,&quot;300&quot;:&quot;http:\/\/o1.llb.be\/image\/thumb\/523ac4e035703eef3a01388a.jpg&quot;,&quot;620&quot;:&quot;http:\/\/o3.llb.be\/image\/thumb\/523ac4e03570bed7db9998d8.jpg&quot;,&quot;940&quot;:&quot;http:\/\/o1.llb.be\/image\/thumb\/523ac4e035703eef3a013889.jpg&quot;}\" data-src=\"http:\/\/o1.llb.be\/image\/thumb\/523ac4e035703eef3a013889.jpg\" \/><\/div>\n<div class=\"article-shareBox addthis_sharing_toolbox\" data-url=\"http:\/\/www.lalibre.be\/debats\/ripostes\/faut-il-accueillir-plus-de-demandeurs-d-asile-en-belgique-523a741f35703eef3a0104d6\" data-title=\"Faut-il accueillir plus de demandeurs d'asile en Belgique?\"><\/div>\n<\/div>\n<\/div>\n<\/div>\n<div class=\"row\">\n<div class=\"col-md-8 block_item__double-md\">\n<div class=\"article\">\n<div id=\"article-text\" class=\"article-text\">\n<p>L\u2019histoire montre que quand on accepte des migrants ou des demandeurs d\u2019asile et qu\u2019on leur permet de s\u2019int\u00e9grer et de travailler, ils contribuent \u00e0 la richesse du pays. Si l\u2019on s\u2019acheminait vers la libert\u00e9 de circulation, en Belgique mais forc\u00e9ment aussi en Europe, on n\u2019aurait pas affaire \u00e0 des millions de personnes mais \u00e0 quelques milliers et tout le monde en profiterait.<\/p>\n<h1>OUI<\/h1>\n<p>Mathieu Bietlot , Coordinateur politique \u00e0 Bruxelles La\u00efque: \u00ab\u00a0Ces personnes ne repr\u00e9sentent pas \u00ab\u00a0la mis\u00e8re du monde\u00a0\u00bb : elles peuvent apporter des choses au pays. L\u2019histoire montre que quand on accepte des migrants ou des demandeurs d\u2019asile et qu\u2019on leur permet de s\u2019int\u00e9grer et de travailler, ils contribuent \u00e0 la richesse du pays.\u00a0\u00bb<\/p>\n<p><b> Avec le soutien de nombreuses organisations (dont le Cal, la CNE, Ecolo, la FGTB wallonne et l\u2019ULB), vous organisez ce dimanche un meeting-concert \u00e0 Bruxelles, en hommage \u00e0 Semira Adamu, pour rappeler vos revendications en mati\u00e8re d\u2019immigration et de droit d\u2019asile. N\u2019est-ce pas surfer sur une \u00e9motion l\u00e9gitime?\u00a0 <\/b><\/p>\n<p>Nous entretenons la m\u00e9moire d\u2019un \u00e9v\u00e9nement qui a fortement marqu\u00e9 l\u2019histoire de la Belgique. Les probl\u00e8mes de centres ferm\u00e9s et d\u2019expulsions de candidats-r\u00e9fugi\u00e9s existaient avec la mort de Semira, mais ce drame a \u00e9t\u00e9 un moment d\u00e9clencheur dans une prise de conscience de la population g\u00e9n\u00e9rale, plus large que les associations qui travaillaient d\u00e9j\u00e0 ces questions. Ce n\u2019est donc pas surfer sur l\u2019\u00e9motionnel mais bien d\u2019expliquer que c\u2019est une histoire embl\u00e9matique des violences et du non-respect des droits humains, jusqu\u2019\u00e0 la vie humaine.<\/p>\n<p><b> Dans vos revendications, vous dites que vous voulez supprimer les centres ferm\u00e9s. Est-ce r\u00e9aliste?\u00a0 <\/b><\/p>\n<p>Nous avons choisi des mots d\u2019ordre assez radicaux pour lancer un vrai d\u00e9bat de soci\u00e9t\u00e9. Cela ne se fera pas du jour au lendemain, mais ces centres ferm\u00e9s posent de tr\u00e8s gros probl\u00e8mes en termes de respect des droits humains, mais en plus, ils ne sont pas efficaces pour ma\u00eetriser les ph\u00e9nom\u00e8nes migratoires comme les responsables politiques le pr\u00e9tendent. C\u2019est donc une institution que l\u2019on pourrait supprimer en mettant en place d\u2019autres mani\u00e8res pour inciter les gens qui n\u2019ont plus le droit de rester sur le territoire de rentrer chez eux. D\u2019ailleurs, les directives europ\u00e9ennes pr\u00e9cisent que l\u2019enfermement ne peut \u00eatre utilis\u00e9 qu\u2019en dernier recours. Or, en Belgique, nous avons une politique d\u2019enfermement quasi-syst\u00e9matique, avant m\u00eame qu\u2019on n\u2019ait pu examiner s\u2019il y avait d\u2019autres moyens. Par exemple, une assignation \u00e0 r\u00e9sidence ou l\u2019obligation pour les personnes de se pr\u00e9senter r\u00e9guli\u00e8rement \u00e0 l\u2019Office des \u00e9trangers.<\/p>\n<p><b> Vous pr\u00f4nez aussi l\u2019arr\u00eat des expulsions forc\u00e9es. <\/b><\/p>\n<p>Comment faire alors avec les personnes r\u00e9fugi\u00e9es qui ont re\u00e7u un ordre de quitter le territoire ? Nous persistons \u00e0 penser que cet ordre ne justifie pas soit la r\u00e9tention, soit l\u2019expulsion forc\u00e9e avec toutes les violences que cela engendre. Mais nous ne sommes pas ang\u00e9listes. Nous savons qu\u2019un certain nombre de personnes ayant re\u00e7u l\u2019ordre de quitter le territoire resteront en effet en Belgique comme clandestins, mais nous estimons que, du point de vue des droits humains, le respect des principes de l\u2019Etat de droit est plus important que ces quelques cas qui seraient marginaux. Cela nous appara\u00eet un risque \u00e0 assumer qui serait moins co\u00fbteux pour notre pays, ne f\u00fbt-ce qu\u2019en termes financiers puisque c\u2019est cela qui est souvent mis en avant.<\/p>\n<p><b> Cela doit \u00eatre un premier pas, dites-vous, vers la \u00ab\u00a0libert\u00e9 de circulation pour toutes et tous\u00a0\u00bb. Jusqu\u2019o\u00f9 voulez-vous aller?\u00a0 <\/b><\/p>\n<p>Et pensez-vous que la Belgique est capable, comme le disait Michel Rocard, d\u2019accueillir toute la mis\u00e8re du monde ? Justement, n\u2019est-ce pas toute la mis\u00e8re du monde. Tout le monde ne souhaite pas venir en Belgique et n\u2019a pas envie de quitter son pays pour refaire sa vie ailleurs. Les gens qui sont en fuite de la pers\u00e9cution vont plus vers des pays proches que vers l\u2019Europe et la Belgique en particulier. De plus, ces personnes ne repr\u00e9sentent pas \u00ab\u00a0la mis\u00e8re du monde\u00a0\u00bb : elles peuvent apporter des choses au pays. L\u2019histoire montre que quand on accepte des migrants ou des demandeurs d\u2019asile et qu\u2019on leur permet de s\u2019int\u00e9grer et de travailler, ils contribuent \u00e0 la richesse du pays. Si l\u2019on s\u2019acheminait vers la libert\u00e9 de circulation, en Belgique mais forc\u00e9ment aussi en Europe, on n\u2019aurait pas affaire \u00e0 des millions de personnes mais \u00e0 quelques milliers et tout le monde en profiterait.<\/p>\n<p><b> La politique du gouvernement, appliqu\u00e9e par Maggie De Block, d\u2019acc\u00e9l\u00e9rer le traitement des dossiers n\u2019est-elle pas plus humaine \u00e0 l\u2019endroit des demandeurs d\u2019asile plut\u00f4t que de les entretenir pendant des mois et des ann\u00e9es dans l\u2019espoir qu\u2019ils pourront rester? <\/b><\/p>\n<p>C\u2019est effectivement un leitmotiv des r\u00e9formes successives de la politique d\u2019asile. Mais toutes ces r\u00e9formes ne fonctionnent pas sur le long terme. On acc\u00e9l\u00e8re certes les proc\u00e9dures mais leur qualit\u00e9 est de plus en plus critiquable. Ce sont des dossiers qui sont trait\u00e9s de mani\u00e8re exp\u00e9ditive au d\u00e9triment du droit des personnes.<\/p>\n<p><a href=\"http:\/\/www.lalibre.be\/debats\/ripostes\/faut-il-accueillir-plus-de-demandeurs-d-asile-en-belgique-523a741f35703eef3a0104d6\">Source<\/a><\/p>\n<p><span class=\"article-productionData-author\">Jean-Paul Duch\u00e2teau<\/span><\/p>\n<\/div>\n<\/div>\n<\/div>\n<\/div>\n","protected":false},"excerpt":{"rendered":"<p>\u00a0 L\u2019histoire montre que quand on accepte des migrants ou des demandeurs d\u2019asile et qu\u2019on leur permet de s\u2019int\u00e9grer et de travailler, ils contribuent \u00e0 la richesse du pays. Si l\u2019on s\u2019acheminait vers la libert\u00e9 de circulation, en Belgique mais forc\u00e9ment aussi en Europe, on n\u2019aurait pas affaire \u00e0 des millions de personnes mais \u00e0 &#8230; <a title=\"Faut-il accueillir plus de demandeurs d&rsquo;asile en Belgique?\" class=\"read-more\" href=\"https:\/\/bruxelles-pantheres.be\/?p=3368\" aria-label=\"En savoir plus sur Faut-il accueillir plus de demandeurs d&rsquo;asile en Belgique?\">Lire la suite<\/a><\/p>\n","protected":false},"author":1,"featured_media":2724,"comment_status":"open","ping_status":"open","sticky":false,"template":"","format":"standard","meta":{"footnotes":""},"categories":[36,8,18,28,39,5],"tags":[241,245],"class_list":["post-3368","post","type-post","status-publish","format-standard","has-post-thumbnail","hentry","category-europe","category-prisons","category-resistance-bruxelles","category-racismes","category-sans-papier","category-violence-policiere","tag-sans-papiers","tag-semira-adamu"],"_links":{"self":[{"href":"https:\/\/bruxelles-pantheres.be\/index.php?rest_route=\/wp\/v2\/posts\/3368","targetHints":{"allow":["GET"]}}],"collection":[{"href":"https:\/\/bruxelles-pantheres.be\/index.php?rest_route=\/wp\/v2\/posts"}],"about":[{"href":"https:\/\/bruxelles-pantheres.be\/index.php?rest_route=\/wp\/v2\/types\/post"}],"author":[{"embeddable":true,"href":"https:\/\/bruxelles-pantheres.be\/index.php?rest_route=\/wp\/v2\/users\/1"}],"replies":[{"embeddable":true,"href":"https:\/\/bruxelles-pantheres.be\/index.php?rest_route=%2Fwp%2Fv2%2Fcomments&post=3368"}],"version-history":[{"count":1,"href":"https:\/\/bruxelles-pantheres.be\/index.php?rest_route=\/wp\/v2\/posts\/3368\/revisions"}],"predecessor-version":[{"id":3369,"href":"https:\/\/bruxelles-pantheres.be\/index.php?rest_route=\/wp\/v2\/posts\/3368\/revisions\/3369"}],"wp:featuredmedia":[{"embeddable":true,"href":"https:\/\/bruxelles-pantheres.be\/index.php?rest_route=\/wp\/v2\/media\/2724"}],"wp:attachment":[{"href":"https:\/\/bruxelles-pantheres.be\/index.php?rest_route=%2Fwp%2Fv2%2Fmedia&parent=3368"}],"wp:term":[{"taxonomy":"category","embeddable":true,"href":"https:\/\/bruxelles-pantheres.be\/index.php?rest_route=%2Fwp%2Fv2%2Fcategories&post=3368"},{"taxonomy":"post_tag","embeddable":true,"href":"https:\/\/bruxelles-pantheres.be\/index.php?rest_route=%2Fwp%2Fv2%2Ftags&post=3368"}],"curies":[{"name":"wp","href":"https:\/\/api.w.org\/{rel}","templated":true}]}}