{"id":3370,"date":"2017-09-22T19:01:03","date_gmt":"2017-09-22T18:01:03","guid":{"rendered":"https:\/\/bruxelles-pantheres.be\/?p=3370"},"modified":"2017-09-22T19:19:02","modified_gmt":"2017-09-22T18:19:02","slug":"semira-adamu-on-noublie-pas","status":"publish","type":"post","link":"https:\/\/bruxelles-pantheres.be\/?p=3370","title":{"rendered":"Semira Adamu: on n&rsquo;oublie pas"},"content":{"rendered":"<p><iframe src=\"https:\/\/www.youtube.com\/embed\/YbyEo62Q6jw\" width=\"560\" height=\"315\" frameborder=\"0\" allowfullscreen=\"allowfullscreen\"><\/iframe><br \/>\n<a href=\"https:\/\/bruxelles-pantheres.be\/wp-content\/uploads\/2017\/09\/21765781_1655291594562158_3808541508883077628_o.jpg\"><img decoding=\"async\" class=\"aligncenter wp-image-3371 size-full\" src=\"https:\/\/bruxelles-pantheres.be\/wp-content\/uploads\/2017\/09\/21765781_1655291594562158_3808541508883077628_o.jpg\" alt=\"\" width=\"526\" height=\"789\" srcset=\"https:\/\/bruxelles-pantheres.be\/wp-content\/uploads\/2017\/09\/21765781_1655291594562158_3808541508883077628_o.jpg 526w, https:\/\/bruxelles-pantheres.be\/wp-content\/uploads\/2017\/09\/21765781_1655291594562158_3808541508883077628_o-200x300.jpg 200w\" sizes=\"(max-width: 526px) 100vw, 526px\" \/><\/a><\/p>\n<div class=\"cartouche\">\n<pre class=\"titre-texte\">Le proc\u00e8s \"Semira Adamu\"<\/pre>\n<\/div>\n<div class=\"menu\">\n<ul class=\"divers\" title=\"Mots-cl\u00e9s associ\u00e9s \u00e0 la rubrique\">\n<li>\n<div class=\"menu-titre\"><a href=\"http:\/\/ccle.collectifs.net\/+-Edito,2-+\">Edito<\/a><\/div>\n<ul class=\"menu-liste\">\n<li class=\"menu-item\"><a title=\"\" href=\"http:\/\/ccle.collectifs.net\/-Le-proces-Semira-Adamu-\">Le proc\u00e8s \u00ab\u00a0Semira Adamu\u00a0\u00bb<\/a><\/li>\n<\/ul>\n<\/li>\n<\/ul>\n<\/div>\n<div class=\"menu\">\n<ul class=\"rubriques\" title=\"Sous-rubriques\">\n<li>\n<div class=\"menu-titre\"><a href=\"http:\/\/ccle.collectifs.net\/-revue-de-presse-autour-du-dossier-\">revue de presse autour du dossier<\/a><\/div>\n<\/li>\n<li>\n<div class=\"menu-titre\"><a href=\"http:\/\/ccle.collectifs.net\/-Revue-de-presse-du-proces-\">Revue de presse du proc\u00e8s<\/a><\/div>\n<\/li>\n<\/ul>\n<\/div>\n<pre class=\"encart\">\r\n\r\n<\/pre>\n<div class=\"liste-articles\">\n<pre><a href=\"http:\/\/ccle.collectifs.net\/Note-sur-le-dossier-Semira-Adamu\">Note sur le dossier Semira Adamu<\/a>\r\n\r\nmardi 20 mars 2001\r\n\r\n<a href=\"http:\/\/ccle.collectifs.net\/Les-onze-dernieres-minutes-de\">Les onze derni\u00e8res minutes de Semira Adamu<\/a>\r\n\r\nmercredi 6 f\u00e9vrier 2002\r\n\r\n<a href=\"http:\/\/ccle.collectifs.net\/Semira-une-fuite-et-un-oubli\">Semira, une fuite et un \" oubli \"<\/a>\r\n\r\ndimanche 10 f\u00e9vrier 2002\r\n\r\n<a href=\"http:\/\/ccle.collectifs.net\/L-audition-du-ministre-Vande\">L\u2019audition du ministre Vande Lanotte<\/a>\r\n\r\nmercredi 27 mars 2002\r\n\r\n<a href=\"http:\/\/ccle.collectifs.net\/Synthese-des-medias\">Synth\u00e8se des m\u00e9dias<\/a>\r\n\r\nmardi 9 septembre 2003\r\n\r\n<a href=\"http:\/\/ccle.collectifs.net\/Resume-de-la-premiere-audience\">R\u00e9sum\u00e9 de la premi\u00e8re audience <\/a>\r\n\r\nmercredi 10 septembre 2003\r\n\r\n<a title=\"Lise Thiry\" href=\"http:\/\/ccle.collectifs.net\/Temoignage-de-Lise-Thiry-marraine\">T\u00e9moignage de Lise Thiry, marraine de Semira Adamu, \u00e0 propos du proc\u00e8s des gendarmes<\/a>\r\n\r\nmercredi 10 septembre 2003\r\n\r\n<a href=\"http:\/\/ccle.collectifs.net\/Resume-de-la-deuxieme-journee-d\">R\u00e9sum\u00e9 de la deuxi\u00e8me journ\u00e9e d\u2019audience<\/a>\r\n\r\njeudi 11 septembre 2003\r\n\r\n<a href=\"http:\/\/ccle.collectifs.net\/Lettre-ouverte-au-ministre-de-la\">Lettre ouverte au ministre de la justice<\/a>\r\n\r\nvendredi 26 septembre 2003\r\n\r\n<a href=\"http:\/\/ccle.collectifs.net\/Ni-crime-ni-coupables-les\">Ni crime, ni coupables\u00a0: les dysfonctionnements au pouvoir<\/a>\r\n\r\nmardi 14 octobre 2003\r\n\r\n<a href=\"http:\/\/ccle.collectifs.net\/Toute-la-violence-venait-de-l\">Toute la violence venait de l\u2019ext\u00e9rieur<\/a>\r\n\r\njeudi 16 octobre 2003\r\n\r\n<a href=\"http:\/\/ccle.collectifs.net\/Pas-de-justice-pour-Semira-Adamu\">Pas de justice pour Semira Adamu<\/a>\r\n\r\njeudi 18 d\u00e9cembre 2003<\/pre>\n<\/div>\n","protected":false},"excerpt":{"rendered":"<p>Le proc\u00e8s \u00ab\u00a0Semira Adamu\u00a0\u00bb Edito Le proc\u00e8s \u00ab\u00a0Semira Adamu\u00a0\u00bb revue de presse autour du dossier Revue de presse du proc\u00e8s Note sur le dossier Semira Adamu mardi 20 mars 2001 Les onze derni\u00e8res minutes de Semira Adamu mercredi 6 f\u00e9vrier 2002 Semira, une fuite et un \u00a0\u00bb oubli \u00a0\u00bb dimanche 10 f\u00e9vrier 2002 L\u2019audition du &#8230; <a title=\"Semira Adamu: on n&rsquo;oublie pas\" class=\"read-more\" href=\"https:\/\/bruxelles-pantheres.be\/?p=3370\" aria-label=\"En savoir plus sur Semira Adamu: on n&rsquo;oublie pas\">Lire la suite<\/a><\/p>\n","protected":false},"author":1,"featured_media":3371,"comment_status":"open","ping_status":"open","sticky":false,"template":"","format":"standard","meta":{"footnotes":""},"categories":[36,7,8,28,39,5],"tags":[245],"class_list":["post-3370","post","type-post","status-publish","format-standard","has-post-thumbnail","hentry","category-europe","category-negrophobie","category-prisons","category-racismes","category-sans-papier","category-violence-policiere","tag-semira-adamu"],"_links":{"self":[{"href":"https:\/\/bruxelles-pantheres.be\/index.php?rest_route=\/wp\/v2\/posts\/3370","targetHints":{"allow":["GET"]}}],"collection":[{"href":"https:\/\/bruxelles-pantheres.be\/index.php?rest_route=\/wp\/v2\/posts"}],"about":[{"href":"https:\/\/bruxelles-pantheres.be\/index.php?rest_route=\/wp\/v2\/types\/post"}],"author":[{"embeddable":true,"href":"https:\/\/bruxelles-pantheres.be\/index.php?rest_route=\/wp\/v2\/users\/1"}],"replies":[{"embeddable":true,"href":"https:\/\/bruxelles-pantheres.be\/index.php?rest_route=%2Fwp%2Fv2%2Fcomments&post=3370"}],"version-history":[{"count":3,"href":"https:\/\/bruxelles-pantheres.be\/index.php?rest_route=\/wp\/v2\/posts\/3370\/revisions"}],"predecessor-version":[{"id":3375,"href":"https:\/\/bruxelles-pantheres.be\/index.php?rest_route=\/wp\/v2\/posts\/3370\/revisions\/3375"}],"wp:featuredmedia":[{"embeddable":true,"href":"https:\/\/bruxelles-pantheres.be\/index.php?rest_route=\/wp\/v2\/media\/3371"}],"wp:attachment":[{"href":"https:\/\/bruxelles-pantheres.be\/index.php?rest_route=%2Fwp%2Fv2%2Fmedia&parent=3370"}],"wp:term":[{"taxonomy":"category","embeddable":true,"href":"https:\/\/bruxelles-pantheres.be\/index.php?rest_route=%2Fwp%2Fv2%2Fcategories&post=3370"},{"taxonomy":"post_tag","embeddable":true,"href":"https:\/\/bruxelles-pantheres.be\/index.php?rest_route=%2Fwp%2Fv2%2Ftags&post=3370"}],"curies":[{"name":"wp","href":"https:\/\/api.w.org\/{rel}","templated":true}]}}