{"id":3399,"date":"2017-10-12T09:13:12","date_gmt":"2017-10-12T08:13:12","guid":{"rendered":"https:\/\/bruxelles-pantheres.be\/?p=3399"},"modified":"2017-10-12T09:14:11","modified_gmt":"2017-10-12T08:14:11","slug":"signez-vous-aussi-lappel-belge-pour-la-liberation-immediate-de-georges-ibrahim-abdellah","status":"publish","type":"post","link":"https:\/\/bruxelles-pantheres.be\/?p=3399","title":{"rendered":"Signez, vous aussi, l\u2019Appel belge pour la lib\u00e9ration imm\u00e9diate de Georges Ibrahim Abdellah"},"content":{"rendered":"<h5 class=\"articletitle\"><a title=\"Signez, vous aussi, l\u2019Appel belge pour la lib\u00e9ration imm\u00e9diate de Georges Ibrahim Abdellah \" href=\"http:\/\/mcpalestine.canalblog.com\/archives\/2017\/10\/12\/35761593.html\" rel=\"bookmark\">Signez, vous aussi, l\u2019Appel belge pour la lib\u00e9ration imm\u00e9diate de Georges Ibrahim Abdellah <\/a><\/h5>\n<div class=\"articlebody\">\n<div id=\"attachment_27253\" class=\"wp-caption alignleft\">\n<p><img decoding=\"async\" class=\"wp-image-27253 size-full width300\" src=\"http:\/\/www.pourlapalestine.be\/wp-content\/uploads\/2017\/10\/affiche-manu.jpg\" alt=\"\" border=\"0\" \/><\/p>\n<p class=\"wp-caption-text\">Dessin : Manu Scordia<\/p>\n<\/div>\n<p><strong>Georges Abdellah entame ce 24 octobre sa 34e ann\u00e9e de d\u00e9tention en France. La Campagne unitaire fran\u00e7aise organise le samedi 21 octobre une manifestation devant la prison de Lannemezan, o\u00f9 il est d\u00e9tenu.<\/strong><\/p>\n<p><strong>Quelques militants belges ont lanc\u00e9 le 3 octobre<em><a href=\"https:\/\/www.facebook.com\/Lappel-belge-pour-la-lib%C3%A9ration-de-Georges-Ibrahim-Abdallah-frNL-1585594844820265\/\" target=\"_blank\" rel=\"noopener\"> l\u2019Appel belge pour la lib\u00e9ration de Georges Ibrahim Abdellah.\u00a0<\/a><\/em><br \/>\n<\/strong><\/p>\n<p>En huit jours de temps, 13 associations et plus de 100 personnes, des artistes, des professeurs, des ouvriers, des journalistes, des syndicalistes, des enseignants, des \u00e9tudiants, des avocats, des auteurs, des \u00e9diteurs, des personnes actives dans l\u2019associatif\u2026 ont sign\u00e9 l\u2019Appel, tant au Nord qu\u2019au Sud du pays.<\/p>\n<p><strong>Vous aussi (ou votre association), vous pouvez vous joindre aux signataires<\/strong> : envoyez un mail, en mentionnant votre nom\/pr\u00e9nom\/profession, fonction ou organisation \u00e0 de.ly.myriam@gmail.com, vervaetluk@gmail.com ou peace.paix@gmail.com.<\/p>\n<p><strong>Voici le texte de l\u2019Appel<\/strong> :<\/p>\n<p><a href=\"http:\/\/p9.storage.canalblog.com\/91\/05\/217331\/116322522_o.jpeg\" target=\"_blank\" rel=\"noopener\" name=\"IMG_116322522\"><\/a><\/p>\n<blockquote><p><strong>Nous proclamons notre solidarit\u00e9 avec Georges Ibrahim Abdallah.<\/strong><\/p>\n<p>A l\u2019heure actuelle Georges Ibrahim Abdallah poursuit sa 33\u00e8me ann\u00e9e de d\u00e9tention arbitraire dans la prison de Lannemezan en France. Ainsi, il bat le triste record d\u2019ann\u00e9es pass\u00e9es derri\u00e8re les barreaux jusque l\u00e0 d\u00e9tenu par feu Nelson Mandela. C\u2019est le plus ancien prisonnier politique d\u2019 Europe. Il a plus que purg\u00e9 sa peine, puisque lib\u00e9rable depuis 1999. Il a d\u00e9pos\u00e9 en ce sens neuf demandes de lib\u00e9ration qui lui ont toutes \u00e9t\u00e9 refus\u00e9es.<\/p>\n<p>L\u2019histoire de Georges Abdallah est li\u00e9e \u00e0 celle des guerres d\u2019invasion isra\u00e9liennes au Liban. Comme de nombreux Libanais, il rejoint la r\u00e9sistance palestinienne. Lors de l\u2019invasion isra\u00e9lienne en 1978, il combat dans la r\u00e9sistance avec le FPLP et est bless\u00e9. En 1982, c\u2019est l\u2019invasion isra\u00e9lienne et le si\u00e8ge de Beyrouth, soutenue par les EU. Plus de 20.000 civils libanais et palestiniens sont tu\u00e9s. Suivent les massacres de Sabra et Chatila et l\u2019occupation du Sud-Liban. C\u2019est dans ce contexte que Georges rejoint les Fractions arm\u00e9es r\u00e9volutionnaires libanaises (FARL).<\/p>\n<p>Le 18 janvier 1982, le lieutenant-colonel Ray, l\u2019attach\u00e9 militaire adjoint des Etats-Unis en France, meurt \u00e0 Paris, tu\u00e9 par les FARL. Le 3 avril, Yacov Barsimentov, diplomate isra\u00e9lien et agent du Mossad, subissait le m\u00eame sort. Arr\u00eat\u00e9 \u00e0 Lyon en 1984, Georges est condamn\u00e9 une premi\u00e8re fois en 1986 \u00e0 quatre ans de prison et une seconde fois en 1987 \u00e0 perp\u00e9tuit\u00e9.<\/p>\n<p>L\u2019histoire des proc\u00e8s de Georges est faite de juridictions d\u2019exceptions, de pressions directes des EU et d\u2019Isra\u00ebl, d\u2019interventions d\u2019agents des services secrets fran\u00e7ais. Georges Abdallah est toujours rest\u00e9 fid\u00e8le \u00e0 ses opinions (et c\u2019est cela aussi que la justice fran\u00e7aise lui reproche). Derri\u00e8re les barreaux, il organise des gr\u00e8ves avec les prisonniers palestiniens, soutient les luttes contre les violences polici\u00e8res en France \u2026<\/p>\n<p>Suite \u00e0 l\u2019avis favorable donn\u00e9 en novembre 2012 par le tribunal d\u2019application des peines, tout a \u00e9t\u00e9 entrepris par le Parquet pour bloquer sa lib\u00e9ration. Le ministre de l\u2019Int\u00e9rieur de l\u2019\u00e9poque (Valls) refuse de signer l\u2019arr\u00eat\u00e9 d\u2019expulsion n\u00e9cessaire vers le Liban. Il s\u2019ensuit des reports et appels multiples, un pourvoi en cassation. Au bout de 15 mois, la demande de lib\u00e9ration est jug\u00e9e irrecevable.<\/p>\n<p><strong>Nous d\u00e9non\u00e7ons l\u2019acharnement \u00e0 l\u2019\u00e9gard de Georges Ibrahim Abdellah et exigeons sa lib\u00e9ration imm\u00e9diate.<\/strong><\/p>\n<p><strong>Nous refusons les peines sans fin pour les prisonniers politiques, d\u2019autant plus que de nouvelles lois antiterroristes menacent nos libert\u00e9s. <\/strong><br \/>\n<strong>Nous appelons \u00e0 des actions de solidarit\u00e9 politiques, humanitaires ou culturelles pour Georges Abdallah.<\/strong><\/p>\n<p><strong>Nous demandons que le ministre belge des Affaires \u00e9trang\u00e8res intervienne aupr\u00e8s de la France pour obtenir sa lib\u00e9ration.<\/strong><\/p>\n<p><strong>Nous invitons \u00e0 \u00e9crire \u00e0 Georges Ibrahim Abdallah en prison<\/strong><\/p>\n<p>Monsieur Georges Ibrahim Abdallah<br \/>\n2388\/A221 CP de Lannemezan<br \/>\n204 rue des Saligues<br \/>\nF-65307 LANNEMEZAN<br \/>\nFrance<\/p><\/blockquote>\n<p><strong>Les signataires :<\/strong><\/p>\n<p><strong>Adriaensens Dirk<\/strong>, auteur, lid van het uitvoerend comit\u00e9 van het <strong>BRussells Tribunal; <\/strong><strong>Ait Lahsen Mohamed,<\/strong> ancien d\u00e9l\u00e9gu\u00e9 <strong>FGTB Caterpillar-Gosselies;<\/strong> <strong>Al Damiri Hamdan<\/strong>, militant palestinien; <strong>Al Sabbah Khaled<\/strong>, journalist; <strong>Amy Jean-Jacques<\/strong>, emeritus hoogleraar, <strong>Vrije Universiteit Brussel;<\/strong> <strong>Andersen Ren\u00e9<\/strong>, F\u00e9d\u00e9ration de Charleroi du <strong>Parti Communiste; Awad Mustapha<\/strong>, <strong>Samidoun<\/strong> \u2013 r\u00e9seau de solidarit\u00e9 des prisonniers palestiniens; <strong>Aziz Rachida, Le Space; Baloghova Alexandra<\/strong>, arbeidster; <strong>Barnet Rudi<\/strong>, animateur culturel, <strong>Bazzah Fatiha<\/strong>, bediend; <strong>B\u00e9ghin Juliette<\/strong>, criminologue;<strong> Ben Abderrhamane Jamila<\/strong>, finances\/comptabilit\u00e9 associative;<strong> Boudart Jean-Marie<\/strong>, ancien pr\u00eatre ouvrier, auteur, animateur; <strong>Boumazzoughe Nadia, BDS; Brissa Didier<\/strong>, formateur syndical; <strong>Bruggen Brian Graciano<\/strong>, student; <strong>Bruggen Sean Ernest<\/strong>o, arbeider; <strong>Bruggen<\/strong> Wolf Staf, arbeider <strong>Katoennatie; Bruggen<\/strong> Wolf Victor, arbeider <strong>Volvo Cars; Burnotte Joseph<\/strong>, animateur <strong>CEPAG; Caller Vladimir<\/strong>, r\u00e9dacteur en chef du <strong>Drapeau Rouge; Carboni Maestri Gregorio<\/strong>, Arch., Ph.D., Chercheur post-doctoral 2017 au <strong>Centre Canadien d\u2019Architecture; Catherine Lucas<\/strong>, auteur; <strong>Chaquiri Najib<\/strong>, \u00e9ducateur;<strong> Choua Saddie<\/strong>, kunstenaar; <strong>Claessens Carmen<\/strong>, <strong>Antwerp for Palestine; Colicchio Pasquale<\/strong>, ex-permanent interpro <strong>FGTB Charleroi; Cordemans Marie-Fran\u00e7oise<\/strong>, enseignante et membre du<strong> Choeur Ali Aarass; Collon Michel<\/strong>, \u00e9crivain et journaliste, <strong>Investig\u2019Action; Crokart H\u00e9l\u00e8ne<\/strong>, avocate; <strong>Cuesta Barros<\/strong>, syndicaliste; <strong>David Eric<\/strong>, professeur \u00e9m\u00e9rite de droit internationale de l\u2019<strong>ULB; De Brabander Ludo<\/strong>, woordvoerder <strong>Vrede; De Cauter Lieve<\/strong>n, cultuurfilosoof, departement architectuur <strong>KU Leuven &amp; RITCS; De Ley Herman<\/strong>, emeritus professor<strong> UGent; De Ly Myriam<\/strong>, activiste pour la <strong>Palestine; De Maegd Frans<\/strong>, anti-imperialist; <strong>De Meyere Marc<\/strong>, prof. emeritus <strong>Ugent; De Potter Greta<\/strong>, artiste<strong>; De Witte Ludo<\/strong>, auteur; <strong>Dekkers Daniel,<\/strong> militant solidaire des combats des <strong>Palestiniens et Sahraouis<\/strong>; <strong>Delmotte Paul<\/strong>, professeur (histoire, politique internationale\u2026) retrait\u00e9 de l<strong>\u2018IHECS (Bruxelles); Delval Luc<\/strong>, ancien journaliste; <strong>Den Hond Chr<\/strong>is, vid\u00e9o-journaliste; <strong>Devos Magda<\/strong>, em.prof.<strong> UGent<\/strong><strong>Deruette Serge<\/strong>, politologue, <strong>Umons; Donni William :<\/strong> futur \u00e9ducateur et animateur social culturel; activiste;<strong> Dreezen Jan<\/strong>, lid <strong>Palestina Solidariteit; Dupire David<\/strong>, d\u00e9l\u00e9gu\u00e9<strong> CGSP Admi<\/strong> et militant pro-palestinien; <strong>El-Hatimy Aya<\/strong>, student; <strong>Ellouze Mohame<\/strong>d, avocat; <strong>Fahmy Labib,<\/strong> journaliste;<strong> Fl\u00e9mal Jean-Mar<\/strong>ie, auteur, traducteur; <strong>Flinker Jea<\/strong>n, enseignant; <strong>Galand Pierre<\/strong>, personnalit\u00e9 du monde associatif; <strong>Gauthier Philippe<\/strong>, ancien journaliste;<strong> Gharbi Naima<\/strong>, h\u00f4tesse d\u2019accueil, militante pour la Palestine et la justice pour tous; <strong>Goldschmidt Tom<\/strong>, journaliste retrait\u00e9; <strong>Groffils Marie<\/strong>, gepensioneerd burger; <strong>Hala Hasan<\/strong>, l\u2019<strong>Aiguille Dor\u00e9<\/strong>e, asbl; <strong>Harnie Cecile<\/strong>, militante; <strong>Hulsens Eric<\/strong>, professeur d\u2019honneur de l\u2019enseignement sup\u00e9rieur, \u00e9ditions <strong>Antidote; Humblet Perrine<\/strong>, professeur <strong>ULB, CRISS-ESP; Hustache Serge<\/strong>, d\u00e9put\u00e9 provincial; pr\u00e9sident du <strong>coll\u00e8ge provincial du Hainaut; Jamar David<\/strong>, sociologue;<strong> Jaroszewski Julie<\/strong>, artiste; <strong>Kates Charlotte, Samidoun<\/strong> \u2013 r\u00e9seau de solidarit\u00e9 des prisonniers palestiniens; <strong>Khayar Ibrahim<\/strong>, \u00e9tudiant; <strong>Lalieu Gr\u00e9goire<\/strong>, \u00e9crivain et journaliste, <strong>Investig\u2019Action; Lothier Marie-Christine<\/strong>, responsable <strong>Entr\u2019Aide et Fraternit\u00e9; Lutjeharms Madeline<\/strong>, em.prof. aan de <strong>VUB; Malev\u00e9 Ren\u00e9-Paul<\/strong>, ex-enseignant et ex-secr\u00e9taire permanent syndical; <strong>Martinez Andrade Luis<\/strong>, sociologue; <strong>Morelli Anne<\/strong>, professeure de l\u2019<strong>ULB; Moulin Laurent<\/strong>, ing\u00e9nieur;<strong> Mukuna Olivier<\/strong>, journaliste et essayiste; <strong>Mayer Cathy<\/strong>, professeur retrait\u00e9e; <strong>N\u00e8ve Mar<\/strong>c, ancien vice-pr\u00e9sident du <strong>CPT (Comit\u00e9 europ\u00e9en pour la pr\u00e9vention de la torture et des peines ou traitements inhumains ou d\u00e9gradants \u2013 Conseil de l\u2019Europe; Pechova Theresia<\/strong>, arbeidster; <strong>P\u00e9romet Mireille<\/strong>, enseignante retrait\u00e9e; P<strong>eeters-Akkermans Bart<\/strong>, vertaler;<strong> Pierard Christine<\/strong>, citoyenne belge humaniste; <strong>Pierson-Mathy Paulette<\/strong>, juriste internationale et professeur \u00e9m\u00e9rite de l\u2019<strong>ULB; Raklih Fatima<\/strong>, lid van <strong>Belgium for Palestine; Rbihou Dounya<\/strong>, arbeidster; <strong>Rosa Rosso Nadine<\/strong>, enseignante; <strong>Sa\u00efdi Nordine<\/strong>, militant d\u00e9colonial; <strong>Saublains Raymond<\/strong>, photographe; <strong>Scordia Manu<\/strong>, dessinateur: <strong>Seba Asmaa,<\/strong> photographe; <strong>Stengers Isabelle,<\/strong> enseignante;<strong> Takkal Insaf,<\/strong> enseignante; <strong>Tanaka Aya<\/strong>, r\u00e9alisatrice de documentaires; <strong>Terreyn Peter, Solidarity for all;<\/strong> <strong>Titom<\/strong>, dessinateur; Vandecan Myriam, activiste;<strong> Vandepitte Marc<\/strong>, philosopher; <strong>Van Dyck Barbara,<\/strong> onderzoekster <strong>University of Sussex; Van Leeuw-Koplewicz Marianne<\/strong>, \u00e9ditions du <strong>Souffle; Van Loo Michel<\/strong>, metteur en sc\u00e8ne; <strong>Van Riet Thomas,<\/strong> Prof., <strong>Katholieke Universiteit Leuven; Vanhove Danie<\/strong>l, observateur civil et auteur; <strong>Vanoost Lode,<\/strong> voormalig ondervoorzitter van de <strong>Kamer van Volksvertegenwoordigers;<\/strong> <strong>Verelst Karin<\/strong>, filosoof, <strong>VUB; Vervaet Luk, Association des Familles et des Amis des Prisonniers; Visconti Freddy<\/strong>, militant syndical m\u00e9tallo <strong>MWB; Zaynab Ling Al Isabelle<\/strong>, auteure et actrice<\/p>\n<div id=\"attachment_27253\" class=\"wp-caption alignleft\"><\/div>\n<p><strong>Organisations signataires :<\/strong><\/p>\n<p>Activist ChildCare, Antwerp for Palestine, BRussells Tribunal, Bruxelles Panth\u00e8res, Campagne Stop R\u00e9pression, Comit\u00e9 BDS ULB, JOC Bruxelles, Mouvement Citoyen Palestine, Parti Communiste (Belgique), Plate-forme Charleroi-Palestine, Rajeen debke group, Samidoun-R\u00e9seau de Solidarit\u00e9 des prisonniers palestiniens, Solidarity for all, Vrede vzw.<\/p>\n<p><a href=\"http:\/\/liberonsgeorges.samizdat.net\/mobilisation\/manifestation-a-lannemezan-samedi-21-octobre\/\" target=\"_blank\" rel=\"noopener\">Voyez ici l\u2019appel de la Campagne unitaire pour la lib\u00e9ration de Georges Abdallah \u00e0 une manifestation devant les portes de la prison de Lannemezan (Hautes-Pyr\u00e9n\u00e9es)<\/a> (avec vid\u00e9o)<\/p>\n<p><a class=\"cboxElement\" href=\"http:\/\/p9.storage.canalblog.com\/91\/05\/217331\/116322522_o.jpeg\" target=\"_blank\" rel=\"noopener\" name=\"IMG_116322522\"><img decoding=\"async\" class=\"widthadapted nonealign\" src=\"http:\/\/p9.storage.canalblog.com\/91\/05\/217331\/116322522.jpeg\" alt=\"20170615122453425209\" border=\"0\" \/><\/a><\/p>\n<\/div>\n","protected":false},"excerpt":{"rendered":"<p>Signez, vous aussi, l\u2019Appel belge pour la lib\u00e9ration imm\u00e9diate de Georges Ibrahim Abdellah Dessin : Manu Scordia Georges Abdellah entame ce 24 octobre sa 34e ann\u00e9e de d\u00e9tention en France. La Campagne unitaire fran\u00e7aise organise le samedi 21 octobre une manifestation devant la prison de Lannemezan, o\u00f9 il est d\u00e9tenu. Quelques militants belges ont lanc\u00e9 &#8230; <a title=\"Signez, vous aussi, l\u2019Appel belge pour la lib\u00e9ration imm\u00e9diate de Georges Ibrahim Abdellah\" class=\"read-more\" href=\"https:\/\/bruxelles-pantheres.be\/?p=3399\" aria-label=\"En savoir plus sur Signez, vous aussi, l\u2019Appel belge pour la lib\u00e9ration imm\u00e9diate de Georges Ibrahim Abdellah\">Lire la suite<\/a><\/p>\n","protected":false},"author":1,"featured_media":3400,"comment_status":"open","ping_status":"open","sticky":false,"template":"","format":"standard","meta":{"footnotes":""},"categories":[21,6,8,18,28],"tags":[252],"class_list":["post-3399","post","type-post","status-publish","format-standard","has-post-thumbnail","hentry","category-anti-imperialisme","category-palestine-moyen-orient","category-prisons","category-resistance-bruxelles","category-racismes","tag-georges-ibrahim-abdellah"],"_links":{"self":[{"href":"https:\/\/bruxelles-pantheres.be\/index.php?rest_route=\/wp\/v2\/posts\/3399","targetHints":{"allow":["GET"]}}],"collection":[{"href":"https:\/\/bruxelles-pantheres.be\/index.php?rest_route=\/wp\/v2\/posts"}],"about":[{"href":"https:\/\/bruxelles-pantheres.be\/index.php?rest_route=\/wp\/v2\/types\/post"}],"author":[{"embeddable":true,"href":"https:\/\/bruxelles-pantheres.be\/index.php?rest_route=\/wp\/v2\/users\/1"}],"replies":[{"embeddable":true,"href":"https:\/\/bruxelles-pantheres.be\/index.php?rest_route=%2Fwp%2Fv2%2Fcomments&post=3399"}],"version-history":[{"count":2,"href":"https:\/\/bruxelles-pantheres.be\/index.php?rest_route=\/wp\/v2\/posts\/3399\/revisions"}],"predecessor-version":[{"id":3402,"href":"https:\/\/bruxelles-pantheres.be\/index.php?rest_route=\/wp\/v2\/posts\/3399\/revisions\/3402"}],"wp:featuredmedia":[{"embeddable":true,"href":"https:\/\/bruxelles-pantheres.be\/index.php?rest_route=\/wp\/v2\/media\/3400"}],"wp:attachment":[{"href":"https:\/\/bruxelles-pantheres.be\/index.php?rest_route=%2Fwp%2Fv2%2Fmedia&parent=3399"}],"wp:term":[{"taxonomy":"category","embeddable":true,"href":"https:\/\/bruxelles-pantheres.be\/index.php?rest_route=%2Fwp%2Fv2%2Fcategories&post=3399"},{"taxonomy":"post_tag","embeddable":true,"href":"https:\/\/bruxelles-pantheres.be\/index.php?rest_route=%2Fwp%2Fv2%2Ftags&post=3399"}],"curies":[{"name":"wp","href":"https:\/\/api.w.org\/{rel}","templated":true}]}}