{"id":340,"date":"2013-05-20T02:56:46","date_gmt":"2013-05-20T01:56:46","guid":{"rendered":"https:\/\/bruxelles-pantheres.be\/?p=340"},"modified":"2013-11-10T02:58:35","modified_gmt":"2013-11-10T01:58:35","slug":"non-a-lislamophobie-mamans-toutes-egales","status":"publish","type":"post","link":"https:\/\/bruxelles-pantheres.be\/?p=340","title":{"rendered":"Non \u00e0 l\u2019islamophobie ! Mamans Toutes \u00e9gales !"},"content":{"rendered":"<div>\n<h5><a href=\"https:\/\/www.facebook.com\/photo.php?fbid=10200197475714231&amp;set=a.2002338492745.110757.1072066199&amp;type=1&amp;theater\"><img decoding=\"async\" alt=\"182902_10200197475714231_195172113_n\" src=\"http:\/\/www.egalite.be\/wp-content\/uploads\/2013\/05\/182902_10200197475714231_195172113_n.jpg\" width=\"768\" height=\"576\" \/><\/a><\/h5>\n<div id=\"divLead\"><strong>Equal rights for all mothers: This is what these families and civil rights groups are protesting about. <!--more--><\/strong><\/div>\n<p>&nbsp;<\/p>\n<p>They claim mothers with headscarves and burqas are facing discrimination because of a new regulation.<\/p>\n<p>Mothers say dropping and fetching their young children at school in the morning and in the afternoon has become a difficult task.<\/p>\n<p>Schools have started objecting to mothers with headscarves, arguing that such outward signs of religious practice go against the French law of religious neutrality in state-run institutions.<\/p>\n<p>Mothers also say, not all schools are discriminatory.<\/p>\n<p>Muslim women with headscarves and burqas in France say they have the support of women of all different faiths because they consider this not just a problem of religious expression but also as a problem of civil liberties.<\/p>\n<p>Women in other parts of Europe face similar problems as well.<\/p>\n<p>A physical sign of being a Muslim, like the headscarf, brings scorns and hateful remarks.<\/p>\n<p>These women know, they will face more struggles with their headscarves.<\/p>\n<p>And they say, at all costs, they will defend their rights of motherhood.<\/p>\n<p><a href=\"http:\/\/www.presstv.ir\/detail\/2013\/05\/19\/304213\/mothers-in-france-protest-for-religious-freedom\/\">Source<\/a><\/p>\n<div><a href=\"http:\/\/www.egalite.be\/wp-content\/uploads\/2013\/05\/943148_10151421459131336_870565843_n.jpg\"><img decoding=\"async\" alt=\"943148_10151421459131336_870565843_n\" src=\"http:\/\/www.egalite.be\/wp-content\/uploads\/2013\/05\/943148_10151421459131336_870565843_n.jpg\" width=\"477\" height=\"355\" \/><\/a><\/div>\n<div><strong>Musulmanes protestan contra la islamofobia en Par\u00eds<\/strong><\/div>\n<div>La poblaci\u00f3n musulmana en Francia supera los seis millones de personas y hoy se manifiestan en Par\u00eds contra la islamofobia y por la defensa de su libertad de culto.<\/div>\n<p>Este s\u00e1bado los franceses musulmanes salen a la calle para luchar contra la islamofobia. Reclaman al Estado el respeto a profesar su religi\u00f3n sin verse excluidos del espacio p\u00fablico y laboral.<\/p>\n<p>Desde 2011, seg\u00fan una <a id=\"_GPLITA_0\" title=\"Click to Continue &gt; by Browse to Save\" href=\"http:\/\/www.hispantv.com\/DisplayNews.aspx?id=225371#\">circular<\/a> del Ministerio de Educaci\u00f3n, los padres que porten un s\u00edmbolo religioso quedan excluidos de la participaci\u00f3n en las salidas escolares y actividades de un colegio p\u00fablico.<\/p>\n<p>Seg\u00fan un estudio del Instituto Pew Research <a id=\"_GPLITA_1\" title=\"Click to Continue &gt; by Browse to Save\" href=\"http:\/\/www.hispantv.com\/DisplayNews.aspx?id=225371#\">Center<\/a> el 72% de los franceses musulmanes no tiene un conflicto entre el hecho de practicar el Islam y de vivir en una sociedad moderna. Muchos no ven incompatibilidad entre ser franc\u00e9s y musulm\u00e1n y entienden que los principios de la Rep\u00fablica deber\u00edan ser una garant\u00eda y no un atentado contra la libertad de culto.<\/p>\n<p>Natalia Rom\u00e1n, Par\u00eds.<\/p>\n<p>eha\/nal <a href=\"http:\/\/www.hispantv.com\/DisplayNews.aspx?id=225371\">Source<\/a><\/p>\n<h5>Pour la d\u00e9fense de la la\u00efcit\u00e9, de la libert\u00e9 d\u2019expression et de l\u2019\u00e9galit\u00e9 de traitement !<\/h5>\n<h5>Non \u00e0 l\u2019islamophobie ! Non \u00e0 l\u2019exclusion des m\u00e8res, portant un foulard, de l\u2019\u00e9cole !<\/h5>\n<h5><strong><\/strong><b>par Mamans Toutes \u00e9gales<\/b> <img decoding=\"async\" alt=\"\" src=\"http:\/\/www.indigenes-republique.fr\/images\/2x2.gif\" border=\"0\" \/> <img decoding=\"async\" alt=\"\" src=\"http:\/\/www.indigenes-republique.fr\/images\/2x2.gif\" border=\"0\" \/> <img decoding=\"async\" alt=\"\" src=\"http:\/\/www.indigenes-republique.fr\/IMG\/cache-227x300\/arton1821-227x300.jpg\" width=\"227\" height=\"300\" align=\"middle\" \/> <img decoding=\"async\" alt=\"\" src=\"http:\/\/www.indigenes-republique.fr\/images\/2x2.gif\" border=\"0\" \/><\/h5>\n<p><img decoding=\"async\" alt=\"\" src=\"http:\/\/www.indigenes-republique.fr\/images\/2x2.gif\" border=\"0\" \/><br \/>\n<img decoding=\"async\" alt=\"\" src=\"http:\/\/www.indigenes-republique.fr\/images\/2x2.gif\" border=\"0\" \/><\/p>\n<p align=\"justify\"><strong>LES FAITS<\/strong><\/p>\n<p align=\"justify\">Le rapport 2012 de la Commission <a id=\"_GPLITA_2\" title=\"Click to Continue &gt; by Browse to Save\" href=\"http:\/\/www.indigenes-republique.fr\/article.php3?id_article=1821#\">nationale<\/a> consultative des droits de l\u2019Homme (CNCDH) confirme l\u2019inqui\u00e9tante mont\u00e9e des sentiments et des actes antimusulmans en France. Les femmes en sont les principales victimes. Selon le rapport 2012 du Collectif contre l\u2019islamophobie en France (CCIF), elles subissent 94 % des agressions islamophobes recens\u00e9es.<\/p>\n<p align=\"justify\">Dans le m\u00eame temps, les discriminations d\u00e9j\u00e0 en place se maintiennent. Le collectif Mamans toutes \u00e9gales (MTE) continue ainsi de recenser et de d\u00e9fendre les nombreuses m\u00e8res portant un foulard exclues ill\u00e9galement de l\u2019accompagnement des sorties scolaires et de toutes les activit\u00e9s parascolaires sous les yeux de leurs enfants. Une stigmatisation g\u00e9n\u00e9rant humiliation et souffrance, pour les m\u00e8res et les enfants.<\/p>\n<p align=\"justify\">Le cas de Sirine, exclue par le conseil de <a id=\"_GPLITA_1\" title=\"Click to Continue &gt; by Browse to Save\" href=\"http:\/\/www.indigenes-republique.fr\/article.php3?id_article=1821#\">discipline<\/a> de son coll\u00e8ge pour port de bandeau et de jupe trop longue, est \u00e9difiant.<\/p>\n<p align=\"justify\"><strong>DERRI\u00c8RE LE MOT \u00ab\u00a0LA\u00cfCIT\u00c9\u00a0\u00bb, LE RACISME<\/strong><\/p>\n<p align=\"justify\">Lorsque des ministres exigent l\u2019application de la la\u00efcit\u00e9 alors que la Cour de cassation a reconnu la discrimination religieuse dont avait fait l\u2019objet une salari\u00e9e de la cr\u00e8che <a id=\"_GPLITA_3\" title=\"Click to Continue &gt; by Browse to Save\" href=\"http:\/\/www.indigenes-republique.fr\/article.php3?id_article=1821#\">Baby<\/a> Loup (licenci\u00e9e parce qu\u2019elle portait le foulard), c\u2019est l\u2019islamophobie qui parle.<\/p>\n<p align=\"justify\">La particularit\u00e9 de l\u2019islamophobie est de ne pas \u00eatre reconnue pour ce qu\u2019elle est\u00a0: du racisme. Des mesures, qui ne visent en r\u00e9alit\u00e9 que les musulman-e-s, sont masqu\u00e9es derri\u00e8re une pr\u00e9tendue d\u00e9fense de la la\u00efcit\u00e9.<\/p>\n<p align=\"justify\"><strong>LA LA\u00cfCIT\u00c9 C\u2019EST L\u2019\u00c9GALIT\u00c9<\/strong><\/p>\n<p align=\"justify\">La la\u00efcit\u00e9 n\u2019est pas une atteinte aux libert\u00e9s religieuses. Au contraire, elle en est la garantie. Elle n\u2019est pas l\u2019ath\u00e9isme obligatoire ou l\u2019obligation d\u2019invisibilit\u00e9 religieuse dans les lieux publics.<\/p>\n<p align=\"justify\">La loi de 1905 est claire\u00a0: elle garantit la libert\u00e9 de conscience et donc de croyance et d\u2019expression (religieuse ou non, en public et en priv\u00e9), en s\u00e9parant l\u2019\u00c9tat de l\u2019organisation et du financement des cultes.<\/p>\n<p align=\"justify\">Le principe de la\u00efcit\u00e9 d\u00e9finit que la France n\u2019a pas de religion d\u2019\u00c9tat et que les services publics ne peuvent \u00eatre rattach\u00e9s \u00e0 une quelconque autorit\u00e9 religieuse. Cela ne concerne pas les activit\u00e9s personnelles ou professionnelles de chacune et chacun\u00a0!<\/p>\n<p align=\"justify\"><strong>VOUS AVEZ DIT \u00ab\u00a0CHANGEMENT\u00a0\u00bb\u00a0?<\/strong><\/p>\n<p align=\"justify\">Aujourd\u2019hui, apr\u00e8s une interminable s\u00e9rie d\u2019attaques politiques et l\u00e9gislatives, encourageant la multiplication des agressions islamophobes, Fran\u00e7ois Hollande et son gouvernement ne changent rien. Au contraire, ils multiplient les annonces\u00a0:<\/p>\n<p align=\"justify\"><img decoding=\"async\" alt=\"-\" src=\"http:\/\/www.indigenes-republique.fr\/puce.gif\" \/>\u00a0\u00a0proposition de loi, enregistr\u00e9e \u00e0 l\u2019Assembl\u00e9e nationale le 16 janvier 2013, visant \u00e0 \u00e9tendre le principe de \u00ab\u00a0neutralit\u00e9 religieuse\u00a0\u00bb notamment aux assistantes maternelles, y compris \u00e0 leur domicile, et aux structures d\u2019accueil de la petite enfance,<\/p>\n<p align=\"justify\"><img decoding=\"async\" alt=\"-\" src=\"http:\/\/www.indigenes-republique.fr\/puce.gif\" \/>\u00a0\u00a0mise en place d\u2019un observatoire de la la\u00efcit\u00e9, compos\u00e9 de partisans d\u2019une la\u00efcit\u00e9 d\u2019exclusion,<\/p>\n<p align=\"justify\"><img decoding=\"async\" alt=\"-\" src=\"http:\/\/www.indigenes-republique.fr\/puce.gif\" \/>\u00a0\u00a0annonce d\u2019une nouvelle loi d\u2019exclusion, qu\u2019ils appellent la \u00ab\u00a0la\u00efcit\u00e9\u00a0\u00bb au travail.<\/p>\n<p align=\"justify\"><strong>HALTE AUX DISCRIMINATIONS\u00a0: \u00c9GALIT\u00c9 POUR TOUTES ET TOUS\u00a0!<\/strong><\/p>\n<p align=\"justify\">Concr\u00e8tement, c\u2019est le droit de participer \u00e0 la vie publique, de travailler, de s\u2019impliquer dans la scolarit\u00e9 de leurs enfants des femmes portant un foulard qui est bafou\u00e9. Ces mesures contribuent aussi \u00e0 cautionner les agressions qu\u2019elles vivent au quotidien et les excluent totalement de l\u2019espace public.<\/p>\n<p align=\"justify\">De plus, alors que les discriminations sont d\u00e9j\u00e0 tr\u00e8s nombreuses, il semble que l\u2019exclusion des musulmanes et musulmans du monde du travail fasse partie de l\u2019agenda gouvernemental\u00a0: nous nous y opposerons\u00a0!<\/p>\n<p align=\"justify\"><strong>C\u2019est pourquoi nous exigeons\u00a0: <\/strong><\/p>\n<p align=\"justify\"><img decoding=\"async\" alt=\"-\" src=\"http:\/\/www.indigenes-republique.fr\/puce.gif\" \/>\u00a0\u00a0l\u2019abrogation de la circulaire Ch\u00e2tel en ce qu\u2019elle recommande l\u2019exclusion des m\u00e8res portant un foulard de l\u2019accompagnement des sorties scolaires\u00a0;<\/p>\n<p align=\"justify\"><img decoding=\"async\" alt=\"-\" src=\"http:\/\/www.indigenes-republique.fr\/puce.gif\" \/>\u00a0\u00a0l\u2019abandon des deux projets de lois d\u2019exclusion annonc\u00e9s.<\/p>\n<p align=\"justify\">Stop aux discours, aux actes, aux lois racistes et d\u2019exclusion\u00a0!<\/p>\n<h3>MOBILISONS-NOUS\u00a0! RDV \u2013 Samedi 18 mai 2013 14 heures fontaine des innoncents, m\u00e9tro Ch\u00e2telet-Les Halles<\/h3>\n<p align=\"justify\">1ers signataires\u00a0:<br \/>\n<img decoding=\"async\" alt=\"-\" src=\"http:\/\/www.indigenes-republique.fr\/puce.gif\" \/>\u00a0\u00a0Salaam Sciences Po<br \/>\n<img decoding=\"async\" alt=\"-\" src=\"http:\/\/www.indigenes-republique.fr\/puce.gif\" \/>\u00a0\u00a0Collectif f\u00e9ministe ROSA<br \/>\n<img decoding=\"async\" alt=\"-\" src=\"http:\/\/www.indigenes-republique.fr\/puce.gif\" \/>\u00a0\u00a0ARDLFM (Association pour la Reconnaissance des Droits et Libert\u00e9s \u00e0 la Femme Musulmane)<br \/>\n<img decoding=\"async\" alt=\"-\" src=\"http:\/\/www.indigenes-republique.fr\/puce.gif\" \/>\u00a0\u00a0CFPE (Collectif F\u00e9ministes Pour l\u2019Egalit\u00e9)<br \/>\n<img decoding=\"async\" alt=\"-\" src=\"http:\/\/www.indigenes-republique.fr\/puce.gif\" \/>\u00a0\u00a0PSM (Participation et Spiritualit\u00e9 Musulmanes)<br \/>\n<img decoding=\"async\" alt=\"-\" src=\"http:\/\/www.indigenes-republique.fr\/puce.gif\" \/>\u00a0\u00a0PIR (Parti des Indig\u00e8nes de la R\u00e9publique)<br \/>\n<img decoding=\"async\" alt=\"-\" src=\"http:\/\/www.indigenes-republique.fr\/puce.gif\" \/>\u00a0\u00a0MRAP Paris 19\u00e8me\/20\u00e8me<br \/>\n<img decoding=\"async\" alt=\"-\" src=\"http:\/\/www.indigenes-republique.fr\/puce.gif\" \/>\u00a0\u00a0CCIPPP (Campagne civile internationale pour la protection du peuple palestinien)<br \/>\n<img decoding=\"async\" alt=\"-\" src=\"http:\/\/www.indigenes-republique.fr\/puce.gif\" \/>\u00a0\u00a0Collectif 8 mars pour Toutes<br \/>\n<img decoding=\"async\" alt=\"-\" src=\"http:\/\/www.indigenes-republique.fr\/puce.gif\" \/>\u00a0\u00a0Collectif Les mots sont importants<br \/>\n<img decoding=\"async\" alt=\"-\" src=\"http:\/\/www.indigenes-republique.fr\/puce.gif\" \/>\u00a0\u00a0AFD France (Alliance for Freedom and Dignity)<br \/>\n<img decoding=\"async\" alt=\"-\" src=\"http:\/\/www.indigenes-republique.fr\/puce.gif\" \/>\u00a0\u00a0AEP (Les amis de l\u2019\u00e9cole publique)<br \/>\n<img decoding=\"async\" alt=\"-\" src=\"http:\/\/www.indigenes-republique.fr\/puce.gif\" \/>\u00a0\u00a0MCQM (Mouvement citoyen des quartiers de Montreuil)<br \/>\n<img decoding=\"async\" alt=\"-\" src=\"http:\/\/www.indigenes-republique.fr\/puce.gif\" \/>\u00a0\u00a0NPA (Nouveau parti anticapitaliste)<br \/>\n<img decoding=\"async\" alt=\"-\" src=\"http:\/\/www.indigenes-republique.fr\/puce.gif\" \/>\u00a0\u00a0CRI (Coordination contre le racisme et l\u2019islamophobie)<br \/>\n<img decoding=\"async\" alt=\"-\" src=\"http:\/\/www.indigenes-republique.fr\/puce.gif\" \/>\u00a0\u00a0CEDETIM\/IPAM (Centre d\u2019\u00e9tudes et d\u2019initiatives de solidarit\u00e9 internationale)<br \/>\n<img decoding=\"async\" alt=\"-\" src=\"http:\/\/www.indigenes-republique.fr\/puce.gif\" \/>\u00a0\u00a0UJFP (Union juive fran\u00e7aise pour la paix)<br \/>\n<img decoding=\"async\" alt=\"-\" src=\"http:\/\/www.indigenes-republique.fr\/puce.gif\" \/>\u00a0\u00a0HM2F (Homosexuels musulmans de France)<br \/>\n<img decoding=\"async\" alt=\"-\" src=\"http:\/\/www.indigenes-republique.fr\/puce.gif\" \/>\u00a0\u00a0CGT Sony DADC France<br \/>\n<img decoding=\"async\" alt=\"-\" src=\"http:\/\/www.indigenes-republique.fr\/puce.gif\" \/>\u00a0\u00a0Les Tumultueuses<br \/>\n<img decoding=\"async\" alt=\"-\" src=\"http:\/\/www.indigenes-republique.fr\/puce.gif\" \/>\u00a0\u00a0Alternative Libertaire<br \/>\n<img decoding=\"async\" alt=\"-\" src=\"http:\/\/www.indigenes-republique.fr\/puce.gif\" \/>\u00a0\u00a0CCIF (Collectif contre l\u2019islamophobie en France)<br \/>\n<img decoding=\"async\" alt=\"-\" src=\"http:\/\/www.indigenes-republique.fr\/puce.gif\" \/>\u00a0\u00a0MPF (Musulmans progressistes de France)<br \/>\n<img decoding=\"async\" alt=\"-\" src=\"http:\/\/www.indigenes-republique.fr\/puce.gif\" \/>\u00a0\u00a0G.A.R.C.E.S (Groupe d\u2019Action et de R\u00e9flexion Contre l\u2019Environnement Sexiste)<br \/>\n<img decoding=\"async\" alt=\"-\" src=\"http:\/\/www.indigenes-republique.fr\/puce.gif\" \/>\u00a0\u00a0CMF (Collectif des musulmans de France)<br \/>\n<img decoding=\"async\" alt=\"-\" src=\"http:\/\/www.indigenes-republique.fr\/puce.gif\" \/>\u00a0\u00a0FTCR (F\u00e9d\u00e9ration des Tunisiens pour une citoyennet\u00e9 des deux rives)<br \/>\n<img decoding=\"async\" alt=\"-\" src=\"http:\/\/www.indigenes-republique.fr\/puce.gif\" \/>\u00a0\u00a0<strong>Parti \u00c9GALIT\u00c9 (Belgique)<\/strong><br \/>\n<img decoding=\"async\" alt=\"-\" src=\"http:\/\/www.indigenes-republique.fr\/puce.gif\" \/>\u00a0\u00a0ATMF (Association des travailleurs maghr\u00e9bins de France)<br \/>\n<img decoding=\"async\" alt=\"-\" src=\"http:\/\/www.indigenes-republique.fr\/puce.gif\" \/>\u00a0\u00a0Les Alternatifs<br \/>\n<img decoding=\"async\" alt=\"-\" src=\"http:\/\/www.indigenes-republique.fr\/puce.gif\" \/>\u00a0\u00a0Militants et sympathisants du Front de Gauche contre l\u2019islamophobie<br \/>\n<img decoding=\"async\" alt=\"-\" src=\"http:\/\/www.indigenes-republique.fr\/puce.gif\" \/>\u00a0\u00a0Commission Islam&amp;La\u00efcit\u00e9<br \/>\n<img decoding=\"async\" alt=\"-\" src=\"http:\/\/www.indigenes-republique.fr\/puce.gif\" \/>\u00a0\u00a0Les Indivisibles<br \/>\n<img decoding=\"async\" alt=\"-\" src=\"http:\/\/www.indigenes-republique.fr\/puce.gif\" \/>\u00a0\u00a0Respaix<br \/>\n<img decoding=\"async\" alt=\"-\" src=\"http:\/\/www.indigenes-republique.fr\/puce.gif\" \/>\u00a0\u00a0STRASS (Syndicat du travail sexuel)<br \/>\n<img decoding=\"async\" alt=\"-\" src=\"http:\/\/www.indigenes-republique.fr\/puce.gif\" \/>\u00a0\u00a0Sortir du colonialisme<br \/>\n<img decoding=\"async\" alt=\"-\" src=\"http:\/\/www.indigenes-republique.fr\/puce.gif\" \/>\u00a0\u00a0Les Panth\u00e8res roses<br \/>\n<img decoding=\"async\" alt=\"-\" src=\"http:\/\/www.indigenes-republique.fr\/puce.gif\" \/>\u00a0\u00a0Collectif Manouchian<br \/>\n<img decoding=\"async\" alt=\"-\" src=\"http:\/\/www.indigenes-republique.fr\/puce.gif\" \/>\u00a0\u00a0FASE (F\u00e9d\u00e9ration pour une alternative sociale et \u00e9cologique)<br \/>\n<img decoding=\"async\" alt=\"-\" src=\"http:\/\/www.indigenes-republique.fr\/puce.gif\" \/>\u00a0\u00a0IJAN ((International Jewish anti-zionist Network)<br \/>\n<img decoding=\"async\" alt=\"-\" src=\"http:\/\/www.indigenes-republique.fr\/puce.gif\" \/>\u00a0\u00a0Femmes Plurielles<\/p>\n<\/div>\n","protected":false},"excerpt":{"rendered":"<p>Equal rights for all mothers: This is what these families and civil rights groups are protesting about.<\/p>\n","protected":false},"author":1,"featured_media":19,"comment_status":"open","ping_status":"open","sticky":false,"template":"","format":"standard","meta":{"footnotes":""},"categories":[25,4,18,28],"tags":[],"class_list":["post-340","post","type-post","status-publish","format-standard","has-post-thumbnail","hentry","category-enseignement","category-islamophobie","category-resistance-bruxelles","category-racismes"],"_links":{"self":[{"href":"https:\/\/bruxelles-pantheres.be\/index.php?rest_route=\/wp\/v2\/posts\/340","targetHints":{"allow":["GET"]}}],"collection":[{"href":"https:\/\/bruxelles-pantheres.be\/index.php?rest_route=\/wp\/v2\/posts"}],"about":[{"href":"https:\/\/bruxelles-pantheres.be\/index.php?rest_route=\/wp\/v2\/types\/post"}],"author":[{"embeddable":true,"href":"https:\/\/bruxelles-pantheres.be\/index.php?rest_route=\/wp\/v2\/users\/1"}],"replies":[{"embeddable":true,"href":"https:\/\/bruxelles-pantheres.be\/index.php?rest_route=%2Fwp%2Fv2%2Fcomments&post=340"}],"version-history":[{"count":1,"href":"https:\/\/bruxelles-pantheres.be\/index.php?rest_route=\/wp\/v2\/posts\/340\/revisions"}],"predecessor-version":[{"id":341,"href":"https:\/\/bruxelles-pantheres.be\/index.php?rest_route=\/wp\/v2\/posts\/340\/revisions\/341"}],"wp:featuredmedia":[{"embeddable":true,"href":"https:\/\/bruxelles-pantheres.be\/index.php?rest_route=\/wp\/v2\/media\/19"}],"wp:attachment":[{"href":"https:\/\/bruxelles-pantheres.be\/index.php?rest_route=%2Fwp%2Fv2%2Fmedia&parent=340"}],"wp:term":[{"taxonomy":"category","embeddable":true,"href":"https:\/\/bruxelles-pantheres.be\/index.php?rest_route=%2Fwp%2Fv2%2Fcategories&post=340"},{"taxonomy":"post_tag","embeddable":true,"href":"https:\/\/bruxelles-pantheres.be\/index.php?rest_route=%2Fwp%2Fv2%2Ftags&post=340"}],"curies":[{"name":"wp","href":"https:\/\/api.w.org\/{rel}","templated":true}]}}