{"id":342,"date":"2013-05-20T02:59:14","date_gmt":"2013-05-20T01:59:14","guid":{"rendered":"https:\/\/bruxelles-pantheres.be\/?p=342"},"modified":"2013-11-10T03:18:47","modified_gmt":"2013-11-10T02:18:47","slug":"unchained-solidarite-avec-la-ban","status":"publish","type":"post","link":"https:\/\/bruxelles-pantheres.be\/?p=342","title":{"rendered":"UNCHAINED : Solidarit\u00e9 avec la BAN"},"content":{"rendered":"<header>\n<blockquote>\n<h1>UNCHAINED : Communiqu\u00e9 du Comit\u00e9 de vigilance citoyenne<\/h1>\n<\/blockquote>\n<\/header>\n<div>\n<p><em>Le Parti \u00c9GALIT\u00c9\u00a0 affirme sa totale solidarit\u00e9 avec la BAN qui m\u00e8ne son action avec d\u00e9termination et confiance contre la n\u00e9grophobie.<!--more--><\/em><\/p>\n<p><em>Le Parti \u00c9GALIT\u00c9 appelle \u00e0 la mobilisation du plus grand nombre aux c\u00f4t\u00e9s des fr\u00e8res mis en examen de m\u00eame qu\u2019il appelle \u00e0 r\u00e9pondre aux \u00e9ventuelles poursuites en justice par une vaste contre-offensive politique contre le racisme et les discriminations.<\/em><\/p>\n<p><a href=\"http:\/\/www.egalite.be\/wp-content\/uploads\/2013\/05\/13480_624019947626610_1355972492_n.jpg\"><img decoding=\"async\" alt=\"13480_624019947626610_1355972492_n\" src=\"http:\/\/www.egalite.be\/wp-content\/uploads\/2013\/05\/13480_624019947626610_1355972492_n.jpg\" width=\"613\" height=\"613\" \/><\/a><\/p>\n<p><strong>Communiqu\u00e9 du Comit\u00e9 de vigilance citoyenne \u00e0 lire et \u00e0 partager le plus largement possible ! <\/strong><\/p>\n<p><strong> UNCHAINED<\/strong><\/p>\n<p>Vendredi 10 Mai 2013, \u00e0 l\u2019occasion de la Comm\u00e9moration de la Journ\u00e9e de l\u2019Abolition de l\u2019Esclavage au Jardin du Luxembourg, alors qu\u2019ils se rendaient \u00e0 cette comm\u00e9moration munis de leur invitation officielle, envoy\u00e9es par le Minist\u00e8re de l\u2019Outre-Mer, Almamy Kanout\u00e9 (\u00e9lu municipal \u00e0 Fresnes (94), porte-parole du Mouvement Emergence et Militant Associatif), Franco Lollia (Porte-parole de la Brigade Anti-N\u00e9grophobie) et Jessy Ard\u00e8s (Membre de la Brigade Anti-N\u00e9grophobie) ont \u00e9t\u00e9 victime d\u2019un usage disproportionn\u00e9 de la force par les fonctionnaires de police, qui les ont interpell\u00e9s violemment.<\/p>\n<p>Nous avons toujours pu compter sur leur solidarit\u00e9, leurs actions, pour le droit au logement, pour soutenir les familles en lutte, pour demander justice face \u00e0 l\u2019impunit\u00e9 polici\u00e8re, et biens d\u2019autres luttes pour l\u2019\u00e9galit\u00e9. Il est symptomatique que l\u2019actuel gouvernement qui n\u2019a pas de r\u00e9ponse sur l\u2019ensemble des probl\u00e9matiques sociales et \u00e9conomiques, cherchent \u00e0 criminaliser des militants actifs pourtant en contact sur des sujets comme les politiques de la ville ou le contr\u00f4le au faci\u00e8s.<\/p>\n<p>De la Droite \u00e0 la Gauche, le changement c\u2019est maintenant\u2026 il est violent.<\/p>\n<p>Ils criminalisent les syndicalistes, les militants de terrain issus des quartiers populaires, toute forme de protestations, et de propositions actives.<\/p>\n<p>La BAN requalifie la traite n\u00e9gri\u00e8re de trafic d\u2019\u00eatre humains orchestr\u00e9 par la France \u00e0 destination des colonies.<\/p>\n<p>La r\u00e9alit\u00e9, c\u2019est qu\u2019on cherche \u00e0 affaiblir la position de la Brigade Anti-N\u00e9grophobie, et \u00e0 d\u00e9cr\u00e9dibiliser des militants \u00e9lus et investis politiquement.<\/p>\n<p>Nous demandons l\u2019abandon de toute poursuite, et le r\u00e9tablissement de la v\u00e9rit\u00e9 sur les r\u00e9els motifs de cette arrestation violente.<\/p>\n<p>vigilancitoyenne@gmail.com<\/p>\n<h2>POURQUOI\u00a0?<\/h2>\n<p><img decoding=\"async\" alt=\"\" src=\"http:\/\/www.singleblackmale.org\/wp-content\/uploads\/2013\/04\/sad-baby.jpg\" width=\"527\" height=\"307\" \/><\/p>\n<p>Ce vendredi 10 mai se tenait les c\u00e9r\u00e9monies officielles de comm\u00e9moration de l\u2019abolition de l\u2019esclavage. Almamy Kanoute \u00a0un conseiller municipal de Fresnes et \u00e9galement membre du collectif\u00a0\u00a0<i>Brigade Anti-N\u00e9grophobie <\/i>s\u2019y rend <a id=\"_GPLITA_1\" title=\"Click to Continue &gt; by Browse to Save\" href=\"http:\/\/leblacketlaplume.com\/2013\/05\/19\/pourquoi-2\/#\">avec<\/a> son carton d\u2019invitation.<i> \u00a0<\/i>Ce jour l\u00e0 il ne portait pas le t-shirt noir o\u00f9 l\u2019on peut lire en toutes lettres le nom de son collectif.\u00a0Lorsqu\u2019il\u00a0se pr\u00e9sente devant la petite sauterie il <a id=\"_GPLITA_3\" title=\"Click to Continue &gt; by Browse to Save\" href=\"http:\/\/leblacketlaplume.com\/2013\/05\/19\/pourquoi-2\/#\">rencontre<\/a> deux camarades de combat \u00e9galement invit\u00e9s \u00e0 qui on refuse l\u2019entr\u00e9e. Il <a href=\"http:\/\/leblacketlaplume.com\/2011\/05\/12\/pourquoi\/\" target=\"_blank\">y a deux ans<\/a> cela s\u2019\u00e9tait d\u00e9j\u00e0 mal pass\u00e9. Cette ann\u00e9e nos amis policiers se sont surpass\u00e9s.\u00a0On le voit dans <a href=\"http:\/\/www.youtube.com\/watch?v=VGPQpycziLE&amp;feature=player_embedded\" target=\"_blank\">cette hallucinante vid\u00e9o<\/a> (\u00e0 partir de <i>8\u201920\u2019\u2019<\/i>) les forces de l\u2019ordre n\u2019\u00e9coutant que leurs courages d\u00e9cident de l\u2019encercler, le matraquer puis le plaquer au sol. Durant cette d\u00e9licate op\u00e9ration \u2013huit contre un \u2013 l\u2019un d\u2019eux \u00a0va trouver le moyen de tomber\u00a0et obtenir quatre jours d\u2019incapacit\u00e9 totale de travail. \u00a0Almamy Kanoute est convoqu\u00e9 devant la 28e chambre du Tribunal de grande instance de Paris. \u00a0Il lui est reproch\u00e9 d\u2019avoir r\u00e9sist\u00e9 avec violence \u00e0 son arrestation et il risque un an de prison.<\/p>\n<p>Deux jours plus tard le PSG est devenu champion. Pas du monde, ni m\u00eame d\u2019Europe, mais de France. Apparemment cela faisait 19 ans que les supporters attendaient cela. Soit. Ce soir l\u00e0 des abrutis en ont profit\u00e9 \u00a0pour aller saccager des boutiques sur les Champs Elys\u00e9es. Entre une heure et trois heures du matin, ils s\u2019en sont pris aux vitrines des magasins Louis Vuitton, Hugo Boss et Peugeot. Le lendemain les festivit\u00e9s du club et des joueurs au Trocad\u00e9ro ont\u00a0 \u00e9t\u00e9 g\u00e2ch\u00e9es par le cocktail explosif de hooligans frustr\u00e9s \u00a0et de cailleras d\u00e9sesp\u00e9r\u00e9es. \u00a0Qui a d\u00e9j\u00e0 eu l\u2019infortune d\u2019aller f\u00eater le r\u00e9veillon sur les Champs Elys\u00e9es sait de quoi je parle\u2026 A la moindre occasion des abrutis profitent pour tout casser. \u00a0On s\u2019y attendait les cerveaux de l\u2019UMP ont rapidement \u00e9t\u00e9 en surchauffe. Monsieur le d\u00e9put\u00e9-maire UMP de Six-Fours, dans le Var, Jean-S\u00e9bastien Vialatte, s\u2019est fendu d\u2019un tweet dans lequel il \u00e9tablissait un parall\u00e8le entre les descendants d\u2019esclaves et les casseurs. \u00ab<i>Les casseurs sont s\u00fbrement des descendants d\u2019esclaves, ils ont des excuses. #Taubira va leur donner une compensation\u00bb<\/i>. Avant de courageusement supprimer sa publication. On attend les condamnations sans appel de monsieur Cop\u00e9 et l\u2019\u00e9viction du parti\u2026<\/p>\n<p>Comment expliquer que Monsieur Fran\u00e7ois rende hommage \u00e0 Aim\u00e9 C\u00e9saire au m\u00eame moment \u00a0o\u00f9 l\u2019on agresse des activistes contre le racisme dont sont victimes les Noirs ? Comment comprendre la d\u00e9marche \u00a0de ceux qui \u00a0associent un \u00e9v\u00e9nement de liesse populaire \u00e0 un besoin de d\u00e9truire ? \u00a0Comme je n\u2019ai pas de r\u00e9ponses \u00e0 ces questions je vais \u00a0me replonger dans\u00a0<a href=\"http:\/\/www.youtube.com\/watch?v=rhNzh2e8Zjw\" target=\"_blank\">les po\u00e8mes de Michelle<\/a>\u00a0<i>\u2026<br \/>\n<\/i><\/p>\n<p><a href=\"http:\/\/leblacketlaplume.com\/2013\/05\/19\/pourquoi-2\/\">Source<\/a><\/p>\n<\/div>\n<p><iframe src=\"http:\/\/www.dailymotion.com\/embed\/video\/xinu03\" height=\"270\" width=\"480\" frameborder=\"0\"><\/iframe><br \/>\n<a href=\"http:\/\/www.dailymotion.com\/video\/xinu03_l-envers-du-decor-de-la-commemoration-de-l-abolition-de-l-esclavage-du-10-mai-2011_news\" target=\"_blank\">L&rsquo;ENVERS DU DECOR DE LA COMMEMORATION DE L&#8230;<\/a> <i>par <a href=\"http:\/\/www.dailymotion.com\/AncFrance\" target=\"_blank\">AncFrance<\/a><\/i><br \/>\n<iframe src=\"\/\/www.youtube.com\/embed\/zjOtUqIfP4c\" height=\"315\" width=\"560\" allowfullscreen=\"\" frameborder=\"0\"><\/iframe><\/p>\n<address>France. Interpellation scandaleuse de militants de la Brigade Anti-N\u00e9grophobie<\/address>\n<p><span class=\"italique\"> vendredi\u00a010\u00a0mai\u00a02013<\/span><\/p>\n<div style=\"text-align: left; padding-bottom: 30px; padding-top: 10px;\"><span class=\"st_googleplus_hcount\"><span class=\"stButton\" style=\"text-decoration: none; color: #000000; display: inline-block; cursor: pointer;\"><span><span class=\"stArrow\"><span class=\"stButton_gradient stHBubble\" style=\"display: inline-block;\"><span class=\"stBubble_hcount\">\u00a0<\/span><\/span><\/span><\/span><\/span><\/span><\/div>\n<p>&nbsp;<\/p>\n<div class=\"img\"><img decoding=\"async\" class=\"aligncenter\" alt=\"France. Interpellation scandaleuse de militants de la Brigade Anti-N\u00e9grophobie \" src=\"http:\/\/www.lecourrierdelatlas.com\/images\/z_commun\/photos_artices\/big\/brigade.jpg\" \/><br \/>\n<span class=\"italique_gras\">Cr\u00e9dit Photo \/ Mannone Cadoret.<\/span><\/div>\n<p>&nbsp;<\/p>\n<p style=\"text-align: justify;\"><strong>En ce jour de comm\u00e9moration de l\u2019abolition de l\u2019esclavage, 3 militants de la Brigade Anti-N\u00e9grophobie, sont pr\u00e9sents au jardin du Luxembourg. Ils sont v\u00eatus de t-shirts portant l\u2019inscription \u00ab Brigade Anti-N\u00e9grophobie \u00bb. La police les interpelle et les emm\u00e8ne au commissariat. <\/strong><\/p>\n<p>&nbsp;<\/p>\n<div class=\"content\">\n<div class=\"img\"><img decoding=\"async\" class=\"aligncenter\" alt=\"France. Interpellation scandaleuse de militants de la Brigade Anti-N\u00e9grophobie \" src=\"http:\/\/www.lecourrierdelatlas.com\/images\/z_commun\/photos_artices\/big\/brigade2.jpg\" \/><br \/>\n<span class=\"italique_gras\">Cr\u00e9dit Photo \/ Mannone Cadoret.<\/span><\/div>\n<p style=\"text-align: justify;\">Avant, quand on \u00e9voquait le 10 mai, tout le monde pensait \u00e0 Mitterand. A l\u2019arriv\u00e9e de \u00ab Tonton \u00bb et de la Gauche, apr\u00e8s 23 ans de droite au pouvoir. Ca c\u2019\u00e9tait avant. Aujourd\u2019hui, le 10 mai, (all\u00e9luia !) est consacr\u00e9 aux <strong>comm\u00e9moration de l\u2019abolition de l\u2019esclavage<\/strong>.<\/p>\n<p style=\"text-align: justify;\">Pourquoi la date du 10 mai ? Elle a \u00e9t\u00e9 choisie \u00a0en r\u00e9f\u00e9rence au 10 mai 2001, jour de l\u2019adoption en derni\u00e8re lecture par le S\u00e9nat de la loi Taubira, reconnaissant la traite et l\u2019esclavage contre crime contre l\u2019humanit\u00e9.<\/p>\n<p style=\"text-align: justify;\">Bref. Ce matin, vers 11h, <strong>trois militants de la Brigade Anti-N\u00e9grophobie (BAN), dont un \u00e9lu municipal de Fresnes<\/strong> (94), se pointent au <strong>jardin du Luxembourg<\/strong> pour participer \u00e0 la \u00ab c\u00e9r\u00e9monie officielle \u00bb. Fran\u00e7ois Hollande est pr\u00e9sent. Donc forc\u00e9ment, les forces de l\u2019ordre, aussi.<\/p>\n<p style=\"text-align: justify;\"><span>Deux des militants <\/span>portent <strong>des t-shirts avec \u00e9crit dessus <\/strong><span><strong> \u00ab Brigade Anti-N\u00e9grophobie \u00bb<\/strong>, ils sont donc tout de <a id=\"_GPLITA_0\" style=\"text-decoration: underline;\" title=\"Click to Continue &gt; by Browse to Save\" href=\"http:\/\/www.lecourrierdelatlas.com\/473110052013Scandale-Trois-militants-de-la-Brigade-Anti-Negrophobie-interpelles.html#\">suite<\/a> identifiables. \u00ab <strong>On a \u00e0 peine travers\u00e9 la rue (NDRL la rue Soufflot) que les flics ont interpell\u00e9 <a id=\"_GPLITA_2\" style=\"text-decoration: underline;\" title=\"Click to Continue &gt; by Browse to Save\" href=\"http:\/\/www.lecourrierdelatlas.com\/473110052013Scandale-Trois-militants-de-la-Brigade-Anti-Negrophobie-interpelles.html#\">mes<\/a> amis<\/strong>. Ils ont form\u00e9 un barrage.<strong> L\u2019interpellation \u00e9tait muscl\u00e9e <\/strong>\u00bb, t\u00e9moigne Anais, qui se trouvait l\u00e9g\u00e8rement en retrait. <\/span>\u00ab<span>Le ton est mont\u00e9 tr\u00e8s vite. Les policiers nous ont emp\u00each\u00e9s de nous rapprocher. Je les ai vus juste monter tous ensemble dans une camionnette blanche \u00bb, ajoute t-elle. <\/span><\/p>\n<p style=\"text-align: justify;\"><span>La pr\u00e9fecture de police confirme \u00ab l\u2019interpellation de trois personnes pour <strong>manifestation non autoris\u00e9e et pour avoir tent\u00e9 de p\u00e9n\u00e9trer \u00e0 l\u2019int\u00e9rieur d\u2019un p\u00e9rim\u00e8tre s\u00e9curis\u00e9 sans invitation <\/strong>\u00bb. Avant de rassurer : \u00ab Nous v\u00e9rifions leur identit\u00e9s. Ils devraient sortir tr\u00e8s vite \u00bb. <\/span><\/p>\n<p style=\"text-align: justify;\">Le temps passe, les choses \u00e9voluent. \u00ab\u00a0Le commissariat m\u2019a appel\u00e9e pour me signifier la garde \u00e0 vue <strong>d\u2019Almamy Kanout\u00e9<\/strong>, (un des militants arr\u00eat\u00e9s ce matin)\u00a0\u00bb t\u00e9moigne Laurens, sa concubine. \u00ab\u00a0J\u2019ai demand\u00e9 pour quelles raisons\u00a0? Ils m\u2019ont r\u00e9pondu, \u00ab\u00a0<strong>pour r\u00e9bellion<\/strong>\u00a0\u00bb\u00a0: il y aurait une bousculade.\u00a0Je suis inqui\u00e8te parce qu\u2019Almamy aurait demand\u00e9 \u00e0 voir un m\u00e9decin, et aussi son avocat. Le policier m\u2019a aussi dit qu\u2019<strong>ils ne sortiraient pas avant tr\u00e8s tard ce soir ou demain<\/strong>\u00bb.<\/p>\n<p style=\"text-align: justify;\">Contact\u00e9, le commissariat du 5<sup>\u00e8me<\/sup> ne souhaite pas en dire plus pour l\u2019instant. Elle ne confirme, ni infirme le placement en garde \u00e0 vue des trois interpell\u00e9s. <strong>A 22h30, ils \u00e9taient toujours au commissariat<\/strong>. Selon une source proche de l\u2019affaire, les trois militants dormiront au poste ce soir.<\/p>\n<p style=\"text-align: justify;\"><strong>Un rassemblement devant le commissariat est pr\u00e9vu samedi matin \u00e0 9h<\/strong> pour soutenir les gard\u00e9s \u00e0 vue.<\/p>\n<p style=\"text-align: right;\"><strong>Nadir Dendoune<\/strong><\/p>\n<div class=\"img\"><img decoding=\"async\" class=\"aligncenter\" alt=\"France. Interpellation scandaleuse de militants de la Brigade Anti-N\u00e9grophobie \" src=\"http:\/\/www.lecourrierdelatlas.com\/images\/z_commun\/photos_artices\/big\/brigade3.jpg\" \/><br \/>\n<span class=\"italique_gras\">Cr\u00e9dit Photo \/ Mannone Cadoret.<\/span><\/div>\n<div class=\"img\" style=\"text-align: right;\"><a href=\"http:\/\/www.lecourrierdelatlas.com\/473110052013Scandale-Trois-militants-de-la-Brigade-Anti-Negrophobie-interpelles.html\">Source<\/a><\/div>\n<div class=\"img\" style=\"text-align: left;\">\n<address>La Brigade Anti-N\u00e9grophobie promet de porter plainte contre la police<\/address>\n<p>samedi\u00a011\u00a0mai\u00a02013<\/p>\n<div style=\"text-align: justify;\"><img decoding=\"async\" alt=\"La Brigade Anti-N\u00e9grophobie promet de porter plainte contre la police\" src=\"http:\/\/www.lecourrierdelatlas.com\/images\/z_commun\/photos_artices\/big\/mam.jpg\" \/><br \/>\nAlmamy, Franco et Jessi avaient des cartons d\u2019invitation, contrairement \u00e0 ce qu\u2019avait laiss\u00e9 entendre la pr\u00e9fecture de police de Paris. Cr\u00e9dit photo \/ Nadir Dendoune.<\/div>\n<p style=\"text-align: justify;\"><strong>L\u2019ann\u00e9e derni\u00e8re, et m\u00eame en 2011, les militants de la Brigade Anti-N\u00e9grophobie n\u2019avaient eu aucun souci pour assister \u00e0 la comm\u00e9moration annuelle de l\u2019abolition de l\u2019esclavage et des traites n\u00e9gri\u00e8res au jardin du Luxembourg.<\/strong><\/p>\n<div style=\"text-align: justify;\"><img decoding=\"async\" alt=\"La Brigade Anti-N\u00e9grophobie promet de porter plainte contre la police\" src=\"http:\/\/www.lecourrierdelatlas.com\/images\/z_commun\/photos_artices\/big\/MAM2-1.jpg\" \/><br \/>\nLa mobilisation \u00e0 <a id=\"_GPLITA_1\" title=\"Click to Continue &gt; by Browse to Save\" href=\"http:\/\/www.lecourrierdelatlas.com\/473611052013La-Brigade-Anti-Negrophobie-promet-de-porter-plainte-contre-la-police.html#\">travers<\/a> les r\u00e9seaux sociaux appelant au soutien des interpell\u00e9s ne s\u2019est pas faite attendre. Cr\u00e9dit photo \/ Nadir Dendoune.<\/div>\n<p style=\"text-align: justify;\"><a href=\"http:\/\/www.lecourrierdelatlas.com\/473110052013Scandale-Trois-militants-de-la-Brigade-Anti-Negrophobie-interpelles.html\">Hier, vendredi 10 mai<\/a>, vers 10h45, Almamy, Franco et Jessi sont rue Soufflot, \u00e0 quelques m\u00e8tres du jardin. <strong>Munis de cartons d\u2019invitation<\/strong>, contrairement \u00e0 ce qu\u2019avait laiss\u00e9 entendre <a id=\"_GPLITA_0\" title=\"Click to Continue &gt; by Browse to Save\" href=\"http:\/\/www.lecourrierdelatlas.com\/473611052013La-Brigade-Anti-Negrophobie-promet-de-porter-plainte-contre-la-police.html#\">hier<\/a> la pr\u00e9fecture de police de Paris, ils sont arr\u00eat\u00e9s par des policiers\u00a0: \u00ab\u00a0pour v\u00e9rification\u00a0\u00bb, se rappelle Franco.<\/p>\n<p style=\"text-align: justify;\">L\u2019heure tourne, la c\u00e9r\u00e9monie commence \u00e0 11h. \u00ab\u00a0<strong>On a demand\u00e9 alors ce qui se passait. Sans r\u00e9ponse, on a d\u00e9cid\u00e9 d\u2019avancer<\/strong> \u00bb ajoute le jeune homme. Les policiers refusent de les laisser passer, pr\u00e9textant une nouvelle fois \u00ab\u00a0que les v\u00e9rifications n\u2019ont pas \u00e9t\u00e9 faites\u00a0\u00bb.<\/p>\n<p style=\"text-align: justify;\">Le ton monte. \u00ab\u00a0<strong>On s\u2019est retrouv\u00e9 par terre. On a entendu des Fermes ta gueule et certains ont \u00e9t\u00e9 plaqu\u00e9s contre le mur<\/strong> \u00bb, t\u00e9moigne Almamy.<\/p>\n<p style=\"text-align: justify;\">L\u2019\u00e9change est muscl\u00e9, comme l\u2019attestent <a href=\"http:\/\/www.citizenside.com\/fr\/photos\/politique\/2013-05-10\/78445\/echauffourees-avec-les-forces-de-l-ordre-pendant-la-commemoration-de-l-abolition-de-l-esclavage.html#f=0\/711347\">plusieurs clich\u00e9s pris sur place<\/a>. Les trois militants sont alors embarqu\u00e9s manu militari au commissariat du 5<sup>\u00e8me<\/sup>. Il est midi. Dehors, <strong>les amis se mobilisent<\/strong> \u00e0 travers les r\u00e9seaux sociaux et appellent au soutien des interpell\u00e9s.<\/p>\n<p style=\"text-align: justify;\">La pr\u00e9fecture se veut rassurante et campe sur ses positions en maintenant le fait que <strong>les trois gard\u00e9s \u00e0 vue n\u2019avaient pas d\u2019invitation<\/strong>\u00a0: \u00ab\u00a0Ils ont tent\u00e9 de p\u00e9n\u00e9trer\u00a0 l\u2019int\u00e9rieur d\u2019un p\u00e9rim\u00e8tre s\u00e9curis\u00e9 sans invitation. Nous v\u00e9rifions leurs identit\u00e9s. Ils devraient sortir tr\u00e8s vite\u00a0\u00bb.<\/p>\n<p style=\"text-align: justify;\">Almamy, Franco et Jessi sortiront bien du commissariat, le lendemain, 24h apr\u00e8s y \u00eatre entr\u00e9s. <strong>Poursuivis pour outrage et r\u00e9bellion<\/strong>, une date de jugement devrait bient\u00f4t leur \u00eatre signifi\u00e9e.<\/p>\n<p style=\"text-align: justify;\">\u00ab\u00a0<strong>Je vais porter plainte pour arrestation arbitraire et discriminatoire<\/strong> \u00bb,<strong> <\/strong>promet Almamy les traits tir\u00e9s, \u00e0 sa sortie du commissariat . \u00ab\u00a0C\u2019est tomb\u00e9 sur nous, \u00e7a peut arriver \u00e0 d\u2019autres. Alors restons mobilis\u00e9s\u00a0\u00bb, conclut Franco.<\/p>\n<p style=\"text-align: justify;\"><strong>Nadir Dendoune<\/strong><\/p>\n<p style=\"text-align: right;\"><a href=\"http:\/\/www.lecourrierdelatlas.com\/473611052013La-Brigade-Anti-Negrophobie-promet-de-porter-plainte-contre-la-police.html\">Source<\/a><\/p>\n<\/div>\n<\/div>\n","protected":false},"excerpt":{"rendered":"<p>UNCHAINED : Communiqu\u00e9 du Comit\u00e9 de vigilance citoyenne Le Parti \u00c9GALIT\u00c9\u00a0 affirme sa totale solidarit\u00e9 avec la BAN qui m\u00e8ne son action avec d\u00e9termination et confiance contre la n\u00e9grophobie.<\/p>\n","protected":false},"author":1,"featured_media":0,"comment_status":"open","ping_status":"open","sticky":false,"template":"","format":"standard","meta":{"footnotes":""},"categories":[21,7,28,5],"tags":[],"class_list":["post-342","post","type-post","status-publish","format-standard","hentry","category-anti-imperialisme","category-negrophobie","category-racismes","category-violence-policiere"],"_links":{"self":[{"href":"https:\/\/bruxelles-pantheres.be\/index.php?rest_route=\/wp\/v2\/posts\/342","targetHints":{"allow":["GET"]}}],"collection":[{"href":"https:\/\/bruxelles-pantheres.be\/index.php?rest_route=\/wp\/v2\/posts"}],"about":[{"href":"https:\/\/bruxelles-pantheres.be\/index.php?rest_route=\/wp\/v2\/types\/post"}],"author":[{"embeddable":true,"href":"https:\/\/bruxelles-pantheres.be\/index.php?rest_route=\/wp\/v2\/users\/1"}],"replies":[{"embeddable":true,"href":"https:\/\/bruxelles-pantheres.be\/index.php?rest_route=%2Fwp%2Fv2%2Fcomments&post=342"}],"version-history":[{"count":3,"href":"https:\/\/bruxelles-pantheres.be\/index.php?rest_route=\/wp\/v2\/posts\/342\/revisions"}],"predecessor-version":[{"id":363,"href":"https:\/\/bruxelles-pantheres.be\/index.php?rest_route=\/wp\/v2\/posts\/342\/revisions\/363"}],"wp:attachment":[{"href":"https:\/\/bruxelles-pantheres.be\/index.php?rest_route=%2Fwp%2Fv2%2Fmedia&parent=342"}],"wp:term":[{"taxonomy":"category","embeddable":true,"href":"https:\/\/bruxelles-pantheres.be\/index.php?rest_route=%2Fwp%2Fv2%2Fcategories&post=342"},{"taxonomy":"post_tag","embeddable":true,"href":"https:\/\/bruxelles-pantheres.be\/index.php?rest_route=%2Fwp%2Fv2%2Ftags&post=342"}],"curies":[{"name":"wp","href":"https:\/\/api.w.org\/{rel}","templated":true}]}}