{"id":3421,"date":"2017-07-17T03:04:04","date_gmt":"2017-07-17T02:04:04","guid":{"rendered":"https:\/\/bruxelles-pantheres.be\/?p=3421"},"modified":"2017-11-06T22:42:57","modified_gmt":"2017-11-06T21:42:57","slug":"pour-un-feminisme-de-la-totalite","status":"publish","type":"post","link":"https:\/\/bruxelles-pantheres.be\/?p=3421","title":{"rendered":"\u201cPour un f\u00e9minisme de la totalit\u00e9\u201d"},"content":{"rendered":"<p><iframe src=\"https:\/\/www.youtube.com\/embed\/KlzX-nB7lCY?ecver=1\" width=\"560\" height=\"315\" frameborder=\"0\" allowfullscreen=\"allowfullscreen\"><\/iframe><!--more--><\/p>\n<p>\u201cPour un f\u00e9minisme de la totalit\u00e9\u201d<\/p>\n<p>Rencontre et discussion avec Morgane Merteuil et F\u00e9lix Boggio \u00c9wanj\u00e9-\u00c9p\u00e9e.<\/p>\n<p>Vendredi 26 mai 2017<br \/>\nLibrairie Par Chemins<br \/>\nRue Berthelot 116, 1190 Forest<\/p>\n<p>Le f\u00e9minisme fait souvent office de faire-valoir \u00e0 tous les programmes, \u00e9mancipateurs ou non. Du c\u00f4t\u00e9 du bloc au pouvoir, les \u00ab droits des femmes \u00bb sont devenus un argument du maintien de l\u2019ordre, des lois islamophobes \u00e0 la politique d\u2019incarc\u00e9ration des non-Blancs. Parmi les progressistes, le f\u00e9minisme est une lutte parmi d\u2019autres, qu\u2019on cite volontiers entre l\u2019antilib\u00e9ralisme et la d\u00e9fense de l\u2019environnement. \u00c0 l\u2019inverse, ce livre propose de donner toute sa port\u00e9e au f\u00e9minisme, de restaurer sa vocation r\u00e9volutionnaire, de clarifier sa contribution \u00e0 tout projet de bouleversement de l\u2019ordre des choses. En quoi transformer la famille, la sexualit\u00e9, l\u2019organisation de la reproduction sociale et biologique, le travail domestique ou encore le travail affectif implique-t-il de r\u00e9volutionner la vie quotidienne, la sant\u00e9, la culture, le travail salari\u00e9, le logement, la vie collective, les allocations sociales ? Comment les apports du f\u00e9minisme noir permettent-ils de repenser le d\u00e9p\u00e9rissement de l\u2019\u00c9tat ?<\/p>\n<p>Ce recueil, regroupant des textes fondateurs du f\u00e9minisme marxiste et des articles plus contemporains, est un manuel \u00e0 l\u2019usage de celles et ceux qui ne se satisfont pas de transformations partielles, mais qui entendent changer le syst\u00e8me dans sa totalit\u00e9.<\/p>\n<p><a href=\"https:\/\/bruxelles-pantheres.be\/wp-content\/uploads\/2017\/11\/18222295_703858366453506_615308670385280635_n.jpg\"><img decoding=\"async\" class=\"size-full wp-image-3422 aligncenter\" src=\"https:\/\/bruxelles-pantheres.be\/wp-content\/uploads\/2017\/11\/18222295_703858366453506_615308670385280635_n.jpg\" alt=\"\" width=\"663\" height=\"960\" srcset=\"https:\/\/bruxelles-pantheres.be\/wp-content\/uploads\/2017\/11\/18222295_703858366453506_615308670385280635_n.jpg 663w, https:\/\/bruxelles-pantheres.be\/wp-content\/uploads\/2017\/11\/18222295_703858366453506_615308670385280635_n-207x300.jpg 207w\" sizes=\"(max-width: 663px) 100vw, 663px\" \/><\/a><\/p>\n","protected":false},"excerpt":{"rendered":"","protected":false},"author":1,"featured_media":3422,"comment_status":"open","ping_status":"open","sticky":false,"template":"","format":"video","meta":{"footnotes":""},"categories":[22,36,18,28,17],"tags":[251,110,258],"class_list":["post-3421","post","type-post","status-publish","format-video","has-post-thumbnail","hentry","category-emploi","category-europe","category-resistance-bruxelles","category-racismes","category-video","tag-feminisme-decolonial","tag-felix-boggio-ewanje-epee","tag-morgane-merteuil","post_format-post-format-video"],"_links":{"self":[{"href":"https:\/\/bruxelles-pantheres.be\/index.php?rest_route=\/wp\/v2\/posts\/3421","targetHints":{"allow":["GET"]}}],"collection":[{"href":"https:\/\/bruxelles-pantheres.be\/index.php?rest_route=\/wp\/v2\/posts"}],"about":[{"href":"https:\/\/bruxelles-pantheres.be\/index.php?rest_route=\/wp\/v2\/types\/post"}],"author":[{"embeddable":true,"href":"https:\/\/bruxelles-pantheres.be\/index.php?rest_route=\/wp\/v2\/users\/1"}],"replies":[{"embeddable":true,"href":"https:\/\/bruxelles-pantheres.be\/index.php?rest_route=%2Fwp%2Fv2%2Fcomments&post=3421"}],"version-history":[{"count":2,"href":"https:\/\/bruxelles-pantheres.be\/index.php?rest_route=\/wp\/v2\/posts\/3421\/revisions"}],"predecessor-version":[{"id":3431,"href":"https:\/\/bruxelles-pantheres.be\/index.php?rest_route=\/wp\/v2\/posts\/3421\/revisions\/3431"}],"wp:featuredmedia":[{"embeddable":true,"href":"https:\/\/bruxelles-pantheres.be\/index.php?rest_route=\/wp\/v2\/media\/3422"}],"wp:attachment":[{"href":"https:\/\/bruxelles-pantheres.be\/index.php?rest_route=%2Fwp%2Fv2%2Fmedia&parent=3421"}],"wp:term":[{"taxonomy":"category","embeddable":true,"href":"https:\/\/bruxelles-pantheres.be\/index.php?rest_route=%2Fwp%2Fv2%2Fcategories&post=3421"},{"taxonomy":"post_tag","embeddable":true,"href":"https:\/\/bruxelles-pantheres.be\/index.php?rest_route=%2Fwp%2Fv2%2Ftags&post=3421"}],"curies":[{"name":"wp","href":"https:\/\/api.w.org\/{rel}","templated":true}]}}