{"id":3425,"date":"2017-11-06T20:41:49","date_gmt":"2017-11-06T19:41:49","guid":{"rendered":"https:\/\/bruxelles-pantheres.be\/?p=3425"},"modified":"2017-11-06T22:45:44","modified_gmt":"2017-11-06T21:45:44","slug":"affaires-ramadan-et-dsk-lanalyse-mediatique-interdite","status":"publish","type":"post","link":"https:\/\/bruxelles-pantheres.be\/?p=3425","title":{"rendered":"Affaires Ramadan et DSK : l\u2019analyse m\u00e9diatique interdite"},"content":{"rendered":"<div class=\"_39k2\">\n<div tabindex=\"-1\"><img decoding=\"async\" class=\"aligncenter\" src=\"https:\/\/scontent.fbru1-1.fna.fbcdn.net\/v\/t1.0-9\/23244460_10155864943409907_2112879515120175269_n.jpg?oh=7033536001171bb8f0ac625d94caac89&amp;oe=5AA82D30\" alt=\"https:\/\/scontent.fbru1-1.fna.fbcdn.net\/v\/t1.0-9\/23244460_10155864943409907_2112879515120175269_n.jpg?oh=7033536001171bb8f0ac625d94caac89&amp;oe=5AA82D30\" \/><\/div>\n<div tabindex=\"-1\"><\/div>\n<p id=\"js_b9d\" class=\"_4lmk _2vxa autofocus _5s6c\" tabindex=\"-1\"><strong>Affaires Ramadan et DSK : l\u2019analyse m\u00e9diatique interdite<\/strong><\/p>\n<div class=\"_ohe lfloat\"><\/div>\n<div class=\"\">\n<div class=\"_42ef _8u\">\n<div class=\"_3uhg\"><a class=\"_2yug\" href=\"https:\/\/www.facebook.com\/olivier.mukuna\" target=\"_blank\" rel=\"noopener\">Olivier Mukuna<\/a><span class=\"_4_mg\">\u00b7<\/span><a class=\"uiLinkSubtle\" href=\"https:\/\/www.facebook.com\/notes\/olivier-mukuna\/affaires-ramadan-et-dsk-lanalyse-m%C3%A9diatique-interdite\/1785429804824536\/\">lundi 6 novembre 2017<\/a><\/div>\n<\/div>\n<div><\/div>\n<div class=\"_42ef _8u\">\n<div><\/div>\n<\/div>\n<\/div>\n<\/div>\n<div class=\"_39k5 _5s6c\">\n<div class=\"_2cuy _3dgx _2vxa\">Les accusations de \u00ab <span class=\"_4yxp\">viols, agressions sexuelles, violences et menaces de mort <\/span>\u00bb port\u00e9es contre <a class=\"_2u0z\" href=\"https:\/\/www.facebook.com\/tariqram\" data-hovercard=\"\/ajax\/hovercard\/user.php?id=817273703\" data-hovercard-prefer-more-content-show=\"1\"><span class=\"_4yxo\">Tariq Ramadan<\/span><\/a> ne sont, pour l\u2019heure, pas \u00e9tablies ni d\u00e9montr\u00e9es. La justice est saisie du dossier. Soit deux plaintes \u00e9manant de deux victimes pr\u00e9sum\u00e9es (l\u2019une connue, <span class=\"_4yxo\">Henda Ayari <\/span>; l\u2019autre anonymis\u00e9e par la presse). Ramadan, quant \u00e0 lui, a d\u00e9pos\u00e9 deux plaintes, pour <span class=\"_4yxp\">calomnies et diffamation<\/span> \u00bb et pour \u00ab <span class=\"_4yxp\">subornation de t\u00e9moin <\/span>\u00bb. A ce stade, ce que chacun-e croit pouvoir sp\u00e9culer ne p\u00e8se pas lourd pour d\u00e9terminer si l\u2019islamologue le plus d\u00e9test\u00e9 des \u00e9lites m\u00e9diatiques et politiques fran\u00e7aises est coupable ou non de viols et d\u2019agressions sexuelles (1). Pour notre part, r\u00e9\u00e9crivons-le, nous ne nous prononcerons pas sur le fond en l\u2019absence de preuves ou d\u2019\u00e9l\u00e9ments nouveaux. Il est d\u2019ailleurs triste de devoir imp\u00e9rativement souligner cette banale prudence professionnelle, sans que cela n\u2019emp\u00eache pour autant de se voir cataloguer dans l\u2019un ou l\u2019autre camp. Ou tout le charme d\u2019une \u00e9poque sur laquelle r\u00e8gnent \u00ab intelligence et bonne foi \u00bb d\u00e9multipli\u00e9es sur Twitter&#8230;<\/div>\n<div><\/div>\n<div class=\"_2cuy _3dgx _2vxa\">Si l\u2019on doit attendre (ou chercher \u00e0 \u00e9tayer pour les bons journalistes) la fin de l\u2019enqu\u00eate judiciaire, on sait aussi que la plupart des m\u00e9dias <span class=\"_4yxp\">mainstream<\/span> s\u2019en moquent all\u00e8grement. Le scandale et la diabolisation font vendre. Et c\u2019est d\u2019une pierre deux coups s\u2019il vise un ennemi id\u00e9ologique, craint ou m\u00e9pris\u00e9 par leurs patrons milliardaires et autres puissants. Autrement dit, nul besoin d\u2019attendre jugement et verdict judiciaires pour d\u00e9noncer le parti-pris anti-Ramadan, islamophobe et raciste, d\u2019au moins 5 m\u00e9dias fran\u00e7ais. Rien que \u00e7a ? Oui.<\/div>\n<div><\/div>\n<div class=\"_2cuy _3dgx _2vxa\">Et nous allons tenter de le d\u00e9montrer par l\u2019analyse de cinq \u00ab Unes \u00bb de l\u2019affaire DSK (2011) compar\u00e9es avec cinq \u00abUnes \u00bb traitant de l\u2019affaire Ramadan (2017). \u00c9pingl\u00e9s sur la plaquette de notre microscope journalistique : <span class=\"_4yxo _4yxp\">Le Monde<\/span><span class=\"_4yxp\">, <\/span><span class=\"_4yxo _4yxp\">Le Parisien<\/span><span class=\"_4yxp\">, <\/span><span class=\"_4yxo _4yxp\">Lib\u00e9ration<\/span><span class=\"_4yxp\">, <\/span><span class=\"_4yxo _4yxp\">Marianne<\/span> et <span class=\"_4yxo _4yxp\">Charlie Hebdo<\/span>. Mais avant de d\u00e9rouler nos observations, aussi v\u00e9rifi\u00e9es que d\u00e9rangeantes, \u00e9vacuons quelques objections bien l\u00e9gitimes.<\/div>\n<p>&nbsp;<\/p>\n<div>\n<div class=\"_h2x _h2y _4lh3\">\n<p><img decoding=\"async\" id=\"u_jk_3\" class=\"_h2z _297z _4lh5 img alignleft\" src=\"https:\/\/scontent.fbru1-1.fna.fbcdn.net\/v\/t1.0-9\/23172781_10155865301949907_5585867738272045925_n.jpg?oh=10079f56dc9974b04570451dae195fe5&amp;oe=5A6DCE09\" alt=\"\" \/><\/p>\n<div class=\"_h2w _50f8 _50f4\">Dominique Strauss-Khan (DSK).<\/div>\n<\/div>\n<p class=\"_2cuy _3dgx _2vxa\">Pourquoi DSK ? Qui plus est : avec un contexte diff\u00e9rent et des implications sociopolitiques toutes autres ? Parce que, d\u2019une part, <span class=\"_4yxo\">Dominique Strauss-Khan<\/span> a fait l\u2019objet des m\u00eames accusations p\u00e9nales que Tariq Ramadan : viol et agression sexuelle.<\/p>\n<p>&nbsp;<\/p>\n<p class=\"_2cuy _3dgx _2vxa\">D\u2019autre part, avant le 14 mai 2011, il s\u2019agissait aussi d\u2019une personnalit\u00e9 m\u00e9diatique controvers\u00e9e dont le journaliste <a class=\"_2u0z\" href=\"https:\/\/www.facebook.com\/jean.quatremer\" data-hovercard=\"\/ajax\/hovercard\/user.php?id=676243474\" data-hovercard-prefer-more-content-show=\"1\">Jean Quatremer<\/a> avait d\u00e9j\u00e0 d\u00e9nonc\u00e9 \u00ab <span class=\"_4yxp\">la sexualit\u00e9 d\u00e9brid\u00e9e<\/span> \u00bb et \u00ab <span class=\"_4yxp\">son rapport aux femmes, trop pressant, fr\u00f4lant souvent le harc\u00e8lement<\/span> \u00bb (2), tandis que nombre de ses consoeurs et confr\u00e8res gardaient le silence, pr\u00e9f\u00e9rant qualifier le politicien socialiste &#8211; selon l\u2019habituel vocable patriarcal &#8211; de \u00ab<span class=\"_4yxp\">s\u00e9ducteur<\/span>\u00bb ou de \u00ab<span class=\"_4yxp\">collectionneur de conqu\u00eates f\u00e9minines<\/span> \u00bb.<\/p>\n<p>&nbsp;<\/p>\n<p class=\"_2cuy _3dgx _2vxa\">En termes strictement religieux, nous aurions pu choisir, par exemple, l\u2019ex-grand rabbin de France, <span class=\"_4yxo\">Gilles Bernheim<\/span>, tomb\u00e9 pour plagiats et usurpation de titre universitaire (3). Soit comparer le traitement m\u00e9diatique concernant une personnalit\u00e9 de confession juive accus\u00e9e avec celui de l\u2019actuel leader de confession musulmane incrimin\u00e9. Or, \u00e0 l\u2019\u00e9vidence, la nature des fautes finalement reconnues par Gilles Bernheim rel\u00e8ve d\u2019un registre infiniment moins grave que celui des violences sexuelles. D\u2019autre part, m\u00eame si quatre des m\u00e9dias pr\u00e9cit\u00e9s ont trait\u00e9 l\u2019affaire (r\u00e9v\u00e9l\u00e9e par <span class=\"_4yxo _4yxp\">l\u2019Express<\/span>) aucun n\u2019a v\u00e9ritablement fait sa \u00ab Une \u00bb sur les d\u00e9boires de Bernheim. Ni amalgamer ceux-ci au juda\u00efsme ou \u00e0 la communaut\u00e9 \u00e0 laquelle il appartient. D\u00e9cision r\u00e9dactionnelle normale et judicieuse mais qui ne constitue gu\u00e8re une r\u00e8gle lorsqu\u2019un arabo-musulman c\u00e9l\u00e8bre est incrimin\u00e9&#8230;<\/p>\n<p>&nbsp;<\/p>\n<p class=\"_2cuy _3dgx _2vxa\">DSK et Ramadan, donc. Comparons. Au lendemain du 14 mai 2011, date de l\u2019arrestation \u00e0 New-York de Dominique Strauss-Khan pour \u00ab <span class=\"_4yxp\">viol et agression sexuelle<\/span> \u00bb, dire que la presse fran\u00e7aise a fait un AVC est \u00e0 peine exag\u00e9r\u00e9.<\/p>\n<p>&nbsp;<\/p>\n<p class=\"_2cuy _3dgx _2vxa\">\u00ab <span class=\"_4yxp\">Coup de tonnerre<\/span> \u00bb, titrent <span class=\"_4yxo _4yxp\">Le Figaro<\/span>, <span class=\"_4yxo _4yxp\">La Marseillaise<\/span>, <span class=\"_4yxo _4yxp\">Nice-Matin<\/span>, <span class=\"_4yxo _4yxp\">Corse-Matin<\/span> et <span class=\"_4yxo _4yxp\">Var-Matin<\/span>. \u00ab <span class=\"_4yxp\">Le s\u00e9isme politique <\/span>\u00bb, encha\u00eenent <span class=\"_4yxo _4yxp\">Ouest-France<\/span>, <span class=\"_4yxo _4yxp\">Sud-Ouest<\/span> et <span class=\"_4yxo _4yxp\">l\u2019Est R\u00e9publicain<\/span>. \u00ab <span class=\"_4yxp\">L\u2019onde de choc<\/span> \u00bb, tentent de relativiser <span class=\"_4yxo _4yxp\">La Croix<\/span> et <span class=\"_4yxo _4yxp\">La Voix du Nord<\/span>. \u00ab<span class=\"_4yxp\">L\u2019impensable sc\u00e9nario<\/span> \u00bb et \u00ab <span class=\"_4yxp\">L\u2019incroyable sc\u00e9nario <\/span>\u00bb, rivalisent d\u2019originalit\u00e9 <span class=\"_4yxo _4yxp\">Les Echos<\/span> et <span class=\"_4yxo _4yxp\">Midi Libre<\/span>. Ayant plus difficile \u00e0 se remettre de l\u2019effroyable nouvelle, <span class=\"_4yxo _4yxp\">L\u2019ind\u00e9pendant<\/span>, <span class=\"_4yxo _4yxp\">France-Soir<\/span><span class=\"_4yxp\">, <\/span><span class=\"_4yxo _4yxp\">La Nouvelle R\u00e9publique<\/span> et <span class=\"_4yxo _4yxp\">La Provence<\/span> titrent respectivement : \u00ab <span class=\"_4yxp\">La bombe <\/span>\u00bb, \u00ab <span class=\"_4yxp\">Le drame<\/span>\u00bb, \u00ab <span class=\"_4yxp\">L\u2019humiliation<\/span> \u00bb, \u00ab <span class=\"_4yxp\">La chute <\/span>\u00bb&#8230;<\/p>\n<div class=\"_h2x\"><img decoding=\"async\" id=\"u_jk_4\" class=\"_h2z _297z _usd img\" src=\"https:\/\/scontent.fbru1-1.fna.fbcdn.net\/v\/t1.0-9\/23167865_10155865191924907_3619821836473642482_n.jpg?oh=4bd68ff31e264ff5547973abaae09231&amp;oe=5AA32677\" alt=\"\" \/><\/div>\n<p class=\"_2cuy _3dgx _2vxa\">Premi\u00e8re observation : dans l\u2019ensemble de ces titres, n\u2019apparaissent pas les mots \u00ab <span class=\"_4yxp\">viol<\/span> \u00bb ou \u00ab <span class=\"_4yxp\">agression sexuelle<\/span> \u00bb ni l\u2019identit\u00e9 de l\u2019accusatrice guin\u00e9enne ou son statut social. Pas une seule fois. El\u00e9ments totalement \u00e9clips\u00e9s par ce qui obs\u00e8de la presse fran\u00e7aise et que ses lecteurs doivent \u00ab prioritairement \u00bb r\u00e9aliser : DSK ne sera pas candidat \u00e0 la pr\u00e9sidentielle 2012&#8230; Un choix r\u00e9dactionnel, protecteur et larmoyant, qui contraste avec les titres de la presse anglophone : \u00ab <span class=\"_4yxp\">Le Perv <\/span>\u00bb (<span class=\"_4yxo _4yxp\">Daily News<\/span> &#8211; en fran\u00e7ais dans le texte, diminutif de \u00ab <span class=\"_4yxp\">Le pervers <\/span>\u00bb) ; \u00ab <span class=\"_4yxp\">IMF chief held on rape charge <\/span>\u00bb (<span class=\"_4yxo _4yxp\">The Wall Street Journal<\/span> &#8211; \u00ab <span class=\"_4yxp\">Le pr\u00e9sident du FMI poursuivi pour viol <\/span>\u00bb) ; \u00ab <span class=\"_4yxp\">IMF chief is charged over sex attack on hotel maid<\/span> \u00bb (<span class=\"_4yxo _4yxp\">The Times<\/span> &#8211; \u00ab <span class=\"_4yxp\">Le pr\u00e9sident du FMI est accus\u00e9 d\u2019agression sexuelle sur une femme de chambre<\/span>\u00bb); \u00ab <span class=\"_4yxp\">Debt talks in crisis as IMF chief held over sex assault<\/span> (<span class=\"_4yxo _4yxp\">The Guardian<\/span> &#8211; \u00ab<span class=\"_4yxp\">Pourparlers de dette dans la crise provoqu\u00e9e par le pr\u00e9sident du FMI poursuivi pour agression sexuelle <\/span>\u00bb)&#8230;<\/p>\n<div class=\"_h2x _4lh4\"><img decoding=\"async\" id=\"u_jk_5\" class=\"_h2z _297z _4lh5 img alignleft\" src=\"https:\/\/scontent.fbru1-1.fna.fbcdn.net\/v\/t1.0-9\/23244548_10155865259529907_3622143013975756503_n.jpg?oh=65c4c866e9ac6883e14af7fa2b3e7c0d&amp;oe=5AAEA896\" alt=\"\" \/><\/div>\n<p class=\"_2cuy _3dgx _2vxa\">Nos cinq m\u00e9dias choisis ne sont pas en reste dans le registre \u00ab \u00e9quilibr\u00e9 \u00bb et \u00abfort sensible \u00bb \u00e0 la cause d\u2019une femme de chambre accusant de \u00ab <span class=\"_4yxp\">viol<\/span> \u00bb le pr\u00e9sident du Fonds Mon\u00e9taire International (FMI). A grands renforts de retenue et de sobri\u00e9t\u00e9, <span class=\"_4yxp\">Le Monde<\/span> parvient \u00e0 titrer : \u00ab<span class=\"_4yxp\">L\u2019affaire DSK : un s\u00e9isme pour l\u2019euro, le FMI et la gauche<\/span>\u00bb. Autant d\u2019attention journalistique accord\u00e9e en titre \u00e0 la plaignante arrache une larme. <span class=\"_4yxp\">Le Parisien<\/span> s\u2019inqui\u00e8te \u00e9galement de cette inversion de pouvoir dans son titre : \u00ab<span class=\"_4yxp\">Le coup d\u2019arr\u00eat <\/span>\u00bb. Soit la surpuissante <span class=\"_4yxo\">Nafissatou Diallo<\/span> qui \u00ab arr\u00eate \u00bb brutalement l\u2019ascension politique tellement m\u00e9rit\u00e9e de Dominique Stauss-Khan. Quant au r\u00e9dacteur en chef de <span class=\"_4yxp\">Lib\u00e9ration<\/span>, totalement d\u00e9sorient\u00e9, il ne parle plus qu\u2019anglais : \u00ab <span class=\"_4yxp\">DSK out<\/span> \u00bb.<\/p>\n<div class=\"_h2x _4lh3\"><img decoding=\"async\" id=\"u_jk_6\" class=\"_h2z _297z _4lh5 img\" src=\"https:\/\/scontent.fbru1-1.fna.fbcdn.net\/v\/t1.0-9\/23231230_10155865197209907_7418251851305986454_n.jpg?oh=44b926212b3ea974901b6ecf9eef2995&amp;oe=5A707A8B\" alt=\"\" \/><\/div>\n<p class=\"_2cuy _3dgx _2vxa\">Connus pour leurs couvertures souvent agressives sinon stupides et orduri\u00e8res, <span class=\"_4yxp\">Marianne<\/span> et <span class=\"_4yxp\">Charlie Hebdo<\/span> retrouvent soudainement, fin mai 2011, \u00ab le sens de la mesure \u00bb. Une semaine apr\u00e8s l\u2019effroyable <span class=\"_4yxp\">breaking news<\/span>, <span class=\"_4yxp\">Marianne<\/span> titre : \u00ab <span class=\"_4yxp\">DSK : une trag\u00e9die fran\u00e7aise <\/span>\u00bb. En sous-titres tragiques : \u00ab<span class=\"_4yxp\">Comment il en est arriv\u00e9 l\u00e0<\/span> ; <span class=\"_4yxp\">A-t-il \u00e9t\u00e9 prot\u00e9g\u00e9<\/span> ? ; <span class=\"_4yxp\">L\u2019opposition peut-elle encore gagner ?<\/span> ; <span class=\"_4yxp\">Ce que Strauss-Khan nous a dit <\/span>\u00bb. De m\u00e9moire de journaliste, on avait rarement vu, chez <span class=\"_4yxp\">Marianne,<\/span> <span class=\"_4yxp\">cover<\/span> aussi nomm\u00e9ment violente et destructrice, pulv\u00e9risant toute pr\u00e9somption d\u2019innocence, furieusement d\u00e9nu\u00e9e de la moindre empathie&#8230;<\/p>\n<div class=\"_h2x _4lh4\"><img decoding=\"async\" id=\"u_jk_7\" class=\"_h2z _297z _4lh5 img\" src=\"https:\/\/scontent.fbru1-1.fna.fbcdn.net\/v\/t1.0-9\/23172848_10155865203429907_2489483254430882325_n.jpg?oh=1288542dd1bfdf1a3c385d56292d945b&amp;oe=5A6ABFA5\" alt=\"\" \/><\/div>\n<p class=\"_2cuy _3dgx _2vxa\">Mais le plus \u00ab <span class=\"_4yxp\">objectif<\/span> \u00bb se trouve bien s\u00fbr chez les sp\u00e9cialistes de la pseudo-satire, toujours prompts \u00e0 confirmer leur incapacit\u00e9 syst\u00e9mique \u00e0 \u00e9gratigner les puissants, m\u00eame vacillants. Au motif que l\u2019inculpation nord-am\u00e9ricaine de DSK lui a valu incarc\u00e9ration, <span class=\"_4yxp\">Charlie Hebdo<\/span> juge hilarant de l\u2019amalgamer aux reporters <span class=\"_4yxo\">Herv\u00e9 Ghesqui\u00e8re<\/span> et <span class=\"_4yxo\">St\u00e9phane Taponier<\/span>, enlev\u00e9s et d\u00e9tenus en Afghanistan depuis 2009&#8230; Leur \u00ab Une \u00bb juxtapose donc les c\u00e9l\u00e8bres photos des 2 journalistes de <span class=\"_4yxp\">France 3<\/span> avec, en-dessous, punais\u00e9, un dessin de DSK, au visage accabl\u00e9 et les traits tir\u00e9s ; le tout, surplomb\u00e9 du titre : \u00ab <span class=\"_4yxp\">Lib\u00e9rez nos otages !<\/span> \u00bb. Au-dessus de cette \u00ab id\u00e9e de g\u00e9nie \u00bb, un bandeau rouge o\u00f9 il est inscrit en lettre capitales blanches : \u00ab <span class=\"_4yxp\">Oui, on peut rire de l\u2019affaire DSK<\/span> (p.2) \u00bb. Enfin, en haut \u00e0 droite &#8211; une accusation de viol pouvant \u00e9galement servir \u00e0 refourguer ses invendus -, une r\u00e9clame putassi\u00e8re pour un \u00ab <span class=\"_4yxp\">Hors-s\u00e9rie<\/span> \u00bb, pr\u00e9c\u00e9d\u00e9e du slogan dr\u00f4latique : \u00ab <span class=\"_4yxp\">Le Hors-S\u00e9rie que DSK aurait d\u00fb lire avant de prendre sa douche <\/span>\u00bb<span class=\"_4yxp\">.<\/span> M\u00eame constat journalistique que pour <span class=\"_4yxp\">Marianne<\/span> : rarement vu une <span class=\"_4yxp\">cover<\/span> de <span class=\"_4yxp\">Charlie Hebdo<\/span> concentrant autant d\u2019agressivit\u00e9 satirique, de violence subversive et d\u2019insolence d\u00e9brid\u00e9e&#8230;<\/p>\n<div class=\"_h2x _4lh3\"><img decoding=\"async\" id=\"u_jk_8\" class=\"_h2z _297z _4lh5 img\" src=\"https:\/\/scontent.fbru1-1.fna.fbcdn.net\/v\/t31.0-8\/p720x720\/23331347_10155865211799907_4768975538588658685_o.jpg?oh=a3a9d007c1fe0d29dea4928ee8a3e6bc&amp;oe=5A679629\" alt=\"\" \/><\/div>\n<p class=\"_2cuy _3dgx _2vxa\">Passons maintenant au traitement m\u00e9diatique de l\u2019affaire Ramadan. En retard \u00e0 l\u2019allumage, le 28 octobre dernier, <span class=\"_4yxp\">Le Monde<\/span> met en \u00ab Une \u00bb l\u2019islamologue suisse, sans photo et avec un titre remarquablement factuel : \u00ab <span class=\"_4yxp\">Une deuxi\u00e8me plainte pour viol vise Tariq Ramadan <\/span>\u00bb. Ici, il n\u2019est pas question de \u00ab <span class=\"_4yxp\">s\u00e9isme<\/span> \u00bb mais d\u2019un scoop (partag\u00e9 avec <span class=\"_4yxp\">Le Parisien<\/span>) r\u00e9v\u00e9lant un second t\u00e9moignage f\u00e9minin constitu\u00e9 en nouvelle plainte pour \u00ab <span class=\"_4yxp\">viol<\/span> \u00bb contre le professeur d\u2019Etudes islamiques contemporaines \u00e0 l\u2019Universit\u00e9 d\u2019Oxford.<\/p>\n<p class=\"_2cuy _3dgx _2vxa\">Quoi qu\u2019on puisse en penser, le quotidien vesp\u00e9ral offre ici un traitement journalistique irr\u00e9prochable de ce qui est en train de devenir une affaire judiciaire d\u2019importance. Aucune grandiloquence, pas de titre larmoyant ni de protection-mansu\u00e9tude envers Tariq Ramadan. Respect de la parole des victimes pr\u00e9sum\u00e9es et z\u00e9ro inqui\u00e9tude envers celles et ceux que Ramadan est cens\u00e9 repr\u00e9senter. Bref, tout le contraire de leur traitement concernant l\u2019inculpation et l\u2019arrestation pour \u00ab <span class=\"_4yxp\">viol<\/span> \u00bb de Dominique Strauss-Khan&#8230;<\/p>\n<div class=\"_h2x _4lh4\"><img decoding=\"async\" id=\"u_jk_9\" class=\"_h2z _297z _4lh5 img\" src=\"https:\/\/scontent.fbru1-1.fna.fbcdn.net\/v\/t1.0-9\/p720x720\/23167917_10155865213904907_847913169124352435_n.jpg?oh=310428ba1b1499cda9ff466309858cd0&amp;oe=5AAE6F55\" alt=\"\" \/><\/div>\n<p class=\"_2cuy _3dgx _2vxa\">Co-d\u00e9tenteur du scoop, <span class=\"_4yxp\">Le Parisien<\/span> va aussi tenter de masquer son parti-pris anti-Ramadan. En \u00ab Une \u00bb de son \u00e9dition-papier du 28 octobre, on retrouve le m\u00eame choix que celui du <span class=\"_4yxp\">Monde<\/span> : aucune photo de Ramadan, un encadr\u00e9 en haut \u00e0 droite au titre factuel : \u00ab<span class=\"_4yxp\">Nouvelle plainte contre Tariq Ramadan <\/span>\u00bb. Probl\u00e8me : le surtitre de rubrique ! \u00ab <span class=\"_4yxp\">Abus sexuels<\/span> \u00bb et non \u00ab <span class=\"_4yxp\">Judiciaire<\/span> \u00bb ou \u00ab <span class=\"_4yxp\">Justice<\/span> \u00bb (\u00e0 l\u2019instar du surtitre imprim\u00e9 dans <span class=\"_4yxp\">Le Monde<\/span>). Un tel choix r\u00e9dactionnel invite le lecteur (toujours press\u00e9) \u00e0 penser que \u00ab la messe est dite \u00bb. Car que retrouve-t-on dans la cat\u00e9gorie \u00ab <span class=\"_4yxp\">abus sexuels<\/span> \u00bb sinon des abuseurs et des victimes ? Et qui est nomm\u00e9ment vis\u00e9 par une seconde plainte anonymis\u00e9e par <span class=\"_4yxp\">Le Parisien<\/span> ? Bingo !<\/p>\n<div class=\"_h2x _4lh3\"><img decoding=\"async\" id=\"u_jk_a\" class=\"_h2z _297z _4lh5 img\" src=\"https:\/\/scontent.fbru1-1.fna.fbcdn.net\/v\/t1.0-9\/23231186_10155865215054907_4288763584361102376_n.jpg?oh=18e8d9d7302f8bd253a026aa67899ab3&amp;oe=5AAE9E7A\" alt=\"\" \/><\/div>\n<p class=\"_2cuy _3dgx _2vxa\">Le 30 octobre, le quotidien consacrera les 3\/4 de sa \u00ab Une \u00bb \u00e0 Tariq Ramadan. Photo de face du th\u00e9ologien, le regard baiss\u00e9 vers la gauche, semblant inquiet, avec pour titre en lettres capitales blanches sur fond bleu : \u00ab <span class=\"_4yxp\">L\u2019\u00e9tau se resserre sur Tariq Ramadan<\/span> \u00bb. En chap\u00f4, ces mots qui d\u00e9truisent toute pr\u00e9somption d\u2019innocence : \u00ab <span class=\"_4yxp\">Les t\u00e9moignages de femmes victimes du sulfureux th\u00e9ologien s\u2019accumulent. Pr\u00e9cis et concordants, ils dessinent le portrait d\u2019un v\u00e9ritable pr\u00e9dateur<\/span>\u00bb&#8230; Une semaine apr\u00e8s l\u2019\u00e9clatement de l\u2019affaire DSK, <span class=\"_4yxp\">Le Parisien<\/span> interrogeait <span class=\"_4yxo\">Jean-Christophe Cambad\u00e9lis<\/span>, pr\u00e9sent\u00e9 alors comme \u00ab <span class=\"_4yxp\">un des plus proches lieutenants de Dominique Strauss-Kahn au PS <\/span>\u00bb. Deuxi\u00e8me question de l\u2019interview : \u00ab<span class=\"_4yxp\">Croyez-vous \u00e0 la possibilit\u00e9 d&rsquo;un complot ?<\/span> \u00bb. Titre de l\u2019interview : \u00ab <span class=\"_4yxp\">Jean-Christophe Cambad\u00e9lis : DSK a v\u00e9cu \u2018une humiliation plan\u00e9taire\u2019<\/span>\u00bb (4).<\/p>\n<p class=\"_2cuy _3dgx _2vxa\">Pour Tariq Ramadan, <span class=\"_4yxp\">Lib\u00e9ration<\/span> va redonner priorit\u00e9 \u00e0 la langue fran\u00e7aise, en titre, et surtout \u00e0 la stigmatisation raciste des musulmans. Le 30 octobre, le quotidien fond\u00e9 par <span class=\"_4yxo\">Jean-Paul Sartre<\/span> (1973) coupe sa \u00ab Une \u00bb en deux. A droite de la page, une photo de profil de Ramadan sur fond noir avec pour titre : \u00ab <span class=\"_4yxp\">Tariq Ramadan <\/span>[en lettre rouges]<span class=\"_4yxp\"> &#8211; Silence dans les rangs musulmans<\/span> \u00bb. En-dessous, le chap\u00f4 : \u00ab <span class=\"_4yxp\">Sid\u00e9r\u00e9es ou embarrass\u00e9es, les organisations et figures de l\u2019islam de France n\u2019ont pas r\u00e9agi aux accusations port\u00e9es contre le th\u00e9ologien suisse, qui fait l\u2019objet de deux plaintes pour viol en France <\/span>\u00bb&#8230;<\/p>\n<div class=\"_h2x _4lh4\"><img decoding=\"async\" id=\"u_jk_b\" class=\"_h2z _297z _4lh5 img\" src=\"https:\/\/scontent.fbru1-1.fna.fbcdn.net\/v\/t1.0-9\/23231506_10155865219014907_5534521480876424796_n.jpg?oh=bd763a2d1bfe0598840765ddc831f07b&amp;oe=5A6F764D\" alt=\"\" \/><\/div>\n<p class=\"_2cuy _3dgx _2vxa\">Se souvient-on, au lancement de l\u2019affaire DSK, d\u2019une telle injonction m\u00e9diatique \u00e0 \u00ab r\u00e9agir \u00bb visant les socialistes fran\u00e7ais, les n\u00e9olib\u00e9raux ou \u00ab <span class=\"_4yxp\">les organisations et figures<\/span> \u00bb jud\u00e9o-sionistes de France ? Non. Jamais <span class=\"_4yxp\">Lib\u00e9ration<\/span>, quel que soit son r\u00e9dacteur en chef, n\u2019aurait os\u00e9 se livrer \u00e0 pareille ignominie ! Mais pour les citoyens musulmans ayant soutenu et\/ou travaill\u00e9 avec Tariq Ramadan : aucun probl\u00e8me, aucun recul, aucune introspection. Ou comment <span class=\"_4yxp\">Lib\u00e9<\/span>, par cette \u00abUne \u00bb abjecte, confirme la hi\u00e9rarchisation raciale et le deux poids deux mesures structurel dont ils refusent obstin\u00e9ment de gu\u00e9rir.<\/p>\n<p class=\"_2cuy _3dgx _2vxa\">En concurrence avec l\u2019hebdo d\u2019extr\u00eame-droite <span class=\"_4yxo _4yxp\">Valeurs actuelles<\/span> sur le segment rentable de l\u2019islamophobie, <span class=\"_4yxp\">Marianne<\/span> creusera la m\u00eame veine raciste et de culpabilit\u00e9 par association que <span class=\"_4yxp\">Lib\u00e9ration<\/span>. <span class=\"_4yxp\">Mezzo voce<\/span> dans un premier temps. La veille de la sortie des papiers du <span class=\"_4yxp\">Monde<\/span> et du <span class=\"_4yxp\">Parisien<\/span> r\u00e9v\u00e9lant la seconde plainte contre Ramadan, l\u2019hebdo la\u00efcard pare au plus press\u00e9. Petite photo de l\u2019islamologue dans le coin gauche de la \u00ab Une \u00bb avec surtitre et titre factuels : \u00ab <span class=\"_4yxp\">Accus\u00e9 de viol &#8211; Tariq Ramadan face \u00e0 la justice <\/span>\u00bb.<\/p>\n<div class=\"_h2x _4lh3\"><img decoding=\"async\" id=\"u_jk_c\" class=\"_h2z _297z _4lh5 img\" src=\"https:\/\/scontent.fbru1-1.fna.fbcdn.net\/v\/t1.0-9\/23231152_10155865221334907_2530782644316860028_n.jpg?oh=b4b3d1b875b4c472116bda2959b63925&amp;oe=5AAEBD8F\" alt=\"\" \/><\/div>\n<p class=\"_2cuy _3dgx _2vxa\">Cornaqu\u00e9e par la <span class=\"_4yxp\">serial menteuse<\/span> et scorie \u00e9hont\u00e9e du journalisme fran\u00e7ais, <span class=\"_4yxo\">Caroline Fourest<\/span>, l\u2019affaire Ramadan va ensuite coloniser la \u00ab Une \u00bb de l\u2019hebdo dit \u00ab <span class=\"_4yxp\">de gauche<\/span> \u00bb. Prenant les 3\/4 de l\u2019espace de droite, une photo de Tariq Ramadan, de face, sto\u00efque, surplombe le titre en lettres capitales blanches : \u00ab <span class=\"_4yxp\">Les complices du tartufe islamiste<\/span> \u00bb. Sous-titres : \u00ab <span class=\"_4yxp\">L\u2019affaire Tariq Ramadan par Caroline Fourest <\/span>; <span class=\"_4yxp\">Ces irresponsables qui lui ont d\u00e9roul\u00e9 le tapis rouge<\/span>\u00bb.<\/p>\n<p class=\"_2cuy _3dgx _2vxa\">Pas besoin d\u2019aller v\u00e9rifier pour savoir que ce \u00abdossier \u00bb est moins utile que du papier-toilette. La seule question \u00e9tant : comment, chez <span class=\"_4yxp\">Marianne<\/span>, a-t-on pu engager et donner libre cours \u00e0 une source empoisonn\u00e9e comme Fourest ? M\u00eame \u00ab l\u2019expert en journalisme \u00bb <span class=\"_4yxo\">Laurent Ruquier<\/span> (s\u00e9rieusement aid\u00e9 par le journaliste et chroniqueur <span class=\"_4yxo\">Aymeric Cayron<\/span>) a fini par saisir toute l\u2019imposture de l\u2019\u00e9ditocrate (5). Et l\u2019animateur-t\u00e9l\u00e9 de m\u00e9diatiser, en 2015, son refus d\u00e9finitif de la r\u00e9inviter dans son <span class=\"_4yxp\">talk show<\/span> (<span class=\"_4yxp\">On N\u2019est Pas Couch\u00e9)<\/span>. Visiblement, \u00e0 la direction de <span class=\"_4yxp\">Marianne<\/span>, on ne mate pas France 2 le samedi soir. Comme on n\u2019a pas taill\u00e9 le bout de gras avec l\u2019un des ex-directeurs de la r\u00e9daction du <span class=\"_4yxp\">Monde<\/span>, feu <span class=\"_4yxo\">Erik Izraelewicz<\/span>, qui, fin juillet 2012, \u00e9jectait la chroniqueuse Fourest hors des pages du quotidien. Au motif officiel de \u00ab <span class=\"_4yxp\">valoriser ses \u00e9ditorialistes maison<\/span> \u00bb (6 ) ; plus s\u00fbrement pour en finir avec les incomp\u00e9tences et mensonges \u00e0 r\u00e9p\u00e9tition de \u00ab Soeur Caro \u00bb.<\/p>\n<div class=\"_h2x _4lh4\"><img decoding=\"async\" id=\"u_jk_d\" class=\"_h2z _297z _4lh5 img\" src=\"https:\/\/scontent.fbru1-1.fna.fbcdn.net\/v\/t1.0-9\/23167987_10155865225199907_7639598644355425382_n.jpg?oh=aab7c25579428b3784c9e686194a6672&amp;oe=5A697941\" alt=\"\" \/><\/div>\n<p class=\"_2cuy _3dgx _2vxa\">Enfin, dans la roue de l\u2019affaire Ramadan, <span class=\"_4yxp\">Charlie Hebdo<\/span> vient de produire une des <span class=\"_4yxp\">covers<\/span> les plus islamophobes de son histoire post attentats du 7 janvier 2015. Cette \u00abUne\u00bb, sortie 8 jours apr\u00e8s le d\u00e9but de l&rsquo;affaire, fait r\u00e9solument de Tariq Ramadan un coupable de \u00ab<span class=\"_4yxp\">viol<\/span>\u00bb (le mot est \u00e9crit en blanc encadr\u00e9 de rouge) et y amalgame tous les musulmans (en \u00e9voquant les piliers de l&rsquo;Islam). Cette \u00e9ni\u00e8me g\u00e9n\u00e9ralisation raciste a \u00e9videmment provoqu\u00e9 un torrent d\u2019insultes et de menaces de mort sur les r\u00e9seaux sociaux pour lesquelles, <span class=\"_4yxo\">Laurent Sourisseau<\/span>, le directeur \u00ab \u00e9clair\u00e9\u00bb de <span class=\"_4yxp\">Charlie Hebdo<\/span>, a d\u00e9pos\u00e9 plainte ce lundi 6 novembre (7)&#8230;<\/p>\n<p class=\"_2cuy _3dgx _2vxa\">Souvenons-nous que pour l\u2019\u00e9clatement de l\u2019affaire DSK, les potaches de Charlie avaient pr\u00e9f\u00e9r\u00e9 amalgamer l\u2019ex-pr\u00e9sident du FMI \u00e0 un \u00ab <span class=\"_4yxp\">otage<\/span> \u00bb, d\u00e9tenu aux Etats-Unis, qu\u2019il fallait \u00ab<span class=\"_4yxp\">lib\u00e9rer<\/span>\u00bb. Les cinq mois qui suivront, \u00e0 raison d\u2019une fois par mois, l\u2019hebdo se fendra de \u00abUnes \u00bb tout aussi protectrices et complaisantes que puant le sexisme.<\/p>\n<div class=\"_h2x _4lh3\"><img decoding=\"async\" id=\"u_jk_e\" class=\"_h2z _297z _4lh5 img\" src=\"https:\/\/scontent.fbru1-1.fna.fbcdn.net\/v\/t1.0-9\/23231433_10155865230654907_3995582518919794454_n.jpg?oh=3c71342dc94236e20beac565848ff9bb&amp;oe=5A663CCF\" alt=\"\" \/><\/div>\n<p class=\"_2cuy _3dgx _2vxa\">Exemple : l\u2019\u00e9dition du 25 mai 2011, finement intitul\u00e9e \u00ab <span class=\"_4yxp\">Num\u00e9ro sp\u00e9cial french lover <\/span>\u00bb, balance la caricature de la pr\u00e9sidente du PS de l\u2019\u00e9poque, <span class=\"_4yxo\">Martine Aubry<\/span>, habill\u00e9e en femme de chambre, sur fond rose, disant : \u00ab<span class=\"_4yxp\">Je vais faire le m\u00e9nage au PS<\/span> \u00bb ; juste en-dessous d\u2019une question \u00ab subversive \u00bb en lettres capitales noires : \u00ab <span class=\"_4yxp\">Trop de machos ?<\/span>\u00bb. Ben quoi ? Pour <span class=\"_4yxp\">Charlie<\/span>, \u00ab<span class=\"_4yxp\">macho<\/span>\u00bb et \u00ab<span class=\"_4yxp\">accus\u00e9 de viol<\/span>\u00bb, c\u2019est du pareil au m\u00eame&#8230; lorsqu\u2019il s\u2019agit de DSK.<\/p>\n<div class=\"_h2x _4lh4\"><img decoding=\"async\" id=\"u_jk_f\" class=\"_h2z _297z _4lh5 img\" src=\"https:\/\/scontent.fbru1-1.fna.fbcdn.net\/v\/t1.0-9\/23167510_10155865232624907_6886140929844988835_n.jpg?oh=64db46f5cd598267b36f9302f2990b68&amp;oe=5A9CF5BA\" alt=\"\" \/><\/div>\n<p class=\"_2cuy _3dgx _2vxa\">Le 1er juin 2011, les \u00ab cerveaux \u00bb de <span class=\"_4yxp\">Charlie<\/span> accouchent d\u2019une \u00ab Une \u00bb qui p\u00e8te la baraque. On y voit <span class=\"_4yxo\">Michelle Lagarde<\/span> (UMP) et Dominique Strauss-Khan caricatur\u00e9s en&#8230; concombre et cornichon. A gauche de la page, le mot \u00ab <span class=\"_4yxp\">FMI<\/span> \u00bb. A droite : \u00ab<span class=\"_4yxp\">Un concombre pour remplacer un cornichon ?<\/span> \u00bb&#8230; Par respect pour la m\u00e9moire des auteurs de ces dessins, l\u00e2chement assassin\u00e9s en 2015 par des terroristes, et pour leurs familles, nous ne ne pousserons pas plus loin notre critique.<\/p>\n<p class=\"_2cuy _3dgx _2vxa\">Pour conclure, jetons un coup d\u2019oeil sur la \u00ab Une \u00bb de <span class=\"_4yxp\">Charlie Hebdo, <\/span> publi\u00e9e 6 mois et demi apr\u00e8s le d\u00e9but de l&rsquo;affaire DSK. A l\u2019instar de leur <span class=\"_4yxp\">cover<\/span> anti-Ramadan du 1er novembre 2017, celle-ci caricature Dominique Strauss-Khan le sexe en \u00e9rection dans son pantalon.<\/p>\n<div class=\"_h2x _4lh3\"><img decoding=\"async\" id=\"u_jk_g\" class=\"_h2z _297z _4lh5 img\" src=\"https:\/\/scontent.fbru1-1.fna.fbcdn.net\/v\/t1.0-9\/23167757_10155865240839907_7449135079160399201_n.jpg?oh=3e7c19bc15a31a36668def23f2a539f2&amp;oe=5A6E871B\" alt=\"\" \/><\/div>\n<p class=\"_2cuy _3dgx _2vxa\">Mais la similitude s\u2019arr\u00eate l\u00e0. Comme les pr\u00e9c\u00e9dentes sur l\u2019affaire, cette cover du 30 novembre 2011 fait surtout de DSK un queutard (aucune mention explicite \u00e0 son accusation de viol) pour mieux moquer ceux qui avancent un \u00ab <span class=\"_4yxp\">complot <\/span>\u00bb de \u00ab <span class=\"_4yxp\">l&rsquo;UMP<\/span> \u00bb (les 2 mots sont mentionn\u00e9s) au sein du PS et\/ou de la gauche fran\u00e7aise en g\u00e9n\u00e9ral.<\/p>\n<p class=\"_2cuy _3dgx _2vxa\">Entre ces 2 \u00ab Unes \u00bb, de 2011 et de 2017, il n&rsquo;y a aucune retenue chez <span class=\"_4yxp\">Charlie<\/span> pour accuser Ramadan de \u00ab <span class=\"_4yxp\">viol<\/span> \u00bb- 1 semaine apr\u00e8s le d\u00e9but de l&rsquo;affaire &#8211; ainsi qu&rsquo;amalgamer \u00e0 ce crime tous les musulmans tandis qu&rsquo;il y a eu mansu\u00e9tude et retenue manifestes pour ne pas faire de m\u00eame avec DSK &#8211; 6 mois et demi apr\u00e8s le d\u00e9but de l&rsquo;affaire &#8211; tout en n&rsquo;amalgamant pas tous les socialistes fran\u00e7ais, ni les n\u00e9olib\u00e9raux, ni les jud\u00e9o-sionistes au crime suppos\u00e9 de l&rsquo;ex-pr\u00e9sident du FMI et potentiel candidat \u00e0 la pr\u00e9sidentielle 2012&#8230; En cons\u00e9quence, il y a bien, dans un cas, parti-pris n\u00e9gatif et volont\u00e9 de nuire \u00e0 l&rsquo;encontre de Ramadan et des musulmans et, dans l&rsquo;autre, retenue-mansu\u00e9tude envers Strauss-Khan et partie de celles et ceux qu&rsquo;il repr\u00e9sentait (ou \u00e9tait cens\u00e9 repr\u00e9senter). Etay\u00e9, d\u00e9velopp\u00e9 et v\u00e9rifi\u00e9, nous ne nous faisons aucune illusion quant \u00e0 la fa\u00e7on dont cet article sera qualifi\u00e9, d\u00e9nigr\u00e9 et insult\u00e9. Alors pourquoi l\u2019\u00e9crire ? Parce que, quelle que soit l\u2019issue du proc\u00e8s judiciaire qui confrontera Tariq Ramadan \u00e0 ces femmes qui ont d\u00e9pos\u00e9 plaintes, il ne sera pas dit que tous les journalistes se seront tus face \u00e0 l\u2019habituel deux poids deux mesures m\u00e9diatique fonci\u00e8rement raciste et islamophobe.<\/p>\n<p>&nbsp;<\/p>\n<p class=\"_2cuy _3dgx _2vxa\"><span class=\"_4yxo\">Olivier Mukuna <\/span><\/p>\n<p>&nbsp;<\/p>\n<p class=\"_2cuy _3dgx _2vxa\">(1) <a href=\"https:\/\/l.facebook.com\/l.php?u=http%3A%2F%2Fwww.lalibre.be%2Factu%2Finternational%2Faccusations-de-viols-les-avocats-de-tariq-ramadan-portent-plainte-pour-subornation-de-temoin-caroline-fourest-visee-59fb8257cd705114f01441e4&amp;h=ATPPt0HWDb53paz17_iCuVQhdKPDg-N77AjNbCsq9Bsd9ZcPmG4K-uZt7RMi9vu_lwN__5KmJfAW15ExXavkwMUC1SLbASnvIa5XrP7hEaq8KZ7zQS_yZC7zfm3RGgVmQJ38pLY5lpyv\" target=\"_blank\" rel=\"nofollow noopener\" data-lynx-mode=\"asynclazy\">http:\/\/www.lalibre.be\/actu\/internat&#8230;<\/a><\/p>\n<p class=\"_2cuy _3dgx _2vxa\">(2) <a href=\"https:\/\/l.facebook.com\/l.php?u=http%3A%2F%2Fbruxelles.blogs.liberation.fr%2F2008%2F10%2F18%2Ffmi-dominique-s%2F&amp;h=ATN-Bi57ClwV9b1tBNGMI0N0px8WkoPAuiKNZVK8MHmDSZ1pgBWsSa_fDh5PXur9_LEyaUnc3xpTAWHpMmU05J84i54EAL_sIRl1S_fwKFDF-Qy1RXAGyLr5zI-n9DPbFStip5xnRXGs\" target=\"_blank\" rel=\"nofollow noopener\" data-lynx-mode=\"asynclazy\">http:\/\/bruxelles.blogs.liberation.fr\/&#8230;<\/a><\/p>\n<p class=\"_2cuy _3dgx _2vxa\">(3) <a href=\"https:\/\/l.facebook.com\/l.php?u=http%3A%2F%2Fwww.lexpress.fr%2Fculture%2Flivre%2Fle-grand-rabbin-gilles-bernheim-demissionne_1239508.html&amp;h=ATMhcoM5GMzVYh71x2Q686ZJDvWWLCj11AA3Bqg0JpiTYF00id70jGaDKtmuFJBpFmaYIDPTb_ALC2Rp8oGFqQKEWLJqtHVY2ayZ4-yCOx14WsTwqjbju7OOw_cX7U2jLei0oPIGfEg7\" target=\"_blank\" rel=\"nofollow noopener\" data-lynx-mode=\"asynclazy\">http:\/\/www.lexpress.fr\/culture\/livr&#8230;<\/a><\/p>\n<p class=\"_2cuy _3dgx _2vxa\">(4) <a href=\"https:\/\/l.facebook.com\/l.php?u=http%3A%2F%2Fwww.leparisien.fr%2Fpolitique%2Fjean-christophe-cambadelis-dsk-a-vecu-une-humiliation-planetaire-22-05-2011-1461193.php&amp;h=ATMLmxfFPucefKTAnXG8qDykzG45c2Z0ZP6w-yunrb4ImGP81d6uS0vnEgf-Cw_cN3SKjCQ11nE2_89u_7Q0vkV8gpQo_DvnD8QSQhiCQMIxBr0haj4ZFu-r6q842DDvZC0VMB0r8zow\" target=\"_blank\" rel=\"nofollow noopener\" data-lynx-mode=\"asynclazy\">http:\/\/www.leparisien.fr\/politique\/&#8230;<\/a> (5) <a href=\"https:\/\/l.facebook.com\/l.php?u=http%3A%2F%2Fwww.ozap.com%2Factu%2Faymeric-caron-repond-a-caroline-fourest-elle-mentait-bien-ce-soir-la%2F506297&amp;h=ATPko6Np2W3qyRXM0ctu3F-47_OEtlUlIlaXC4FNcUJU9BKGm371QxL9K3UpVvdI3X-eSo_O9ZiT1g74reMoI0qGllnqX1d9Z3Mv3g8Q8bGJuE9T-pXMm51466xYdcfsO0oo8nfqekHU\" target=\"_blank\" rel=\"nofollow noopener\" data-lynx-mode=\"asynclazy\">http:\/\/www.ozap.com\/actu\/aymeric-ca&#8230;<\/a><\/p>\n<p class=\"_2cuy _3dgx _2vxa\">(6) <a href=\"https:\/\/l.facebook.com\/l.php?u=http%3A%2F%2Fwww.jeanmarcmorandini.com%2Farticle-290168-le-monde-decide-de-supprimer-la-chronique-hebdomadaire-de-caroline-fourest.html&amp;h=ATO8uFbbKenKzNv3v9FNjcVVxk4sMzLoso4ZRa6keHGVAfFEn3Ai8qKspYaqexNzT4B1PphMBTNa1cT5oKmK3-a0GYjlp5hVv_8kOarqVvvJ9zAsExF0Q31XVRULLoXepQLou9gTXhFN\" target=\"_blank\" rel=\"nofollow noopener\" data-lynx-mode=\"asynclazy\">http:\/\/www.jeanmarcmorandini.com\/ar&#8230;<\/a> (7) <a href=\"http:\/\/www.lemonde.fr\/police-justice\/article\/2017\/11\/06\/affaire-tariq-ramadan-charlie-hebdo-porte-plainte-pour-des-menaces-de-mort-apres-sa-une_5210820_1653578.html\" target=\"_blank\" rel=\"nofollow noopener\" data-lynx-mode=\"asynclazy\" data-lynx-uri=\"https:\/\/l.facebook.com\/l.php?u=http%3A%2F%2Fwww.lemonde.fr%2Fpolice-justice%2Farticle%2F2017%2F11%2F06%2Faffaire-tariq-ramadan-charlie-hebdo-porte-plainte-pour-des-menaces-de-mort-apres-sa-une_5210820_1653578.html&amp;h=ATNt1Lu59Y8TmoOvziml5DK31HhAykCgwOHnHMZSNc4_qsSi0CmnIGlf7s6S_jb1KlEPvjBpEFTE9ae1SCUMEBYUphSVjdnH7R7ee4DSJ1BmqjtxxNcADTQ2yFWrgad6MjyrHTgQBbc-\">http:\/\/www.lemonde.fr\/police-justic&#8230;<\/a><\/p>\n<\/div>\n<\/div>\n","protected":false},"excerpt":{"rendered":"<p>Affaires Ramadan et DSK : l\u2019analyse m\u00e9diatique interdite Olivier Mukuna\u00b7lundi 6 novembre 2017 Les accusations de \u00ab viols, agressions sexuelles, violences et menaces de mort \u00bb port\u00e9es contre Tariq Ramadan ne sont, pour l\u2019heure, pas \u00e9tablies ni d\u00e9montr\u00e9es. La justice est saisie du dossier. Soit deux plaintes \u00e9manant de deux victimes pr\u00e9sum\u00e9es (l\u2019une connue, Henda &#8230; <a title=\"Affaires Ramadan et DSK : l\u2019analyse m\u00e9diatique interdite\" class=\"read-more\" href=\"https:\/\/bruxelles-pantheres.be\/?p=3425\" aria-label=\"En savoir plus sur Affaires Ramadan et DSK : l\u2019analyse m\u00e9diatique interdite\">Lire la suite<\/a><\/p>\n","protected":false},"author":1,"featured_media":2707,"comment_status":"open","ping_status":"open","sticky":false,"template":"","format":"standard","meta":{"footnotes":""},"categories":[36,4,28],"tags":[62,259],"class_list":["post-3425","post","type-post","status-publish","format-standard","has-post-thumbnail","hentry","category-europe","category-islamophobie","category-racismes","tag-olivier-mukuna","tag-tariq-ramadan"],"_links":{"self":[{"href":"https:\/\/bruxelles-pantheres.be\/index.php?rest_route=\/wp\/v2\/posts\/3425","targetHints":{"allow":["GET"]}}],"collection":[{"href":"https:\/\/bruxelles-pantheres.be\/index.php?rest_route=\/wp\/v2\/posts"}],"about":[{"href":"https:\/\/bruxelles-pantheres.be\/index.php?rest_route=\/wp\/v2\/types\/post"}],"author":[{"embeddable":true,"href":"https:\/\/bruxelles-pantheres.be\/index.php?rest_route=\/wp\/v2\/users\/1"}],"replies":[{"embeddable":true,"href":"https:\/\/bruxelles-pantheres.be\/index.php?rest_route=%2Fwp%2Fv2%2Fcomments&post=3425"}],"version-history":[{"count":3,"href":"https:\/\/bruxelles-pantheres.be\/index.php?rest_route=\/wp\/v2\/posts\/3425\/revisions"}],"predecessor-version":[{"id":3433,"href":"https:\/\/bruxelles-pantheres.be\/index.php?rest_route=\/wp\/v2\/posts\/3425\/revisions\/3433"}],"wp:featuredmedia":[{"embeddable":true,"href":"https:\/\/bruxelles-pantheres.be\/index.php?rest_route=\/wp\/v2\/media\/2707"}],"wp:attachment":[{"href":"https:\/\/bruxelles-pantheres.be\/index.php?rest_route=%2Fwp%2Fv2%2Fmedia&parent=3425"}],"wp:term":[{"taxonomy":"category","embeddable":true,"href":"https:\/\/bruxelles-pantheres.be\/index.php?rest_route=%2Fwp%2Fv2%2Fcategories&post=3425"},{"taxonomy":"post_tag","embeddable":true,"href":"https:\/\/bruxelles-pantheres.be\/index.php?rest_route=%2Fwp%2Fv2%2Ftags&post=3425"}],"curies":[{"name":"wp","href":"https:\/\/api.w.org\/{rel}","templated":true}]}}