{"id":3446,"date":"2017-11-01T13:17:59","date_gmt":"2017-11-01T12:17:59","guid":{"rendered":"https:\/\/bruxelles-pantheres.be\/?p=3446"},"modified":"2017-11-12T13:23:55","modified_gmt":"2017-11-12T12:23:55","slug":"regularisation-de-tout-les-sans-papiers","status":"publish","type":"post","link":"https:\/\/bruxelles-pantheres.be\/?p=3446","title":{"rendered":"R\u00c9GULARISATION DE TOUT LES SANS PAPIERS"},"content":{"rendered":"<p style=\"text-align: left;\"><span class=\"_4n-j _fbReactionComponent__eventDetailsContentTags fsl\" data-testid=\"event-permalink-details\">TOUS ENSEMBLE POUR LA R\u00c9GULARISATION<br \/>\nDES SANS PAPIERS<br \/>\n<a class=\"_58cn\" href=\"https:\/\/www.facebook.com\/hashtag\/regularisationpourtous\" data-ft=\"{&quot;tn&quot;:&quot;*N&quot;,&quot;type&quot;:104}\">#regularisationpourtous<\/a><\/span><\/p>\n<p><!--more--><\/p>\n<p><a href=\"https:\/\/bruxelles-pantheres.be\/wp-content\/uploads\/2017\/11\/23376598_10214436888096674_3161645205097456216_n.jpg\"><img decoding=\"async\" class=\"size-full wp-image-3447 aligncenter\" src=\"https:\/\/bruxelles-pantheres.be\/wp-content\/uploads\/2017\/11\/23376598_10214436888096674_3161645205097456216_n.jpg\" alt=\"\" width=\"480\" height=\"696\" srcset=\"https:\/\/bruxelles-pantheres.be\/wp-content\/uploads\/2017\/11\/23376598_10214436888096674_3161645205097456216_n.jpg 480w, https:\/\/bruxelles-pantheres.be\/wp-content\/uploads\/2017\/11\/23376598_10214436888096674_3161645205097456216_n-207x300.jpg 207w\" sizes=\"(max-width: 480px) 100vw, 480px\" \/><\/a><br \/>\nLa Coordination des Sans-Papiers de Belgique compos\u00e9e du : Comit\u00e9 des travailleurs migrants avec et sans papiers de la CSC ; Collectif mobilisation 2009, Collectif Ebola ; Collectif des afghans ; Collectif des latinos ; Voix des sans-papiers de Bruxelles; Voix des sans-papiers de Li\u00e8ge, Comit\u00e9 des femmes sans-papiers, r\u00e9unie en plateforme avec le Cir\u00e9, la CSC, La FGTB, le MRAX, SOS Migrants et quelques associations demande un ralliement de la population belge \u00e0 la cause des sans-papiers. Tous ensemble, cr\u00e9ons des ponts entre la cause\/le combat des sans-papiers et les autres causes\/combats (r\u00e9fugi\u00e9s, ch\u00f4meurs, travailleurs, pr\u00e9carit<span class=\"text_exposed_show\">\u00e9, redistribution des richesses \u2026)<\/span><\/p>\n<p>L\u2019effondrement des fronti\u00e8res en Europe avait donn\u00e9 l\u2019espoir \u00e0 tous \u00e0 l\u2019accessibilit\u00e9 aux droits. Au contraire, depuis 2014, nous vivons chaque jour une r\u00e9gression des droits de tous. En Belgique, au nom de la s\u00e9curit\u00e9 nationale, les libert\u00e9s de tous sont en p\u00e9ril en Belgique. Celles des migrants sans-papiers, le sont davantage. Les politiques migratoires actuelles, \u00e0 l\u2019\u00e9gard des sans-papiers mais aussi des r\u00e9fugi\u00e9s et des personnes sur les routes de l\u2019exil ou aux fronti\u00e8res, sont inacceptables. Le gouvernement belge se radicalise dans la r\u00e9pression des sans-papiers. Les sans-papiers savent que l\u2019hostilit\u00e9 envers les migrants n\u2019est pas une affaire de la population belge. Mais c\u2019est l\u2019aversion d\u2019une seule personne : <span class=\"_4n-j _fbReactionComponent__eventDetailsContentTags fsl\" data-testid=\"event-permalink-details\"><span class=\"text_exposed_show\">Th\u00e9o Franken<\/span><\/span> <span class=\"_4n-j _fbReactionComponent__eventDetailsContentTags fsl\" data-testid=\"event-permalink-details\"><span class=\"text_exposed_show\">. <\/span><\/span><br \/>\n<span class=\"_4n-j _fbReactionComponent__eventDetailsContentTags fsl\" data-testid=\"event-permalink-details\"><span class=\"text_exposed_show\"><br \/>\nDans l\u2019atmosph\u00e8re de r\u00e9pression actuelle, les sans-papiers demandent et attendent que les belges donnent un signal FORT en montrant qu\u2019ils ne sont pas d\u2019accord avec la politique de nettoyage brutal de Th\u00e9o Franken. Il est temps d\u2019exiger une politique d\u2019asile et migration apais\u00e9e respectueuse de l\u2019humain.<\/span><\/span><\/p>\n<p>LA R\u00c9GULARISATION DES SANS PAPIERS C\u2019EST MAINTENANT<\/p>\n<p>Debout les damn\u00e9s de Belgique. Debout les for\u00e7ats de la crise. La r\u00e9pression tonne son crat\u00e8re, Trop c\u2019est trop c\u2019est trop. Du MR-NVA faisons table rase, Foule sans papiers debout ! Debout !<br \/>\nLa Belgique doit changer sa politique. Nous sommes rien, soyons tout.<\/p>\n<p>12 NOVEMBRE 2017<br \/>\nD\u00c9PART 14 HEURES GARE DU NORD<\/p>\n<p>Il faut int\u00e9grer les sans-papiers dans l\u2019\u00c9tat de droit belge par :<\/p>\n<p>\u2022 la r\u00e9gularisation des sans- papiers<br \/>\n\u2022 la fermeture des centres ferm\u00e9s<br \/>\n\u2022 la libert\u00e9 de circulation<br \/>\n\u2022 l\u2019arr\u00eat des expulsions<br \/>\n\u2022 l\u2019arr\u00eat de la criminalisation des sans-papiers<br \/>\n\u2022 le respect des droits fondamentaux comme l\u2019acc\u00e8s aux soins m\u00e9dicaux et \u00e0 l\u2019\u00e9ducation<br \/>\n\u2022 le respect et l\u2019application des droits de l\u2019enfant.<\/p>\n<p>SAMEN VOOR DE REGULARISATIE VAN MENSEN ZONDER PAPIEREN<\/p>\n<p>De coordinatie van mensen zonder papieren in Belgi\u00eb is samengesteld uit het Comit\u00e9 van werknemers met en zonder papieren van het ACV, Collectief mobilisatie 2009, Collectief Ebola, Collectief van de Afghanen, Collectief van de Latino&rsquo;s, Voix des sans-papiers van Brussel, Voix des sans-papiers van Luik, Comit\u00e9 van vrouwen zonder papieren en wordt samengebracht in een platform met Cir\u00e9, ACV, ABVV, MRAX, SOS Migrants enzovoort. Zij roepen samen de Belgische bevolking op om zich te verenigen voor de rechten van mensen zonder papieren.<\/p>\n<p>Samen kunnen we bruggen bouwen tussen de strijd van de rechten van mensen zonder papieren en de strijd van andere bewegingen (vluchtelingen, werklozen, werkers, precaire mensen, de herverdeling van de rijkdom,&#8230;).<\/p>\n<p>Het verdwijnen van de grenzen binnen Europa gaf hoop dat deze de weg zou vrijmaken voor de toegang tot rechten voor iedereen. Niets was minder waar, sinds 2014 beleven we dagdagelijks een regressie van rechten voor iedereen. In Belg\u00efe, in de naam van \u00ab\u00a0nationale veiligheid\u00a0\u00bb, worden de rechten van iedereen uitgeholt. Deze van migranten zonder papieren des te meer. Het huidige migratiebeleid ten opzichte van mensen zonder papieren maar ook van vluchtelingen en personen die zich op de (buiten-) grenzen van Europa bevinden is onaanvaardbaar. De Belgische regering radicaliseert haar repressie ten opzichte van migranten zonder papieren. Mensen zonder papieren weten dat deze vijandigheid niet zijn oorzaak vindt bij de Belgische bevolking, maar de verantwoordelijkheid ligt bij de politiek. Het is de aversie van 1 persoon: Theo Francken.<\/p>\n<p>DE REGULARISATIE VAN MIGRANTEN ZONDER PAPIEREN, NU !<\/p>\n<p>Sta op, uigestotenen van Belgi\u00eb. Sta op, dwangarbeiders van de crisis. De repressie vernielt alles op zijn weg. Trop c&rsquo;est trop c&rsquo;est trop. Laten we de huidige NVA-VLD-CD&amp;V-MR regering doen verdwijnen. Mensen zonder papieren sta op! Debout! Wij zijn niets, laten we alles zijn.<\/p>\n<p>VERTREK OM 14HS STATION BRUSSEL-NOORD<br \/>\nNATIONALE BETOGING VOOR DE REGULARISATIE VAN MIGRANTEN ZONDER PAPIEREN<br \/>\nSTOP AAN DE REPRESSIE<\/p>\n<p>Mensen zonder papieren moeten in de Belgische rechtstaat ingeschreven worden<br \/>\ndoor:<br \/>\n&#8211; de regularisatie van mensen zonder papieren<br \/>\n&#8211; het sluiten van alle gesloten centra<br \/>\n&#8211; vrijheid van verkeer van personen<br \/>\n&#8211; het stopzetten van gedwongen uitzettingen<br \/>\n&#8211; het stopzetten van het criminaliseren van mensen zonder papieren<br \/>\n&#8211; het respect van de fundamentele rechten zoals gezondheidszorg en toegang tot onderwijs<br \/>\n&#8211; het respect en de toepassing van de rechten van het kind<\/p>\n<p>Premiers signataires:<\/p>\n<p>VOYAACH<\/p>\n<p>NIEMAND IS ILLEGAAL. NO ONE IS ILLEGAAL. PERSONNE N&rsquo;EST PAS Illegal<\/p>\n<p>POINT D&rsquo;APPUI<\/p>\n<p>AIDE AUX PERSONNES DEPLACEES<\/p>\n<p>CAP MIGRANTS<\/p>\n<p>SIREAS LES ITINERRANCES<\/p>\n<p>FGTB<\/p>\n<p>CIRE<\/p>\n<p>COLLECTIF CRER<\/p>\n<p>MOC<\/p>\n<p>PIGMENT VZW BRUSSEL<\/p>\n<p>QUARTIER DES LIBERTES<\/p>\n<p>MEDECINS DU MONDE<\/p>\n<p>SOS Migrants<\/p>\n<p>PROGRESS Lawyers Network<\/p>\n<p>Front d\u2019actions des Migrants<\/p>\n<p>MRAX<\/p>\n<p>CSC Bruxelles<\/p>\n<p>MEETING SAMENLEVINGSOPBOUW BRUSSEL<\/p>\n<p>CISPM \u2013 Coalition Internationale des Sans-Papiers et migrants<!--more--><!--more--><!--more--><\/p>\n","protected":false},"excerpt":{"rendered":"<p>TOUS ENSEMBLE POUR LA R\u00c9GULARISATION DES SANS PAPIERS #regularisationpourtous<\/p>\n","protected":false},"author":1,"featured_media":3447,"comment_status":"open","ping_status":"open","sticky":false,"template":"","format":"standard","meta":{"footnotes":""},"categories":[36,8,18,28,37,39,40,5],"tags":[264,265,263,261,262,241,268,266,267],"class_list":["post-3446","post","type-post","status-publish","format-standard","has-post-thumbnail","hentry","category-europe","category-prisons","category-resistance-bruxelles","category-racismes","category-romophobie","category-sans-papier","category-transport","category-violence-policiere","tag-collectif-des-afghans","tag-collectif-des-latinos","tag-collectif-ebola","tag-collectif-mobilisation-2009","tag-comite-des-femmes-sans-papiers","tag-sans-papiers","tag-theo-franken","tag-voix-des-sans-papiers-de-bruxelles","tag-voix-des-sans-papiers-de-liege"],"_links":{"self":[{"href":"https:\/\/bruxelles-pantheres.be\/index.php?rest_route=\/wp\/v2\/posts\/3446","targetHints":{"allow":["GET"]}}],"collection":[{"href":"https:\/\/bruxelles-pantheres.be\/index.php?rest_route=\/wp\/v2\/posts"}],"about":[{"href":"https:\/\/bruxelles-pantheres.be\/index.php?rest_route=\/wp\/v2\/types\/post"}],"author":[{"embeddable":true,"href":"https:\/\/bruxelles-pantheres.be\/index.php?rest_route=\/wp\/v2\/users\/1"}],"replies":[{"embeddable":true,"href":"https:\/\/bruxelles-pantheres.be\/index.php?rest_route=%2Fwp%2Fv2%2Fcomments&post=3446"}],"version-history":[{"count":2,"href":"https:\/\/bruxelles-pantheres.be\/index.php?rest_route=\/wp\/v2\/posts\/3446\/revisions"}],"predecessor-version":[{"id":3449,"href":"https:\/\/bruxelles-pantheres.be\/index.php?rest_route=\/wp\/v2\/posts\/3446\/revisions\/3449"}],"wp:featuredmedia":[{"embeddable":true,"href":"https:\/\/bruxelles-pantheres.be\/index.php?rest_route=\/wp\/v2\/media\/3447"}],"wp:attachment":[{"href":"https:\/\/bruxelles-pantheres.be\/index.php?rest_route=%2Fwp%2Fv2%2Fmedia&parent=3446"}],"wp:term":[{"taxonomy":"category","embeddable":true,"href":"https:\/\/bruxelles-pantheres.be\/index.php?rest_route=%2Fwp%2Fv2%2Fcategories&post=3446"},{"taxonomy":"post_tag","embeddable":true,"href":"https:\/\/bruxelles-pantheres.be\/index.php?rest_route=%2Fwp%2Fv2%2Ftags&post=3446"}],"curies":[{"name":"wp","href":"https:\/\/api.w.org\/{rel}","templated":true}]}}