{"id":345,"date":"2013-05-16T03:02:31","date_gmt":"2013-05-16T02:02:31","guid":{"rendered":"https:\/\/bruxelles-pantheres.be\/?p=345"},"modified":"2013-11-10T03:03:44","modified_gmt":"2013-11-10T02:03:44","slug":"euro-espoirs-de-football-en-israel-carton-rouge-pour-israel","status":"publish","type":"post","link":"https:\/\/bruxelles-pantheres.be\/?p=345","title":{"rendered":"Euro Espoirs de football en Isra\u00ebl, Carton Rouge pour Isra\u00ebl !"},"content":{"rendered":"<div>\n<div>\n<div>\n<address>Euro Espoirs de football en Isra\u00ebl,<\/address>\n<address>les droits des Palestiniens\u00a0pi\u00e9tin\u00e9s<\/address>\n<h2>Carton Rouge pour Isra\u00ebl !<\/h2>\n<p><strong>Carton Rouge pour Isra\u00ebl !<\/strong><br \/>\nOn compte sur vous \u2026<!--more--><\/p>\n<p><strong>Rassemblement le vendredi 17 mai \u00e0 17h30<\/strong><br \/>\n(devant le si\u00e8ge de l\u2019Union Royale Belge de Football \u00e0 Bruxelles)<\/p>\n<p><img decoding=\"async\" alt=\"http:\/\/www.desobeir.net\/boutique\/upload\/021212_005528_PEEL_UC4nKq.gif\" src=\"http:\/\/www.desobeir.net\/boutique\/upload\/021212_005528_PEEL_UC4nKq.gif\" \/><\/p>\n<\/div>\n<div>\n<div>\n<p>Isra\u00ebl accueille du 5 au 18\u00a0juin\u00a02013 le championnat d\u2019Europe de football des moins de 21\u00a0ans. De nombreuses voix s\u2019\u00e9l\u00e8vent contre l\u2019impunit\u00e9 dont jouit le pays sur la sc\u00e8ne internationale et appellent \u00e0 boycotter l\u2019\u00e9v\u00e9nement.<\/p>\n<\/div>\n<div>par <strong>Olivier Pironet<\/strong>, <abbr title=\"2013-05-15T10:04:18Z\">mercredi 15 mai 2013<\/abbr><\/div>\n<\/div>\n<div>\n<p><em>\u00ab<small>\u00a0<\/small>Nous les avons accept\u00e9s en Europe et leur avons garanti les conditions d\u2019adh\u00e9sion<\/em>\u00a0(<a id=\"nh1\" title=\"Isra\u00ebl participe aux comp\u00e9titions de football en Europe depuis 1989, apr\u00e8s\u00a0(...)\" href=\"http:\/\/www.monde-diplomatique.fr\/carnet\/2013-05-15-Euro-Espoirs-Israel#nb1\" rel=\"footnote\">1<\/a>)<em>, ils doivent respecter le message des lois et r\u00e9glementations sportives internationales, faute de quoi leur pr\u00e9sence en Europe n\u2019aura pas lieu d\u2019\u00eatre. Je vais peser de tout mon poids pour mettre un terme \u00e0 la souffrance du joueur palestinien, notamment au football.<\/em> (\u2026) <em>Isra\u00ebl n\u2019a qu\u2019un seul choix\u00a0: laisser le sport palestinien se d\u00e9velopper ou il doit assumer tout seul les cons\u00e9quences de son attitude<small>\u00a0<\/small>\u00bb<\/em>\u00a0(<a id=\"nh2\" title=\"Cit\u00e9 dans la brochure On ne peut pas s\u2019en foot\u00a0!, CAPJPO\u00a0-\u00a0EuroPalestine,\u00a0(...)\" href=\"http:\/\/www.monde-diplomatique.fr\/carnet\/2013-05-15-Euro-Espoirs-Israel#nb2\" rel=\"footnote\">2<\/a>).<\/p>\n<p>Ainsi s\u2019exprimait M.\u00a0Michel Platini, le pr\u00e9sident de l\u2019Union europ\u00e9enne des associations de football\u00a0(UEFA), au sortir d\u2019un entretien avec M.\u00a0Jibril Rajoub, son homologue de la f\u00e9d\u00e9ration palestinienne\u00a0(PFA), le 22\u00a0septembre\u00a02010, au si\u00e8ge de l\u2019UEFA, en Suisse. L\u2019ancien footballeur fran\u00e7ais semblait alors r\u00e9solu \u00e0 prendre \u00e0 bras-le-corps le probl\u00e8me des restrictions sur la libert\u00e9 de mouvement impos\u00e9es par les autorit\u00e9s isra\u00e9liennes aux joueurs palestiniens et celui du blocage par Tel-Aviv des fonds et des \u00e9quipements sportifs offerts \u00e0 la Palestine par les donateurs internationaux ou l\u2019UEFA elle-m\u00eame.<\/p>\n<p>Pourtant, moins de six\u00a0mois plus tard, le 27\u00a0janvier\u00a02011, Isra\u00ebl se voyait confier par le bureau ex\u00e9cutif \u2014 dirig\u00e9 par le m\u00eame Platini \u2014 de l\u2019instance europ\u00e9enne du ballon rond l\u2019organisation de la phase finale du championnat d\u2019Europe des moins de 21\u00a0ans (Euro Espoirs\u00a02013), qui verra s\u2019affronter huit\u00a0pays du 5 au 18\u00a0juin. A l\u2019\u00e9t\u00e9\u00a02011, une quarantaine de clubs de football palestiniens signaient une d\u00e9claration commune pour faire part de leur consternation de voir Isra\u00ebl <em>\u00ab<small>\u00a0<\/small>r\u00e9compens\u00e9 pour son oppression de<\/em> [leur] <em>peuple, en toute impunit\u00e9, par le privil\u00e8ge d\u2019accueillir<small>\u00a0<\/small>\u00bb<\/em> la comp\u00e9tition, et demandaient \u00e0 M.\u00a0Platini de revenir sur sa d\u00e9cision. Ils entendaient lui rappeler qu\u2019Isra\u00ebl, qui <em>\u00ab<small>\u00a0<\/small>pratique un m\u00e9lange, unique au monde, d\u2019occupation, de colonisation et d\u2019apartheid dirig\u00e9 contre la population indig\u00e8ne, c\u2019est-\u00e0-dire les Palestiniens<small>\u00a0<\/small>\u00bb<\/em>, n\u2019est pas <em>\u00ab<small>\u00a0<\/small>un pays comme les autres<small>\u00a0<\/small>\u00bb<\/em>\u00a0(<a id=\"nh3\" title=\"\u00ab\u00a0Appel des sportifs palestiniens \u00e0 l\u2019UEFA\u00a0\u00bb, 22\u00a0juin\u00a02011.\" href=\"http:\/\/www.monde-diplomatique.fr\/carnet\/2013-05-15-Euro-Espoirs-Israel#nb3\" rel=\"footnote\">3<\/a>). L\u2019initiative n\u2019a pas permis de faire fl\u00e9chir M.\u00a0Platini.<\/p>\n<p>Le 14 juin 2012, ce fut au tour de Jibril Rajoub de manifester son incompr\u00e9hension dans une lettre ouverte au pr\u00e9sident de l\u2019UEFA diffus\u00e9e par les m\u00e9dias et accueillie froidement par l\u2019int\u00e9ress\u00e9. Le patron de la PFA y \u00e9voquait notamment le sort du jeune footballeur gazaoui Mahmoud Sarsak, arr\u00eat\u00e9 par l\u2019arm\u00e9e isra\u00e9lienne au cours de l\u2019\u00e9t\u00e9\u00a02009, tortur\u00e9 et incarc\u00e9r\u00e9 sans proc\u00e8s ni jugement <em>(lire \u00ab<small>\u00a0<\/small><a href=\"http:\/\/www.monde-diplomatique.fr\/carnet\/2013-05-15-Euro-Espoirs-Israel-Sarsak\">Mahmoud Sarsak, une jeunesse bris\u00e9e<\/a><small>\u00a0<\/small>\u00bb)<\/em>, comme beaucoup des milliers de Palestiniens d\u00e9tenus en Isra\u00ebl\u00a0(<a id=\"nh4\" title=\"Pr\u00e8s de 4\u00a0900\u00a0Palestiniens, dont 236\u00a0enfants, sont emprisonn\u00e9s en Isra\u00ebl, parmi\u00a0(...)\" href=\"http:\/\/www.monde-diplomatique.fr\/carnet\/2013-05-15-Euro-Espoirs-Israel#nb4\" rel=\"footnote\">4<\/a>). Quatre jours plus tard, M.\u00a0Platini confirmait aupr\u00e8s du pr\u00e9sident de l\u2019Association isra\u00e9lienne de football\u00a0(IFA), M.\u00a0Avraham Luzon, le maintien de l\u2019\u00e9preuve dans son pays et se disait certain <em>\u00ab<small>\u00a0<\/small>que ce sera une belle f\u00eate du football, qui, une fois de plus, rassemblera les gens<small>\u00a0<\/small>\u00bb<\/em>.<\/p>\n<p>Le 29\u00a0novembre\u00a02012, au lendemain du tirage au sort de la phase finale de l\u2019Euro (qui d\u00e9termine les poules), il rencontrait le chef de l\u2019Etat isra\u00e9lien, M.\u00a0Shimon Peres, dans sa r\u00e9sidence de J\u00e9rusalem. Trois semaines plus t\u00f4t \u2014 les 8 et 11\u00a0novembre, soit quelques jours avant le d\u00e9but de l\u2019op\u00e9ration militaire \u00ab<small>\u00a0<\/small>Pilier de d\u00e9fense<small>\u00a0<\/small>\u00bb contre la bande de Gaza (14-21\u00a0novembre\u00a02012, plus de 180\u00a0morts du c\u00f4t\u00e9 palestinien, en grande majorit\u00e9 des civils, dont une cinquantaine d\u2019enfants)\u00a0\u2014, quatre adolescents \u00e9taient tu\u00e9s par des bombardements isra\u00e9liens alors qu\u2019ils jouaient au ballon rond \u00e0 Gaza, sans que cela ne suscite aucune r\u00e9action de sa part. S\u2019il suit l\u2019actualit\u00e9, M.\u00a0Platini aura peut-\u00eatre \u00e9t\u00e9 interpell\u00e9 par la r\u00e9cente d\u00e9cision de l\u2019astrophysicien Stephen Hawking \u2014 qui provoque des remous en Isra\u00ebl \u2014 de ne plus participer \u00e0 la conf\u00e9rence internationale plac\u00e9e sous l\u2019\u00e9gide de M.\u00a0Peres, \u00ab<small>\u00a0<\/small>Faire face \u00e0 demain\u00a02013<small>\u00a0<\/small>\u00bb, organis\u00e9e \u00e0 J\u00e9rusalem du 18 au 20\u00a0juin, alors qu\u2019il avait dans un premier temps accept\u00e9 l\u2019invitation lanc\u00e9e par le pr\u00e9sident isra\u00e9lien. Le c\u00e9l\u00e8bre scientifique britannique, qui entend par l\u00e0 protester contre la situation des Palestiniens et l\u2019occupation de leurs terres, a \u00e9galement rejoint le boycott universitaire et culturel d\u2019Isra\u00ebl\u00a0(<a id=\"nh5\" title=\"\u00ab\u00a0Stephen Hawking joins academic boycott of Israel\u00a0\u00bb, The Guardian,\u00a0(...)\" href=\"http:\/\/www.monde-diplomatique.fr\/carnet\/2013-05-15-Euro-Espoirs-Israel#nb5\" rel=\"footnote\">5<\/a>).<\/p>\n<p>Ironie du sort, la comp\u00e9tition se d\u00e9roulera, entre autres, dans l\u2019enceinte du stade Bloomfield (ex-Basa), qui fut autrefois celui du club palestinien Shabab Al-Arab de Jaffa, expuls\u00e9 en janvier\u00a01949 au profit du club isra\u00e9lien de l\u2019Hapo\u00ebl Tel-Aviv, et dans celle du stade Teddy de J\u00e9rusalem, situ\u00e9 tout pr\u00e8s du village arabe d\u2019Al-Maliha, vid\u00e9 de ses habitants en juillet\u00a01948 par les troupes isra\u00e9liennes et presque enti\u00e8rement ras\u00e9\u00a0(<a id=\"nh6\" title=\"Comble du cynisme, la communaut\u00e9 palestinienne de J\u00e9rusalem-Est, victime de\u00a0(...)\" href=\"http:\/\/www.monde-diplomatique.fr\/carnet\/2013-05-15-Euro-Espoirs-Israel#nb6\" rel=\"footnote\">6<\/a>). Le stade Teddy est l\u2019antre du club du Beitar J\u00e9rusalem, proche du Likoud (droite nationaliste). Ses supporters, ouvertement racistes et violents \u2014 deux de leurs slogans favoris sont \u00ab<small>\u00a0<\/small>Mort aux Arabes<small>\u00a0<\/small>\u00bb et \u00ab<small>\u00a0<\/small>Beitar pur pour toujours<small>\u00a0<\/small>\u00bb\u00a0\u2014, ont r\u00e9cemment cr\u00e9\u00e9 la pol\u00e9mique en protestant contre l\u2019arriv\u00e9e dans l\u2019\u00e9quipe de deux joueurs tch\u00e9tch\u00e8nes de confession musulmane, allant jusqu\u2019\u00e0 mettre le feu au si\u00e8ge administratif du club, le 8\u00a0f\u00e9vrier dernier \u2014 les deux nouvelles recrues du Beitar, qui ne comptait jusqu\u2019alors dans ses rangs que des joueurs juifs, sont syst\u00e9matiquement hu\u00e9es et insult\u00e9es lorsqu\u2019elles touchent la balle. Pour autant, le cas du Beitar J\u00e9rusalem est loin d\u2019\u00eatre isol\u00e9. Le football isra\u00e9lien est fortement touch\u00e9 par le racisme anti-arabe, des \u00ab<small>\u00a0<\/small>ratonnades<small>\u00a0<\/small>\u00bb se d\u00e9roulant m\u00eame r\u00e9guli\u00e8rement en marge des matchs de championnat\u00a0(<a id=\"nh7\" title=\"Cf. Todd Warning, \u00ab\u00a0Israel\u2019s Arab-Free Soccer Team\u00a0\u00bb, Tablet, 14\u00a0mai\u00a02012. Lire\u00a0(...)\" href=\"http:\/\/www.monde-diplomatique.fr\/carnet\/2013-05-15-Euro-Espoirs-Israel#nb7\" rel=\"footnote\">7<\/a>).<\/p>\n<p>Une coalition europ\u00e9enne d\u2019organisations de d\u00e9fense des droits humains multiplie les actions pour tenter d\u2019attirer l\u2019attention de l\u2019opinion publique et des dirigeants politiques\u00a0(<a id=\"nh8\" title=\"Un rassemblement de protestation est notamment pr\u00e9vu \u00e0 Londres le 24\u00a0mai, \u00e0\u00a0(...)\" href=\"http:\/\/www.monde-diplomatique.fr\/carnet\/2013-05-15-Euro-Espoirs-Israel#nb8\" rel=\"footnote\">8<\/a>). Elles ont mis sur pied la campagne <a href=\"http:\/\/cartonrougeapartheidisrael.weebly.com\/\" rel=\"external\">Carton rouge pour l\u2019apartheid isra\u00e9lien<\/a> afin d\u2019obtenir l\u2019annulation de l\u2019\u00e9preuve, sous peine de <em>\u00ab<small>\u00a0<\/small>renforce<\/em>[r] <em>le sentiment d\u2019impunit\u00e9<small>\u00a0<\/small>\u00bb<\/em> pr\u00e9valant en Isra\u00ebl, et ce malgr\u00e9 les violations r\u00e9p\u00e9t\u00e9es des droits humains et les crimes commis par son arm\u00e9e \u00e0 Gaza et en Cisjordanie, qui lui \u00f4tent <em>\u00ab<small>\u00a0<\/small>toute l\u00e9gitimit\u00e9 \u00e0 accueillir des \u00e9v\u00e9nements sportifs internationaux<small>\u00a0<\/small>\u00bb<\/em>. La campagne est adoss\u00e9e au mouvement mondial Boycott, d\u00e9sinvestissement, sanctions (BDS), cr\u00e9\u00e9 en 2005 sur le mod\u00e8le de la lutte contre l\u2019apartheid en Afrique du Sud, qui avait notamment abouti \u00e0 l\u2019exclusion du pays de toute comp\u00e9tition sportive. Elle a re\u00e7u le soutien de nombreuses personnalit\u00e9s, dont l\u2019intellectuel am\u00e9ricain Noam Chomsky, le musicien britannique Roger Waters (ex-Pink Floyd), l\u2019ancienne star fran\u00e7aise du ballon rond Eric Cantona, ou encore le cin\u00e9aste Ken Loach.<\/p>\n<p>De leur c\u00f4t\u00e9, des footballeurs professionnels se sont \u00e9galement mobilis\u00e9s, sous la houlette de l\u2019attaquant franco-malien Fr\u00e9d\u00e9ric Kanout\u00e9. Celui-ci est \u00e0 l\u2019origine d\u2019un <a href=\"http:\/\/www.kanoute.com\/european-footballers-declare-support-for-palestine_ad-id%2135-l%21fr.ks\" rel=\"external\">appel<\/a> \u00e0 boycotter l\u2019Euro Espoirs, adress\u00e9 \u00e0 l\u2019UEFA le 29\u00a0novembre dernier et sign\u00e9 par une soixantaine de joueurs internationaux. Ils y t\u00e9moignaient notamment de <em>\u00ab<small>\u00a0<\/small>leur solidarit\u00e9 avec le peuple de Gaza qui vit depuis trop longtemps en \u00e9tat de si\u00e8ge, et dont on refuse les droits humains les plus fondamentaux\u00a0: la dignit\u00e9 et la libert\u00e9.<small>\u00a0<\/small>\u00bb<\/em> \u2014\u00a0certains d\u2019entre eux, parmi lesquels des joueurs de l\u2019\u00e9quipe de France et l\u2019Ivoirien Didier Drogba, se sont depuis r\u00e9tract\u00e9s ou ont d\u00e9menti faire partie des signataires, \u00e0 la suite, selon M.\u00a0Kanout\u00e9, de pressions exerc\u00e9es sur eux et sur leurs clubs respectifs\u00a0(<a id=\"nh9\" title=\"\u00ab\u00a0Kanout\u00e9 accuse \u201ccertaines personnes\u201d de censurer sa p\u00e9tition sur la\u00a0(...)\" href=\"http:\/\/www.monde-diplomatique.fr\/carnet\/2013-05-15-Euro-Espoirs-Israel#nb9\" rel=\"footnote\">9<\/a>).<\/p>\n<p>Rares sont les politiques \u00e0 s\u2019\u00eatre saisis de la question, \u00e0 l\u2019exception notable de Mme\u00a0Marie-George Buffet. Il y a peu, la d\u00e9put\u00e9e communiste de Seine-Saint-Denis et ancienne ministre des sports (1997-2002) a adress\u00e9 un courrier \u00e0 M.\u00a0Platini pour d\u00e9noncer la tenue du tournoi dans un pays dont les <em>\u00ab<small>\u00a0<\/small>pratiques<small>\u00a0<\/small>\u00bb<\/em> sont <em>\u00ab<small>\u00a0<\/small>incompatibles avec les valeurs du sport<small>\u00a0<\/small>\u00bb<\/em>\u00a0(<a id=\"nh10\" title=\"\u00ab\u00a0Non \u00e0 la coupe des moins de 21\u00a0ans en Isra\u00ebl\u00a0! Marie-George Buffet \u00e9crit \u00e0\u00a0(...)\" href=\"http:\/\/www.monde-diplomatique.fr\/carnet\/2013-05-15-Euro-Espoirs-Israel#nb10\" rel=\"footnote\">10<\/a>). A notre connaissance, elle n\u2019a obtenu aucune r\u00e9ponse officielle.<\/p>\n<p>Le 25\u00a0janvier dernier, une d\u00e9l\u00e9gation de militants venus de plusieurs pays (France, Royaume-Uni, Suisse, etc.) se sont rendus au si\u00e8ge de l\u2019UEFA pour r\u00e9clamer des explications \u00e0 M.\u00a0Platini. Ils se sont vus r\u00e9torquer que <em>\u00ab<small>\u00a0<\/small>le sport ne peut se m\u00ealer de politique, c\u2019est pourquoi l\u2019UEFA n\u2019envisage pas de prendre des sanctions contre Isra\u00ebl<small>\u00a0<\/small>\u00bb<\/em>\u00a0(<a id=\"nh11\" title=\"\u00ab\u00a0Coupe de foot junior en Isra\u00ebl\u00a0: l\u2019UEFA somm\u00e9e de s\u2019expliquer\u00a0\u00bb,\u00a0(...)\" href=\"http:\/\/www.monde-diplomatique.fr\/carnet\/2013-05-15-Euro-Espoirs-Israel#nb11\" rel=\"footnote\">11<\/a>). Michel Platini feint-il d\u2019ignorer que l\u2019Afrique du Sud, pendant le r\u00e9gime d\u2019apartheid (avec lequel collabora Isra\u00ebl, au m\u00e9pris des sanctions internationales), fut suspendue de toutes les comp\u00e9titions de football d\u00e8s 1964, puis exclue des Jeux olympiques \u00e0 partir de 1970, et n\u2019a pu les r\u00e9int\u00e9grer qu\u2019apr\u00e8s l\u2019abolition du syst\u00e8me s\u00e9gr\u00e9gationniste<small>\u00a0<\/small>? A l\u2019\u00e9poque, il est vrai, l\u2019Europe avait pris part au boycott \u00e9conomique, acad\u00e9mique et sportif du r\u00e9gime de Pretoria, tandis qu\u2019elle fait preuve aujourd\u2019hui d\u2019une grande complaisance \u00e0 l\u2019\u00e9gard d\u2019Isra\u00ebl, dont les liens avec l\u2019Union europ\u00e9enne n\u2019ont cess\u00e9 de se renforcer ces derni\u00e8res ann\u00e9es, malgr\u00e9 la poursuite de l\u2019occupation militaire et de la colonisation en Palestine\u00a0(<a id=\"nh12\" title=\"Lire \u00e0 ce sujet \u00ab\u00a0Comment l\u2019Union europ\u00e9enne renforce les colonies\u00a0(...)\" href=\"http:\/\/www.monde-diplomatique.fr\/carnet\/2013-05-15-Euro-Espoirs-Israel#nb12\" rel=\"footnote\">12<\/a>).<\/p>\n<p>Embo\u00eetant le pas de l\u2019Union europ\u00e9enne, l\u2019UEFA se serait-elle \u00e0 son tour rang\u00e9e au principe du \u00ab<small>\u00a0<\/small>deux poids, deux mesures<small>\u00a0<\/small>\u00bb<small>\u00a0<\/small>?<\/p>\n<blockquote><p>Voir aussi\u00a0: \u00ab<small>\u00a0<\/small><a href=\"http:\/\/www.monde-diplomatique.fr\/carnet\/2013-05-15-Euro-Espoirs-Israel-Sarsak\">Mahmoud Sarsak, une jeunesse bris\u00e9e<\/a><small>\u00a0<\/small>\u00bb.<\/p><\/blockquote>\n<\/div>\n<\/div>\n<div>\n<div id=\"nb1\">\n<p>(<a title=\"Notes 1\" href=\"http:\/\/www.monde-diplomatique.fr\/carnet\/2013-05-15-Euro-Espoirs-Israel#nh1\" rev=\"footnote\">1<\/a>) Isra\u00ebl participe aux comp\u00e9titions de football en Europe depuis 1989, apr\u00e8s avoir quitt\u00e9 la Conf\u00e9d\u00e9ration asiatique (AFC) en 1974. Il est devenu membre \u00e0 part enti\u00e8re de la f\u00e9d\u00e9ration europ\u00e9enne (UEFA) en 1994.<\/p>\n<\/div>\n<div id=\"nb2\">\n<p>(<a title=\"Notes 2\" href=\"http:\/\/www.monde-diplomatique.fr\/carnet\/2013-05-15-Euro-Espoirs-Israel#nh2\" rev=\"footnote\">2<\/a>) Cit\u00e9 dans la brochure <em><a href=\"http:\/\/www.europalestine.com\/spip.php?article7596\" rel=\"external\">On ne peut pas s\u2019en foot<small>\u00a0<\/small><small>\u00a0<\/small>!<\/a><\/em>, CAPJPO\u00a0&#8211;\u00a0EuroPalestine, Paris, 2012.<\/p>\n<\/div>\n<div id=\"nb3\">\n<p>(<a title=\"Notes 3\" href=\"http:\/\/www.monde-diplomatique.fr\/carnet\/2013-05-15-Euro-Espoirs-Israel#nh3\" rev=\"footnote\">3<\/a>) \u00ab<small>\u00a0<\/small><small>\u00a0<\/small><a href=\"http:\/\/cartonrougeapartheidisrael.weebly.com\/1\/post\/2011\/06\/appel-des-sportifs-palestiniens-luefa-carton-rouge-isral-etat-dapartheid.html\" rel=\"external\">Appel des sportifs palestiniens \u00e0 l\u2019UEFA<\/a><small>\u00a0<\/small><small>\u00a0<\/small>\u00bb, 22\u00a0juin\u00a02011.<\/p>\n<\/div>\n<div id=\"nb4\">\n<p>(<a title=\"Notes 4\" href=\"http:\/\/www.monde-diplomatique.fr\/carnet\/2013-05-15-Euro-Espoirs-Israel#nh4\" rev=\"footnote\">4<\/a>) Pr\u00e8s de 4\u00a0900\u00a0Palestiniens, dont 236\u00a0enfants, sont emprisonn\u00e9s en Isra\u00ebl, parmi lesquels plusieurs ont cess\u00e9 de s\u2019alimenter. Certains ont r\u00e9cemment p\u00e9ri en d\u00e9tention, comme Maysara Abou Hamdiya (65\u00a0ans), mort d\u2019un cancer le 2\u00a0avril dernier, faute de traitement, ou Arafat Jardat (30\u00a0ans), d\u00e9c\u00e9d\u00e9 le 23\u00a0f\u00e9vrier\u00a02013, apr\u00e8s un interrogatoire. Sur la situation des prisonniers palestiniens en Isra\u00ebl, voir les donn\u00e9es et informations fournies par l\u2019organisation <a href=\"http:\/\/www.addameer.org\" rel=\"external\">Addameer<\/a>.<\/p>\n<\/div>\n<div id=\"nb5\">\n<p>(<a title=\"Notes 5\" href=\"http:\/\/www.monde-diplomatique.fr\/carnet\/2013-05-15-Euro-Espoirs-Israel#nh5\" rev=\"footnote\">5<\/a>) \u00ab<small>\u00a0<\/small><small>\u00a0<\/small><a href=\"http:\/\/www.guardian.co.uk\/world\/2013\/may\/08\/stephen-hawking-israel-academic-boycott\" rel=\"external\">Stephen Hawking joins academic boycott of Israel<\/a><small>\u00a0<\/small><small>\u00a0<\/small>\u00bb, <em>The Guardian<\/em>, 8\u00a0mai\u00a02013.<\/p>\n<\/div>\n<div id=\"nb6\">\n<p>(<a title=\"Notes 6\" href=\"http:\/\/www.monde-diplomatique.fr\/carnet\/2013-05-15-Euro-Espoirs-Israel#nh6\" rev=\"footnote\">6<\/a>) Comble du cynisme, la communaut\u00e9 palestinienne de J\u00e9rusalem-Est, victime de la politique discriminatoire men\u00e9e par Isra\u00ebl, d\u00e9nonc\u00e9e en particulier par les Nations unies, a \u00e9t\u00e9 mise \u00e0 contribution \u00e0 hauteur de 100\u00a0millions de shekels (plus de 20\u00a0millions d\u2019euros) pour financer les travaux de r\u00e9novation du stade Teddy.<\/p>\n<\/div>\n<div id=\"nb7\">\n<p>(<a title=\"Notes 7\" href=\"http:\/\/www.monde-diplomatique.fr\/carnet\/2013-05-15-Euro-Espoirs-Israel#nh7\" rev=\"footnote\">7<\/a>) <em>Cf.<\/em> Todd Warning, \u00ab<small>\u00a0<\/small><small>\u00a0<\/small><a href=\"http:\/\/www.tabletmag.com\/jewish-news-and-politics\/99407\/israels-arab-free-soccer-team.\" rel=\"external\">Israel\u2019s Arab-Free Soccer Team<\/a><small>\u00a0<\/small><small>\u00a0<\/small>\u00bb, Tablet, 14\u00a0mai\u00a02012. Lire \u00e9galement Robert Kissous, \u00ab<small>\u00a0<\/small><small>\u00a0<\/small><a href=\"http:\/\/www.france-palestine.org\/UEFA-2013-lettre-a-Michel-Platini\" rel=\"external\">UEFA 2013 \u2013 lettre \u00e0 Michel Platini<\/a><small>\u00a0<\/small><small>\u00a0<\/small>\u00bb, Association France Palestine Solidarit\u00e9 (AFPS), 26\u00a0avril\u00a02012.<\/p>\n<\/div>\n<div id=\"nb8\">\n<p>(<a title=\"Notes 8\" href=\"http:\/\/www.monde-diplomatique.fr\/carnet\/2013-05-15-Euro-Espoirs-Israel#nh8\" rev=\"footnote\">8<\/a>) Un rassemblement de protestation est notamment pr\u00e9vu \u00e0 Londres le 24\u00a0mai, \u00e0 l\u2019occasion du congr\u00e8s annuel de l\u2019UEFA organis\u00e9 dans la capitale britannique.<\/p>\n<\/div>\n<div id=\"nb9\">\n<p>(<a title=\"Notes 9\" href=\"http:\/\/www.monde-diplomatique.fr\/carnet\/2013-05-15-Euro-Espoirs-Israel#nh9\" rev=\"footnote\">9<\/a>) \u00ab<small>\u00a0<\/small><small>\u00a0<\/small><a href=\"http:\/\/www.france24.com\/fr\/20121205-frederic-kanoute-accuse-censurer-petition-palestine-pressions-israel-football-euro-2013-gaza-drogba-mandanda-ayew\" rel=\"external\">Kanout\u00e9 accuse \u201ccertaines personnes\u201d de censurer sa p\u00e9tition sur la Palestine<\/a><small>\u00a0<\/small><small>\u00a0<\/small>\u00bb, France\u00a024, 5\u00a0d\u00e9cembre\u00a02012.<\/p>\n<\/div>\n<div id=\"nb10\">\n<p>(<a title=\"Notes 10\" href=\"http:\/\/www.monde-diplomatique.fr\/carnet\/2013-05-15-Euro-Espoirs-Israel#nh10\" rev=\"footnote\">10<\/a>) \u00ab<small>\u00a0<\/small><small>\u00a0<\/small><a href=\"http:\/\/www.europalestine.com\/spip.php?article8142\" rel=\"external\">Non \u00e0 la coupe des moins de 21\u00a0ans en Isra\u00ebl<small>\u00a0<\/small><small>\u00a0<\/small>! Marie-George Buffet \u00e9crit \u00e0 Platini<\/a><small>\u00a0<\/small><small>\u00a0<\/small>\u00bb, CAPJPO\u00a0&#8211; EuroPalestine, 13\u00a0mars\u00a02013.<\/p>\n<\/div>\n<div id=\"nb11\">\n<p>(<a title=\"Notes 11\" href=\"http:\/\/www.monde-diplomatique.fr\/carnet\/2013-05-15-Euro-Espoirs-Israel#nh11\" rev=\"footnote\">11<\/a>) \u00ab<small>\u00a0<\/small><small>\u00a0<\/small><a href=\"http:\/\/www.europalestine.com\/spip.php?article8010\" rel=\"external\">Coupe de foot junior en Isra\u00ebl\u00a0: l\u2019UEFA somm\u00e9e de s\u2019expliquer<\/a><small>\u00a0<\/small><small>\u00a0<\/small>\u00bb, CAPJPO\u00a0&#8211;\u00a0EuroPalestine, 26\u00a0janvier\u00a02013.<\/p>\n<\/div>\n<div id=\"nb12\">\n<p>(<a title=\"Notes 12\" href=\"http:\/\/www.monde-diplomatique.fr\/carnet\/2013-05-15-Euro-Espoirs-Israel#nh12\" rev=\"footnote\">12<\/a>) Lire \u00e0 ce sujet \u00ab<small>\u00a0<\/small><small>\u00a0<\/small><a href=\"http:\/\/blog.mondediplo.net\/2012-10-30-Comment-l-Union-europeenne-renforce-les-colonies\" rel=\"external\">Comment l\u2019Union europ\u00e9enne renforce les colonies isra\u00e9liennes<\/a><small>\u00a0<\/small><small>\u00a0<\/small>\u00bb, par Alain Gresh, Nouvelles d\u2019Orient (Les blogs du Diplo), 30\u00a0octobre\u00a02012.<\/p>\n<\/div>\n<\/div>\n<h3>Dans \u00ab<small>\u00a0<\/small>Le Monde diplomatique<small>\u00a0<\/small>\u00bb\u00a0:<\/h3>\n<ul>\n<li>\u00ab\u00a0<a href=\"http:\/\/www.monde-diplomatique.fr\/carnet\/2013-01-22-tribunal-Russell\">Isra\u00ebl, le tribunal Russell contre l\u2019impunit\u00e9<\/a>\u00a0\u00bb, Sharon Weill, La valise diplomatique, 22 janvier, janvier\u00a02013\n<div>Fond\u00e9 pour r\u00e9pondre \u00e0 l\u2019inaction de la communaut\u00e9 mondiale, ce tribunal d\u2019opinion vise \u00e0 attirer l\u2019attention sur les complicit\u00e9s et les manquements de l\u2019Union europ\u00e9enne, des Nations unies, des Etats-Unis et des entreprises dans les violations des droits du peuple palestinien par Isra\u00ebl.<\/div>\n<\/li>\n<\/ul>\n<ul>\n<li>\u00ab\u00a0<a href=\"http:\/\/www.monde-diplomatique.fr\/2012\/12\/HALIMI\/48469\">Tout est simple \u00e0 Gaza\u2026<\/a>\u00a0\u00bb, Serge Halimi, d\u00e9cembre\u00a02012<br \/>\nDepuis des ann\u00e9es, les m\u00eames travers scandent la relation des \u00e9v\u00e9nements en Palestine, comme celui qui accorde l\u2019impunit\u00e9 \u00e0 un bellig\u00e9rant dot\u00e9 d\u2019une sup\u00e9riorit\u00e9 militaire \u00e9crasante se grimant en victime, juste avant d\u2019enclencher une nouvelle escalade arm\u00e9e.<\/li>\n<\/ul>\n<ul>\n<li>\u00ab\u00a0<a href=\"http:\/\/blog.mondediplo.net\/2011-04-04-Goldstone-la-justice-et-la-recherche-de-la\">Goldstone, la justice et la \u201crecherche de la Palestine\u201d<\/a>\u00a0\u00bb, Alain Gresh, Nouvelles d\u2019Orient (Les blogs du Diplo), 4 avril 2011.\n<div>Le juge sud-africain Richard Goldstone a publi\u00e9 dans le <em>Washington Post<\/em>, en avril\u00a02011, une tribune dans laquelle il fait machine arri\u00e8re et se livre \u00e0 une (auto)critique du rapport qui porte son nom. Que signifie cette r\u00e9tractation<small>\u00a0<\/small>?<\/div>\n<\/li>\n<\/ul>\n<ul>\n<li>\u00ab\u00a0<a href=\"http:\/\/www.monde-diplomatique.fr\/carnet\/2010-06-11-Coupe-du-monde-FIFA\">Coupe du monde de football\u00a0: passion, diversion, r\u00e9pression<\/a>\u00a0\u00bb, Olivier Pironet, La valise diplomatique, 11 juin 2010, juin\u00a02010<br \/>\nLoin d\u2019\u00eatre un \u00e9v\u00e9nement rassembleur, la Coupe du monde sert avant tout de vitrine au capitalisme mondialis\u00e9, dont le sport en g\u00e9n\u00e9ral et le football en particulier constituent un \u00e9l\u00e9ment embl\u00e9matique.<\/li>\n<\/ul>\n<ul>\n<li>\u00ab\u00a0<a href=\"http:\/\/www.monde-diplomatique.fr\/2010\/06\/GARCIA\/19214\">Intouchables parrains du football mondial<\/a>\u00a0\u00bb, David Garcia, juin\u00a02010 Aper\u00e7u<br \/>\nLa FIFA affiche une prosp\u00e9rit\u00e9 insolente. Cependant les critiques abondent\u00a0: autoritarisme, pratiques douteuses dont se rendraient coupables ses dirigeants, achats de votes, pots-de-vin\u2026 M.\u00a0Blatter, son pr\u00e9sident, concentre les reproches.<\/li>\n<\/ul>\n<ul>\n<li>\u00ab\u00a0<a href=\"http:\/\/www.monde-diplomatique.fr\/2009\/03\/FALK\/16876\">N\u00e9cessaire inculpation des responsables de l\u2019agression contre Gaza<\/a>\u00a0\u00bb, Richard Falk, mars\u00a02009\n<div>Pour la premi\u00e8re fois depuis sa cr\u00e9ation, en 1948, l\u2019Etat d\u2019Isra\u00ebl se trouve confront\u00e9 \u00e0 de graves accusations de crimes de guerre \u00e9manant de personnalit\u00e9s mondialement respect\u00e9es.<\/div>\n<\/li>\n<\/ul>\n<ul>\n<li>\u00ab\u00a0<a href=\"http:\/\/blog.mondediplo.net\/2009-09-16-Gaza-crimes-de-guerre-crimes-contre-l-humanite\">Gaza, crimes de guerre, crimes contre l\u2019humanit\u00e9<\/a>\u00a0\u00bb, <abbr title=\"Alain Gresh\">A.\u00a0G.<\/abbr>, Nouvelles d\u2019Orient (Les blogs du Diplo), 16 septembre 2009.\n<div>A \u00e9couter les commentateurs des m\u00e9dias, le rapport de la mission des Nations unies sur les \u00e9v\u00e9nements de Gaza semblerait renvoyer dos \u00e0 dos Isra\u00ebl et le Hamas. En fait, rien n\u2019est plus faux. Et la lecture du document est accablante avant tout pour Isra\u00ebl.<\/div>\n<\/li>\n<\/ul>\n<ul>\n<li>\u00ab\u00a0<a href=\"http:\/\/www.monde-diplomatique.fr\/2009\/08\/GRESH\/17750\">Regards sud-africains sur la Palestine<\/a>\u00a0\u00bb, Alain Gresh, ao\u00fbt\u00a02009 Aper\u00e7u\n<div>La guerre de Gaza a suscit\u00e9 indignation et protestations aux quatre coins du monde. En Afrique du Sud, la solidarit\u00e9 avec la Palestine s\u2019est exprim\u00e9e avec une vigueur particuli\u00e8re. Ici, on n\u2019oublie pas l\u2019alliance sans faille qui a uni le r\u00e9gime de l\u2019apartheid et Isra\u00ebl.<a href=\"http:\/\/www.monde-diplomatique.fr\/carnet\/2013-05-15-Euro-Espoirs-Israel\">SOURCE<\/a><\/p>\n<\/div>\n<\/li>\n<\/ul>\n<\/div>\n","protected":false},"excerpt":{"rendered":"<p>Euro Espoirs de football en Isra\u00ebl, les droits des Palestiniens\u00a0pi\u00e9tin\u00e9s Carton Rouge pour Isra\u00ebl ! Carton Rouge pour Isra\u00ebl ! On compte sur vous \u2026<\/p>\n","protected":false},"author":1,"featured_media":202,"comment_status":"open","ping_status":"open","sticky":false,"template":"","format":"standard","meta":{"footnotes":""},"categories":[21,6,18],"tags":[],"class_list":["post-345","post","type-post","status-publish","format-standard","has-post-thumbnail","hentry","category-anti-imperialisme","category-palestine-moyen-orient","category-resistance-bruxelles"],"_links":{"self":[{"href":"https:\/\/bruxelles-pantheres.be\/index.php?rest_route=\/wp\/v2\/posts\/345","targetHints":{"allow":["GET"]}}],"collection":[{"href":"https:\/\/bruxelles-pantheres.be\/index.php?rest_route=\/wp\/v2\/posts"}],"about":[{"href":"https:\/\/bruxelles-pantheres.be\/index.php?rest_route=\/wp\/v2\/types\/post"}],"author":[{"embeddable":true,"href":"https:\/\/bruxelles-pantheres.be\/index.php?rest_route=\/wp\/v2\/users\/1"}],"replies":[{"embeddable":true,"href":"https:\/\/bruxelles-pantheres.be\/index.php?rest_route=%2Fwp%2Fv2%2Fcomments&post=345"}],"version-history":[{"count":1,"href":"https:\/\/bruxelles-pantheres.be\/index.php?rest_route=\/wp\/v2\/posts\/345\/revisions"}],"predecessor-version":[{"id":346,"href":"https:\/\/bruxelles-pantheres.be\/index.php?rest_route=\/wp\/v2\/posts\/345\/revisions\/346"}],"wp:featuredmedia":[{"embeddable":true,"href":"https:\/\/bruxelles-pantheres.be\/index.php?rest_route=\/wp\/v2\/media\/202"}],"wp:attachment":[{"href":"https:\/\/bruxelles-pantheres.be\/index.php?rest_route=%2Fwp%2Fv2%2Fmedia&parent=345"}],"wp:term":[{"taxonomy":"category","embeddable":true,"href":"https:\/\/bruxelles-pantheres.be\/index.php?rest_route=%2Fwp%2Fv2%2Fcategories&post=345"},{"taxonomy":"post_tag","embeddable":true,"href":"https:\/\/bruxelles-pantheres.be\/index.php?rest_route=%2Fwp%2Fv2%2Ftags&post=345"}],"curies":[{"name":"wp","href":"https:\/\/api.w.org\/{rel}","templated":true}]}}