{"id":3467,"date":"2017-11-14T09:09:25","date_gmt":"2017-11-14T08:09:25","guid":{"rendered":"https:\/\/bruxelles-pantheres.be\/?p=3467"},"modified":"2017-11-15T20:15:00","modified_gmt":"2017-11-15T19:15:00","slug":"filmer-la-police-est-un-droit-debut-du-proces-de-zin-tv-attac","status":"publish","type":"post","link":"https:\/\/bruxelles-pantheres.be\/?p=3467","title":{"rendered":"Filmer la police est un droit ! d\u00e9but du proc\u00e8s de Zin TV &#038; ATTAC"},"content":{"rendered":"<p>&nbsp;<\/p>\n<p><a href=\"http:\/\/www.zintv.org\/Atelier-de-Journalisme\" target=\"_blank\" rel=\"noreferrer noopener\">Filmer la police est un droit ! d\u00e9but du proc\u00e8s de Zin TV &amp; ATTAC<\/a><\/p>\n<p>Ce mardi 14 novembre 2017 a d\u00e9but\u00e9 l\u2019action en justice de Zin TV et ATTAC contre des policiers ayant <a href=\"https:\/\/www.zintv.org\/Arrestation-d-une-equipe-de-ZIN-TV\" target=\"_blank\" rel=\"noreferrer noopener\">saisi la cam\u00e9ra d\u2019une \u00e9quipe de tournage et effac\u00e9 des donn\u00e9es vid\u00e9os des cartes m\u00e9moires<\/a>. Les inculp\u00e9s \u00e9tant n\u00e9erlandophones, le parquet a demand\u00e9 que l\u2019affaire soit jug\u00e9e par la chambre du conseil n\u00e9erlandophone. une nouvelle date sera fix\u00e9e ult\u00e9rieurement.<!--more--><\/p>\n<p>Les faits datent d\u2019octobre 2015, lors d\u2019une manifestation \u00e0 Bruxelles contre le TTIP (Trait\u00e9 transatlantique de libre-commerce). Dans cette affaire, le comit\u00e9 P a confirm\u00e9 qu\u2019un policier ne peut pas supprimer lui-m\u00eame ou imposer la suppression des images \u00e0 la personne les ayant r\u00e9alis\u00e9es. Un rappel \u00e0 la norme a eu lieu par ailleurs pour l\u2019ensemble du personnel de la zone de police Bruxelles Capitale\/ Ixelles.<\/p>\n<p>En marge du proc\u00e8s, un rassemblement a eu lieu le 14 novembre 2017 au pied du palais de justice de Bruxelles, suite \u00e0 l\u2019appel de la Ligue des Droits de l\u2019Homme, Obspol et d\u2019autres organisations qui sont venues exprimer leur soutien.<\/p>\n<p>La question ne concerne pas uniquement la corporation de la presse mais tous les citoyens en situation de filmer la police dans ses interventions, que ce soit en manifestation, lors d\u2019arrestations, d\u2019expulsions ou encore plus r\u00e9cemment lors des rafles qui ont eu lieu au parc Maximilien o\u00f9 les migrants, les volontaires de la plateforme citoyenne de solidarit\u00e9 aux r\u00e9fugi\u00e9s ainsi que des photographes ont subi des intimidations et des violences alors qu\u2019ils filmaient les interpellations et les arrestations. Ils se sont fait saisir leurs t\u00e9l\u00e9phones, certaines photos et vid\u00e9os ayant \u00e9t\u00e9 effac\u00e9es par les agents de police, en toute ill\u00e9galit\u00e9.<\/p>\n<p><strong>D\u2019autres proc\u00e8s et rassemblements importants ont lieu cette semaine\u00a0:<\/strong><\/p>\n<p>1. ce <a href=\"https:\/\/www.zintv.org\/Suite-du-proces-des-6-heros\" target=\"_blank\" rel=\"noreferrer noopener\">mercredi 15 novembre<\/a>, en soutien aux 6 passagers qui ont refus\u00e9 de boucler la ceinture pour emp\u00eacher l\u2019expulsion d\u2019un \u00ab\u00a0sans papiers\u00a0\u00bb lors d\u2019un vol Belgique &#8211; Cameroun.<\/p>\n<p>2. <a href=\"https:\/\/www.zintv.org\/Justice-pour-Moad-proces-en-appel\" target=\"_blank\" rel=\"noreferrer noopener\">Ce jeudi 16 novembre<\/a> a lieu \u00e9galement le proc\u00e8s en appel du policier condamn\u00e9 le 19 d\u00e9cembre 2016 pour les violences commises sur <a href=\"http:\/\/www.stop-repression.be\/moad\/\" target=\"_blank\" rel=\"noreferrer noopener\">Moad<\/a> en 2013.<\/p>\n<table style=\"height: 1446px;\" border=\"0\" width=\"795\" cellspacing=\"0\" cellpadding=\"10px\">\n<tbody>\n<tr>\n<td valign=\"top\"><a href=\"http:\/\/www.zintv.org\/Atelier-de-Journalisme\" target=\"_blank\" rel=\"noreferrer noopener\"><img decoding=\"async\" class=\"alignleft\" src=\"https:\/\/www.zintv.org\/local\/cache-vignettes\/L440xH587\/-1348-6564b.jpg\" width=\"90%\" \/><\/a><\/p>\n<p><img decoding=\"async\" src=\"https:\/\/www.zintv.org\/local\/cache-vignettes\/L440xH587\/-1352-78ff2.jpg\" width=\"90%\" \/><\/td>\n<td valign=\"top\">Texte \u00e0 lire absolument\u00a0:<\/p>\n<p><a class=\"spip_out\" href=\"https:\/\/www.zintv.org\/Le-journalisme-cinematographique\" rel=\"external\">Le journalisme cin\u00e9matographique, par Santiago Alvarez<\/a> (1978)<\/p>\n<p><a class=\"spip_out\" href=\"http:\/\/www.zintv.org\/Insurrection-et-cinema-entretien%20\">Insurrection et cin\u00e9ma, entretien avec Thierry Odeyn<\/a><\/p>\n<p><a href=\"https:\/\/www.zintv.org\/Filmer-la-police-est-un-droit\">Source<\/a><\/p>\n<p><img decoding=\"async\" src=\"https:\/\/www.zintv.org\/local\/cache-vignettes\/L440xH248\/-1350-2b6ad.jpg\" width=\"90%\" \/><img decoding=\"async\" src=\"https:\/\/www.zintv.org\/local\/cache-vignettes\/L440xH248\/-1349-ab159.jpg\" width=\"90%\" \/><\/td>\n<\/tr>\n<\/tbody>\n<\/table>\n","protected":false},"excerpt":{"rendered":"<p>&nbsp; Filmer la police est un droit ! d\u00e9but du proc\u00e8s de Zin TV &amp; ATTAC Ce mardi 14 novembre 2017 a d\u00e9but\u00e9 l\u2019action en justice de Zin TV et ATTAC contre des policiers ayant saisi la cam\u00e9ra d\u2019une \u00e9quipe de tournage et effac\u00e9 des donn\u00e9es vid\u00e9os des cartes m\u00e9moires. Les inculp\u00e9s \u00e9tant n\u00e9erlandophones, le &#8230; <a title=\"Filmer la police est un droit ! d\u00e9but du proc\u00e8s de Zin TV &#038; ATTAC\" class=\"read-more\" href=\"https:\/\/bruxelles-pantheres.be\/?p=3467\" aria-label=\"En savoir plus sur Filmer la police est un droit ! d\u00e9but du proc\u00e8s de Zin TV &#038; ATTAC\">Lire la suite<\/a><\/p>\n","protected":false},"author":1,"featured_media":3201,"comment_status":"open","ping_status":"open","sticky":false,"template":"","format":"standard","meta":{"footnotes":""},"categories":[18,28,5],"tags":[31,14,54,15],"class_list":["post-3467","post","type-post","status-publish","format-standard","has-post-thumbnail","hentry","category-resistance-bruxelles","category-racismes","category-violence-policiere","tag-belgique","tag-bruxelles","tag-police","tag-resistance"],"_links":{"self":[{"href":"https:\/\/bruxelles-pantheres.be\/index.php?rest_route=\/wp\/v2\/posts\/3467","targetHints":{"allow":["GET"]}}],"collection":[{"href":"https:\/\/bruxelles-pantheres.be\/index.php?rest_route=\/wp\/v2\/posts"}],"about":[{"href":"https:\/\/bruxelles-pantheres.be\/index.php?rest_route=\/wp\/v2\/types\/post"}],"author":[{"embeddable":true,"href":"https:\/\/bruxelles-pantheres.be\/index.php?rest_route=\/wp\/v2\/users\/1"}],"replies":[{"embeddable":true,"href":"https:\/\/bruxelles-pantheres.be\/index.php?rest_route=%2Fwp%2Fv2%2Fcomments&post=3467"}],"version-history":[{"count":1,"href":"https:\/\/bruxelles-pantheres.be\/index.php?rest_route=\/wp\/v2\/posts\/3467\/revisions"}],"predecessor-version":[{"id":3468,"href":"https:\/\/bruxelles-pantheres.be\/index.php?rest_route=\/wp\/v2\/posts\/3467\/revisions\/3468"}],"wp:featuredmedia":[{"embeddable":true,"href":"https:\/\/bruxelles-pantheres.be\/index.php?rest_route=\/wp\/v2\/media\/3201"}],"wp:attachment":[{"href":"https:\/\/bruxelles-pantheres.be\/index.php?rest_route=%2Fwp%2Fv2%2Fmedia&parent=3467"}],"wp:term":[{"taxonomy":"category","embeddable":true,"href":"https:\/\/bruxelles-pantheres.be\/index.php?rest_route=%2Fwp%2Fv2%2Fcategories&post=3467"},{"taxonomy":"post_tag","embeddable":true,"href":"https:\/\/bruxelles-pantheres.be\/index.php?rest_route=%2Fwp%2Fv2%2Ftags&post=3467"}],"curies":[{"name":"wp","href":"https:\/\/api.w.org\/{rel}","templated":true}]}}