{"id":3471,"date":"2017-12-01T15:47:00","date_gmt":"2017-12-01T14:47:00","guid":{"rendered":"https:\/\/bruxelles-pantheres.be\/?p=3471"},"modified":"2017-12-01T15:47:00","modified_gmt":"2017-12-01T14:47:00","slug":"macron-et-letat-dexception-permanent-10-decembre-bourse-du-travail-de-st-denis","status":"publish","type":"post","link":"https:\/\/bruxelles-pantheres.be\/?p=3471","title":{"rendered":"Macron et l\u2019\u00e9tat d\u2019exception permanent : 10 d\u00e9cembre \u2013 Bourse du travail de St Denis"},"content":{"rendered":"<div class=\"clear\"><strong><a href=\"https:\/\/bruxelles-pantheres.be\/wp-content\/uploads\/2017\/03\/16649376_1189303187831722_832618022421858463_n.jpg\"><img decoding=\"async\" class=\"size-full wp-image-3201 aligncenter\" src=\"https:\/\/bruxelles-pantheres.be\/wp-content\/uploads\/2017\/03\/16649376_1189303187831722_832618022421858463_n.jpg\" alt=\"\" width=\"678\" height=\"960\" srcset=\"https:\/\/bruxelles-pantheres.be\/wp-content\/uploads\/2017\/03\/16649376_1189303187831722_832618022421858463_n.jpg 678w, https:\/\/bruxelles-pantheres.be\/wp-content\/uploads\/2017\/03\/16649376_1189303187831722_832618022421858463_n-212x300.jpg 212w\" sizes=\"(max-width: 678px) 100vw, 678px\" \/><\/a>Depuis plusieurs ann\u00e9e en d\u00e9cembre, des associations, syndicats et\u00a0 partis politiques organisent une journ\u00e9e internationale contre l\u2019islamophobie qui se d\u00e9roulera cette ann\u00e9e le dimanche 10 d\u00e9cembre \u00e0 la bourse du travail de Saint-Denis (<span class=\"_Xbe\">9\/11 rue G\u00e9nin, 93200 Saint-Denis \u2013 Metro Porte de Paris<\/span>).<\/strong><\/div>\n<div class=\"clear\"><strong>La Commission Islam et La\u00efcit\u00e9 est signataire de l\u2019appel publi\u00e9 ci-dessous :<\/strong><\/div>\n<p><!--more--><\/p>\n<div class=\"entry-content\">\n<div class=\"clear\"><\/div>\n<div>\n<h5 class=\"post-title entry-title\">Macron et l\u2019\u00e9tat d\u2019exception permanent : 10 d\u00e9cembre \u2013 Bourse du travail de St Denis<\/h5>\n<\/div>\n<div class=\"clear\">Destruction du Code du travail au pas de charge, baisse des APL, suppression des contrats aid\u00e9s qui minent le fonctionnement d\u2019institutions comme les \u00e9coles ou d\u2019associations vitales dans les quartiers\u00a0: depuis son \u00e9lection le 8 mai 2017, la guerre sociale que m\u00e8ne Macron contre les classes populaires est sans merci. Comme l\u2019est sa politique migratoire qui nie les droits fondamentaux des migrants, criminalise les actions de solidarit\u00e9 et renforce la x\u00e9nophobie. Ce nouveau r\u00e9gime jupit\u00e9rien n\u2019est pas non plus une bonne nouvelle pour les citoyens de confession musulmane qui subissent racisme et islamophobie.<\/div>\n<div class=\"texte surlignable\">\n<p>\u00a0<strong>Certes, le renvoi \u00e0 leurs p\u00e9nates des Le Pen, Fillon et autre Valls est un soulagement.<\/strong>\u00a0Si le FN r\u00e9alise un score de 33,9%, il est en crise. Pour l\u2019instant. Et d\u2019autres se chargent de faire prosp\u00e9rer son fonds de commerce. Les r\u00e9seaux racistes et islamophobes, qui \u0153uvraient au c\u0153ur de l\u2019\u00c9tat avec Valls, se reconstituent. Depuis la rentr\u00e9e, ils \u0153uvrent tous azimuts avec une violence redoubl\u00e9e\u00a0: pressions sur l\u2019universit\u00e9 pour censurer les colloques sur ces questions, cyber-harc\u00e8lement contre des associations de f\u00e9ministes musulmanes comme Lallab, campagnes de d\u00e9nigrement et de diffamation cibl\u00e9es qui tournent \u00e0 la chasse \u00e0 l\u2019homme ou \u00e0 la femme contre ceux qui luttent contre le racisme et l\u2019islamophobie<strong>.\u00a0<\/strong>Printemps r\u00e9publicain, bande \u00e0 Valls, Comit\u00e9 la\u00efcit\u00e9 et R\u00e9publique, UFAL,\u00a0<em>Causeur,\u00a0Le Figaro,\u00a0Marianne,\u00a0Valeurs actuelles,\u00a0<\/em>fachosph\u00e8re\u00a0: les campagnes coordonn\u00e9es de ces r\u00e9seaux h\u00e9t\u00e9roclites ont un objectif, intimider pour r\u00e9duire au silence les voix qui s\u2019\u00e9l\u00e8vent contre le racisme anti-musulman.<\/p>\n<p>Emmanuel Macron n\u2019a certes pas instrumentalis\u00e9 ces questions pendant la campagne. Mais au-del\u00e0 de la \u00ab\u00a0com\u2019\u00a0\u00bb, quelle est sa politique\u00a0?<\/p>\n<p>\u2013\u00a0<strong>Au nom de la lutte contre le terrorisme, le 6 juillet, l\u2019\u00e9tat d\u2019urgence est reconduit.<\/strong>\u00a0Pour la sixi\u00e8me fois depuis 22 mois. Inefficace contre le terrorisme, il a vis\u00e9 en priorit\u00e9 les citoyens de confession musulmane puis s\u2019est \u00e9tendu aux manifestations du mouvement social et \u00e0 ses militants.\u00a0<strong>Aucun pays europ\u00e9en confront\u00e9 \u00e0 des attentats n\u2019a pris de telles dispositions attentatoires \u00e0 l\u2019\u00c9tat de droit.<\/strong>\u00a0Entre fin 2015 et fin 2016, pr\u00e8s de 4 200 perquisitions administratives ont eu lieu. Elles ont touch\u00e9 dans presque tous les cas des citoyens de confession musulmane\u00a0! Moins de 1% ont d\u00e9bouch\u00e9 sur des proc\u00e9dures judiciaires en lien avec le terrorisme.<\/p>\n<ul>\n<li>La loi de s\u00e9curit\u00e9 int\u00e9rieure et de lutte contre le terrorisme vot\u00e9e le 11 octobre par l\u2019Assembl\u00e9e nationale transpose dans le droit commun les principales dispositions de l\u2019\u00e9tat d\u2019urgence. D\u00e9nonc\u00e9e par la totalit\u00e9 des organisations de la soci\u00e9t\u00e9 civile concern\u00e9e par ces questions, par la CNCDH, par des experts de l\u2019ONU, cette loi remet en question l\u2019\u00c9tat de droit\u00a0:<\/li>\n<li>*\u00a0<strong>les perquisitions renomm\u00e9es \u00ab\u00a0visites domiciliaires\u00a0\u00bb<\/strong>, les assignations \u00e0 r\u00e9sidence \u00ab\u00a0mesures individuelles de contr\u00f4le et de surveillance\u00a0\u00bb pourront \u00eatre effectu\u00e9es sur la base de simples soup\u00e7ons\u00a0; et l\u2019ex\u00e9cutif a refus\u00e9 l\u2019intervention d\u2019un juge judiciaire\u00a0;<\/li>\n<li>*<strong>les pr\u00e9fets pourront ainsi instaurer des p\u00e9rim\u00e8tres de s\u00e9curit\u00e9<\/strong>\u00a0d\u2019un lieu ou d\u2019un \u00e9v\u00e9nement qui serait soumis \u00e0 un risque d\u2019acte terroriste. Palpations, inspections des bagages, fouilles des v\u00e9hicules, saisies pourront \u00eatre effectu\u00e9es sur ce p\u00e9rim\u00e8tre. C\u2019est de fait la l\u00e9galisation des abus qui est inscrite dans ces dispositions, les fouilles au corps par exemple \u00e9tant d\u00e9j\u00e0 pratiqu\u00e9es sur les jeunes dans les quartiers populaires\u00a0;<\/li>\n<li>*\u00a0<strong>extension des contr\u00f4les d\u2019identit\u00e9 massifs<\/strong>, jusqu\u2019\u00e0 20 km autour des zones frontali\u00e8res. Ils pourront \u00eatre effectu\u00e9s pendant 12 heures d\u2019affil\u00e9e (6 heures jusqu\u2019\u00e0 pr\u00e9sent), dans tous les points de passage de fronti\u00e8res, soit 29% du territoire et 67% de la population du pays. Quand on sait qu\u2019un jeune Noir ou Arabe a vingt fois plus de risques d\u2019\u00eatre contr\u00f4l\u00e9 qu\u2019un autre (d\u2019apr\u00e8s le D\u00e9fenseur des droits), cette disposition l\u00e9galise de fait le contr\u00f4le au faci\u00e8s. L\u2019historien Patrick Weil d\u00e9nonce\u00a0<em>\u00ab\u00a0un ciblage massif de populations particuli\u00e8res qui a un seul pr\u00e9c\u00e9dent\u00a0: le Code de l\u2019indig\u00e9nat instaur\u00e9 en Alg\u00e9rie en 1881\u00a0\u00bb<\/em>\u00a0;<\/li>\n<li>*\u00a0<strong>les lieux de culte pourront \u00eatre ferm\u00e9s par le pr\u00e9fet<\/strong>\u00a0si\u00a0<em>\u00ab\u00a0les propos, [\u2026] les id\u00e9es ou les th\u00e9ories qui sont diffus\u00e9es ou les activit\u00e9s qui se d\u00e9roulent, provoquent \u00e0 la commission d\u2019actes de terrorisme [\u2026]\u00a0\u00bb<\/em>\u00a0Quelles id\u00e9es\u00a0? Quelles th\u00e9ories\u00a0? Quelles activit\u00e9s\u00a0? Nul ne sait. Ce flou laisse \u00e0 l\u2019administration seule l\u2019interpr\u00e9tation de cet article. Avec le risque de stigmatisation de tout signe de religiosit\u00e9 apparent vu comme un signe de suppos\u00e9e radicalisation.<\/li>\n<\/ul>\n<p>Les pouvoirs exorbitants accord\u00e9s \u00e0 la police fragiliseront encore plus les populations des quartiers populaires qui subissent d\u00e9j\u00e0 la pr\u00e9carit\u00e9 \u00e9conomique, contr\u00f4les au faci\u00e8s incessants, crimes policiers, discriminations religieuses, s\u00e9gr\u00e9gation territoriale. La politique de Macron renforce toutes les in\u00e9galit\u00e9s sociales et les discriminations raciales. Et donc les ranc\u0153urs.\u00a0<em>\u00ab\u00a0Au lieu de cr\u00e9er du lien et de l\u2019unit\u00e9\u00a0\u00bb<\/em>\u00a0d\u00e9nonce Patrick Weil,\u00a0<em>\u00ab\u00a0on cr\u00e9e de la division et un stigmate insens\u00e9.\u00a0\u00bb<\/em>\u00a0Pr\u00e9cis\u00e9ment ce que recherchent les organisations terroristes comme Daesh.<\/p>\n<p>La gravit\u00e9 de la situation impose une riposte commune \u00e0 cette politique d\u00e9vastatrice. Le 10 d\u00e9cembre, venons massivement d\u00e9battre et nous organiser\u00a0!<\/p>\n<p>1\/ <strong>Organisations, associations, collectifs, syndicats, partis signataires\u00a0<\/strong>: AFD International, Association Commission \u00ab\u00a0Islam et La\u00efcit\u00e9\u00a0\u00bb, ATMF, Bruxelles Panth\u00e8res, CCIF, CEDETIM\/IPAM, CMF, CFPE, Convergence Citoyenne Ivryenne (CCI), Femmes Plurielles, Fondation Frantz Fanon, Identit\u00e9 plurielle, IJAN, NPA, Oumma.com, PIR, PSM, Sortir du colonialisme, UJFP,<\/p>\n<p>2\/ <strong>Personnalit\u00e9s soutenant l\u2019initiative\u00a0<\/strong>: <strong>Verveine Angeli<\/strong> (militante syndicale), <strong>Elsa Bardeaux\u00a0<\/strong>(Adjointe au maire Villeneuve saint Georges), <strong>Boualem Benkhelouf (<\/strong>Adjoint au maire d\u2019Aubervilliers), <strong>Mohamed BEN YAKHLEF<\/strong> (conseiller municipal de Villeneuve Saint Georges), <strong>Alima Boumedi\u00e8ne<\/strong> (Avocate), <strong>Monique Brioudes<\/strong> (militante associative), <strong>Fethi Chouder\u00a0<\/strong>(Adjoint au maire d\u2019Aubervilliers), <strong>Pierre Cours-Salies\u00a0<\/strong>(<em>Sociologue, Ensemble\u00a0!)<\/em>, <strong>Christine Delphy<\/strong> (sociologue, f\u00e9ministe), <strong>Mireille Fanon Mend\u00e8s-France<\/strong> (Fondation Frantz Fanon), <strong>Fran\u00e7ois G\u00e8ze<\/strong> (\u00e9diteur), <strong>Alain Gresh <\/strong>(journaliste),<strong> Michelle Guerci <\/strong>(journaliste), <strong>Georges Gumpel <\/strong>(UJFP), Malika Hamidi (Sociologue),<strong>Pierre Khalfa<\/strong> (\u00e9conomiste), <strong>Olivier Le Cour-Grandmaison<\/strong> (universitaire), <strong>Monique Lellouche<\/strong> (militante antiraciste), <strong>Didier Lestrade,<\/strong> <strong>Nathalie Levallois<\/strong> (militante antiraciste FI), <strong>M\u2019Ba\u00efreh Lisette<\/strong> (PIR), <strong>Philippe Marli\u00e8re<\/strong> (Politiste), <strong>Gus Massiah<\/strong> (\u00e9conomiste), <strong>Madjid Messaouden, Zakia Meziani<\/strong> (Identit\u00e9s Plurielles), <strong>Sylvie Nony<\/strong> (chercheuse, militante associative), <strong>Ali Rahni<\/strong> (CMF), <strong>Jocelyne Rajnchapel-Messai<\/strong> (UJFP), <strong>Catherine Samary<\/strong> (\u00e9conomiste altermondialiste), <strong>Maximilien Sanchez (<\/strong>conseiller municipal de Gentilly.militant altermondialiste)<strong>, Olivier Serpe<\/strong> (Le temps des cerises \u2013 Clermont Ferrand), <strong>Mich\u00e8le Sibony<\/strong> (militante UJFP), <strong>Maboula Soumahoro<\/strong> (Black History Month), <strong>Catherine Stern, <\/strong><strong>Fran\u00e7oise Verg\u00e8s<\/strong> (politologue, militante f\u00e9ministe antiraciste), <strong>H\u00e9la Yousfi<\/strong> (universitaire), <strong>Louis Weber <\/strong>(\u00e9diteur),<\/p>\n<p>2\/ <strong>Organisations, associations, collectifs, syndicats, partis soutenant l\u2019initiative\u00a0: Ensemble\u00a0!<\/strong><\/p>\n<p><strong><u>Programme<\/u><\/strong><\/p>\n<p><strong><u>1\u00e8re pl\u00e9ni\u00e8re : 9h30-12h<\/u><\/strong><strong>.\u00a0<\/strong><\/p>\n<p><strong>Les lois antiterroristes sont-elles efficaces pour lutter contre le terrorisme ?<\/strong><\/p>\n<ol>\n<li><strong><u>a<\/u><\/strong>. Le ph\u00e9nom\u00e8ne djihadiste, origines, histoire, actualit\u00e9.<\/li>\n<li><u><\/u> Quel est l\u2019objectif de ces l\u00e9gislations, notamment de la loi vot\u00e9e le 11 octobre \u00ab\u00a0pour renforcer la s\u00e9curit\u00e9 int\u00e9rieure et la lutte contre le terrorisme\u00a0\u00bb.<\/li>\n<\/ol>\n<p><strong><u>2\u00e8me pl\u00e9ni\u00e8re : 13h30-15h.<\/u><\/strong><strong>\u00a0<\/strong><\/p>\n<p><strong>L\u2019offensive identitaire contre les libert\u00e9s publiques.<\/strong><\/p>\n<p>Des attaques tous azimuts : pressions sur l\u2019universit\u00e9 pour interdire les colloques sur la th\u00e9matique de l\u2019islamophobie, cyber-harc\u00e8lement d\u2019associations, campagnes de d\u00e9nigrement et de diffamation cibl\u00e9es qui tournent \u00e0 la chasse \u00e0 l\u2019homme ou \u00e0 la femme contre ceux qui luttent contre le racisme antimusulman, menaces de mort.<\/p>\n<p><strong><u>3\u00e8me pl\u00e9ni\u00e8re : 15h-16h30.<\/u><\/strong><strong>\u00a0<\/strong><\/p>\n<p><strong>Pourquoi veut-on r\u00e9duire les militants de l\u2019antiracisme politique au silence\u202f?<\/strong><\/p>\n<p><strong><u>Ateliers : 16h45-17h30.<\/u><\/strong><\/p>\n<ol>\n<li>La lutte contre les discriminations au sein de l\u2019entreprise et l\u2019analyse des cons\u00e9quences de la Loi Travail.<\/li>\n<li>Stigmatisation des territoires : de Saint-Denis \u00e0 Molenbeek.<\/li>\n<\/ol>\n<p><strong><u>4\u00e8me pl\u00e9ni\u00e8re : 18h-19h.<\/u><\/strong> <strong>Perspectives.\u00a0<\/strong><\/p>\n<\/div>\n<\/div>\n<p>&nbsp;<\/p>\n","protected":false},"excerpt":{"rendered":"<p>Depuis plusieurs ann\u00e9e en d\u00e9cembre, des associations, syndicats et\u00a0 partis politiques organisent une journ\u00e9e internationale contre l\u2019islamophobie qui se d\u00e9roulera cette ann\u00e9e le dimanche 10 d\u00e9cembre \u00e0 la bourse du travail de Saint-Denis (9\/11 rue G\u00e9nin, 93200 Saint-Denis \u2013 Metro Porte de Paris). La Commission Islam et La\u00efcit\u00e9 est signataire de l\u2019appel publi\u00e9 ci-dessous :<\/p>\n","protected":false},"author":1,"featured_media":222,"comment_status":"open","ping_status":"open","sticky":false,"template":"","format":"standard","meta":{"footnotes":""},"categories":[36,4,8,18,28,37,39,5],"tags":[],"class_list":["post-3471","post","type-post","status-publish","format-standard","has-post-thumbnail","hentry","category-europe","category-islamophobie","category-prisons","category-resistance-bruxelles","category-racismes","category-romophobie","category-sans-papier","category-violence-policiere"],"_links":{"self":[{"href":"https:\/\/bruxelles-pantheres.be\/index.php?rest_route=\/wp\/v2\/posts\/3471","targetHints":{"allow":["GET"]}}],"collection":[{"href":"https:\/\/bruxelles-pantheres.be\/index.php?rest_route=\/wp\/v2\/posts"}],"about":[{"href":"https:\/\/bruxelles-pantheres.be\/index.php?rest_route=\/wp\/v2\/types\/post"}],"author":[{"embeddable":true,"href":"https:\/\/bruxelles-pantheres.be\/index.php?rest_route=\/wp\/v2\/users\/1"}],"replies":[{"embeddable":true,"href":"https:\/\/bruxelles-pantheres.be\/index.php?rest_route=%2Fwp%2Fv2%2Fcomments&post=3471"}],"version-history":[{"count":1,"href":"https:\/\/bruxelles-pantheres.be\/index.php?rest_route=\/wp\/v2\/posts\/3471\/revisions"}],"predecessor-version":[{"id":3472,"href":"https:\/\/bruxelles-pantheres.be\/index.php?rest_route=\/wp\/v2\/posts\/3471\/revisions\/3472"}],"wp:featuredmedia":[{"embeddable":true,"href":"https:\/\/bruxelles-pantheres.be\/index.php?rest_route=\/wp\/v2\/media\/222"}],"wp:attachment":[{"href":"https:\/\/bruxelles-pantheres.be\/index.php?rest_route=%2Fwp%2Fv2%2Fmedia&parent=3471"}],"wp:term":[{"taxonomy":"category","embeddable":true,"href":"https:\/\/bruxelles-pantheres.be\/index.php?rest_route=%2Fwp%2Fv2%2Fcategories&post=3471"},{"taxonomy":"post_tag","embeddable":true,"href":"https:\/\/bruxelles-pantheres.be\/index.php?rest_route=%2Fwp%2Fv2%2Ftags&post=3471"}],"curies":[{"name":"wp","href":"https:\/\/api.w.org\/{rel}","templated":true}]}}