{"id":3485,"date":"2017-12-16T16:45:18","date_gmt":"2017-12-16T15:45:18","guid":{"rendered":"https:\/\/bruxelles-pantheres.be\/?p=3485"},"modified":"2017-12-16T16:47:59","modified_gmt":"2017-12-16T15:47:59","slug":"chasse-aux-militants-antiracistes-jusqua-quand","status":"publish","type":"post","link":"https:\/\/bruxelles-pantheres.be\/?p=3485","title":{"rendered":"Chasse aux militants antiracistes : jusqu\u2019\u00e0 quand ?"},"content":{"rendered":"<header class=\"cartouche\">\n<div class=\"row\">\n<h4><span class=\"\">Chasse aux militants antiracistes\u00a0: jusqu\u2019\u00e0 quand\u00a0?<\/span><\/h4>\n<h6><span class=\"authors\"><span class=\"vcard author\">Tribune collective<\/span><\/span><span class=\"sep\"> \/ <\/span><time datetime=\"2017-12-06T11:45:00Z\">mercredi 6 d\u00e9cembre 2017<span class=\"sep\">\u00a0 <\/span><\/time><\/h6>\n<\/div>\n<\/header>\n<div>\n<div class=\"chapo surlignable\">\n<p><strong>Les offensives contre les forces de l\u2019antiracisme politique ont gagn\u00e9 en intensit\u00e9 ces derni\u00e8res semaines. Elles visent en particulier Houria Bouteldja et le Parti des Indig\u00e8nes de la R\u00e9publique. Plusieurs militants, collectifs et universitaires, appellent \u00e0 ne pas c\u00e9der et \u00e0 prendre ces attaques pour ce qu\u2019elles sont\u00a0: les soubresauts de n\u00e9o-conservateurs aux abois.<\/strong><\/p>\n<\/div>\n<div class=\"texte surlignable\">\n<p>&nbsp;<\/p>\n<\/div>\n<\/div>\n<p><!--more--><\/p>\n<p><a href=\"https:\/\/bruxelles-pantheres.be\/wp-content\/uploads\/2015\/10\/12167727_967950159929599_832843243_n.jpg\"><img decoding=\"async\" class=\"size-full wp-image-2606 aligncenter\" src=\"https:\/\/bruxelles-pantheres.be\/wp-content\/uploads\/2015\/10\/12167727_967950159929599_832843243_n.jpg\" alt=\"\" width=\"681\" height=\"960\" srcset=\"https:\/\/bruxelles-pantheres.be\/wp-content\/uploads\/2015\/10\/12167727_967950159929599_832843243_n.jpg 681w, https:\/\/bruxelles-pantheres.be\/wp-content\/uploads\/2015\/10\/12167727_967950159929599_832843243_n-213x300.jpg 213w, https:\/\/bruxelles-pantheres.be\/wp-content\/uploads\/2015\/10\/12167727_967950159929599_832843243_n-540x761.jpg 540w\" sizes=\"(max-width: 681px) 100vw, 681px\" \/><\/a><\/p>\n<p>Depuis quelques ann\u00e9es d\u00e9j\u00e0, les attaques contre les militants et organisations de l\u2019antiracisme politique se multiplient, dans un silence quasi g\u00e9n\u00e9ral. De la diffamation \u00e0 la censure, en passant par d\u2019innombrables campagnes de criminalisation, nos opposants ne reculent devant rien pour tenter de museler nos voix.<\/p>\n<p>Ces derniers temps, comme un \u00e9cho revanchard \u00e0 nos avanc\u00e9es dans les sph\u00e8res m\u00e9diatique, politique et universitaire, et \u00e0 la l\u00e9gitimit\u00e9 de nos luttes, les offensives se sont intensifi\u00e9es. Leur violence aussi. Elles visent chacune des initiatives port\u00e9es par celles et ceux qui osent produire des discours et des mobilisations \u00e9chappant au contr\u00f4le de l\u2019\u00c9tat et des associations antiracistes historiques.<\/p>\n<p>Il suffit de remonter le fil d\u2019actualit\u00e9s de ces derni\u00e8res semaines pour en prendre la mesure. \u00c0 chaque fois que des collectifs, affili\u00e9s de pr\u00e8s ou de loin \u00e0 l\u2019antiracisme d\u00e9colonial, ont tent\u00e9 de s\u2019organiser autour d\u2019un projet pr\u00e9cis, des strat\u00e9gies de sabotage ont \u00e9t\u00e9 mises en place. Les responsables de ces basses manoeuvres sont connus\u00a0: on les retrouve du Printemps R\u00e9publicain \u00e0 la \u00ab\u00a0fachosph\u00e8re\u00a0\u00bb, en passant par l\u2019inf\u00e2me \u00ab\u00a0bande \u00e0 Valls\u00a0\u00bb et les r\u00e9seaux la\u00efcards. Avec de solides relais m\u00e9diatiques et politiques, et le soutien actif d\u2019organisations historiques telles que la Licra ou SOS Racisme, cette gauche identitaire et extr\u00eame-droite n\u2019h\u00e9sitent jamais \u00e0 converger quand il s\u2019agit de nous faire \u00ab\u00a0rendre gorge\u00a0\u00bb.<\/p>\n<p>Quand ils ne cherchent pas \u00e0 faire interdire des \u00e9v\u00e9nements organis\u00e9s par des militants de l\u2019antiracisme politique (Camp d\u2019\u00e9t\u00e9 d\u00e9colonial, Festival Nyansapo, conf\u00e9rences diverses sur l\u2019islamophobie\u2026), ces r\u00e9seaux s\u2019attaquent \u00e0 ses figures les plus m\u00e9diatiques. \u00c0 ce titre, le d\u00e9ferlement de haine et de calomnies qui s\u2019est abattu sur Houria Bouteldja, la porte-parole du Parti des Indig\u00e8nes de la R\u00e9publique, sans qu\u2019aucun m\u00e9dia ne prenne le soin de lui donner la parole, est \u00e9difiant. Si les th\u00e8ses du PIR sont d\u00e9battues au sein m\u00eame des mouvements d\u00e9coloniaux, nous ne saurions tol\u00e9rer que l\u2019une de ses plus anciennes, courageuses et prolifiques militantes soit aussi violemment prise pour cible. D\u2019autant que ces attaques d\u00e9passent largement le cadre de la critique politique. Ce que l\u2019on a vu et lu ces derni\u00e8res semaines, ces derniers mois, ces derni\u00e8res ann\u00e9es, ressemble davantage \u00e0 une chasse \u00e0 la femme arabe, men\u00e9e d\u2019ailleurs avec tous les moyens du pouvoir. On l\u2019accable sans la lire, on parle d\u2019elle sans l\u2019\u00e9couter, on la combat sans d\u00e9battre. Partout, tout le temps. Il a \u00e9t\u00e9 act\u00e9 &#8211; on ne sait plus trop par qui &#8211; que ses th\u00e8ses \u00e9taient \u00ab\u00a0dangereuses\u00a0\u00bb et \u00ab\u00a0racistes\u00a0\u00bb. Bizarrement, elles ne le sont qu\u2019en France. Partout ailleurs, elle est invit\u00e9e \u00e0 pr\u00e9senter et discuter son livre sans que les institutions des pays concern\u00e9s ne se mettent \u00e0 trembler&#8230;<\/p>\n<h3 class=\"spip\">Cr\u00e9er l\u2019ennemi et imposer la rupture<\/h3>\n<p>En r\u00e9alit\u00e9, on le sait, \u00e0 travers Houria Bouteldja et le PIR, c\u2019est tout l\u2019antiracisme politique qui est vis\u00e9 &#8211; m\u00eame si par ailleurs, ce dernier ne se r\u00e9sume pas \u00e0 leur parti. Aussi, si les Indig\u00e8nes de la R\u00e9publique cristallisent les tensions et une bonne partie des attaques, aucune des organisations partageant tout ou partie de ces th\u00e8ses n\u2019est \u00e9pargn\u00e9e. Nous avons tous fait les frais, chacun \u00e0 notre niveau et dans nos domaines respectifs, de ces cabales visant \u00e0 \u00e9touffer une critique radicale de la colonialit\u00e9 du pouvoir et \u00e0 freiner des projets d\u2019\u00e9mancipation.<\/p>\n<p>En r\u00e9alit\u00e9, on le sait, ce que l\u2019on ne pardonne pas \u00e0 ces militants c\u2019est la mise en cause du syst\u00e8me raciste \u00e0 l\u2019oeuvre dans nos soci\u00e9t\u00e9s, du traitement colonialiste et guerrier contre d\u2019autres peuples et des politiques sionistes au d\u00e9pend des droits inali\u00e9nables du peuple palestinien. Aussi, non seulement faut-il veiller \u00e0 ce que ces critiques ne puissent s\u2019exprimer nulle part (d\u2019o\u00f9 les pressions successives pour faire annuler des interventions, conf\u00e9rences, couvertures m\u00e9diatiques\u2026) mais il faut aussi s\u2019assurer qu\u2019elles ne p\u00e9n\u00e8trent pas les r\u00e9seaux progressistes. C\u2019est comme cela qu\u2019il faut traduire la focalisation sur la d\u00e9put\u00e9e Dani\u00e8le Obono qui, en plus d\u2019\u00eatre une femme noire, porte un antiracisme qui tranche avec l\u2019id\u00e9ologie dominante. C\u2019est comme cela qu\u2019il faut traduire les injonctions faites \u00e0 Mediapart, Sud \u00c9ducation et la France Insoumise &#8211; pour ne citer que les pol\u00e9miques les plus r\u00e9centes &#8211; de se d\u00e9solidariser de l\u2019antiracisme politique. Ces injonctions sont simplifi\u00e9es par les campagnes de criminalisation men\u00e9es tout au long de l\u2019ann\u00e9e contre les militants et organisations d\u00e9coloniales. C\u2019est effectivement plus simple de se \u00ab\u00a0d\u00e9solidariser\u00a0\u00bb de ceux qui ont d\u00e9j\u00e0 publiquement \u00e9t\u00e9 \u00e9rig\u00e9s au mieux en groupes \u00ab\u00a0infr\u00e9quentables\u00a0\u00bb, au pire en \u00ab\u00a0ennemis de l\u2019int\u00e9rieur\u00a0\u00bb.<\/p>\n<p>Nous refusons de c\u00e9der \u00e0 ces injonctions, et nous refusons de nous taire. Au-del\u00e0 d\u2019exprimer toute notre solidarit\u00e9 aux diff\u00e9rents militants de l\u2019antiracisme politique, nous enjoignons les forces progressistes \u00e0 ne reculer sous aucun pr\u00e9texte. Les d\u00e9bats politiques, absolument n\u00e9cessaires et l\u00e9gitimes, ne doivent pas \u00eatre r\u00e9duits \u00e0 n\u00e9ant par d\u2019abjectes campagnes de marginalisation et de sabotage. Nous valons tous mieux que \u00e7a. Nous avons surtout urgemment besoin de mieux que \u00e7a.<\/p>\n<p><strong>Brigade Anti-N\u00e9grophobie<br class=\"autobr\" \/>Bruxelles Panth\u00e8res<\/strong><br class=\"autobr\" \/><strong>Sihame Assbague<\/strong>, journaliste, activiste.<br class=\"autobr\" \/><strong>Omar Benderra<\/strong>, militant associatif.<br class=\"autobr\" \/><strong>Hourya Bentouhami<\/strong>, philosophe, Universit\u00e9 de Toulouse &#8211; Jean Jaur\u00e8s<br class=\"autobr\" \/><strong>Amal Bentounsi<\/strong>, co-fondatrice du Collectif Urgence Notre Police Assassine<br class=\"autobr\" \/><strong>Nabil Berbour<\/strong>, militant associatif<br class=\"autobr\" \/><strong>Sa\u00efd Bouamama<\/strong>, sociologue, militant du Front Uni de l\u2019Immigration et des Quartiers Populaires<br class=\"autobr\" \/><strong>Youcef Brakni<\/strong>, militant des quartiers populaires<br class=\"autobr\" \/><strong>Ismahane Chouder<\/strong>, membre du Collectif des F\u00e9ministes pour l\u2019\u00c9galit\u00e9<br class=\"autobr\" \/><strong>Ali El Baz<\/strong>, militant associatif<br class=\"autobr\" \/><strong>Nacira Gu\u00e9nif<\/strong>, sociologue, Universit\u00e9 Paris 8 Vincennes &#8211; Saint-Denis<br class=\"autobr\" \/><strong>Marwan Muhammad<\/strong>, ancien directeur du CCIF<br class=\"autobr\" \/><strong>Saadane Sadgui<\/strong>, co-fondateur des JALB, <br class=\"autobr\" \/><strong>Nordine Sa\u00efdi<\/strong>, militant D\u00e9colonial, Bruxelles Panth\u00e8res<br class=\"autobr\" \/><strong>Khadija Senhadji<\/strong>, militante antiraciste<br class=\"autobr\" \/><strong>Brahim Senhouci<\/strong>, chroniqueur et militant<br class=\"autobr\" \/><strong>Omar Slaouti<\/strong>, militant antiraciste <br class=\"autobr\" \/><strong>Maboula Soumahoro<\/strong>, fondatrice du Black History Month<br class=\"autobr\" \/><strong>Malik Tahar-Chaouch<\/strong>, Sociologue de l\u2019Universidad Veracruzana, Mexique<\/p>\n<p><a href=\"http:\/\/contre-attaques.org\/magazine\/article\/chasse-aux\">Source<\/a><\/p>\n","protected":false},"excerpt":{"rendered":"<p>Chasse aux militants antiracistes\u00a0: jusqu\u2019\u00e0 quand\u00a0? Tribune collective \/ mercredi 6 d\u00e9cembre 2017\u00a0 Les offensives contre les forces de l\u2019antiracisme politique ont gagn\u00e9 en intensit\u00e9 ces derni\u00e8res semaines. Elles visent en particulier Houria Bouteldja et le Parti des Indig\u00e8nes de la R\u00e9publique. Plusieurs militants, collectifs et universitaires, appellent \u00e0 ne pas c\u00e9der et \u00e0 prendre &#8230; <a title=\"Chasse aux militants antiracistes : jusqu\u2019\u00e0 quand ?\" class=\"read-more\" href=\"https:\/\/bruxelles-pantheres.be\/?p=3485\" aria-label=\"En savoir plus sur Chasse aux militants antiracistes : jusqu\u2019\u00e0 quand ?\">Lire la suite<\/a><\/p>\n","protected":false},"author":1,"featured_media":3486,"comment_status":"open","ping_status":"open","sticky":false,"template":"","format":"standard","meta":{"footnotes":""},"categories":[36,18,28],"tags":[84,284,147,13,15],"class_list":["post-3485","post","type-post","status-publish","format-standard","has-post-thumbnail","hentry","category-europe","category-resistance-bruxelles","category-racismes","tag-black-power","tag-bruxelles-pantheres","tag-houria-bouteldja","tag-nordine-saidi","tag-resistance"],"_links":{"self":[{"href":"https:\/\/bruxelles-pantheres.be\/index.php?rest_route=\/wp\/v2\/posts\/3485","targetHints":{"allow":["GET"]}}],"collection":[{"href":"https:\/\/bruxelles-pantheres.be\/index.php?rest_route=\/wp\/v2\/posts"}],"about":[{"href":"https:\/\/bruxelles-pantheres.be\/index.php?rest_route=\/wp\/v2\/types\/post"}],"author":[{"embeddable":true,"href":"https:\/\/bruxelles-pantheres.be\/index.php?rest_route=\/wp\/v2\/users\/1"}],"replies":[{"embeddable":true,"href":"https:\/\/bruxelles-pantheres.be\/index.php?rest_route=%2Fwp%2Fv2%2Fcomments&post=3485"}],"version-history":[{"count":2,"href":"https:\/\/bruxelles-pantheres.be\/index.php?rest_route=\/wp\/v2\/posts\/3485\/revisions"}],"predecessor-version":[{"id":3488,"href":"https:\/\/bruxelles-pantheres.be\/index.php?rest_route=\/wp\/v2\/posts\/3485\/revisions\/3488"}],"wp:featuredmedia":[{"embeddable":true,"href":"https:\/\/bruxelles-pantheres.be\/index.php?rest_route=\/wp\/v2\/media\/3486"}],"wp:attachment":[{"href":"https:\/\/bruxelles-pantheres.be\/index.php?rest_route=%2Fwp%2Fv2%2Fmedia&parent=3485"}],"wp:term":[{"taxonomy":"category","embeddable":true,"href":"https:\/\/bruxelles-pantheres.be\/index.php?rest_route=%2Fwp%2Fv2%2Fcategories&post=3485"},{"taxonomy":"post_tag","embeddable":true,"href":"https:\/\/bruxelles-pantheres.be\/index.php?rest_route=%2Fwp%2Fv2%2Ftags&post=3485"}],"curies":[{"name":"wp","href":"https:\/\/api.w.org\/{rel}","templated":true}]}}