{"id":3496,"date":"2017-12-23T22:00:34","date_gmt":"2017-12-23T21:00:34","guid":{"rendered":"https:\/\/bruxelles-pantheres.be\/?p=3496"},"modified":"2017-12-23T22:02:26","modified_gmt":"2017-12-23T21:02:26","slug":"publication-lascension-de-mobutu","status":"publish","type":"post","link":"https:\/\/bruxelles-pantheres.be\/?p=3496","title":{"rendered":"Publication \u00ab\u00a0L&rsquo;ascension de Mobutu\u00a0\u00bb"},"content":{"rendered":"<p><a href=\"https:\/\/bruxelles-pantheres.be\/wp-content\/uploads\/2017\/12\/25630564_10156251004332526_892598745_n.jpg\"><img decoding=\"async\" class=\"wp-image-3497 size-medium alignright\" src=\"https:\/\/bruxelles-pantheres.be\/wp-content\/uploads\/2017\/12\/25630564_10156251004332526_892598745_n-277x300.jpg\" alt=\"\" width=\"277\" height=\"300\" srcset=\"https:\/\/bruxelles-pantheres.be\/wp-content\/uploads\/2017\/12\/25630564_10156251004332526_892598745_n-277x300.jpg 277w, https:\/\/bruxelles-pantheres.be\/wp-content\/uploads\/2017\/12\/25630564_10156251004332526_892598745_n-768x833.jpg 768w, https:\/\/bruxelles-pantheres.be\/wp-content\/uploads\/2017\/12\/25630564_10156251004332526_892598745_n.jpg 885w\" sizes=\"(max-width: 277px) 100vw, 277px\" \/><\/a><\/p>\n<p>&nbsp;<\/p>\n<h2><a href=\"https:\/\/bruxelles-pantheres.be\/wp-content\/uploads\/2017\/12\/Lascension-de-Mobutu-Cover.pdf\">L&rsquo;ascension de Mobutu Cover<\/a><\/h2>\n<p>\u00ab\u00a0L\u2019ascension de Mobutu\u201d vient de sortir&#8230; Ce livre est le compl\u00e9ment de mon ouvrage \u201cL\u2019assassinat de Lumumba\u201d. Il d\u00e9crit la p\u00e9riode qui court de la disparition du Premier ministre congolais jusqu\u2019\u00e0 la prise de pouvoir du g\u00e9n\u00e9ral Mobutu en novembre 1965.<\/p>\n<div>\n<p>Une p\u00e9riode caract\u00e9ris\u00e9e par des r\u00e9bellions contre le pouvoir pro-occidental mis en place par les \u00c9tats-Unis d\u2019Am\u00e9rique, la Belgique et les Nations Unies en 1961 ; l\u2019\u00e9crasement de ces r\u00e9bellions dans des bains de sang effroya<span class=\"m_8017133022891024747m_2929487372987026609gmail-m_7088734837520493766m_-8175211625542249482gmail-text_exposed_show\">bles organis\u00e9s par des officiers belges et des agents de la CIA, et ex\u00e9cut\u00e9s par des mercenaires ; une tentative des internationalistes cubains dirig\u00e9s par Che Guevara de revitaliser les r\u00e9bellions \u2014 tentative qui se solde par un \u00e9chec ; le coup d\u2019\u00c9tat du g\u00e9n\u00e9ral Mobutu, qui instaure sa dictature pour trois d\u00e9cennies.<\/span><\/p>\n<div class=\"m_8017133022891024747m_2929487372987026609gmail-m_7088734837520493766m_-8175211625542249482gmail-text_exposed_show\">\n<p>Un livre bas\u00e9 sur des entretiens avec des mercenaires, des agents de la CIA, des rebelles congolais et des colons belges ; et un research dans des archives belges, britanniques, des \u00c9tats-Unis d\u2019Am\u00e9rique et congolaises. Avec comme hommes cl\u00e9s, les Congolais Kasa Vubu, Mobutu et Tshombe, le pr\u00e9sident am\u00e9ricain Lyndon Johnson, les dirigeants cubains Fidel Castro et Che Guevara, le ministre Paul-Henri Spaak, et, last but not least, l\u2019araign\u00e9e dans la toile, son chef de cabinet \u00c9tienne Davignon&#8230;<\/p>\n<p>Pour plus d\u2019informations, voir le site de l\u2019\u00e9diteur, Investig\u2019Action:<\/p>\n<p><span style=\"color: #1d2129; font-family: Helvetica, Arial, sans-serif;\"><a href=\"https:\/\/www.investigaction.net\/fr\/lascension-de-mobutu-la-preface-de-jean-ziegler-2\/\" target=\"_blank\" rel=\"noopener\" data-saferedirecturl=\"https:\/\/www.google.com\/url?hl=fr&amp;q=https:\/\/www.investigaction.net\/fr\/lascension-de-mobutu-la-preface-de-jean-ziegler-2\/&amp;source=gmail&amp;ust=1514135094876000&amp;usg=AFQjCNGKxob-kNYZ31YJ-QLIccO-oQFkbQ\">https:\/\/www.investigaction.net<wbr><\/wbr>\/fr\/lascension-de-mobutu-la-<wbr><\/wbr>preface-de-jean-ziegler-2\/<\/a><\/span><\/p>\n<p>Cordialement,<\/p>\n<p>Ludo De Witte<\/p>\n<p><a href=\"https:\/\/bruxelles-pantheres.be\/wp-content\/uploads\/2017\/12\/25443174_10211514489273908_146845161138715374_n.jpg\"><img decoding=\"async\" class=\"aligncenter wp-image-3498 size-full\" src=\"https:\/\/bruxelles-pantheres.be\/wp-content\/uploads\/2017\/12\/25443174_10211514489273908_146845161138715374_n.jpg\" alt=\"\" width=\"383\" height=\"609\" srcset=\"https:\/\/bruxelles-pantheres.be\/wp-content\/uploads\/2017\/12\/25443174_10211514489273908_146845161138715374_n.jpg 383w, https:\/\/bruxelles-pantheres.be\/wp-content\/uploads\/2017\/12\/25443174_10211514489273908_146845161138715374_n-189x300.jpg 189w\" sizes=\"(max-width: 383px) 100vw, 383px\" \/><\/a><\/p>\n<\/div>\n<\/div>\n","protected":false},"excerpt":{"rendered":"<p>&nbsp; L&rsquo;ascension de Mobutu Cover \u00ab\u00a0L\u2019ascension de Mobutu\u201d vient de sortir&#8230; Ce livre est le compl\u00e9ment de mon ouvrage \u201cL\u2019assassinat de Lumumba\u201d. Il d\u00e9crit la p\u00e9riode qui court de la disparition du Premier ministre congolais jusqu\u2019\u00e0 la prise de pouvoir du g\u00e9n\u00e9ral Mobutu en novembre 1965. Une p\u00e9riode caract\u00e9ris\u00e9e par des r\u00e9bellions contre le pouvoir &#8230; <a title=\"Publication \u00ab\u00a0L&rsquo;ascension de Mobutu\u00a0\u00bb\" class=\"read-more\" href=\"https:\/\/bruxelles-pantheres.be\/?p=3496\" aria-label=\"En savoir plus sur Publication \u00ab\u00a0L&rsquo;ascension de Mobutu\u00a0\u00bb\">Lire la suite<\/a><\/p>\n","protected":false},"author":1,"featured_media":3498,"comment_status":"open","ping_status":"open","sticky":false,"template":"","format":"standard","meta":{"footnotes":""},"categories":[1,21,36,7,18,28],"tags":[31,101,230,285,145,286,72,287,49],"class_list":["post-3496","post","type-post","status-publish","format-standard","has-post-thumbnail","hentry","category-non-classe","category-anti-imperialisme","category-europe","category-negrophobie","category-resistance-bruxelles","category-racismes","tag-belgique","tag-che-guevara","tag-cia","tag-kasa-vubu","tag-ludo-de-witte","tag-mobutu","tag-patrice-lumumba","tag-tshombe","tag-usa"],"_links":{"self":[{"href":"https:\/\/bruxelles-pantheres.be\/index.php?rest_route=\/wp\/v2\/posts\/3496","targetHints":{"allow":["GET"]}}],"collection":[{"href":"https:\/\/bruxelles-pantheres.be\/index.php?rest_route=\/wp\/v2\/posts"}],"about":[{"href":"https:\/\/bruxelles-pantheres.be\/index.php?rest_route=\/wp\/v2\/types\/post"}],"author":[{"embeddable":true,"href":"https:\/\/bruxelles-pantheres.be\/index.php?rest_route=\/wp\/v2\/users\/1"}],"replies":[{"embeddable":true,"href":"https:\/\/bruxelles-pantheres.be\/index.php?rest_route=%2Fwp%2Fv2%2Fcomments&post=3496"}],"version-history":[{"count":3,"href":"https:\/\/bruxelles-pantheres.be\/index.php?rest_route=\/wp\/v2\/posts\/3496\/revisions"}],"predecessor-version":[{"id":3502,"href":"https:\/\/bruxelles-pantheres.be\/index.php?rest_route=\/wp\/v2\/posts\/3496\/revisions\/3502"}],"wp:featuredmedia":[{"embeddable":true,"href":"https:\/\/bruxelles-pantheres.be\/index.php?rest_route=\/wp\/v2\/media\/3498"}],"wp:attachment":[{"href":"https:\/\/bruxelles-pantheres.be\/index.php?rest_route=%2Fwp%2Fv2%2Fmedia&parent=3496"}],"wp:term":[{"taxonomy":"category","embeddable":true,"href":"https:\/\/bruxelles-pantheres.be\/index.php?rest_route=%2Fwp%2Fv2%2Fcategories&post=3496"},{"taxonomy":"post_tag","embeddable":true,"href":"https:\/\/bruxelles-pantheres.be\/index.php?rest_route=%2Fwp%2Fv2%2Ftags&post=3496"}],"curies":[{"name":"wp","href":"https:\/\/api.w.org\/{rel}","templated":true}]}}