{"id":3504,"date":"2017-12-29T14:02:11","date_gmt":"2017-12-29T13:02:11","guid":{"rendered":"https:\/\/bruxelles-pantheres.be\/?p=3504"},"modified":"2017-12-29T14:02:11","modified_gmt":"2017-12-29T13:02:11","slug":"franckendegage","status":"publish","type":"post","link":"https:\/\/bruxelles-pantheres.be\/?p=3504","title":{"rendered":"#FranckenD\u00e9gage"},"content":{"rendered":"<header>\n<div class=\"row\">\n<div class=\"span8 columnist-header\"><\/div>\n<\/div>\n<div class=\"row\">\n<div class=\"span8 meta\">\n<div class=\"row\">\n<div class=\"span8 date\">\n<p class=\"date\"><strong>Th\u00e9o Francken doit \u00eatre licenci\u00e9 pour motif grave<\/strong><\/p>\n<\/div>\n<\/div>\n<\/div>\n<\/div>\n<p class=\"lead\">Monsieur le Premier Ministre, les fautes commises par votre secr\u00e9taire d&rsquo;Etat, Th\u00e9o Francken, sont \u00e0 ce point nombreuses et graves que la poursuite d&rsquo;un projet commun est inenvisageable.<\/p>\n<\/header>\n<p><!--more--><\/p>\n<figure class=\"image\"><img decoding=\"async\" src=\"http:\/\/www.levif.be\/medias\/10843\/5551883.jpg\" alt=\"Th\u00e9o Francken doit \u00eatre licenci\u00e9 pour motif grave\" width=\"620\" height=\"414\" \/><figcaption>\n<p class=\"caption\">Toujours au centre Fedasil de Lubbeek : le visage de l&rsquo;accueil \u00a0\u00bb ferme et humain \u00a0\u00bb de Theo Francken. <span class=\"copyright\">\u00a9 BOB VAN MOL\/ID PHOTO AGENCY<\/span><\/p>\n<\/figcaption><\/figure>\n<div class=\"row\">\n<div class=\"article-body span8\">\n<p>Monsieur le Premier Ministre,<\/p>\n<p>Puis-je &#8211; au nom de bon nombre de vos concitoyens &#8211; vous sugg\u00e9rer de virer Th\u00e9o Francken?<\/p>\n<p>Si cet \u00e9nergum\u00e8ne avait \u00e9t\u00e9 employ\u00e9 dans n&rsquo;importe quel domaine, il aurait \u00e9t\u00e9 licenci\u00e9 pour motif grave.<\/p>\n<p>En droit belge, votre employeur peut vous licencier si vous commettez une <em>faute qui rend imm\u00e9diatement et d\u00e9finitivement impossible toute collaboration professionnelle entre l&#8217;employeur et le travailleur<\/em>\u00a0\u00bb<\/p>\n<p>Th\u00e9o Francken en a commis une s\u00e9rie impressionnante.<\/p>\n<p>Une petite \u00e9num\u00e9ration loin d&rsquo;\u00eatre exhaustive.<\/p>\n<p>D\u00e8s le d\u00e9but de son mandat, il a fait preuve d&rsquo;un manque de respect total pour sa fonction, qui &#8211; permettez-moi de vous le rappeler &#8211; consiste \u00e0 octroyer une protection aux r\u00e9fugi\u00e9s. Il se vante au contraire de faire baisser les chiffres. Il a &#8211; entre autres exemples &#8211; \u00e9crit aux Irakiens pour leur signifier qu&rsquo;ils n&rsquo;\u00e9taient pas les bienvenus. Venant du secr\u00e9taire d&rsquo;Etat charg\u00e9 de l&rsquo;asile, c&rsquo;est un refus d&rsquo;ex\u00e9cuter la fonction pour laquelle il a \u00e9t\u00e9 engag\u00e9.<\/p>\n<p>Il passe le plus clair de son temps sur les r\u00e9seaux sociaux, \u00e0 faire sa propre propagande, sans aucune consid\u00e9ration pour le travail pour lequel il est &#8211; tr\u00e8s bien &#8211; r\u00e9mun\u00e9r\u00e9. Si n&rsquo;importe quel fonctionnaire passait autant de temps sur tweeter, pendant ses heures de travail, il aurait eu de gros soucis avec sa hi\u00e9rarchie.<\/p>\n<p>Il est en charge de l&rsquo;accueil. Or au Parc Maximilien, les carences de sa politique d&rsquo;accueil sont manifestes. On y a vu plus de policiers que d&rsquo;assistants sociaux, plus d&rsquo;arrestations que d&rsquo;informations \u00e0 l&rsquo;attention des demandeurs d&rsquo;asile. Les citoyens ont d\u00fb prendre en charge le travail pour lequel le Secr\u00e9taire d\u2019\u00c9tat continue d&rsquo;\u00eatre pay\u00e9. En parlant des arrestations des migrants du Parc qu&rsquo;il a la fonction d&rsquo;accueillir, il a parl\u00e9 de \u00ab\u00a0nettoyage\u00a0\u00bb. En droit du travail, on parlerait de \u00ab\u00a0refus d&rsquo;ex\u00e9cuter la t\u00e2che convenue\u00a0\u00bb.<\/p>\n<p>Des propos racistes tenus par un travailleur dans le cadre de son emploi sont \u00e9galement constitutifs de faute grave. Vous vous rappellerez entre autres \u00ab\u00a0<em>les petits cons de Marocains\u00a0\u00bb<\/em> et \u00ab\u00a0<em>les diasporas marocaines et congolaises n&rsquo;ont pas de valeur ajout\u00e9e<\/em>\u00ab\u00a0.<\/p>\n<div id=\"customer-journey-placeholder\" class=\"pull-right\"><\/div>\n<p>Des \u00e9l\u00e9ments de la vie priv\u00e9e peuvent aussi constituer une faute grave s&rsquo;ils portent atteinte \u00e0 la r\u00e9putation de l&rsquo;entreprise. La petite f\u00eate avec d&rsquo;anciens collaborateurs nazis \u00e0 laquelle le secr\u00e9taire d\u2019\u00c9tat a particip\u00e9 est de nature \u00e0 porter atteinte \u00e0 la r\u00e9putation de la Belgique.<\/p>\n<p>Le refus r\u00e9p\u00e9t\u00e9 de respecter des d\u00e9cisions de justice ex\u00e9cutoires est \u00e9galement une faute grave, m\u00eame p\u00e9nalement punissable. Rappelez-vous l&rsquo;affaire des visas syriens. A cette occasion, il a insult\u00e9 les juges et dit son m\u00e9pris pour le pouvoir judiciaire. L&rsquo;insulte est aussi une faute grave.<\/p>\n<p>Il a continu\u00e9 \u00e0 refuser de respecter les d\u00e9cisions judiciaires en expulsant un Soudanais, alors m\u00eame qu&rsquo;une interdiction de rapatriement avait \u00e9t\u00e9 prononc\u00e9e.<\/p>\n<p>L&rsquo;organisation de vols de rapatriement vers le Soudan alors que tous les \u00e9l\u00e9ments d\u00e9montrent le risque de torture, dont une note du 24 octobre 2017 du CGRA, est la faute la plus grave commise \u00e0 ce jour. Il s&rsquo;agit de l&rsquo;organisation d&rsquo;une coalition de fonctionnaires de l&rsquo;Office des \u00c9trangers en vue de violer la loi et la Convention europ\u00e9enne des droits de l&rsquo;Homme.<\/p>\n<p>A cette occasion, Th\u00e9o Francken a aussi menti au Parlement.<\/p>\n<p>Et la liste est encore longue&#8230;<\/p>\n<p>Monsieur le Premier Ministre, les fautes commises par le secr\u00e9taire d&rsquo;Etat sont \u00e0 ce point nombreuses et graves que la poursuite d&rsquo;un projet commun est inenvisageable. Le seul probl\u00e8me c&rsquo;est que la hi\u00e9rarchie de ce tr\u00e8s mauvais \u00e9l\u00e9ment, c&rsquo;est vous et Monsieur Jambon. Et vous ne prenez pas vos responsabilit\u00e9s. Monsieur Francken doit \u00eatre renvoy\u00e9, pas recadr\u00e9. Il a commis trop de fautes graves, qui n&rsquo;auraient \u00e9t\u00e9 admises nulle part ailleurs.<\/p>\n<p>Avec un passif pareil, un employ\u00e9 ordinaire aurait d\u00e9j\u00e0 \u00e9t\u00e9 licenci\u00e9 depuis longtemps. Un secr\u00e9taire d&rsquo;Etat, comme tous les membres d&rsquo;un gouvernement, n&rsquo;est rien d&rsquo;autre qu&rsquo;un employ\u00e9 du peuple belge. Si la proc\u00e9dure pour mettre fin \u00e0 son contrat n&rsquo;est \u00e9videmment pas la m\u00eame, les principes sont identiques: toute collaboration future avec Monsieur Francken est d\u00e9finitivement impossible dans un gouvernement d\u00e9mocratique.<\/p>\n<p>Commen\u00e7ons 2018 sur des bases saines, sans Th\u00e9o Francken dans notre gouvernement.<\/p>\n<div class=\"row\">\n<div class=\"span8 columnist-header\">\n<div class=\"columnist-picture\"><img decoding=\"async\" src=\"http:\/\/www.levif.be\/assets\/472\/avatar_241815.jpg\" alt=\"Selma Benkhelifa\" \/><\/div>\n<div class=\"columnist-title\">\n<dl>\n<dt><a href=\"http:\/\/www.levif.be\/actualite\/auteurs\/selma-benkhelifa-1273.html?show=opinions\">Selma Benkhelifa<\/a><\/dt>\n<dd>Avocate &#8211; Progress Lawyers Network<\/dd>\n<\/dl>\n<\/div>\n<p>Opinion<\/p><\/div>\n<\/div>\n<div class=\"row\">\n<div class=\"span8 meta\">\n<div class=\"row\">\n<div class=\"span8 date\">\n<p class=\"date\">28\/12\/17<\/p>\n<\/div>\n<\/div>\n<\/div>\n<\/div>\n<\/div>\n<\/div>\n","protected":false},"excerpt":{"rendered":"<p>Th\u00e9o Francken doit \u00eatre licenci\u00e9 pour motif grave Monsieur le Premier Ministre, les fautes commises par votre secr\u00e9taire d&rsquo;Etat, Th\u00e9o Francken, sont \u00e0 ce point nombreuses et graves que la poursuite d&rsquo;un projet commun est inenvisageable.<\/p>\n","protected":false},"author":1,"featured_media":3364,"comment_status":"open","ping_status":"open","sticky":false,"template":"","format":"standard","meta":{"footnotes":""},"categories":[1,21,24,36,4,7,8,18,28,37,39,5],"tags":[31,14,23,26,38,54,97,288],"class_list":["post-3504","post","type-post","status-publish","format-standard","has-post-thumbnail","hentry","category-non-classe","category-anti-imperialisme","category-belgique-maroc","category-europe","category-islamophobie","category-negrophobie","category-prisons","category-resistance-bruxelles","category-racismes","category-romophobie","category-sans-papier","category-violence-policiere","tag-belgique","tag-bruxelles","tag-discrimination","tag-extradition","tag-guerre","tag-police","tag-selma-benkhelifa","tag-theo-francken"],"_links":{"self":[{"href":"https:\/\/bruxelles-pantheres.be\/index.php?rest_route=\/wp\/v2\/posts\/3504","targetHints":{"allow":["GET"]}}],"collection":[{"href":"https:\/\/bruxelles-pantheres.be\/index.php?rest_route=\/wp\/v2\/posts"}],"about":[{"href":"https:\/\/bruxelles-pantheres.be\/index.php?rest_route=\/wp\/v2\/types\/post"}],"author":[{"embeddable":true,"href":"https:\/\/bruxelles-pantheres.be\/index.php?rest_route=\/wp\/v2\/users\/1"}],"replies":[{"embeddable":true,"href":"https:\/\/bruxelles-pantheres.be\/index.php?rest_route=%2Fwp%2Fv2%2Fcomments&post=3504"}],"version-history":[{"count":1,"href":"https:\/\/bruxelles-pantheres.be\/index.php?rest_route=\/wp\/v2\/posts\/3504\/revisions"}],"predecessor-version":[{"id":3505,"href":"https:\/\/bruxelles-pantheres.be\/index.php?rest_route=\/wp\/v2\/posts\/3504\/revisions\/3505"}],"wp:featuredmedia":[{"embeddable":true,"href":"https:\/\/bruxelles-pantheres.be\/index.php?rest_route=\/wp\/v2\/media\/3364"}],"wp:attachment":[{"href":"https:\/\/bruxelles-pantheres.be\/index.php?rest_route=%2Fwp%2Fv2%2Fmedia&parent=3504"}],"wp:term":[{"taxonomy":"category","embeddable":true,"href":"https:\/\/bruxelles-pantheres.be\/index.php?rest_route=%2Fwp%2Fv2%2Fcategories&post=3504"},{"taxonomy":"post_tag","embeddable":true,"href":"https:\/\/bruxelles-pantheres.be\/index.php?rest_route=%2Fwp%2Fv2%2Ftags&post=3504"}],"curies":[{"name":"wp","href":"https:\/\/api.w.org\/{rel}","templated":true}]}}