{"id":3506,"date":"2017-12-29T14:07:49","date_gmt":"2017-12-29T13:07:49","guid":{"rendered":"https:\/\/bruxelles-pantheres.be\/?p=3506"},"modified":"2017-12-29T14:13:30","modified_gmt":"2017-12-29T13:13:30","slug":"la-belgique-a-voulu-reprendre-le-congo-de-force","status":"publish","type":"post","link":"https:\/\/bruxelles-pantheres.be\/?p=3506","title":{"rendered":"La Belgique a voulu reprendre le Congo de force!"},"content":{"rendered":"<h5>La Belgique a voulu reprendre le Congo de force!<\/h5>\n<header class=\"gr-article-header\">\n<div class=\"gr-article-infos\">\n<div class=\"gr-article-infos-content\">\n<p><time class=\" pubdate updated\" datetime=\"2017-12-25T13:17:26\">Mis en ligne le 25\/12\/2017 \u00e0 13:17<\/time><\/p>\n<p class=\"gr-meta gr-meta-author\">Par Hugues Wenkin.<\/p>\n<\/div>\n<\/div>\n<div class=\"lead gr-article-teaser\">\n<p>Auteur d\u2019un ouvrage explosif, Hugues Wenkin raconte pour \u201cSoir mag\u201d l\u2019histoire des d\u00e9couvertes interpellantes r\u00e9sultant de sa longue enqu\u00eate.<\/p>\n<\/div>\n<\/header>\n<div class=\"gr-media-wrapper-pepite\">\n<div class=\"gr-media gr-media-image gr-main-media\">\n<div class=\"thumbnail embed-responsive embed-responsive-16by9\">\n<figure style=\"width: 975px\" class=\"wp-caption alignnone\"><img decoding=\"async\" class=\"embed-responsive-item gr-content-image gr-main-image img-responsive\" src=\"http:\/\/soirmag.lesoir.be\/sites\/default\/files\/dpistyles_v2\/ena_16_9_extra_big\/2017\/12\/25\/node_131030\/11719242\/public\/2017\/12\/25\/B9714235674Z.1_20171225131726_000+GHGAD6INA.2-0.jpg?itok=UUCJdhjn\" alt=\"Les Chasseurs ardennais d\u00e9barquent \u00e0 Matadi.\" width=\"985\" height=\"669\" data-width=\"\" data-height=\"\" \/><figcaption class=\"wp-caption-text\">Les Chasseurs ardennais d\u00e9barquent \u00e0 Matadi.<\/figcaption><\/figure>\n<div class=\"gr-caption\"><\/div>\n<div><\/div>\n<\/div>\n<\/div>\n<\/div>\n<div class=\"gr-article-content\">\n<p>Un document oubli\u00e9 dans un fonds d\u2019archives r\u00e9v\u00e8le que, le 12 juillet 1960, l\u2019entourage du gouvernement belge pousse pour \u00e9tablir une sorte de protectorat militaire sur l\u2019ancienne colonie et recourir \u00e0 des assassinats contre des leaders politiques congolais. Cette note est le point de d\u00e9part d\u2019une enqu\u00eate aux conclusions interpellantes.<\/p>\n<figure><figcaption><\/figcaption><\/figure>\n<\/div>\n<p><!--more--><\/p>\n<h3>Un fonds d\u2019archives plein de surprises<\/h3>\n<p>Lorsque j\u2019ai commenc\u00e9 \u00e0 \u00e9crire sur les \u00e9v\u00e9nements de juillet 1960 au Congo, j\u2019ai ax\u00e9 mon enqu\u00eate sur les fonds d\u2019archives des anciens responsables coloniaux, \u00e9tant persuad\u00e9 que ceux-ci avaient ramen\u00e9 bien des secrets dans leurs malles revenant d\u2019un Congo laiss\u00e9 en feu. D\u2019embl\u00e9e, le fonds d\u2019archives du colonel Fr\u00e9d\u00e9ric Vandewalle, le chef de la S\u00fbret\u00e9 congolaise au moment de l\u2019ind\u00e9pendance, m\u2019a sembl\u00e9 prometteur. L\u2019homme \u00e9tait au c\u0153ur du renseignement militaire et si des informations rest\u00e9es cach\u00e9es existaient, elles ne pouvaient qu\u2019\u00eatre dans ses papiers. Ce fonds n\u2019est pas encore inventori\u00e9, cela implique que le Mus\u00e9e d\u2019Afrique centrale \u00e0 Tervuren qui les a en d\u00e9p\u00f4t n\u2019est pas totalement au courant du contenu des documents qui reposent dans ses caves.<\/p>\n<p>Ma d\u00e9marche s\u2019est av\u00e9r\u00e9e payante d\u00e8s le premier jour\u2005! Dans l\u2019une des fardes de papiers jaunis, j\u2019ai d\u00e9couvert une liasse contenant une partie des archives du comte Harold d\u2019Aspremont-Lynden, notamment une chemise reprenant les notes pr\u00e9paratoires du cabinet minist\u00e9riel restreint consacr\u00e9 \u00e0 la planification de l\u2019ind\u00e9pendance congolaise et aux jours terribles qui l\u2019ont suivie. Tr\u00e8s vite, une note sign\u00e9e d\u2019un conseiller politique de Gaston Eyskens retient toute mon attention. Il y est question d\u2019\u00e9tablir un protectorat militaire belge sur le Congo en collaboration avec l\u2019ONU et d\u2019obtenir l\u2019\u00e9limination de Patrice Lumumba. Le document est dat\u00e9 du 12 juillet 1960, soit le lendemain de la s\u00e9cession katangaise. \u00c0 cette date, la Belgique demandait encore \u00e0 son ambassadeur de maintenir des liens amicaux avec l\u2019ancienne colonie. Cette fameuse note est \u00e9voqu\u00e9e \u00e0 une seule reprise dans le rapport de la commission d\u2019enqu\u00eate sur l\u2019assassinat de Lumumba. Bizarrement, il n\u2019y est pas fait mention de la proposition de l\u2019\u00e9limination du leader congolais. Pourquoi cette omission alors que la commission d\u2019enqu\u00eate est cens\u00e9e faire toute la lumi\u00e8re sur ce crime\u2005? Certains feuillets de cette farde sont sign\u00e9s, d\u2019autres portent simplement le nom de leur auteur dactylographi\u00e9. Apr\u00e8s les avoir compuls\u00e9s sans approfondir leur contenu, Ludo De Witte a d\u00e9j\u00e0 fait r\u00e9f\u00e9rence \u00e0 cette somme de documents dans son ouvrage sur l\u2019assassinat de Patrice Lumumba (\u00ab\u00a0L\u2019assassinat de Lumumba\u00a0\u00bb, Paris, 2000, p.\u2005105).<\/p>\n<figure>\n<p><figure style=\"width: 790px\" class=\"wp-caption alignnone\"><img decoding=\"async\" class=\"media-object img-responsive\" src=\"http:\/\/soirmag.lesoir.be\/sites\/default\/files\/dpistyles_v2\/ena_16_9_in_line\/2017\/12\/25\/node_131030\/11719267\/public\/2017\/12\/25\/B9714235674Z.1_20171225131726_000+GHGAD6J1G.2-0.jpg?itok=N7ERcKQv\" alt=\"Le g\u00e9n\u00e9ral Janssens et le Premier ministre congolais, Patrice Lumumba.\" width=\"800\" height=\"1052\" data-width=\"\" data-height=\"\" \/><figcaption class=\"wp-caption-text\">Le g\u00e9n\u00e9ral Janssens et le Premier ministre congolais, Patrice Lumumba.<\/figcaption><\/figure><figcaption><\/figcaption><\/figure>\n<p>Lorsqu\u2019il \u00e9voque ces notes et son auteur, il \u00e9crit\u2005: \u00ab\u2005Pour qui a l\u2019occasion de parcourir les notes internes qu\u2019il a r\u00e9dig\u00e9es \u00e0 l\u2019intention du gouvernement belge au cours du premier semestre, il est frappant de constater combien les analyses perspicaces et les rem\u00e8des muscl\u00e9s qui y sont formul\u00e9s sont dans le droit fil des conceptions qui r\u00e8gnent au palais et \u00e0 la Soci\u00e9t\u00e9 G\u00e9n\u00e9rale.\u2005\u00bb Se pencher sur ces documents revient \u00e0 dessiller les yeux sur les dessous de la politique coloniale belge. Si ces m\u00e9morandums ne servent en th\u00e9orie qu\u2019\u00e0 explorer les strat\u00e9gies \u00e0 suivre, force est de constater qu\u2019ils ont eu un impact r\u00e9el sur les d\u00e9cisions prises par le gouvernement Eyskens et se sont souvent retrouv\u00e9s suivis d\u2019actes tangibles. Il ne me restait plus qu\u2019\u00e0 d\u00e9couvrir si le gouvernement belge avait bel et bien tent\u00e9 d\u2019\u00e9tablir un protectorat militaire sur son ancienne colonie. Le r\u00e9sultat de l\u2019enqu\u00eate est \u00e9poustouflant\u2005!<\/p>\n<figure><img decoding=\"async\" class=\"media-object img-responsive\" src=\"http:\/\/soirmag.lesoir.be\/sites\/default\/files\/dpistyles_v2\/ena_16_9_in_line\/2017\/12\/25\/node_131030\/11719630\/public\/2017\/12\/25\/B9714235674Z.1_20171225131726_000+GHGAD6J6B.2-0.jpg?itok=dtyyi2W6\" alt=\"page 7\" data-width=\"\" data-height=\"\" \/><\/figure>\n<h3>Retour en des temps troubl\u00e9s<\/h3>\n<p>Les 5 et 6 janvier 1959, une \u00e9meute ensanglante les rues de L\u00e9opoldville. Cette affaire pousse Bruxelles \u00e0 acc\u00e9l\u00e9rer le processus conduisant la colonie \u00e0 l\u2019ind\u00e9pendance qui sera d\u00e9clar\u00e9e le 30 juin 1960. La guerre d\u2019Alg\u00e9rie fait des ravages tandis que celle d\u2019Indochine s\u2019est termin\u00e9e par une d\u00e9faite sans pr\u00e9c\u00e9dent de la France. Devant le r\u00e9veil du tiers-monde, le combat pour maintenir l\u2019h\u00e9g\u00e9monie belge sur le Congo semble en effet perdu d\u2019avance. Les choses s\u2019acc\u00e9l\u00e8rent. Le probl\u00e8me est qu\u2019\u00e0 cause d\u2019un investissement trop tardif dans la cr\u00e9ation d\u2019une \u00e9lite noire, la colonie ne dispose pas des cadres autochtones n\u00e9cessaires pour son administration. La Belgique d\u00e9cide donc de laisser en place son administration d\u2019origine belge en la coiffant de ministres congolais. Le but affich\u00e9 par le gouvernement Eyskens est d\u2019aider les Congolais \u00e0 prendre petit \u00e0 petit le relais des Belges au fur et \u00e0 mesure que leurs cadres sortiront des \u00e9coles.<\/p>\n<figure>\n<p><figure style=\"width: 790px\" class=\"wp-caption alignnone\"><img decoding=\"async\" class=\"media-object img-responsive\" src=\"http:\/\/soirmag.lesoir.be\/sites\/default\/files\/dpistyles_v2\/ena_16_9_in_line\/2017\/12\/25\/node_131030\/11719391\/public\/2017\/12\/25\/B9714235674Z.1_20171225131726_000+GHGAD6JAG.2-0.jpg?itok=DQjD7yYg\" alt=\"Un \u201cflight\u201d de Harvard \u00e0 l\u2019entra\u00eenement \u00e0 Kamina.\" width=\"800\" height=\"547\" data-width=\"\" data-height=\"\" \/><figcaption class=\"wp-caption-text\">Un \u201cflight\u201d de Harvard \u00e0 l\u2019entra\u00eenement \u00e0 Kamina.<\/figcaption><\/figure><figcaption><\/figcaption><\/figure>\n<p>Mais le projet n\u2019\u00e9tait pas aussi altruiste qu\u2019il n\u2019y para\u00eet au premier regard. Pour d\u2019Aspremont-Lynden, conserver une administration belge dans l\u2019ancienne colonie constitue \u00ab\u2005pour la sauvegarde des personnes et des biens des garanties beaucoup plus substantielles que celles offertes par les trait\u00e9s les mieux r\u00e9dig\u00e9s\u2005\u00bb. Et si les cadres belges sont d\u00e9motiv\u00e9s par des lendemains incertains, pour le conseiller de Gaston Eyskens \u00ab\u2005il importe de reprendre cette administration en mains et de lui fixer comme objectif son maintien au Congo. On ne doit pas h\u00e9siter \u00e0 prendre des sanctions exemplatives et s\u00e9rieuses contre tout fonctionnaire qui ne se plierait pas \u00e0 cette discipline.\u2005\u00bb Par administration, le comte entend notamment la force publique et la magistrature. Sous des dehors d\u2019entraide paternaliste, la Belgique d\u00e9cide en r\u00e9alit\u00e9 de garder la main sur le pays en y laissant un solide carcan administratif et militaire. Et comme l\u2019on ne peut pas \u00eatre totalement s\u00fbr des soldats congolais, pour rassurer les ressortissants oblig\u00e9s de rester sur place, la force militaire belge se voit renforc\u00e9e dans les deux bases de Kitona et de Kamina.<\/p>\n<figure>\n<p><figure style=\"width: 790px\" class=\"wp-caption alignnone\"><img decoding=\"async\" class=\"media-object img-responsive\" src=\"http:\/\/soirmag.lesoir.be\/sites\/default\/files\/dpistyles_v2\/ena_16_9_in_line\/2017\/12\/25\/node_131030\/11719243\/public\/2017\/12\/25\/B9714235674Z.1_20171225131726_000+GHGAD6IUM.2-0.jpg?itok=9yQqxxOR\" alt=\"Les arrestations arbitraires se multiplient \u00e0 Thysville.\" width=\"800\" height=\"608\" data-width=\"\" data-height=\"\" \/><figcaption class=\"wp-caption-text\">Les arrestations arbitraires se multiplient \u00e0 Thysville.<\/figcaption><\/figure><figcaption><\/figcaption><\/figure>\n<p>D\u2019un point de vue \u00e9conomique aussi, l\u2019ind\u00e9pendance est vue d\u2019une mani\u00e8re un peu particuli\u00e8re. Aucune entrave n\u2019est apport\u00e9e a priori aux grands groupes industriels et financiers belges pr\u00e9sents au Congo\u2005: ni en mati\u00e8re de si\u00e8ge social ou de statut juridique, ni de transferts des profits. Pour les Congolais, la \u00ab\u00a0dipenda\u00a0\u00bb (\u00ab\u00a0ind\u00e9pendance\u00a0\u00bb en lingala) a donc la couleur et le go\u00fbt de l\u2019ind\u00e9pendance sans l\u2019\u00eatre vraiment. Le gouvernement belge fait un pari os\u00e9\u2005: celui de s\u2019\u00e9viter une guerre coloniale perdue d\u2019avance par un transfert rapide de comp\u00e9tences en \u00e9change du maintien de ses int\u00e9r\u00eats \u00e9conomiques dans le pays, le tout garanti par son ancienne administration coloniale. C\u2019est l\u2019invention du n\u00e9ocolonialisme\u2005!<\/p>\n<figure>\n<p><figure style=\"width: 790px\" class=\"wp-caption alignnone\"><img decoding=\"async\" class=\"media-object img-responsive\" src=\"http:\/\/soirmag.lesoir.be\/sites\/default\/files\/dpistyles_v2\/ena_16_9_in_line\/2017\/12\/25\/node_131030\/11719390\/public\/2017\/12\/25\/B9714235674Z.1_20171225131726_000+GHGAD6J8M.2-0.jpg?itok=OdRughe1\" alt=\"Le roi Baudouin et le Premier ministre Gaston Eyskens de retour des c\u00e9r\u00e9monies entourant l\u2019ind\u00e9pendance du Congo.\" width=\"800\" height=\"1034\" data-width=\"\" data-height=\"\" \/><figcaption class=\"wp-caption-text\">Le roi Baudouin et le Premier ministre Gaston Eyskens de retour des c\u00e9r\u00e9monies entourant l\u2019ind\u00e9pendance du Congo.<\/figcaption><\/figure><figcaption><\/figcaption><\/figure>\n<h3>Un naufrage dans l\u2019anarchie<\/h3>\n<p>D\u00e8s avant le 30 juin 1960, les militaires congolais ont le sentiment d\u2019\u00eatre les oubli\u00e9s de l\u2019ind\u00e9pendance. Pour eux, il n\u2019y aura pas de promotion. Leur g\u00e9n\u00e9ral belge va jusqu\u2019\u00e0 \u00e9crire sur le tableau noir\u2005: \u00ab\u2005avant l\u2019ind\u00e9pendance = apr\u00e8s l\u2019ind\u00e9pendance\u2005\u00bb. Il n\u2019en faut pas plus pour que les esprits s\u2019\u00e9chauffent et qu\u2019\u00e9clate une r\u00e9volte dont les signes avant-coureurs se faisaient sentir depuis plusieurs mois. Les officiers blancs de la caserne de Thysville sont malmen\u00e9s par leurs soldats, tandis que leurs femmes sont viol\u00e9es sous les yeux horrifi\u00e9s de leurs enfants. Quand elles parviennent \u00e0 rejoindre la capitale, les personnes violent\u00e9es alimentent par leurs r\u00e9cits l\u2019inqui\u00e9tude dans la population europ\u00e9enne. L\u2019affaire s\u2019emballe et un vent de panique balaie le quartier r\u00e9sidentiel occidental. Des Blancs par milliers traversent le fleuve pour se r\u00e9fugier \u00e0 Brazzaville. Des mutineries \u00e9clatent alors \u00e0 Luluabourg, \u00c9lisabethville et Matadi. Le gouvernement belge essaie en vain d\u2019obtenir de son homologue congolais de faire appel aux forces m\u00e9tropolitaines pour ramener l\u2019ordre et \u00e9viter que le pays ne sombre dans l\u2019anarchie compl\u00e8te.<\/p>\n<p>Le 10 juillet, sans avoir \u00e9t\u00e9 appel\u00e9es par le gouvernement l\u00e9gitime du Congo, les troupes belges interviennent \u00e0 Elisabethville, l\u2019actuelle Lubumbashi. En d\u00e9sarmant la force publique congolaise, elles laissent les mains libres \u00e0 Mo\u00efse Tshombe qui en profitera pour d\u00e9clarer l\u2019ind\u00e9pendance du Katanga le lendemain. Le plan \u00e9chafaud\u00e9 par le gouvernement Eyskens s\u2019effondre. Bruxelles d\u00e9cide alors de prendre les devants dans la journ\u00e9e du lendemain et ordonne aux forces m\u00e9tropolitaines d\u2019occuper les quinze principales villes. Leur mission vise le maintien de l\u2019ordre et la garde des installations vitales, notamment des centres de transmission, des d\u00e9p\u00f4ts d\u2019armes et de munitions, des a\u00e9rodromes. Cette d\u00e9cision revient ni plus ni moins \u00e0 d\u00e9cider une occupation militaire d\u2019un pays souverain par une force \u00e9trang\u00e8re\u2005!<\/p>\n<figure>\n<p><figure style=\"width: 790px\" class=\"wp-caption alignnone\"><img decoding=\"async\" class=\"media-object img-responsive\" src=\"http:\/\/soirmag.lesoir.be\/sites\/default\/files\/dpistyles_v2\/ena_16_9_in_line\/2017\/12\/25\/node_131030\/11719629\/public\/2017\/12\/25\/B9714235674Z.1_20171225131726_000+GHGAD6JHV.2-0.jpg?itok=FVLwJ0fo\" alt=\"Les commandos belges tiennent en respect le camp de la Force publique \u00e0 Boma.\" width=\"800\" height=\"543\" data-width=\"\" data-height=\"\" \/><figcaption class=\"wp-caption-text\">Les commandos belges tiennent en respect le camp de la Force publique \u00e0 Boma.<\/figcaption><\/figure><figcaption><\/figcaption><\/figure>\n<p>Le colonel Gheysen, qui commande les forces m\u00e9tropolitaines, d\u00e9cide de lancer une op\u00e9ration pr\u00e9vue de longue date en cas de troubles. Il s\u2019agit d\u2019envoyer des navires de guerre belges \u00e9tablir dans la r\u00e9gion maritime du Bas-Fleuve entre Matadi et Banane une portion de territoire national capable de recueillir la population blanche de cette r\u00e9gion cherchant asile et protection. Bref, il s\u2019agit de tenir solidement les portes maritimes du pays. \u00c0 Matadi, l\u2019affaire tourne au bain de sang et 19 Congolais sont tu\u00e9s dans les affrontements qui les opposent aux Chasseurs ardennais. En aval, au niveau du port p\u00e9trolier d\u2019Ango-Ango, les fantassins du 12e de Ligne sont repouss\u00e9s et essuient des pertes cons\u00e9quentes. Devant la mauvaise tournure que prennent les \u00e9v\u00e9nements, le commandement belge d\u00e9cide de rembarquer. Matadi est alors une seconde fois livr\u00e9e au pillage. Le plus grave, c\u2019est que les marchandises ne sont plus achemin\u00e9es vers L\u00e9opoldville o\u00f9 le niveau des entrep\u00f4ts est descendu en dessous d\u2019un seuil critique. Une p\u00e9nurie menace et avec elle le risque d\u2019un embrasement de la capitale o\u00f9 r\u00e9sident encore plusieurs milliers de Belges. Le 11 juillet au soir, Bruxelles a bel et bien perdu le contr\u00f4le des \u00e9v\u00e9nements.<\/p>\n<h3>Vers une reprise en main totalitaire\u2005?<\/h3>\n<p>Le lendemain, le conseil des ministres qui se r\u00e9unit \u00e0 la rue de la Loi ressemble \u00e0 un conseil de guerre. Un conseiller politique de Gaston Eyskens d\u00e9pose une note pr\u00e9paratoire sur la table. Son contenu vise \u00e0 \u00e9tablir une sorte de protectorat belge sur l\u2019ancienne colonie avec l\u2019aide de l\u2019ONU et cherche \u00e0 \u00ab\u2005obtenir l\u2019\u00e9limination de certains chefs politiques congolais\u2005\u00bb qui selon le r\u00e9dacteur du document \u00ab\u2005ont suffisamment d\u00e9montr\u00e9 qu\u2019ils ne m\u00e9ritent aucune confiance\u2005\u00bb. Les personnalit\u00e9s vis\u00e9es en particulier sont MM. Lumumba et Kashamura. Bien entendu, le gouvernement belge n\u2019affichera jamais ouvertement ses intentions. Aussi, pour savoir si cette note a \u00e9t\u00e9 suivie, j\u2019ai analys\u00e9 en profondeur les archives militaires et diplomatiques pour y retrouver les instructions r\u00e9ellement donn\u00e9es aux repr\u00e9sentants sur place. Force est de constater que c\u2019est une ligne tr\u00e8s dure vis-\u00e0-vis du Congo qui est bel et bien adopt\u00e9e. Le gouvernement belge d\u00e9cide que les interventions auront lieu d\u2019office l\u00e0 o\u00f9 il y a p\u00e9ril imminent pour des vies humaines.<\/p>\n<p>Celles-ci seront g\u00e9n\u00e9ralis\u00e9es et pr\u00e9alables partout o\u00f9 il y a une menace s\u00e9rieuse et o\u00f9 il s\u2019agit de pr\u00e9venir des massacres possibles. La lettre officielle de protestation que l\u2019ambassadeur est charg\u00e9 de remettre au pouvoir en place \u00e0 L\u00e9opoldville ne contient aucune forme de respect \u00e9l\u00e9mentaire\u2005: \u00ab\u2005Par son incurie et son incapacit\u00e9 de se faire ob\u00e9ir, le gouvernement congolais porte la lourde responsabilit\u00e9 des pertes de vies humaines.\u2005\u00bb Les op\u00e9rations militaires lanc\u00e9es dans la foul\u00e9e laissent penser qu\u2019effectivement, une reconqu\u00eate du Congo est bel et bien en cours \u00e0 ce moment. L\u2019a\u00e9roport de N\u2019Djili est pris gr\u00e2ce au coup de main des parachutistes belges. Une impressionnante structure de commandement est envoy\u00e9e sur place, le contingent est renforc\u00e9 de mani\u00e8re importante et des bataillons de parachutistes sont rappel\u00e9s sous les drapeaux. La Force a\u00e9rienne belge re\u00e7oit l\u2019ordre de pr\u00e9parer 60 missions de transport pour le 13 juillet.<\/p>\n<h3>L\u2019\u00e9chec total\u2005!<\/h3>\n<p>Lumumba prend cependant Bruxelles de vitesse et fait appel \u00e0 l\u2019ONU pour prot\u00e9ger son pays d\u2019une agression \u00e9trang\u00e8re. Petit \u00e0 petit, les Belges vont \u00eatre politiquement accul\u00e9s \u00e0 la d\u00e9fensive et vont se voir intimer l\u2019ordre par la communaut\u00e9 internationale d\u2019\u00e9vacuer compl\u00e8tement le pays. Il s\u2019en suit un drame pour 88.000 de nos compatriotes oblig\u00e9s d\u2019abandonner leur vie et ce qui \u00e9tait encore quelques jours auparavant un v\u00e9ritable paradis sur Terre. La principale victime de ce fiasco belge demeure n\u00e9anmoins la population congolaise qui souffre encore aujourd\u2019hui de l\u2019anarchie qui s\u2019est install\u00e9e au d\u00e9but du mois de juillet 1960. Il semble donc bien envisageable que le gouvernement belge se soit lanc\u00e9 dans une tentative avort\u00e9e de reprise de contr\u00f4le militaire sur son ancienne colonie. Ce fait ouvre une nouvelle perspective d\u2019analyse sur les tragiques de juillet 1960.<\/p>\n<figure><img decoding=\"async\" class=\"media-object img-responsive\" src=\"http:\/\/soirmag.lesoir.be\/sites\/default\/files\/dpistyles_v2\/ena_16_9_in_line\/2017\/12\/25\/node_131030\/11719240\/public\/2017\/12\/25\/B9714235674Z.1_20171225131726_000+GHGAD6IRL.2-0.jpg?itok=q8ngHqxI\" alt=\"\u201cLe Congo s\u2019embrase\u201d, \u00e9d. Weyrich, 33 euros, 240 pages.\" data-width=\"\" data-height=\"\" \/><figcaption>\u201cLe Congo s\u2019embrase\u201d, \u00e9d. Weyrich, 33 euros, 240 pages.<\/figcaption><\/figure>\n<figure><img decoding=\"async\" class=\"media-object img-responsive alignnone\" src=\"http:\/\/soirmag.lesoir.be\/sites\/default\/files\/dpistyles_v2\/ena_16_9_in_line\/2017\/12\/25\/node_131030\/11719241\/public\/2017\/12\/25\/B9714235674Z.1_20171225131726_000+GHGAD6ISR.2-0.jpg?itok=GSUvirmr\" alt=\"Hugues Wenkin.\" width=\"800\" height=\"1051\" data-width=\"\" data-height=\"\" \/><figcaption>Hugues Wenkin.<\/figcaption><\/figure>\n<p><a href=\"http:\/\/soirmag.lesoir.be\/131030\/article\/2017-12-25\/la-belgique-voulu-reprendre-le-congo-de-force\">Source<\/a><\/p>\n","protected":false},"excerpt":{"rendered":"<p>La Belgique a voulu reprendre le Congo de force! Mis en ligne le 25\/12\/2017 \u00e0 13:17 Par Hugues Wenkin. Auteur d\u2019un ouvrage explosif, Hugues Wenkin raconte pour \u201cSoir mag\u201d l\u2019histoire des d\u00e9couvertes interpellantes r\u00e9sultant de sa longue enqu\u00eate. Un document oubli\u00e9 dans un fonds d\u2019archives r\u00e9v\u00e8le que, le 12 juillet 1960, l\u2019entourage du gouvernement belge &#8230; <a title=\"La Belgique a voulu reprendre le Congo de force!\" class=\"read-more\" href=\"https:\/\/bruxelles-pantheres.be\/?p=3506\" aria-label=\"En savoir plus sur La Belgique a voulu reprendre le Congo de force!\">Lire la suite<\/a><\/p>\n","protected":false},"author":1,"featured_media":3511,"comment_status":"open","ping_status":"open","sticky":false,"template":"","format":"standard","meta":{"footnotes":""},"categories":[1,21,36,7,18,28],"tags":[80,289,145,72],"class_list":["post-3506","post","type-post","status-publish","format-standard","has-post-thumbnail","hentry","category-non-classe","category-anti-imperialisme","category-europe","category-negrophobie","category-resistance-bruxelles","category-racismes","tag-congo","tag-hugues-wenkin","tag-ludo-de-witte","tag-patrice-lumumba"],"_links":{"self":[{"href":"https:\/\/bruxelles-pantheres.be\/index.php?rest_route=\/wp\/v2\/posts\/3506","targetHints":{"allow":["GET"]}}],"collection":[{"href":"https:\/\/bruxelles-pantheres.be\/index.php?rest_route=\/wp\/v2\/posts"}],"about":[{"href":"https:\/\/bruxelles-pantheres.be\/index.php?rest_route=\/wp\/v2\/types\/post"}],"author":[{"embeddable":true,"href":"https:\/\/bruxelles-pantheres.be\/index.php?rest_route=\/wp\/v2\/users\/1"}],"replies":[{"embeddable":true,"href":"https:\/\/bruxelles-pantheres.be\/index.php?rest_route=%2Fwp%2Fv2%2Fcomments&post=3506"}],"version-history":[{"count":5,"href":"https:\/\/bruxelles-pantheres.be\/index.php?rest_route=\/wp\/v2\/posts\/3506\/revisions"}],"predecessor-version":[{"id":3512,"href":"https:\/\/bruxelles-pantheres.be\/index.php?rest_route=\/wp\/v2\/posts\/3506\/revisions\/3512"}],"wp:featuredmedia":[{"embeddable":true,"href":"https:\/\/bruxelles-pantheres.be\/index.php?rest_route=\/wp\/v2\/media\/3511"}],"wp:attachment":[{"href":"https:\/\/bruxelles-pantheres.be\/index.php?rest_route=%2Fwp%2Fv2%2Fmedia&parent=3506"}],"wp:term":[{"taxonomy":"category","embeddable":true,"href":"https:\/\/bruxelles-pantheres.be\/index.php?rest_route=%2Fwp%2Fv2%2Fcategories&post=3506"},{"taxonomy":"post_tag","embeddable":true,"href":"https:\/\/bruxelles-pantheres.be\/index.php?rest_route=%2Fwp%2Fv2%2Ftags&post=3506"}],"curies":[{"name":"wp","href":"https:\/\/api.w.org\/{rel}","templated":true}]}}