{"id":351,"date":"2013-05-16T03:06:32","date_gmt":"2013-05-16T02:06:32","guid":{"rendered":"https:\/\/bruxelles-pantheres.be\/?p=351"},"modified":"2013-11-10T03:08:23","modified_gmt":"2013-11-10T02:08:23","slug":"371-plaintes-contre-la-police-de-la-zone-ouest-en-2012","status":"publish","type":"post","link":"https:\/\/bruxelles-pantheres.be\/?p=351","title":{"rendered":"371 plaintes contre la police de la zone Ouest en 2012"},"content":{"rendered":"<header><\/header>\n<div>\n<p><a href=\"http:\/\/www.egalite.be\/wp-content\/uploads\/2012\/12\/525475_363775340376467_2128487823_n.jpg\"><img decoding=\"async\" alt=\"525475_363775340376467_2128487823_n\" src=\"http:\/\/www.egalite.be\/wp-content\/uploads\/2012\/12\/525475_363775340376467_2128487823_n.jpg\" width=\"345\" height=\"187\" \/><\/a><\/p>\n<p>Molenbeek: 371 plaintes contre la police de la zone Ouest en 2012<\/p>\n<article>\n<header>R\u00e9daction en ligne<!--more--><\/p>\n<div>\n<p>La bavure pr\u00e9sum\u00e9e sur le jeune Moad, 14 ans, \u00e0 Molenbeek, reste le caillou dans la chaussure des responsables de la zone de police Ouest. L\u2019an dernier, celle-ci a pourtant enregistr\u00e9 371 plaintes de citoyens concernant l\u2019attitude de policiers.<\/p>\n<\/div>\n<\/header>\n<aside><\/aside>\n<div id=\"picture\">\n<div>\n<div>\n<div id=\"item677341\">\n<figure><img decoding=\"async\" title=\"&lt;br \/&gt;&lt;br \/&gt;\nLes blessures de Moad, 14 ans, ont \u00e9t\u00e9 constat\u00e9es par certificat m\u00e9dical.&lt;br \/&gt;&lt;br \/&gt;\n\" alt=\"&lt;br \/&gt;&lt;br \/&gt;\nLes blessures de Moad, 14 ans, ont \u00e9t\u00e9 constat\u00e9es par certificat m\u00e9dical.&lt;br \/&gt;&lt;br \/&gt;\n\" src=\"http:\/\/www.lacapitale.be\/sites\/default\/files\/imagecache\/pagallery_450x300\/2013\/03\/13\/494066694_B97232665Z.1_20130313225011_000_G0JJ4FJU.1-0.jpg\" width=\"450\" height=\"300\" \/><\/figure>\n<p>D.C.<\/p>\n<p>Les blessures de Moad, 14 ans, ont \u00e9t\u00e9 constat\u00e9es par certificat m\u00e9dical.<\/p>\n<\/div>\n<\/div>\n<\/div>\n<\/div>\n<div id=\"body_text\">\n<p>En 2012, la police de la zone Ouest a enregistr\u00e9 371 plaintes de citoyens concernant l\u2019attitude des policiers \u00e0 leur encontre. 21 d\u2019entre elles impliquent des brutalit\u00e9s polici\u00e8res. Mais une seule de ces plaintes a abouti \u00e0 la condamnation d\u2019un agent des forces de l\u2019ordre dans la zone. Ces chiffres ont \u00e9t\u00e9 fournis par la zone de police elle-m\u00eame \u00e0 la demande du conseiller PS, Jamel Azaoum qui en conseil de police a interpell\u00e9 la bourgmestre Fran\u00e7oise Schepmans (MR) et le chef de corps Johan De Becker au sujet de l\u2019arrestation muscl\u00e9e du jeune Moad Daoudi, 14 ans, en janvier dernier.<\/p>\n<p>La zone de police Ouest est l\u2019une des plus active de la R\u00e9gion bruxelloise. En 2012, elle a proc\u00e9d\u00e9 \u00e0 quelque 63.000 interventions, 3.000 arrestations et \u00e0 900 mises \u00e0 disposition du parquet. Mais elle a aussi enregistr\u00e9 371 plaintes d\u00e9non\u00e7ant l\u2019attitude de ses agents envers des citoyens.<\/p>\n<p>\u00ab\u00a0 <em>La majorit\u00e9 de ces plaintes sont introduites parce que les menottes sont trop serr\u00e9es ou \u00e0 cause d\u2019un accueil jug\u00e9 mauvais au commissariat par le citoyen<\/em> \u00a0\u00bb, pr\u00e9cise Julie Mampuy, porte-parole de la zone. N\u00e9anmoins, 21 plaintes pour violence polici\u00e8re ont \u00e9t\u00e9 d\u00e9pos\u00e9es et un seul agent a \u00e9t\u00e9 condamn\u00e9. \u00ab\u00a0 <em>Nous voulons la plus grande transparence possible<\/em> \u00a0\u00bb, assure la porte-parole. \u00ab\u00a0 <em>Toutes les plaintes sont g\u00e9r\u00e9es avec s\u00e9rieux et envoy\u00e9es au parquet. Nous proc\u00e9dons aussi \u00e0 une enqu\u00eate interne et les citoyens peuvent \u00e9galement se tourner vers le Comit\u00e9 P ou l\u2019Inspection g\u00e9n\u00e9rale. Concernant le policier inculp\u00e9 et condamn\u00e9 en premi\u00e8re instance, il a fait appel. Mais il faut comprendre que la proc\u00e9dure pour d\u00e9placer un policier est tr\u00e8s complexe<\/em> \u00a0\u00bb, insiste-t-on \u00e0 la zone.<\/p>\n<p>Pour le pr\u00e9sident de la Ligue des Droits de l\u2019Homme, Alexis Deswaef, qui vient de lancer un internet pour r\u00e9pertorier les bavures polici\u00e8res (<a href=\"http:\/\/www.obspol.be\/\">www.obspol.be<\/a> ouvert au public ce vendredi \u00e0 l\u2019occasion de la journ\u00e9e mondiale contre les violences polici\u00e8res), \u00ab\u00a0 <em>la police et le parquet font preuve de mauvaise foi. La police devrait se d\u00e9barrasser des brebis galeuses qui nuisent \u00e0 l\u2019image de nos forces de l\u2019ordre. Trop de cas flagrants sont enterr\u00e9s par le parquet qui ne veut pas se mettre \u00e0 dos son bras arm\u00e9<\/em> \u00a0\u00bb.<\/p>\n<p>David Baudoux<\/p>\n<p><a href=\"http:\/\/www.lacapitale.be\/682669\/article\/regions\/bruxelles\/actualite\/2013-03-13\/molenbeek-371-plaintes-contre-la-police-de-la-zone-ouest-en-2012\">Source<br \/>\n<\/a><\/p>\n<header><img decoding=\"async\" class=\"alignright\" alt=\"735067_372142779548584_89325439_n\" src=\"http:\/\/www.egalite.be\/wp-content\/uploads\/2013\/01\/735067_372142779548584_89325439_n.jpg\" width=\"624\" height=\"468\" \/><\/header>\n<p>Lire sur le m\u00eame sujet :<\/p>\n<address><a title=\"Permanent Link to Nordine Sa\u00efdi gagne son proc\u00e8s contre un policier raciste\" href=\"http:\/\/www.egalite.be\/?p=5853\" rel=\"bookmark\">Nordine Sa\u00efdi gagne son proc\u00e8s contre un policier raciste<\/a><\/address>\n<address><a title=\"Permanent Link to Moad, 14 ans, injuri\u00e9 (\u201cSale arabe\u201d) et tabass\u00e9 \u00e0 la matraque\" href=\"http:\/\/www.egalite.be\/?p=5625\" rel=\"bookmark\">Moad, 14 ans, injuri\u00e9 (\u201cSale arabe\u201d) et tabass\u00e9 \u00e0 la matraque<\/a><\/address>\n<address><a title=\"Permanent Link to La Police Belge Assassine . . .\" href=\"http:\/\/www.egalite.be\/?p=5565\" rel=\"bookmark\">La Police Belge Assassine . . .<\/a><\/address>\n<address><a title=\"Permanent Link to Plainte de Nordine Sa\u00efdi pour Violence polici\u00e8re raciste \u00e0 Anderlecht en aout 2009.\" href=\"http:\/\/www.egalite.be\/?p=5438\" rel=\"bookmark\">Plainte de Nordine Sa\u00efdi pour Violence polici\u00e8re raciste \u00e0 Anderlecht en aout 2009.<\/a><\/address>\n<address><a title=\"Permanent Link to Moad 14 ans, victime d\u2019une bavure polici\u00e8re \u00e0 Molenbeek.\" href=\"http:\/\/www.egalite.be\/?p=5238\" rel=\"bookmark\">Moad 14 ans, victime d\u2019une bavure polici\u00e8re \u00e0 Molenbeek.<\/a><\/address>\n<\/div>\n<\/article>\n<\/div>\n","protected":false},"excerpt":{"rendered":"<p>Molenbeek: 371 plaintes contre la police de la zone Ouest en 2012 R\u00e9daction en ligne<\/p>\n","protected":false},"author":1,"featured_media":352,"comment_status":"open","ping_status":"open","sticky":false,"template":"","format":"standard","meta":{"footnotes":""},"categories":[4,18,28,5],"tags":[],"class_list":["post-351","post","type-post","status-publish","format-standard","has-post-thumbnail","hentry","category-islamophobie","category-resistance-bruxelles","category-racismes","category-violence-policiere"],"_links":{"self":[{"href":"https:\/\/bruxelles-pantheres.be\/index.php?rest_route=\/wp\/v2\/posts\/351","targetHints":{"allow":["GET"]}}],"collection":[{"href":"https:\/\/bruxelles-pantheres.be\/index.php?rest_route=\/wp\/v2\/posts"}],"about":[{"href":"https:\/\/bruxelles-pantheres.be\/index.php?rest_route=\/wp\/v2\/types\/post"}],"author":[{"embeddable":true,"href":"https:\/\/bruxelles-pantheres.be\/index.php?rest_route=\/wp\/v2\/users\/1"}],"replies":[{"embeddable":true,"href":"https:\/\/bruxelles-pantheres.be\/index.php?rest_route=%2Fwp%2Fv2%2Fcomments&post=351"}],"version-history":[{"count":1,"href":"https:\/\/bruxelles-pantheres.be\/index.php?rest_route=\/wp\/v2\/posts\/351\/revisions"}],"predecessor-version":[{"id":353,"href":"https:\/\/bruxelles-pantheres.be\/index.php?rest_route=\/wp\/v2\/posts\/351\/revisions\/353"}],"wp:featuredmedia":[{"embeddable":true,"href":"https:\/\/bruxelles-pantheres.be\/index.php?rest_route=\/wp\/v2\/media\/352"}],"wp:attachment":[{"href":"https:\/\/bruxelles-pantheres.be\/index.php?rest_route=%2Fwp%2Fv2%2Fmedia&parent=351"}],"wp:term":[{"taxonomy":"category","embeddable":true,"href":"https:\/\/bruxelles-pantheres.be\/index.php?rest_route=%2Fwp%2Fv2%2Fcategories&post=351"},{"taxonomy":"post_tag","embeddable":true,"href":"https:\/\/bruxelles-pantheres.be\/index.php?rest_route=%2Fwp%2Fv2%2Ftags&post=351"}],"curies":[{"name":"wp","href":"https:\/\/api.w.org\/{rel}","templated":true}]}}