{"id":3518,"date":"2017-12-29T14:46:25","date_gmt":"2017-12-29T13:46:25","guid":{"rendered":"https:\/\/bruxelles-pantheres.be\/?p=3518"},"modified":"2017-12-29T14:46:25","modified_gmt":"2017-12-29T13:46:25","slug":"declaration-finale-du-seminaire-maghrebin","status":"publish","type":"post","link":"https:\/\/bruxelles-pantheres.be\/?p=3518","title":{"rendered":"D\u00e9claration finale du s\u00e9minaire maghr\u00e9bin"},"content":{"rendered":"<div id=\"conteneur\">\n<div id=\"contenu\">\n<div class=\"cartouche\">\n<h4 class=\"titre\">D\u00e9claration finale du s\u00e9minaire maghr\u00e9bin \u00ab\u00a0Accords de \u2018libre-\u00e9change\u2019 et souverainet\u00e9 alimentaire\u00a0\u00bb<\/h4>\n<p><small> 19 d\u00e9cembre par <b>ATTAC\/CADTM Maroc<\/b> <\/small><\/p>\n<div class=\"titre_logos\"><img decoding=\"async\" class=\"spip_logos\" src=\"http:\/\/www.cadtm.org\/local\/cache-vignettes\/L640xH320\/arton15619-8afc0.jpg\" alt=\"\" width=\"640\" height=\"320\" \/><\/div>\n<\/div>\n<div class=\"chapo\">\n<p>Les 15, 16 et 17 d\u00e9cembre 2017, ATTAC Maroc, membre du r\u00e9seau mondial pour l\u2019abolition des <a class=\"cs_glossaire\" href=\"http:\/\/www.cadtm.org\/Dette,970\" name=\"mot970_0\"><span class=\"gl_mot\">dette<\/span><\/a> ill\u00e9gitimes CADTM, a organis\u00e9 un s\u00e9minaire Maghr\u00e9bin sur les accords de libre change, l\u2019agriculture et la souverainet\u00e9 Alimentaire sous le slogan\u00a0:\u00a0<strong>Non aux accords coloniaux, pour la d\u00e9fense du droit souverain des peuples sur leurs syst\u00e8mes agricoles, alimentaires et environnementaux<\/strong>. Le s\u00e9minaire s\u2019est tenu\u00a0\u00e0\u00a0Agadir, au Maroc, avec la participation de militant-e-s d\u2019\u00c9gypte, de Tunisie, d\u2019Alg\u00e9rie et du Maroc.<\/p>\n<\/div>\n<\/div>\n<\/div>\n<p><!--more--><\/p>\n<div class=\"texte\">\n<p>Ce s\u00e9minaire intervient quelques jours apr\u00e8s la fin du 11<sup class=\"typo_exposants\">e<\/sup>\u00a0sommet minist\u00e9riel de l\u2019<a class=\"cs_glossaire\" href=\"http:\/\/www.cadtm.org\/OMC-Organisation-mondiale-du\" name=\"mot1009_0\"><span class=\"gl_mot\">Organisation mondiale du commerce<\/span><\/a> (OMC), qui n\u2019a abouti \u00e0 aucun accord officiel. Cet \u00e9chec refl\u00e8te les difficult\u00e9s des puissances imp\u00e9rialistes, des \u00c9tats-Unis et de l\u2019Union europ\u00e9enne \u00e0 progresser dans des accords multilat\u00e9raux ce qui les pousse \u00e0 recourir \u00e0 des accords commerciaux pr\u00e9f\u00e9rentiels bilat\u00e9raux et r\u00e9gionaux leur permettent d\u2019\u00e9trangler les \u00c9tats d\u00e9pendants et semi-coloniaux. Ces accords ont permis l\u2019acc\u00e9l\u00e9ration du contr\u00f4le des entreprises multinationales sur l\u2019agriculture mondiale et la p\u00eache maritime, la <a class=\"cs_glossaire\" href=\"http:\/\/www.cadtm.org\/Speculation\" name=\"mot841_1\"><span class=\"gl_mot\">sp\u00e9culation<\/span><\/a> sur la nourriture\u00a0des\u00a0populations, la destruction de l\u2019agriculture et de la p\u00eache de subsistance, la qu\u00eate effr\u00e9n\u00e9e \u00e0 la promotion des semences g\u00e9n\u00e9tiquement modifi\u00e9es et la g\u00e9n\u00e9ralisation de l\u2019agriculture et de l\u2019industrie de la p\u00eache orient\u00e9es vers l\u2019exportation. Les institutions financi\u00e8res internationales poursuivent leurs dictats n\u00e9olib\u00e9raux sur les pays du Sud pour d\u00e9r\u00e9glementer davantage, ouvrir les fronti\u00e8res \u00e0 l\u2019invasion des capitaux et des produits \u00e9trangers subventionn\u00e9s et assurer le transfert des profits et des richesses. Cela se traduit par une augmentation de l\u2019endettement public que les couches populaires paient en subissant les politiques d\u2019aust\u00e9rit\u00e9.<\/p>\n<p>Nous nous sommes r\u00e9unis pour affirmer notre soutien \u00e0 la souverainet\u00e9 alimentaire des peuples et leur droit \u00e0 d\u00e9terminer leur propre syst\u00e8me alimentaire qui assure une production d\u2019aliments sains en quantit\u00e9 suffisante, tout en prot\u00e9geant la nature et en restant en harmonie avec elle, qui donne la priorit\u00e9 au d\u00e9veloppement des productions locales des aliments de base, qui \u0153uvre pour la protection et la fourniture de semences naturelles et mette en \u0153uvre une r\u00e9forme agraire populaire. Les ressources n\u00e9cessaires doivent \u00eatre fournies par la suspension du paiement du service de la <a class=\"cs_glossaire\" href=\"http:\/\/www.cadtm.org\/Dette,970\" name=\"mot970_2\"><span class=\"gl_mot\">dette<\/span><\/a> et l\u2019annulation de la dette publique ill\u00e9gitime.<\/p>\n<p>Nous nous opposons au pillage des richesses agricoles et halieutiques des peuples par les soci\u00e9t\u00e9s multinationales et le capital financier, et \u00e0 toutes les formes de discrimination et de racisme. Nous luttons pour la souverainet\u00e9 alimentaire, la justice climatique et environnementale, et la construction d\u2019une soci\u00e9t\u00e9 o\u00f9 soient exclues toutes les formes d\u2019exploitation et d\u2019oppression, une soci\u00e9t\u00e9 v\u00e9ritablement humaine fond\u00e9e sur une participation libre et d\u00e9mocratique et qui assure une vie d\u00e9cente et en harmonie avec la nature.<br \/>\nCe s\u00e9minaire nous a permis de poursuivre l\u2019analyse et la discussion pour une compr\u00e9hension orient\u00e9e vers l\u2019<a class=\"cs_glossaire\" href=\"http:\/\/www.cadtm.org\/Action,1341\" name=\"mot1341_3\"><span class=\"gl_mot\">action<\/span><\/a>\u00a0: nous envisageons des campagnes de d\u00e9nonciation, de sensibilisation et des initiatives, \u00e0 m\u00eame de stimuler des luttes communes et d\u2019\u00e9tablir des formes de coordination et de solidarit\u00e9 avec des mouvements ayant les m\u00eames objectifs.<\/p>\n<p><strong><br \/>\nNous, participant-e-s, militant-e-s d\u2019organisations de lutte en Alg\u00e9rie, Tunisie, \u00c9gypte et Maroc, affirmons\u00a0:<\/strong><\/p>\n<ul class=\"spip\">\n<li>Que les accords dits de \u00ab\u00a0libre\u00a0\u00bb commerce sign\u00e9s par les gouvernants de nos pays sont de nouveaux accords coloniaux qui servent les int\u00e9r\u00eats des multinationales, et favorisent le pillage des terres et des zones de vie des peuples indig\u00e8nes, de leurs ressources hydriques, leurs poissons, leur nourriture et la destruction de leur environnement, et de leur culture et ce pour accumuler plus de profits pour les grands capitalistes \u00e9trangers et locaux. Conjointement avec le syst\u00e8me de la dette, ces accords constituent les deux faces de la domination imp\u00e9rialiste sur les peuples.<\/li>\n<\/ul>\n<ul class=\"spip\">\n<li>Notre soutien aux luttes des paysans et paysannes et des petits p\u00eacheurs de Tunisie, \u00c9gypte, Alg\u00e9rie, Maroc et d\u2019autres pays contre l\u2019expropriation des terres agricoles et leur cession aux grandes entreprises et aux sp\u00e9culateurs immobiliers, ce qui menace la vie de milliers d\u2019agriculteurs, d\u2019ouvriers et ouvri\u00e8res agricoles.<\/li>\n<\/ul>\n<ul class=\"spip\">\n<li>Notre rejet absolu de toutes les alternatives capitalistes dans les domaines agricole et de la p\u00eache qui privil\u00e9gient l\u2019utilisation de technologies qui \u00e9puisent les ressources et l\u2019\u00e9nergie, d\u00e9truisent la biodiversit\u00e9, polluent l\u2019environnement et nuisent \u00e0 la sant\u00e9.<\/li>\n<\/ul>\n<p>Nous sommes convaincus que la souverainet\u00e9 alimentaire des peuples est \u00e9troitement li\u00e9e \u00e0 leur droit \u00e0 l\u2019autod\u00e9termination sur les plans politique, \u00e9conomique, social, culturel et environnemental. Elle est \u00e9galement li\u00e9e \u00e0 une rupture avec les centres imp\u00e9rialistes et les institutions financi\u00e8res et commerciales internationales, et \u00e0 la lutte contre les r\u00e9gimes et les gouvernements qui mettent en \u0153uvre ces politiques en faveur du capital mondial et national.<\/p>\n<p>La souverainet\u00e9 alimentaire est l\u2019antith\u00e8se du syst\u00e8me alimentaire capitaliste productiviste responsable de la destruction des ressources naturelles et du chaos climatique qui menace la vie de millions de personnes. C\u2019est l\u2019agriculture paysanne et la p\u00eache de subsistance qui nourrissent l\u2019humanit\u00e9 et pr\u00e9servent l\u2019environnement, et non pas l\u2019agriculture intensive, industrielle, commerciale et chimique comme le pr\u00e9tend le capitalisme.<\/p>\n<p><strong><br \/>\nC\u2019est pourquoi nous appelons \u00e0\u00a0:<\/strong><\/p>\n<ul class=\"spip\">\n<li>La lutte collective contre les accords de libre-\u00e9change, les accords de p\u00eache et l\u2019Organisation mondiale du commerce, ainsi que contre le <a class=\"cs_glossaire\" href=\"http:\/\/www.cadtm.org\/FMI,786\" name=\"mot786_4\"><span class=\"gl_mot\">Fonds mon\u00e9taire international<\/span><\/a> et la <a class=\"cs_glossaire\" href=\"http:\/\/www.cadtm.org\/Banque-mondiale,961\" name=\"mot961_5\"><span class=\"gl_mot\">Banque mondiale<\/span><\/a>, qui asservissent les peuples par le syst\u00e8me de la dette.<\/li>\n<\/ul>\n<ul class=\"spip\">\n<li>La criminalisation de toutes les soci\u00e9t\u00e9s multinationales et les entreprises capitalistes locaux qui visent la marchandisation de la nourriture des populations et la destruction l\u2019environnement afin d\u2019accumuler plus de profits.<\/li>\n<\/ul>\n<ul class=\"spip\">\n<li>Initier des exp\u00e9riences de syst\u00e8mes agricoles populaires visant \u00e0 se lib\u00e9rer de la d\u00e9pendance alimentaire.<\/li>\n<\/ul>\n<ul class=\"spip\">\n<li>Renforcer la coop\u00e9ration et la lutte aux niveaux national, r\u00e9gional, continental, au Sud et international entre les organisations et les r\u00e9seaux qui luttent pour la souverainet\u00e9 alimentaire afin de d\u00e9velopper leurs activit\u00e9s et leurs mobilisations.<\/li>\n<\/ul>\n<ul class=\"spip\">\n<li>\u00c9largir la solidarit\u00e9 internationale afin d\u2019arr\u00eater les campagnes de r\u00e9pression croissantes contre les mobilisations populaires (paysans et paysannes, p\u00eacheurs, indig\u00e8nes, ouvriers et ouvri\u00e8res agricoles, etc.) pour organiser et prot\u00e9ger leurs vies et leurs terres, leur environnement et leurs traditions alimentaires.<\/li>\n<\/ul>\n<ul class=\"spip\">\n<li>Renforcer le soutien \u00e0 la\u00a0r\u00e9sistance\u00a0du peuple palestinien contre la d\u00e9cision imp\u00e9rialiste am\u00e9ricaine qui veut le priver de ses droits historiques.<\/li>\n<\/ul>\n<ul class=\"spip\">\n<li>Rejoindre le mouvement de solidarit\u00e9 internationale avec des centaines de familles expuls\u00e9es de leurs territoires dans la province de Maraba, au Br\u00e9sil, et avec le mouvement des paysans sans terre qui r\u00e9sistent \u00e0 ces expulsions forc\u00e9es.<\/li>\n<\/ul>\n<p><i><br \/>\nAgadir le 17 d\u00e9cembre 2017<\/i><\/p>\n<\/div>\n<p>&nbsp;<\/p>\n<div class=\"bioteur\">\n<div class=\"auteur\">\n<h3>Auteur.e<\/h3>\n<\/div>\n<div class=\"logoauteur\"><img decoding=\"async\" class=\"spip_logos\" src=\"http:\/\/www.cadtm.org\/local\/cache-gd2\/57c8e24dc9d3123ad4aa800c3d090194.png\" alt=\"\" width=\"86\" height=\"87\" \/><\/div>\n<div class=\"logocadtm\"><img decoding=\"async\" class=\"spip_logos\" src=\"http:\/\/www.cadtm.org\/IMG\/moton736.png?1430120656\" alt=\"\" width=\"90\" height=\"28\" \/><\/div>\n<div class=\"bio\"><a href=\"http:\/\/www.cadtm.org\/Attac-Cadtm-Maroc?lang=fr\"><span id=\"nom\">ATTAC\/CADTM Maroc <\/span><\/a>membre du r\u00e9seau CADTM en bref\u00a0: L\u2019Association pour la Taxation des Transactions en Aide aux Citoyens au Maroc (ATTAC Maroc) a \u00e9t\u00e9 cr\u00e9\u00e9e en 2000. ATTAC Maroc est membre du r\u00e9seau international du Comit\u00e9 pour l\u2019annulation de la dette du tiers monde (CADTM) depuis 2006 (devenu Comit\u00e9 pour l\u2019abolition des dettes ill\u00e9gitimes depuis juin 2016). Nous comptons 11 groupes locaux au Maroc. ATTAC veut \u00eatre un r\u00e9seau aidant \u00e0 l\u2019appropriation par les acteurs engag\u00e9s dans l\u2019activit\u00e9 sociale, associative, syndicale et plus largement militante des enjeux de la mondialisation sur les probl\u00e9matiques de r\u00e9sistance sociale et citoyenne. <a class=\"spip_out\" href=\"http:\/\/www.attacmaroc.org\" rel=\"external\">www.attacmaroc.org<\/a> <a class=\"spip_url spip_out\" href=\"http:\/\/arabic.cadtm.org\/\" rel=\"nofollow external\">http:\/\/arabic.cadtm.org\/<\/a><\/p>\n<p>Adresse\u00a0: n\u00b0140, rue Cadi Bribri Akkari 10000. Rabat. Maroc Email azikiomar2008@gmail.com Site Web attacmaroc.org Tel 00 212 6 61 17 30 39<\/p>\n<\/div>\n<\/div>\n<div class=\"tous_articles_auteur\"><a id=\"pagination_tous_articles_auteur\" name=\"pagination_tous_articles_auteur\"><\/a><\/p>\n<div class=\"cs_blocs\">\n<h3>Autres articles en fran\u00e7ais de ATTAC\/CADTM Maroc (96)<\/h3>\n<div class=\"blocs_destination\">\n<ul>\n<li><a class=\"titre\" href=\"http:\/\/www.cadtm.org\/Pour-demanteler-le-pouvoir-des\">Pour d\u00e9manteler le pouvoir des multinationales et mettre fin \u00e0 leur impunit\u00e9<\/a>\n<p class=\"auteur-liste\">23 octobre, par ATTAC\/CADTM Maroc<\/p>\n<\/li>\n<li><a class=\"titre\" href=\"http:\/\/www.cadtm.org\/Continuons-les-mobilisations-et\">Continuons les mobilisations et les r\u00e9sistances populaires pour la lib\u00e9ration des d\u00e9tenus du Hirak du Rif et contre les politiques d\u2019aust\u00e9rit\u00e9<\/a>\n<p class=\"auteur-liste\">3 octobre, par ATTAC\/CADTM Maroc<\/p>\n<\/li>\n<li><a class=\"titre\" href=\"http:\/\/www.cadtm.org\/L-Etat-marocain-assume-la\">L\u2019\u00c9tat marocain assume la responsabilit\u00e9 totale des d\u00e9tenus du Hirak du Rif ou de leurs proches<\/a>\n<p class=\"auteur-liste\">27 septembre, par ATTAC\/CADTM Maroc<\/p>\n<\/li>\n<li><a class=\"titre\" href=\"http:\/\/www.cadtm.org\/Felicitations-aux-militantEs\">F\u00e9licitations aux militantEs lib\u00e9r\u00e9Es et la lutte continue&#8230;<\/a>\n<p class=\"auteur-liste\">2 ao\u00fbt, par ATTAC\/CADTM Maroc<\/p>\n<\/li>\n<li><a class=\"titre\" href=\"http:\/\/www.cadtm.org\/Le-mouvement-hirak-du-Rif-une\">Le mouvement (hirak) du Rif\u00a0: une victoire du peuple face \u00e0 la r\u00e9pression de l\u2019\u00c9tat<\/a>\n<p class=\"auteur-liste\">23 juillet, par ATTAC\/CADTM Maroc<\/p>\n<\/li>\n<li><a class=\"titre\" href=\"http:\/\/www.cadtm.org\/ATTAC-CADTM-Maroc-appelle-a-une\">ATTAC CADTM Maroc appelle \u00e0 une plus large solidarit\u00e9 avec les luttes en cours au Maroc<\/a>\n<p class=\"auteur-liste\">11 juin, par ATTAC\/CADTM Maroc<\/p>\n<\/li>\n<li><a class=\"titre\" href=\"http:\/\/www.cadtm.org\/Appel-pour-le-Rif-en-lutte\">Appel pour le Rif en lutte<\/a>\n<p class=\"auteur-liste\">29 mai, par ATTAC\/CADTM Maroc<\/p>\n<\/li>\n<li><a class=\"titre\" href=\"http:\/\/www.cadtm.org\/Communique-final-du-sixieme\">Communiqu\u00e9 final du sixi\u00e8me congr\u00e8s national d\u2019ATTAC CADTM Maroc<\/a>\n<p class=\"auteur-liste\">11 mai, par ATTAC\/CADTM Maroc<\/p>\n<\/li>\n<\/ul>\n<\/div>\n<\/div>\n<\/div>\n","protected":false},"excerpt":{"rendered":"<p>D\u00e9claration finale du s\u00e9minaire maghr\u00e9bin \u00ab\u00a0Accords de \u2018libre-\u00e9change\u2019 et souverainet\u00e9 alimentaire\u00a0\u00bb 19 d\u00e9cembre par ATTAC\/CADTM Maroc Les 15, 16 et 17 d\u00e9cembre 2017, ATTAC Maroc, membre du r\u00e9seau mondial pour l\u2019abolition des dette ill\u00e9gitimes CADTM, a organis\u00e9 un s\u00e9minaire Maghr\u00e9bin sur les accords de libre change, l\u2019agriculture et la souverainet\u00e9 Alimentaire sous le slogan\u00a0:\u00a0Non aux &#8230; <a title=\"D\u00e9claration finale du s\u00e9minaire maghr\u00e9bin\" class=\"read-more\" href=\"https:\/\/bruxelles-pantheres.be\/?p=3518\" aria-label=\"En savoir plus sur D\u00e9claration finale du s\u00e9minaire maghr\u00e9bin\">Lire la suite<\/a><\/p>\n","protected":false},"author":1,"featured_media":307,"comment_status":"open","ping_status":"open","sticky":false,"template":"","format":"standard","meta":{"footnotes":""},"categories":[1,21],"tags":[85,133,282,77,33,30,78],"class_list":["post-3518","post","type-post","status-publish","format-standard","has-post-thumbnail","hentry","category-non-classe","category-anti-imperialisme","tag-algerie","tag-banque-mondiale","tag-dettes","tag-egypte","tag-fmi","tag-maroc","tag-tunisie"],"_links":{"self":[{"href":"https:\/\/bruxelles-pantheres.be\/index.php?rest_route=\/wp\/v2\/posts\/3518","targetHints":{"allow":["GET"]}}],"collection":[{"href":"https:\/\/bruxelles-pantheres.be\/index.php?rest_route=\/wp\/v2\/posts"}],"about":[{"href":"https:\/\/bruxelles-pantheres.be\/index.php?rest_route=\/wp\/v2\/types\/post"}],"author":[{"embeddable":true,"href":"https:\/\/bruxelles-pantheres.be\/index.php?rest_route=\/wp\/v2\/users\/1"}],"replies":[{"embeddable":true,"href":"https:\/\/bruxelles-pantheres.be\/index.php?rest_route=%2Fwp%2Fv2%2Fcomments&post=3518"}],"version-history":[{"count":1,"href":"https:\/\/bruxelles-pantheres.be\/index.php?rest_route=\/wp\/v2\/posts\/3518\/revisions"}],"predecessor-version":[{"id":3519,"href":"https:\/\/bruxelles-pantheres.be\/index.php?rest_route=\/wp\/v2\/posts\/3518\/revisions\/3519"}],"wp:featuredmedia":[{"embeddable":true,"href":"https:\/\/bruxelles-pantheres.be\/index.php?rest_route=\/wp\/v2\/media\/307"}],"wp:attachment":[{"href":"https:\/\/bruxelles-pantheres.be\/index.php?rest_route=%2Fwp%2Fv2%2Fmedia&parent=3518"}],"wp:term":[{"taxonomy":"category","embeddable":true,"href":"https:\/\/bruxelles-pantheres.be\/index.php?rest_route=%2Fwp%2Fv2%2Fcategories&post=3518"},{"taxonomy":"post_tag","embeddable":true,"href":"https:\/\/bruxelles-pantheres.be\/index.php?rest_route=%2Fwp%2Fv2%2Ftags&post=3518"}],"curies":[{"name":"wp","href":"https:\/\/api.w.org\/{rel}","templated":true}]}}