{"id":3528,"date":"2018-01-09T20:13:38","date_gmt":"2018-01-09T19:13:38","guid":{"rendered":"https:\/\/bruxelles-pantheres.be\/?p=3528"},"modified":"2018-02-27T17:50:09","modified_gmt":"2018-02-27T16:50:09","slug":"gitans-contre-le-racisme-detat-et-la-romophobie-en-europe","status":"publish","type":"post","link":"https:\/\/bruxelles-pantheres.be\/?p=3528","title":{"rendered":"Gitans contre le Racisme d&rsquo;\u00e9tat et la Romophobie en Europe"},"content":{"rendered":"<p><iframe src=\"https:\/\/www.youtube.com\/embed\/c3m6r7iwq_k\" width=\"560\" height=\"315\" frameborder=\"0\" allowfullscreen=\"allowfullscreen\"><\/iframe><br \/>\n<span class=\"_4n-j _fbReactionComponent__eventDetailsContentTags fsl\" data-testid=\"event-permalink-details\">Dans le cadre du #GMD2018 (G\u00e9nocide M\u00e9morial Day), Bruxelles Panth\u00e8res organise une conf\u00e9rence sur le racisme d\u2019\u00e9tat que subit la communaut\u00e9 Rom depuis des si\u00e8cles. A ce propos on invite le sociologue et politologue, membre de Kale Amenge Jos\u00e9 Heredia de Madrid.<\/span><\/p>\n<table class=\"uiGrid _51mz\" style=\"height: 138px;\" width=\"455\" cellspacing=\"0\" cellpadding=\"0\">\n<tbody>\n<tr class=\"_51mx\">\n<td class=\"_51m- _phw\">\n<table class=\"uiGrid _51mz\" cellspacing=\"0\" cellpadding=\"0\">\n<tbody>\n<tr class=\"_51mx\">\n<td class=\"_51m- _phw\"><\/td>\n<td class=\"_51m- _51mw\">\n<div class=\"clearfix _4930\">\n<div class=\"_xkg _phw rfloat _ohf\">\n<div>\n<div id=\"u_jsonp_7_11\">\n<div class=\"_6a\">\n<div class=\"_6a _6b\"><\/div>\n<div class=\"_6a _6b\">L<span class=\"_4n-j _fbReactionComponent__eventDetailsContentTags fsl\" data-testid=\"event-permalink-details\">e samedi 20 janvier 2018 \u00e0 18h00<\/span><\/div>\n<\/div>\n<\/div>\n<\/div>\n<\/div>\n<div class=\"_xkh _phw _42ef\">\n<div class=\"_6a\">\n<div class=\"_6a _6b\">\n<p><a id=\"u_jsonp_7_13\" class=\"_5xhk\" href=\"https:\/\/www.facebook.com\/LeSpace.brussels\/\" data-hovercard=\"\/ajax\/hovercard\/page.php?id=872724109436668\" data-hovercard-prefer-more-content-show=\"1\">Le Space<\/a><\/p>\n<div class=\"_5xhp fsm fwn fcg\">Rue de la Cl\u00e9 26 Sleutelstraat, 1000 R\u00e9gion de Bruxelles-Capital<\/div>\n<\/div>\n<\/div>\n<\/div>\n<\/div>\n<\/td>\n<\/tr>\n<\/tbody>\n<\/table>\n<\/td>\n<td class=\"_51m- _51mw\"><\/td>\n<\/tr>\n<\/tbody>\n<\/table>\n<p>Pr\u00e9sentation <!--more--><\/p>\n<p><a href=\"https:\/\/bruxelles-pantheres.be\/wp-content\/uploads\/2018\/01\/manifestacion_contra_racismo.jpg\"><img decoding=\"async\" class=\"alignnone size-full wp-image-3529\" src=\"https:\/\/bruxelles-pantheres.be\/wp-content\/uploads\/2018\/01\/manifestacion_contra_racismo.jpg\" alt=\"\" width=\"1500\" height=\"2025\" srcset=\"https:\/\/bruxelles-pantheres.be\/wp-content\/uploads\/2018\/01\/manifestacion_contra_racismo.jpg 1500w, https:\/\/bruxelles-pantheres.be\/wp-content\/uploads\/2018\/01\/manifestacion_contra_racismo-222x300.jpg 222w, https:\/\/bruxelles-pantheres.be\/wp-content\/uploads\/2018\/01\/manifestacion_contra_racismo-759x1024.jpg 759w, https:\/\/bruxelles-pantheres.be\/wp-content\/uploads\/2018\/01\/manifestacion_contra_racismo-768x1037.jpg 768w, https:\/\/bruxelles-pantheres.be\/wp-content\/uploads\/2018\/01\/manifestacion_contra_racismo-1138x1536.jpg 1138w, https:\/\/bruxelles-pantheres.be\/wp-content\/uploads\/2018\/01\/manifestacion_contra_racismo-1320x1782.jpg 1320w\" sizes=\"(max-width: 1500px) 100vw, 1500px\" \/><\/a><\/p>\n<p><span class=\"_4n-j _fbReactionComponent__eventDetailsContentTags fsl\" data-testid=\"event-permalink-details\">\u00ab\u00a0Comment se fait-il que l\u2019on voie dans certains de ces campements tant de si belles voitures, alors qu\u2019il y a si peu de gens qui travaillent ? \u00bb Tels \u00e9taient les mots de M. Nicolas Sarkozy en 2002, alors qu\u2019il \u00e9tait ministre de l\u2019int\u00e9rieur et fermement d\u00e9cid\u00e9 \u00e0 traiter le \u00ab probl\u00e8me rom \u00bb. Suite \u00e0 ces d\u00e9clarations, de nombreux camps roms sont d\u00e9mantel\u00e9s, sous pr\u00e9texte de l\u2019ill\u00e9galit\u00e9 de leur pr\u00e9sence s<span class=\"text_exposed_show\">ur le territoire fran\u00e7ais. Mais, rapidement rattrap\u00e9 par \u00ab une proc\u00e9dure \u00e0 laquelle personne ne comprend rien \u00bb, M. Sarkozy fait alors de la \u00ab question rom \u00bb une affaire personnelle, multipliant les d\u00e9mant\u00e8lements de bidonvilles et les accords bilat\u00e9raux de contr\u00f4le, notamment avec la Roumanie. Le motif de l\u2019ill\u00e9galit\u00e9 de pr\u00e9sence s\u2019efface au profit de celui de la criminalit\u00e9 et pose les Roms comme une population extr\u00eamement probl\u00e9matique, nourrissant le d\u00e9bat s\u00e9curitaire qui se d\u00e9veloppe en France depuis les ann\u00e9es 2000.\u00a0\u00bb Le Monde diplomatique, Juillet 2010<\/span><\/span><\/p>\n<p>\u00ab Tziganes \u00bb, \u00ab Gitans \u00bb, \u00ab Manouches \u00bb aujourd\u2019hui. \u00ab Boh\u00e9miens \u00bb ou \u00ab \u00c9gyptiens \u00bb hier, autant d\u2019appellations partielles ou impr\u00e9cises utilis\u00e9es par les pouvoirs publics et les populations europ\u00e9ens pour d\u00e9signer des populations nomades, install\u00e9es depuis mille ans dans les Balkans et arriv\u00e9es au 15\u00e8me si\u00e8cle en Europe occidentale. Et aujourd\u2019hui comme hier la communaut\u00e9 Rom reste la plus pers\u00e9cut\u00e9e partout en Europe!<\/p>\n<p>Petit historique sur les pers\u00e9cutions les plus marquantes qu\u2019a connues cette communaut\u00e9 depuis le 15eme si\u00e8cle date de l\u2019arriv\u00e9e des Roms en Europe occidentale:<\/p>\n<p>1415 : Arriv\u00e9e en Europe occidentale<br \/>\n1462 : Des Tsiganes atteignent JAEN en ANDALOUSIE (1ere entr\u00e9e). Ils sont re\u00e7us avec grand honneur.<br \/>\n1492 : Chute de GRENADE aux Arabes<br \/>\n1499 : En ESPAGNE : 4 Mars, la Pragmatique de MEDINA DEL CAMPO condamne les Gitans a l&rsquo;abandon de la vie nomade.<br \/>\n1500 : Les Tsiganes sont expulses d&rsquo;ALLEMAGNE (Di\u00e8te d&rsquo;AUGSBOURG)<\/p>\n<p>1539 : En ESPAGNE, ils doivent choisir la s\u00e9dentarisation ou 6 ans de gal\u00e8re<\/p>\n<p>1540 : En BELGIQUE, les \u00c9v\u00eaques leur demandent de quitter le pays sous peine de mort.<\/p>\n<p>1633 : ESPAGNE (CASTILLE) : interdiction de parler la langue, de danser, de porter des armes \u00e0 feu sous peine d&rsquo;esclavage<\/p>\n<p>D\u00e8s 1666, par souci d&rsquo;\u00e9viter le \u00ab vagabondage \u00bb transfrontalier et par d\u00e9fiance pour leur utilisation par certains nobles, notamment, Louis XIV d\u00e9cr\u00e8te que tous les Boh\u00e9miens de sexe masculin doivent \u00eatre arr\u00eat\u00e9s et envoy\u00e9s aux gal\u00e8res &#8211; sans proc\u00e8s. 16 ans plus tard, en juillet 1682, il confirme et durcit cette politique : tous les Boh\u00e9miens m\u00e2les, dans toutes les provinces du royaume sont condamn\u00e9s aux gal\u00e8res \u00e0 perp\u00e9tuit\u00e9, leurs femmes ras\u00e9es et leurs enfants enferm\u00e9s dans des hospices afin de \u00ab purger le royaume \u00bb de \u00ab cette engeance malfaisante \u00bb. Quant aux nobles qui auraient eu l&rsquo;id\u00e9e de leur apporter leur protection ou de les employer souvent comme troupes d\u2019appoint, mauvaise pioche : ils risquaient la confiscation de leurs domaines.<\/p>\n<p>La p\u00e9riode du despotisme \u00e9clair\u00e9 offre aux autorit\u00e9s des possibilit\u00e9s \u00e9largies d\u2019appliquer leurs mesures \u00e0 toutes les personnes soumises \u00e0 leur juridiction. En Espagne, cette situation aboutit \u00e0 l\u2019un des \u00e9pisodes les plus p\u00e9nibles de l\u2019histoire de la communaut\u00e9 \u00ab tsigane \u00bb du pays: la rafle g\u00e9n\u00e9rale ex\u00e9cut\u00e9e sous le r\u00e8gne de Ferdinand VI, le 30 juillet 1749. L\u2019op\u00e9ration \u2014 aussi minutieusement pr\u00e9par\u00e9e que syst\u00e9matique \u2014 conduit \u00e0 l\u2019internement de dix \u00e0 douze mille personnes \u00abau simple motif qu\u2019elles sont des Tsiganes\u00bb. La coordination des diff\u00e9rentes autorit\u00e9s publiques impliqu\u00e9es, la coop\u00e9ration de l\u2019\u00c9glise (laquelle demeure passive en face d\u2019une telle injustice), les exc\u00e8s commis par toutes les personnes ayant rendu l\u2019op\u00e9ration possible et la collaboration des concitoyens et des voisins des victimes conf\u00e8rent \u00e0 ce \u00abmercredi noir\u00bb, nom sous lequel l\u2019op\u00e9ration est pass\u00e9e \u00e0 la post\u00e9rit\u00e9, un caract\u00e8re unique dans la longue s\u00e9rie des pers\u00e9cutions antitsiganes men\u00e9es en Europe.<br \/>\nEn d\u00e9cembre 1802, le pr\u00e9fet des Basses-Pyr\u00e9n\u00e9es, consid\u00e9rant que \u00ab \u2026 la plupart des criminels condamn\u00e9s \u00e0 mort ou aux fers (\u2026) appartiennent \u00e0 cette horde dangereuse ou ont \u00e9t\u00e9 entra\u00een\u00e9s par leurs liaisons avec elle \u00e0 contracter l&rsquo;habitude du crime (\u2026) \u00bb, fait arr\u00eater en une seule nuit tous les Boh\u00e9miens du territoire, soit 500 personnes. Son id\u00e9e ? Les d\u00e9porter par bateau vers la Louisiane. La guerre qui fait rage sur mer entre l\u2019Angleterre et la France napol\u00e9onienne l\u2019en emp\u00eache. Les femmes et les enfants sont alors dispers\u00e9s dans des \u00ab d\u00e9p\u00f4ts de mendicit\u00e9 \u00bb et les hommes sont affect\u00e9s de force \u00e0 plusieurs grands travaux publics : canal d&rsquo;Arles, canal d&rsquo;Aigues-Mortes, construction de routes dans les Hautes-Alpes\u2026 Leur d\u00e9tention et ces travaux forc\u00e9s dureront pr\u00e8s de trois ans.<br \/>\nA leur arriv\u00e9e en Europe centrale, les Roms se mirent sous la protection des nobles et des monast\u00e8res, pour pouvoir exercer leurs m\u00e9tiers traditionnels. Avec le temps, ce statut prit une forme particuli\u00e8re : la robie (du slave \u00ab robota \u00bb, travail, qui donnera\u2026 robot), forme d\u2019esclavage qui rappelle d\u2019assez pr\u00e8s le syst\u00e8me f\u00e9odal du servage. Le rob appartient \u00e0 un ma\u00eetre, noble ou religieux, qui peut le vendre quand il le souhaite et lui impose chaque ann\u00e9e un imp\u00f4t qui conditionne sa libert\u00e9 de d\u00e9placement. Seule consolation, le rob lui-m\u00eame pouvait racheter sa libert\u00e9, et la revendre ailleurs, comme dans le syst\u00e8me esclavagiste romain. C&rsquo;est au passage une des raisons qui expliquent que les Roms portent souvent leurs richesses sur eux, bien visibles : colliers, bijoux, dents en or\u2026 Historiquement, elles marquaient leur volont\u00e9 de racheter leur libert\u00e9. En Roumanie, le syst\u00e8me perdurera et on vendra des Roms par familles enti\u00e8res jusqu\u2019au milieu du 19\u00e8me. L\u2019affiche ci-dessous date de 1852.<br \/>\nAu d\u00e9but du 20\u00e8me si\u00e8cle, la multiplication des rapports de gendarmerie, la banalisation du t\u00e9l\u00e9graphe et les r\u00e9cits publi\u00e9s dans la presse donnent aux Fran\u00e7ais l\u2019impression qu\u2019un nombre immense de Roms s\u2019installent en France. Sous la pression populaire, le syst\u00e8me de surveillance, bas\u00e9 sur un contr\u00f4le de la circulation des fameuses roulottes, on passe au fichage g\u00e9n\u00e9ralis\u00e9. Une loi de 1912 cr\u00e9e un syst\u00e8me de fiches fond\u00e9 sur le syst\u00e8me anthropom\u00e9trique du fameux Bertillon : les \u00ab nomades \u00bb sont enregistr\u00e9s syst\u00e9matiquement.<br \/>\nLe contr\u00f4le se renforce dans les ann\u00e9es 20. A terme, les Roms \u2013 dont beaucoup sont on ne peut plus fran\u00e7ais \u2013 doivent remplir CINQ documents au moindre contr\u00f4le, en plus de leur carte nationale d&rsquo;identit\u00e9. Tous doivent \u00eatre sign\u00e9s par les pouvoirs politiques au moindre d\u00e9placement, fut-ce entre deux communes voisines. Au passage, ces \u00ab Boh\u00e9miens \u00bb sous contr\u00f4le sont jug\u00e9s bien assez fran\u00e7ais pour payer l\u2019imp\u00f4t et faire leur service militaire&#8230;<br \/>\nCe fichage sera en tout cas extr\u00eamement utile au gouvernement de Vichy pour lui permettre de rep\u00e9rer les nomades. 6 000 d\u2019entre eux seront intern\u00e9s en France m\u00eame, dans des conditions lamentables. Les autres, en particulier dans le Nord Pas-de-Calais, seront d\u00e9port\u00e9s, que ce soit en tant que tels ou en \u00e9tant parfois pris pour des Juifs par les autorit\u00e9s nazies.<br \/>\nCes derni\u00e8res leur r\u00e9servent le m\u00eame sort qu\u2019aux Juifs : incarc\u00e9ration, st\u00e9rilisation, d\u00e9portation, travail forc\u00e9 jusqu\u2019\u00e0 l\u2019\u00e9puisement, ex\u00e9cutions sommaires, conditions de vie abominables et chambre \u00e0 gaz pour finir. M\u00eame traitement donc, mais dans la m\u00e9moire Rom, cette politique d\u2019extermination porte un nom \u00e0 part, diff\u00e9rent de la Shoah ou de l\u2019Holocauste. Les Roms l\u2018appellent le Porajmos : la D\u00e9voration. Selon les \u00e9tudes des historiens, on juge que 195 \u00e0 250 000 Roms sont morts dans les camps de concentration, plus d\u2019un quart de la population europ\u00e9enne de l\u2019\u00e9poque. Pendant des ann\u00e9es apr\u00e8s la guerre, la R\u00e9publique f\u00e9d\u00e9rale d&rsquo;Allemagne consid\u00e9rera encore que les mesures prises contre les Tsiganes avant 1943 \u00e9taient une politique l\u00e9gitime de l\u2019\u00c9tat et ne n\u00e9cessitaient aucune r\u00e9paration.<br \/>\nCe n\u2019est qu\u2019en 1982 qu\u2019Helmut Kohl reconnut le g\u00e9nocide tsigane.<\/p>\n<p><strong>A propos du G\u00e9nocide M\u00e9morial Day :<\/strong><\/p>\n<p><img decoding=\"async\" class=\"aligncenter\" src=\"https:\/\/pbs.twimg.com\/media\/DO7ruDJUQAAiVWr.jpg:large\" alt=\"https:\/\/pbs.twimg.com\/media\/DO7ruDJUQAAiVWr.jpg:large\" \/><\/p>\n<p>Cet \u00e9v\u00e9nement a d\u00e9but\u00e9 en Janvier 2010 avec la convergence de deux id\u00e9es.<\/p>\n<p>La premi\u00e8re n\u00e9cessit\u00e9 \u00e9tait de contrer l\u2019id\u00e9e que certains g\u00e9nocides sont plus exclusifs que d\u2019autres et donc dignes d\u2019une plus grande attention.<br \/>\nLa deuxi\u00e8me n\u00e9cessit\u00e9 est que ce ne serait pas seulement un souvenir th\u00e9orique, mais commencer \u00e0 identifier les pratiques g\u00e9nocidaires actuelles en vue de les arr\u00eater.<\/p>\n<p>La philosophie de ce projet rejette l\u2019id\u00e9e qu\u2019il y a une hi\u00e9rarchie des victimes en fonction de leur origine. Nous voulons tenir les gens responsables dans le cadre de GMD en mettant en \u00e9vidence les personnes et les structures de pouvoir qui ont commis des g\u00e9nocides ou des actes de g\u00e9nocide et nous voulons honorer la m\u00e9moire les victimes de ces g\u00e9nocides et actes de g\u00e9nocide qui ont perdu leur vie.<\/p>\n<p>L\u2019initiative est britannique, mais elle se d\u00e9roule au m\u00eame moment \u00e0 Amsterdam, Londres, Paris et cette ann\u00e9e \u00e0 Bruxelles.<br \/>\nCette journ\u00e9e est appel\u00e9e \u00e0 se p\u00e9renniser pour que reste vive la m\u00e9moire des crimes et g\u00e9nocides coloniaux, de la traite n\u00e9gri\u00e8re et de l\u2019esclavage et pour que ces crimes occult\u00e9s et perp\u00e9tr\u00e9s par les \u00ab nations civilis\u00e9es \u00bb soient pleinement reconnus et assum\u00e9s par l\u2019ensemble des gouvernants et des peuples europ\u00e9ens.<\/p>\n","protected":false},"excerpt":{"rendered":"<p>Dans le cadre du #GMD2018 (G\u00e9nocide M\u00e9morial Day), Bruxelles Panth\u00e8res organise une conf\u00e9rence sur le racisme d\u2019\u00e9tat que subit la communaut\u00e9 Rom depuis des si\u00e8cles. A ce propos on invite le sociologue et politologue, membre de Kale Amenge Jos\u00e9 Heredia de Madrid. Le samedi 20 janvier 2018 \u00e0 18h00 Le Space Rue de la Cl\u00e9 &#8230; <a title=\"Gitans contre le Racisme d&rsquo;\u00e9tat et la Romophobie en Europe\" class=\"read-more\" href=\"https:\/\/bruxelles-pantheres.be\/?p=3528\" aria-label=\"En savoir plus sur Gitans contre le Racisme d&rsquo;\u00e9tat et la Romophobie en Europe\">Lire la suite<\/a><\/p>\n","protected":false},"author":1,"featured_media":3530,"comment_status":"open","ping_status":"open","sticky":false,"template":"","format":"standard","meta":{"footnotes":""},"categories":[36,18,28,37,17],"tags":[302,299,300,301],"class_list":["post-3528","post","type-post","status-publish","format-standard","has-post-thumbnail","hentry","category-europe","category-resistance-bruxelles","category-racismes","category-romophobie","category-video","tag-genocide-memorial-day","tag-gitans","tag-jose-heredia","tag-kale-amenge"],"_links":{"self":[{"href":"https:\/\/bruxelles-pantheres.be\/index.php?rest_route=\/wp\/v2\/posts\/3528","targetHints":{"allow":["GET"]}}],"collection":[{"href":"https:\/\/bruxelles-pantheres.be\/index.php?rest_route=\/wp\/v2\/posts"}],"about":[{"href":"https:\/\/bruxelles-pantheres.be\/index.php?rest_route=\/wp\/v2\/types\/post"}],"author":[{"embeddable":true,"href":"https:\/\/bruxelles-pantheres.be\/index.php?rest_route=\/wp\/v2\/users\/1"}],"replies":[{"embeddable":true,"href":"https:\/\/bruxelles-pantheres.be\/index.php?rest_route=%2Fwp%2Fv2%2Fcomments&post=3528"}],"version-history":[{"count":6,"href":"https:\/\/bruxelles-pantheres.be\/index.php?rest_route=\/wp\/v2\/posts\/3528\/revisions"}],"predecessor-version":[{"id":3590,"href":"https:\/\/bruxelles-pantheres.be\/index.php?rest_route=\/wp\/v2\/posts\/3528\/revisions\/3590"}],"wp:featuredmedia":[{"embeddable":true,"href":"https:\/\/bruxelles-pantheres.be\/index.php?rest_route=\/wp\/v2\/media\/3530"}],"wp:attachment":[{"href":"https:\/\/bruxelles-pantheres.be\/index.php?rest_route=%2Fwp%2Fv2%2Fmedia&parent=3528"}],"wp:term":[{"taxonomy":"category","embeddable":true,"href":"https:\/\/bruxelles-pantheres.be\/index.php?rest_route=%2Fwp%2Fv2%2Fcategories&post=3528"},{"taxonomy":"post_tag","embeddable":true,"href":"https:\/\/bruxelles-pantheres.be\/index.php?rest_route=%2Fwp%2Fv2%2Ftags&post=3528"}],"curies":[{"name":"wp","href":"https:\/\/api.w.org\/{rel}","templated":true}]}}