{"id":354,"date":"2013-05-16T03:09:11","date_gmt":"2013-05-16T02:09:11","guid":{"rendered":"https:\/\/bruxelles-pantheres.be\/?p=354"},"modified":"2013-11-10T03:11:18","modified_gmt":"2013-11-10T02:11:18","slug":"pas-dinterdit-professionnel-geen-beroepsverbod-no-work-ban-luk-vervaet-2","status":"publish","type":"post","link":"https:\/\/bruxelles-pantheres.be\/?p=354","title":{"rendered":"Pas d\u2019interdit professionnel \/ Geen beroepsverbod \/ No work ban Luk Vervaet"},"content":{"rendered":"<header><img decoding=\"async\" alt=\"942246_157047227798314_551187702_n\" src=\"http:\/\/www.egalite.be\/wp-content\/uploads\/2013\/05\/942246_157047227798314_551187702_n.jpg\" width=\"624\" height=\"938\" \/><\/p>\n<blockquote>\n<h1><a href=\"http:\/\/www.egalite.be\/?p=6111\" rel=\"bookmark\">Conf\u00e9rence de presse et un sit-in devant la prison de Berkendael<\/a><\/h1>\n<\/blockquote>\n<\/header>\n<h3>Communiqu\u00e9 de presse<!--more--><\/h3>\n<p><a href=\"http:\/\/www.egalite.be\/wp-content\/uploads\/2013\/05\/58090_157047607798276_1820027255_n.jpg\"><img decoding=\"async\" alt=\"58090_157047607798276_1820027255_n\" src=\"http:\/\/www.egalite.be\/wp-content\/uploads\/2013\/05\/58090_157047607798276_1820027255_n.jpg\" width=\"576\" height=\"383\" \/><\/a><\/p>\n<p><b>L\u2019enseignant licenci\u00e9 Luk Vervaet organise une conf\u00e9rence de presse et un sit-in devant la prison de Berkendael (section femmes), le lundi 20 mai de 9.45h \u00e0 11.15h(heures de la visite).<\/b><\/p>\n<p>Ch\u00e8re r\u00e9daction, chers amis, ch\u00e8res amies,<\/p>\n<p>Par la pr\u00e9sente nous sollicitons votre pr\u00e9sence \u00e0 une action contre l\u2019interdit professionnel et l\u2019interdiction d\u2019acc\u00e8s aux prisons qui frappent Luk Vervaet,enseignant de n\u00e9erlandais dans les prisons belges.<\/p>\n<p>Pour protester contre une nouvelle interdiction d\u2019acc\u00e8s \u00e0 la prison, lors d\u2019une visite \u00e0 Malika ElAroud le mercredi dernier, Luk Vervaet se pr\u00e9sentera \u00e0 nouveau \u00e0la prison de Berkendael le lundi 20 mai de 9.45h \u00e0 11.15h et demandera \u00e0 nouveau de pouvoir exercer son droit de visite.<\/p>\n<p>Par la suite, et en cas de nouveau refus, il organisera une conf\u00e9rence de presse et un sit-in devant la prison.<\/p>\n<p>L\u2019enseignant dans les prisons d\u00e9nonce que ni la direction des \u00c9tablissements p\u00e9nitentiaires de Belgique ni le minist\u00e8re de la Justice ne respectent le jugement rendu par le Conseil d\u2019\u00c9tat du 22 juin 2011, qui a annul\u00e9 l\u2019interdiction dirig\u00e9e contre Luk Vervaet d\u2019enseigner en prison.<\/p>\n<p>L\u2019enseignant se retrouve ainsi toujours priv\u00e9 de son travail et sans emploi, malgr\u00e9 les besoins criants d\u2019enseignants dans les prisons surpeupl\u00e9es du Royaume.<\/p>\n<p>Non seulement, le minist\u00e8re de la Justice maintient son interdiction d\u2019enseigner, mais l\u2019enseignant se dit \u00eatre mis en quarantaine depuis son licenciement. Il d\u00e9nonce d\u2019\u00eatre trait\u00e9 par la Direction des prisons comme un prisonnier en lib\u00e9ration conditionnelle, avec des interdictions de s\u2019approcher des prisons ou d\u2019avoir un contact avec des d\u00e9tenus.<\/p>\n<p>Toutes les visites aux d\u00e9tenus continuent \u00e0 lui \u00eatre interdites.<\/p>\n<p>Sans aucune motivation, des d\u00e9tenus se voient refuser leur demande de le mettre sur la liste de leurs visiteurs.<\/p>\n<p>Ses lettres aux d\u00e9tenus, pourtant ouvertes et lues par les directions des prisons, n\u2019arrivent pas aux destinataires, sans aucune motivation, pas plus qu\u2019elles ne lui sont renvoy\u00e9es.<\/p>\n<p>Des demandes d\u2019organiser une conf\u00e9rence de presse devant les prisons lui sont refus\u00e9es au nom de la s\u00e9curit\u00e9.<\/p>\n<p>L\u2019enseignant a cr\u00e9\u00e9, suite \u00e0 son exclusion en 2009, l\u2019 Associationdes familles et ami(e)s des prisonniers(<a href=\"http:\/\/www.facebook.com\/l.php?u=http%3A%2F%2Ffamiliesfriendsassociation.blogspot.be%2F&amp;h=iAQEcRIUP&amp;s=1\" target=\"_blank\" rel=\"nofollow\">http:\/\/familiesfriendsassociation.blogspot.be\/<\/a>)et le Comit\u00e9 des Familles des d\u00e9tenus europ\u00e9ens au Maroc(<a href=\"http:\/\/www.facebook.com\/l.php?u=http%3A%2F%2Fprisonnierseuropeensaumaroc.blogspot.be%2F&amp;h=2AQF5sgb6&amp;s=1\" target=\"_blank\" rel=\"nofollow\">http:\/\/prisonnierseuropeensaumaroc.blogspot.be\/<\/a>). Ces associations s\u2019occupent des conditions au sein du monde carc\u00e9ral en g\u00e9n\u00e9ral et d\u2019aide aux familles des d\u00e9tenus. Elles s\u2019occupent aussi des d\u00e9tenu(e)s les plus rejet\u00e9(e)s, condamn\u00e9(e)s pour intention, recrutement ou propagande terroriste, et de leurs familles.<\/p>\n<p>Jusqu\u2019\u00e0 maintenant, la seule d\u00e9tenue que Luk Vervaet pouvait encore visiter en Belgique \u00e9tait Malika elAroud, condamn\u00e9e \u00e0 8 ans de prison ferme, accus\u00e9e d\u2019avoir recrut\u00e9 pour le combat en Afghanistan. Le mercredi dernier, cette seule visite lui est interdite sans aucune motivation. Sa demande de rencontrer la direction lui a \u00e9t\u00e9 refus\u00e9e.<\/p>\n<p>L\u2019enseignant d\u00e9nonce que les d\u00e9tenus,accus\u00e9s de terrorisme, se trouvent souvent dans une grande d\u00e9tresse,coup\u00e9s de tout contact humain et de tout lien vers l\u2019ext\u00e9rieur. Ils sont ainsi condamn\u00e9s \u00e0 une mort sociale certaine. En lui refusant le contact avec ces d\u00e9tenus, le minist\u00e8re de la Justice veut d\u00e9lib\u00e9r\u00e9ment enfermer ces d\u00e9tenus dans un framework religieux,dont ils ne peuvent pas sortir. Ainsi leur diabolisation et leur pr\u00e9sentation comme des fous religieux peuvent se poursuivre. En les soumettant \u00e0 un isolement total, le minist\u00e8re de la Justice pousse ces d\u00e9tenus au suicide social. Ce genre de traitement constitue le meilleur outil de recrutement que des jihadistes en tout genre auraient pu inventer.<\/p>\n<p>La Campagne \u00ab\u00a0Pas d\u2019 interditprofessionnel \/ Geen beroepsverbod \/ No work ban Luk Vervaet\u00a0\u00bb<\/p>\n<p>Contact Luk Vervaet\u00a0: 0478 653378ou <a role=\"button\" href=\"https:\/\/www.facebook.com\/notes\/luk-vervaet\/lenseignant-licenci%C3%A9-luk-vervaet-organise-une-conf%C3%A9rence-de-presse-et-un-sit-in-\/10151603470267630#\">vervaetluk@gmail.com<\/a><\/p>\n<p><img decoding=\"async\" alt=\"\" src=\"https:\/\/fbcdn-photos-e-a.akamaihd.net\/hphotos-ak-ash3\/486665_10201098437203705_1798781966_a.jpg\" \/><strong>\u00a0\u00a0\u00a0\u00a0\u00a0\u00a0\u00a0\u00a0\u00a0\u00a0\u00a0\u00a0\u00a0\u00a0\u00a0\u00a0\u00a0\u00a0\u00a0\u00a0\u00a0\u00a0\u00a0\u00a0\u00a0\u00a0\u00a0\u00a0\u00a0\u00a0\u00a0\u00a0\u00a0\u00a0\u00a0\u00a0\u00a0\u00a0\u00a0\u00a0\u00a0\u00a0\u00a0\u00a0\u00a0\u00a0\u00a0 Join the campaign<\/strong><\/p>\n<h3 id=\"cause_header_name\"><a href=\"http:\/\/www.causes.com\/causes\/355031-pas-d-interdit-professionnel-geen-beroepsverbod-no-work-ban-luk-vervaet\">Pas d\u2019interdit professionnel \/ Geen beroepsverbod \/ No work ban Luk Vervaet<\/a><\/h3>\n","protected":false},"excerpt":{"rendered":"<p>Conf\u00e9rence de presse et un sit-in devant la prison de Berkendael Communiqu\u00e9 de presse<\/p>\n","protected":false},"author":1,"featured_media":272,"comment_status":"open","ping_status":"open","sticky":false,"template":"","format":"standard","meta":{"footnotes":""},"categories":[25,4,8,18,28],"tags":[],"class_list":["post-354","post","type-post","status-publish","format-standard","has-post-thumbnail","hentry","category-enseignement","category-islamophobie","category-prisons","category-resistance-bruxelles","category-racismes"],"_links":{"self":[{"href":"https:\/\/bruxelles-pantheres.be\/index.php?rest_route=\/wp\/v2\/posts\/354","targetHints":{"allow":["GET"]}}],"collection":[{"href":"https:\/\/bruxelles-pantheres.be\/index.php?rest_route=\/wp\/v2\/posts"}],"about":[{"href":"https:\/\/bruxelles-pantheres.be\/index.php?rest_route=\/wp\/v2\/types\/post"}],"author":[{"embeddable":true,"href":"https:\/\/bruxelles-pantheres.be\/index.php?rest_route=\/wp\/v2\/users\/1"}],"replies":[{"embeddable":true,"href":"https:\/\/bruxelles-pantheres.be\/index.php?rest_route=%2Fwp%2Fv2%2Fcomments&post=354"}],"version-history":[{"count":1,"href":"https:\/\/bruxelles-pantheres.be\/index.php?rest_route=\/wp\/v2\/posts\/354\/revisions"}],"predecessor-version":[{"id":355,"href":"https:\/\/bruxelles-pantheres.be\/index.php?rest_route=\/wp\/v2\/posts\/354\/revisions\/355"}],"wp:featuredmedia":[{"embeddable":true,"href":"https:\/\/bruxelles-pantheres.be\/index.php?rest_route=\/wp\/v2\/media\/272"}],"wp:attachment":[{"href":"https:\/\/bruxelles-pantheres.be\/index.php?rest_route=%2Fwp%2Fv2%2Fmedia&parent=354"}],"wp:term":[{"taxonomy":"category","embeddable":true,"href":"https:\/\/bruxelles-pantheres.be\/index.php?rest_route=%2Fwp%2Fv2%2Fcategories&post=354"},{"taxonomy":"post_tag","embeddable":true,"href":"https:\/\/bruxelles-pantheres.be\/index.php?rest_route=%2Fwp%2Fv2%2Ftags&post=354"}],"curies":[{"name":"wp","href":"https:\/\/api.w.org\/{rel}","templated":true}]}}