{"id":3552,"date":"2018-01-16T23:33:40","date_gmt":"2018-01-16T22:33:40","guid":{"rendered":"https:\/\/bruxelles-pantheres.be\/?p=3552"},"modified":"2018-01-15T23:43:57","modified_gmt":"2018-01-15T22:43:57","slug":"honneur-a-londres-aux-mamans-courage-de-belgique","status":"publish","type":"post","link":"https:\/\/bruxelles-pantheres.be\/?p=3552","title":{"rendered":"Honneur \u00e0 Londres aux mamans courage de Belgique"},"content":{"rendered":"<p><img decoding=\"async\" class=\"alignleft\" src=\"https:\/\/2.bp.blogspot.com\/-NdUZmQCm19Y\/WltDvHjFgvI\/AAAAAAABepk\/NCcvn5w-TxYRoBOGtwuiJAZJZOV25VoSgCLcBGAs\/s320\/Nadine%2BColloque%2BLondres.jpg\" width=\"256\" height=\"320\" border=\"0\" data-original-height=\"1600\" data-original-width=\"1280\" \/>Par l\u2019interm\u00e9diaire de Nadia Fadil, que je remercie ici, j\u2019ai \u00e9t\u00e9 invit\u00e9e \u00e0 livrer mon t\u00e9moignage lors d\u2019un s\u00e9minaire de deux jours \u00e0 Londres, consacr\u00e9 aux droits de l\u2019homme dans le cadre de la lutte contre le terrorisme et de sa pr\u00e9vention par les campagnes de d\u00e9radicalisation. Ce s\u00e9minaire \u00e9tait organis\u00e9 par <em>Rights Watch (UK)<\/em>, avec le soutien de <em>Chatham House. <\/em>Mon intervention devait se situer dans la partie du colloque consacr\u00e9e au genre. Suite \u00e0 cette intervention, que je vous livre ici dans son int\u00e9gralit\u00e9, des participants ont manifest\u00e9 leur souhait d\u2019\u00e9diter les deux livres en anglais.<\/p>\n<p>Je tiens \u00e0 vous remercier pour cette invitation qui me donne l&rsquo;occasion de t\u00e9moigner du courage extraordinaire d&rsquo;un groupe de femmes belges. Comme je l&rsquo;ai dit aux organisateurs, je ne suis pas sp\u00e9cialiste du genre mais j&rsquo;ai eu l\u2019immense chance de rencontrer des femmes tr\u00e8s sp\u00e9ciales, qui ont affront\u00e9 les pires difficult\u00e9s de notre temps, la lutte contre le terrorisme.<\/p>\n<p>Elles ont fait face \u00e0 des situations terribles parce qu&rsquo;elles sont m\u00e8res. L&rsquo;amour de leur enfant leur a donn\u00e9 la force d\u2019affronter la discrimination, la violence polici\u00e8re, la haine m\u00e9diatique, l\u2019isolement, la suspicion, les lois antiterroristes et la justice.<\/p>\n<p>En avril 2013, un professeur me t\u00e9l\u00e9phone. Elle est en larmes parce qu&rsquo;un de ses \u00e9l\u00e8ves, \u00e2g\u00e9 de 15 ans, n\u2019est pas retourn\u00e9 \u00e0 l&rsquo;\u00e9cole apr\u00e8s les vacances de P\u00e2ques. Il est parti pour la Syrie, avec un ami \u00e2g\u00e9 de 16 ans. Leurs deux mamans cherchent de l&rsquo;aide et cette enseignante nous met en contact\u2026<!--more--><\/p>\n<h4>Cinq ann\u00e9es de combats ininterrompus<\/h4>\n<p>Ce fut le d\u00e9but d&rsquo;une longue lutte, rejointe par de nombreuses mamans. Une longue lutte contre les autorit\u00e9s, l&rsquo;opinion publique, la justice, les m\u00e9dias &#8230;<\/p>\n<p>J&rsquo;ai \u00e9t\u00e9 tellement impressionn\u00e9e par la force de leurs mots et j&rsquo;ai tellement appris sur la r\u00e9alit\u00e9 de ces familles que j&rsquo;ai sugg\u00e9r\u00e9 aux mamans d&rsquo;organiser un atelier d&rsquo;\u00e9criture.<\/p>\n<p>Les mamans \u00e9taient \u00e9tonn\u00e9es, elles ne croyaient pas pouvoir \u00e9crire un livre mais, en m\u00eame temps, elles \u00e9taient enthousiastes et, surtout, fermement d\u00e9cid\u00e9es \u00e0 d\u00e9fendre leur enfant, leurs enfants.<\/p>\n<p>Je n&rsquo;avais absolument aucune id\u00e9e sur la fa\u00e7on de faire. Lors de la premi\u00e8re rencontre, j&rsquo;ai tout de suite compris qu&rsquo;il \u00e9tait totalement impossible de demander aux femmes d&rsquo;\u00e9crire, l\u00e0, dans l&rsquo;environnement imm\u00e9diat du groupe.<\/p>\n<p>Elles avaient terriblement besoin de parler. Elles avaient besoin de pleurer, de rire, de manger toutes sortes de p\u00e2tisseries, de se pr\u00e9parer un bon repas et de le partager. Elles avaient besoin de se poser mutuellement des questions, de comprendre et d&rsquo;\u00eatre comprises.<\/p>\n<p>J&rsquo;ai d\u00e9cid\u00e9 de prendre quelques notes, d&rsquo;\u00e9crire certains de leurs mots. Apr\u00e8s la r\u00e9union, j&rsquo;ai tap\u00e9 mes notes et je les ai renvoy\u00e9es \u00e0 chaque m\u00e8re individuellement, pour lui restituer ce qu&rsquo;elle avait dit dans le feu de la conversation.<\/p>\n<p>\u00c0 chacune s\u00e9par\u00e9ment, parce qu&rsquo;elles ont imm\u00e9diatement d\u00e9cid\u00e9, d&rsquo;un commun accord et spontan\u00e9ment, de ne pas partager leur travail tant que leur livre ne serait pas compl\u00e8tement termin\u00e9 et publi\u00e9.<\/p>\n<p>Pourquoi? Je suppose qu&rsquo;elles \u00e9taient trop timides, trop incertaines de leur propre capacit\u00e9 \u00e0 \u00e9crire. Six des mamans ont commenc\u00e9 \u00e0 \u00e9crire. \u00c0 chaque r\u00e9union avec tout le groupe, certaines me donnaient quelques feuillets, arrach\u00e9s d&rsquo;un cahier d&rsquo;\u00e9colier. Tout \u00e9tait \u00e9crit \u00e0 la main.<\/p>\n<p><img decoding=\"async\" class=\"alignleft\" src=\"https:\/\/3.bp.blogspot.com\/-2Q5e-KPBKts\/WltF6FOhSlI\/AAAAAAABeqA\/GW0QFT7F4bscezgDmm_o3RYGabpE1BeCwCLcBGAs\/s320\/Fatima%2BLivre%2B3.jpg\" width=\"320\" height=\"188\" border=\"0\" data-original-height=\"943\" data-original-width=\"1600\" \/>J&rsquo;ai commenc\u00e9 \u00e0 taper le premier livre, le livre de Samira. Je n&rsquo;ai fait aucun commentaire sur son travail, je n&rsquo;ai donn\u00e9 aucun conseil, j&rsquo;ai juste tap\u00e9 et corrig\u00e9 des fautes d&rsquo;orthographe. Et je lui ai juste dit\u00a0: \u00ab\u00a0Continue, c&rsquo;est tellement beau, tu fais un superbe travail pour ta fille\u00a0\u00bb. \u00a0\u00ab\u00a0Vraiment ?\u00a0&#8211; Oui, Samira, vraiment, c&rsquo;est vraiment magnifique\u00a0\u00bb.<\/p>\n<p>Et ce l\u2019\u00e9tait. Et je savais que la moindre critique aurait pu l&rsquo;arr\u00eater car, de l&rsquo;\u00e9cole primaire \u00e0 la vie active, les travailleurs sont d\u00e9clar\u00e9s incapables d&rsquo;\u00e9crire. \u00c9crire des livres, c\u2019est quelque chose pour l&rsquo;\u00e9lite&#8230;<\/p>\n<p>D\u00e8s le d\u00e9but de notre atelier, j&rsquo;ai expliqu\u00e9 aux femmes que nous n&rsquo;avions qu&rsquo;une tr\u00e8s petite maison d&rsquo;\u00e9dition ; elles devraient financer les frais d&rsquo;impression et vendre le livre dans leurs propres r\u00e9seaux pour r\u00e9cup\u00e9rer l&rsquo;argent. J&rsquo;ai soulign\u00e9 le fait qu&rsquo;il est tr\u00e8s difficile de vendre des livres si vous n&rsquo;avez pas le soutien d&rsquo;une grande maison d&rsquo;\u00e9dition. Mais, d&rsquo;un autre c\u00f4t\u00e9, au moins, vous avez la libert\u00e9 de dire ce que vous voulez vraiment dire et de d\u00e9cider comment l&rsquo;exprimer.<\/p>\n<h4>Deux livres pour comprendre et rester humain<\/h4>\n<p>Le premier atelier a eu lieu en avril 2015 et le livre de Samira \u00ab<em>Le bonheur est parti avec toi<\/em>\u00bb a \u00e9t\u00e9 publi\u00e9 le 9 novembre de la m\u00eame ann\u00e9e. Nous \u00e9tions si heureuses. Nous avons fix\u00e9 une r\u00e9union pour le week-end suivant, afin de c\u00e9l\u00e9brer ensemble la naissance de notre premier livre. Je dis \u00abnotre\u00bb livre parce que tout le groupe de mamans consid\u00e9rait chaque livre comme un livre provenant du groupe des mamans enti\u00e8res, m\u00eame si le travail \u00e9tait totalement individuel.<img decoding=\"async\" class=\"alignleft\" src=\"https:\/\/4.bp.blogspot.com\/-1sDhdS42HwU\/WltE2ZY282I\/AAAAAAABepw\/0wc3ygRIQYoIQaS6cQBtenFecUJPpGFJACLcBGAs\/s320\/Samira%2Bet%2Bson%2Blivre.jpg\" width=\"180\" height=\"320\" border=\"0\" data-original-height=\"1600\" data-original-width=\"900\" \/><\/p>\n<p>Lorsque nous nous sommes rencontr\u00e9es, lors de ce fameux week-end, nous venions d&rsquo;entendre parler de l&rsquo;attentat du 13 novembre \u00e0 Paris. Cela a assombri notre r\u00e9union et nous avons d\u00e9cid\u00e9 de reporter d\u2019une semaine notre conf\u00e9rence de presse.<br \/>\nCe que nous ne savions pas, en ce moment, c&rsquo;est que le fils d&rsquo;une autre maman, Fatima, \u00e9galement membre de notre groupe, s&rsquo;\u00e9tait fait exploser devant le Stade de France.<\/p>\n<p>Fatima l&rsquo;a appris dans la presse, le lendemain de notre rencontre. Et elle a d\u00e9cid\u00e9 de recommencer le livre qu&rsquo;elle \u00e9tait en train d&rsquo;\u00e9crire \u00e0 l\u2019\u00e9poque. \u00a0Son livre \u00ab <em>\u00c0 travers mes souvenirs et mes larmes, lettre \u00e0 mon fils <\/em>\u00bb a \u00e9t\u00e9 publi\u00e9 en septembre 2017.<\/p>\n<p>Je pourrais parler longuement sur cet atelier, la vente des livres, les nombreuses r\u00e9actions, la fiert\u00e9 mutuelle des femmes quant \u00e0 leur travail. Je voudrais plut\u00f4t vous lire des extraits significatifs de chaque livre afin que vous puissiez comprendre comment les femmes ont \u00e9t\u00e9 trait\u00e9es et ce qu&rsquo;elles vivent depuis cinq ans.<\/p>\n<p>Fatima a \u00e9crit\u00a0: <em>\u00ab\u00a0J\u2019ai toujours respect\u00e9 la police car elle a pour fonction de nous prot\u00e9ger. Mais depuis ce jour du 5 mars 2015, je les ai vus autrement, comme terroristes. Ils ont fait entrer chez moi la terreur, avec leurs grosses bottes, les pistolets, leurs mitraillettes courtes, sans oublier leur violence physique et verbale.<img decoding=\"async\" class=\"alignright\" src=\"https:\/\/1.bp.blogspot.com\/-ZrBnaTAgoFM\/WltElRqtxSI\/AAAAAAABeps\/y5xOQ9Vw_rcJfUUkal9BUJFgoNiVPfuiQCLcBGAs\/s320\/Samira%2Binterview%2B%25281%2529.jpg\" width=\"320\" height=\"180\" border=\"0\" data-original-height=\"900\" data-original-width=\"1600\" \/><\/em><\/p>\n<p><em>\u00c0 la t\u00e9l\u00e9vision, dans des reportages, j\u2019ai entendu plusieurs fois des personnes dire que nous sommes des parents d\u00e9missionnaires et que nous ne vous donnions pas beaucoup d\u2019amour. C\u2019est d\u2019autant plus dur d\u2019entendre cela que c\u2019est si loin de la r\u00e9alit\u00e9 ! Je sais que je ne suis pas parfaite, que j\u2019ai fait des erreurs et que j\u2019en fais pas mal encore ; personne n\u2019est parfait.<\/em><\/p>\n<p><em>Quelques jours apr\u00e8s ton enterrement, il y a eu un attentat \u00e0 l\u2019a\u00e9roport de Zaventem et au m\u00e9tro Maelbeek. Ces deux attentats-suicides ont fait 32 morts et des dizaines de bless\u00e9s. La Belgique a ainsi aussi \u00e9t\u00e9 frapp\u00e9e par le drame. Ce que je ne parviens pas \u00e0 m\u2019expliquer, c\u2019est pourquoi je me suis sentie aussi coupable pour ces 32 victimes. Et mes pens\u00e9es sont aussi all\u00e9es vers les familles des kamikazes. Je me suis dit : \u00ab Mon Dieu, sur quelles familles \u00e7a va tomber ? \u00bb. Ils vont apprendre la mort de leurs enfants par la presse, sans compter le harc\u00e8lement des journalistes, les perquisitions et les auditions par les f\u00e9d\u00e9raux. Et le pompon, le jugement et la condamnation par les gens et par la famille\u2026<\/em><\/p>\n<p>Samira a \u00e9crit\u00a0: \u00ab\u00a0<em>La police me dit que je serai toujours li\u00e9e au terrorisme \u00e0 cause de ma fille. Je le dis et le redis : nous ne sommes pas terroristes, ni moi, ni ma fille, qui n\u2019est partie rejoindre aucun mouvement ni quoi que ce soit d\u2019autre. On l\u2019a recrut\u00e9e avec de belles paroles et l\u2019amour qu\u2019elle portait \u00e0 T. a fait le reste. La police a laiss\u00e9 faire bien qu\u2019elle \u00e9tait au courant du danger encouru par ma fille et nos enfants depuis longtemps. Alors qu\u2019elle arr\u00eate de m\u2019associer au terrorisme auquel je n\u2019adh\u00e8re pas. Mes enfants et moi sommes victimes de cette situation. Nous sommes des citoyens comme les autres. Il faut que la justice change sa fa\u00e7on de voir les parents, les fr\u00e8res et les s\u0153urs qui doivent \u00eatre consid\u00e9r\u00e9s comme des victimes d\u2019une situation qu\u2019ils n\u2019ont jamais souhait\u00e9e.<\/em><\/p>\n<p><em><img decoding=\"async\" class=\"alignleft\" src=\"https:\/\/3.bp.blogspot.com\/-3yKNJgIszNk\/WltFugj8ZPI\/AAAAAAABep8\/Nbb42U4rdFssIC9eLbHIMCpaiDNS3s9NgCLcBGAs\/s320\/Fatima%2BLivre.jpg\" width=\"196\" height=\"320\" border=\"0\" data-original-height=\"1600\" data-original-width=\"981\" \/><\/em><em>Ma fille, ma Nora. Ton endoctrinement s\u2019est fait si vite. Je ne cesse de penser \u00e0 tout \u00e7a. Je ne me suis pas rendu compte qu\u2019en ce moment fragile, tu avais besoin de moi et je n\u2019ai pas reconnu les signes qu\u2019eux ont su d\u00e9tecter. Pourquoi je n\u2019ai rien vu ou rien voulu voir ? Pourquoi ?Je m\u2019en voudrai toute ma vie et jamais je ne me pardonnerai, jamais.\u00a0\u00bb<\/em><\/p>\n<p>Je veux juste maintenant souligner la signification politique de ces livres.<\/p>\n<p>Tout d&rsquo;abord, si vous voulez comprendre un ph\u00e9nom\u00e8ne social et politique comme le terrorisme, vous ne pouvez pas le faire sans saisir l&rsquo;aspect humain de ce ph\u00e9nom\u00e8ne. Vous devez le vivre de l&rsquo;int\u00e9rieur, pour apprendre des personnes directement concern\u00e9s. J&rsquo;ai beaucoup appris gr\u00e2ce \u00e0 ces mamans.<\/p>\n<p>D\u00e8s le d\u00e9but, et d\u00e9j\u00e0 bien avant la naissance de Daech, ces femmes ont voulu aider \u00e0 emp\u00eacher les d\u00e9parts de jeunes pour la Syrie. Mais personne n&rsquo;\u00e9tait int\u00e9ress\u00e9 &#8230; jusqu&rsquo;aux attentats de Paris et plus tard \u00e0 Bruxelles.<\/p>\n<p>Tant que les jeunes se battaient et mouraient en Syrie, personne ne s&rsquo;en souciait, sauf les parents, et surtout les m\u00e8res. Elles ont frapp\u00e9 \u00e0 toutes les portes, sans r\u00e9sultat. La police et les autorit\u00e9s \u00e9taient au courant des d\u00e9parts, ils connaissaient les recruteurs, ils \u00e9coutaient les conversations t\u00e9l\u00e9phoniques des jeunes avant de partir &#8230;<\/p>\n<p>Au lieu d&rsquo;aider les m\u00e8res, elles ont cass\u00e9 leurs portes au milieu de la nuit, elles les ont mises par terre et les ont menott\u00e9es, et elles ont pris leurs photos et notes personnelles. En un mot, police et autorit\u00e9s ont trait\u00e9 les m\u00e8res comme des terroristes. C&rsquo;est leur v\u00e9ritable exp\u00e9rience.<\/p>\n<p>Et ce genre de traitement n&rsquo;\u00e9limine pas le terrorisme, il le renforce, car d&rsquo;autres jeunes ont entendu parler de ces situations et leur col\u00e8re contre le syst\u00e8me grandit \u00e0 chaque fois.<img decoding=\"async\" class=\"alignright\" src=\"https:\/\/1.bp.blogspot.com\/-FE_jokhLZ7E\/WltGeEEbCyI\/AAAAAAABeqI\/HVPtN4PUBcoWqM43CUkFIjdpzZy7PNNpQCLcBGAs\/s320\/Livre%2BFatima%2B1.jpg\" width=\"212\" height=\"320\" border=\"0\" data-original-height=\"1600\" data-original-width=\"1065\" \/><\/p>\n<p>Maintenant que les attentats ont frapp\u00e9 nos villes, les autorit\u00e9s d\u00e9pensent des fortunes dans les soi-disant campagnes de d\u00e9radicalisation et pratiquement n&rsquo;importe qui peut se d\u00e9clarer expert en la mati\u00e8re.<\/p>\n<p>Jusqu&rsquo;\u00e0 pr\u00e9sent, personne n\u2019a d\u00e9clar\u00e9 ces m\u00e8res expertes ; peut-\u00eatre parce que ce sont de simples femmes qui travaillent, sans dipl\u00f4me universitaire. Peut-\u00eatre parce qu&rsquo;elles sont contre le racisme et l&rsquo;injustice, contre la discrimination sociale, \u00e9conomique et ethnique &#8211; peut-\u00eatre parce qu&rsquo;elles sont contre la guerre, peut-\u00eatre parce qu&rsquo;elles soutiennent le peuple palestinien &#8230; Je vous laisse juges.<\/p>\n<p>Toute cette histoire est-elle li\u00e9e au genre? Comme je l&rsquo;ai dit, je ne suis pas une sp\u00e9cialiste. Ce que je peux dire, c&rsquo;est que le courage des femmes pour d\u00e9fendre leurs enfants est in\u00e9puisable. Depuis avril 2013, beaucoup de leurs enfants sont morts ou ont disparu en Syrie. Beaucoup de m\u00e8res sont devenues grand-m\u00e8res quand leurs enfants \u00e9taient en Syrie, mais elles n&rsquo;ont aucun contact avec leurs petits-enfants. En tant que m\u00e8re et grand-m\u00e8re, je ne sais pas si j&rsquo;aurais le m\u00eame courage que ces femmes qui tombent et se rel\u00e8vent \u00e0 chaque fois. Mais ce dont je suis s\u00fbre, c&rsquo;est que nos dirigeants n&rsquo;aiment pas les femmes qui se battent pour l&rsquo;avenir de tous les enfants. Est-ce li\u00e9 au genre? Peut-\u00eatre ou peut-\u00eatre pas.<\/p>\n<p><span class=\"post-author vcard\">par <span class=\"fn\"> <a class=\"g-profile\" title=\"author profile\" href=\"https:\/\/plus.google.com\/103350341598559458967\" rel=\"author\" data-gapiscan=\"true\" data-onload=\"true\" data-gapiattached=\"true\"> Nadine Rosa-Rosso <\/a> <\/span><\/span><\/p>\n<p><a href=\"http:\/\/nadinerosarosso.blogspot.be\/2018\/01\/honneur-londres-aux-mamans-courage-de.html\">Source<\/a><\/p>\n<p>Lire Aussi :<\/p>\n<h4><a href=\"http:\/\/nadinerosarosso.blogspot.be\/2017\/09\/le-combat-des-meres-introduction-au.html\">Le combat des m\u00e8res, introduction au r\u00e9cit de Fatima Kaddour<\/a><\/h4>\n<p>C\u2019\u00e9tait apr\u00e8s les vacances de P\u00e2ques 2013. Une enseignante me t\u00e9l\u00e9phone, en larmes. Un de ses \u00e9l\u00e8ves, de 15 ans, n\u2019est pas revenu \u00e0 l\u2019\u00e9cole. Il est parti en Syrie avec un autre camarade de l\u2019\u00e9cole, d\u2019un an son a\u00een\u00e9. Les deux mamans sont effondr\u00e9es. Elles cherchent d\u00e9sesp\u00e9r\u00e9ment de l\u2019aide\u2026<\/p>\n<p>Depuis, quatre ann\u00e9es ont pass\u00e9. Pendant les deux premi\u00e8res, beaucoup de mamans ont v\u00e9cu le m\u00eame drame. Elles se sont rassembl\u00e9es pour se soutenir, partager leur souffrance et tenter \u2013 souvent en vain \u2013 de sensibiliser les responsables politiques, policiers et m\u00e9diatiques sur les d\u00e9parts de jeunes vers la Syrie. Leurs voix se sont perdues dans un silence assourdissant. Isol\u00e9es, souvent m\u00eame au sein de leur propre famille, de leur communaut\u00e9 religieuse ou d\u2019origine, elles se sont battues comme elles le pouvaient, sans aucun moyen, pour emp\u00eacher d\u2019autres enfants de partir.<\/p>\n<p>Puis vinrent les attentats de Paris, le 13 novembre 2015. Le dimanche suivant, nous avions pr\u00e9vu de nous r\u00e9unir avec des mamans pour saluer l\u2019arriv\u00e9e du premier livre d\u2019une maman \u00ab\u00a0<em>Le bonheur est parti avec toi<\/em>\u00a0\u00bb, de Samira Laakel, la maman de Nora. Nous \u00e9tions heureuses de ce premier r\u00e9sultat de notre atelier de parole et d\u2019\u00e9criture. En m\u00eame temps, nous ne savions pas tr\u00e8s bien comment annoncer ce livre, apr\u00e8s les attentats. Nous ne savions pas non plus, douleur supr\u00eame, que le fils d\u2019une de nos amies mamans, Fatima, s\u2019\u00e9tait fait exploser ce m\u00eame soir devant le stade de France. Fatima, qui, \u00e0 l\u2019exemple de Samira, avait commenc\u00e9 \u00e0 \u00e9crire une longue lettre \u00e0 son fils Bilal\u2026<\/p>\n<p>Et voici que les attentats ont tout chang\u00e9. Le boomerang de la guerre nous revenait en pleine face, sur le sol europ\u00e9en, et plus tard, ici \u00e0 Bruxelles, le 22 mars 2016. Brusquement, tout le monde, dans les hautes sph\u00e8res, s\u2019est int\u00e9ress\u00e9 de pr\u00e8s \u00e0 la probl\u00e9matique des d\u00e9parts vers la Syrie. Tant que les jeunes mouraient l\u00e0-bas, au loin, personne ne s\u2019en souciait, malgr\u00e9 les appels incessants de leurs mamans. Les aides publiques se sont mises \u00e0 pleuvoir sur tout qui s\u2019autod\u00e9clarait \u00ab\u00a0sp\u00e9cialiste en d\u00e9radicalisation\u00a0\u00bb. En m\u00eame temps, nombre de mamans continuaient \u00e0 subir les perquisitions, les interrogatoires, les tracasseries administratives. Des communes enti\u00e8res du croissant pauvre de Bruxelles ont connu les visites polici\u00e8res, pr\u00e8s de 100.000 les deux derni\u00e8res ann\u00e9es\u00a0! Toute une communaut\u00e9 a \u00e9t\u00e9 frapp\u00e9e de fait par la suspicion et le contr\u00f4le. La pr\u00e9sence des militaires dans les rues est devenue une \u00e9vidence que plus personne ne conteste\u2026<\/p>\n<p>La semaine pass\u00e9e, le Moniteur belge publiait une nouvelle liste de jeunes partis en Syrie, les d\u00e9signant comme faisant partie d\u2019une association terroriste, ce qui, d\u2019office, place sur le m\u00eame pied toute personne qui leur vient en aide, y compris leur famille. Plusieurs mamans, dont le fils est pourtant d\u00e9j\u00e0 d\u00e9c\u00e9d\u00e9 en Syrie, ont re\u00e7u des recommand\u00e9s du SPF Finances au nom de cet enfant. Cet enfant que la commune a radi\u00e9 de son domicile et qui n\u2019a officiellement plus d\u2019adresse en Belgique, en retrouve subitement une\u2026 Une fois de plus, l\u2019\u00c9tat retourne le couteau dans la plaie de ces m\u00e8res, sans que cela n\u2019ait aucune incidence sur la pr\u00e9vention des attentats.<\/p>\n<p>Malgr\u00e9 toutes les emb\u00fbches sem\u00e9es sur leur route, les m\u00e8res continuent courageusement le combat, d\u2019abord pour survivre, ensuite pour assumer l\u2019\u00e9ducation de leurs autres enfants et veiller au bien-\u00eatre de la famille sur tous les plans. Souvent aussi pour visiter un autre enfant en prison, car \u00eatre fr\u00e8re ou s\u0153ur d\u2019un jeune parti en Syrie signifie un contr\u00f4le accru, des peines plus dures en cas de \u00ab\u00a0b\u00eatise\u00a0\u00bb, une surveillance de tous les instants.<\/p>\n<p>Et les mamans continuent \u00e0 \u00e9crire. \u00ab \u00c0<em>\u00a0travers ses larmes<\/em>\u00a0\u00bb, comme Fatima, parce qu\u2019elles veulent envers et contre tout, dire leur amour de leurs enfants et par-dessus tout, mettre tout en \u0153uvre pour que d\u2019autres m\u00e8res n\u2019aient pas \u00e0 subir cette \u00e9preuve.<\/p>\n<p>Pas un jour ne passe sans que ces mamans se demandent ce qu\u2019elles ont \u00ab\u00a0mal fait\u00a0\u00bb dans l\u2019\u00e9ducation de leurs enfants. Pour les avoir c\u00f4toy\u00e9es depuis plus de quatre ans, je ne peux que leur r\u00e9p\u00e9ter qu\u2019elles n\u2019ont rien \u00ab\u00a0fait de mal\u00a0\u00bb, que le probl\u00e8me n\u2019est pas \u00e0 rechercher dans la famille ou l\u2019\u00e9ducation parentale, mais dans les crises profondes que ce monde traverse. Elles ne sont en rien responsables des attentats, qu\u2019elles condamnent toutes de la m\u00eame voix. Et au contraire, en menant leur combat incessant et peu appr\u00e9ci\u00e9, elles auront sans doute fait bien plus \u0153uvre utile que pas mal de mesures soi-disant antiterroristes. Et elles, elles n\u2019en tirent aucun profit financier, seulement beaucoup de fatigue\u2026<\/p>\n<p>Quant \u00e0 nous, qui assistons de l\u2019ext\u00e9rieur \u00e0 toutes ces souffrances, celles de la guerre, des attentats et de tous leurs dommages collat\u00e9raux, ce que nous avons \u00e0 faire, plus que jamais, est de nous mobiliser contre les guerres que <em>nos<\/em> pays m\u00e8nent, depuis plus d\u2019un quart de si\u00e8cle maintenant, contre le monde arabe et musulman. Car ce terrorisme n\u2019est que le retour de manivelle d\u2019un terrorisme de bien plus grande envergure, celui des \u00c9tats, initi\u00e9 par le premier embargo et la premi\u00e8re guerre du Golfe, en 1990-1991. Le d\u00e9but, ont dit certains, d\u2019une guerre de cent ans contre le Tiers Monde. Pouvons-nous faire le pari que cette pr\u00e9vision \u00e9tait trop pessimiste\u00a0? Allons-nous trouver les forces pour reconstruire un mouvement de la paix qui mette fin \u00e0 ces guerres sans fin\u00a0?<\/p>\n<p>Au complexe militaro-industriel qui se nourrit de la guerre, s\u2019est ajout\u00e9 aujourd\u2019hui celui de la s\u00e9curit\u00e9, une nouvelle source infinie de profits exorbitants. Selon Richard Lab\u00e9vi\u00e8re, le secteur de la surveillance humaine en France pourrait d\u2019ici 2021 d\u00e9passer en nombre d\u2019hommes celui des policiers et gendarmes r\u00e9unis, soit 250.000 hommes. Et de conclure\u00a0: \u00ab\u00a0<em>Ainsi, le terrorisme et ses r\u00e9ponses antiterroristes sont devenus un secteur \u00e9conomique \u00e0 part enti\u00e8re tr\u00e8s porteur. La violence elle-m\u00eame est devenue une marchandise tr\u00e8s rentable<\/em>\u00a0\u00bb<a href=\"#_ftn1\" name=\"_ftnref1\">[1]<\/a>.<\/p>\n<p>Inutile de dire que, face \u00e0 l\u2019explosion des profits g\u00e9n\u00e9r\u00e9s par les guerres et les luttes antiterroristes, le combat pour la paix et la justice a encore un long chemin \u00e0 parcourir. L\u2019exemple de ces mamans est en tout cas une puissante source d\u2019inspiration pour nous y lancer, quoi qu\u2019il en co\u00fbte. Si chacune ou chacun qui aura lu leurs paroles s\u2019y engage, leur souffrance recevra enfin une reconnaissance sociale. Et peut-\u00eatre pourrons-nous aussi un tant soit peu la soulager.<\/p>\n<p>Nadine Rosa-Rosso<\/p>\n<p>16 juillet 2017<\/p>\n<p>Pour consulter la page Facebook du livre, cliquez <strong><a href=\"https:\/\/www.facebook.com\/fatimaetnadine\/\">ici <\/a><\/strong><\/p>\n<p><a href=\"#_ftnref1\" name=\"_ftn1\">[1]<\/a> Richard Lab\u00e9vi\u00e8re, Terrorisme, face cach\u00e9e de la mondialisation, \u00e9ditions Pierre-Guillaume de Roux, Paris, 2016, page 265<\/p>\n","protected":false},"excerpt":{"rendered":"<p>Par l\u2019interm\u00e9diaire de Nadia Fadil, que je remercie ici, j\u2019ai \u00e9t\u00e9 invit\u00e9e \u00e0 livrer mon t\u00e9moignage lors d\u2019un s\u00e9minaire de deux jours \u00e0 Londres, consacr\u00e9 aux droits de l\u2019homme dans le cadre de la lutte contre le terrorisme et de sa pr\u00e9vention par les campagnes de d\u00e9radicalisation. Ce s\u00e9minaire \u00e9tait organis\u00e9 par Rights Watch (UK), &#8230; <a title=\"Honneur \u00e0 Londres aux mamans courage de Belgique\" class=\"read-more\" href=\"https:\/\/bruxelles-pantheres.be\/?p=3552\" aria-label=\"En savoir plus sur Honneur \u00e0 Londres aux mamans courage de Belgique\">Lire la suite<\/a><\/p>\n","protected":false},"author":1,"featured_media":324,"comment_status":"open","ping_status":"open","sticky":false,"template":"","format":"standard","meta":{"footnotes":""},"categories":[36,4,8,18,28,5],"tags":[31,14,23,167],"class_list":["post-3552","post","type-post","status-publish","format-standard","has-post-thumbnail","hentry","category-europe","category-islamophobie","category-prisons","category-resistance-bruxelles","category-racismes","category-violence-policiere","tag-belgique","tag-bruxelles","tag-discrimination","tag-nadine-rosa-rosso"],"_links":{"self":[{"href":"https:\/\/bruxelles-pantheres.be\/index.php?rest_route=\/wp\/v2\/posts\/3552","targetHints":{"allow":["GET"]}}],"collection":[{"href":"https:\/\/bruxelles-pantheres.be\/index.php?rest_route=\/wp\/v2\/posts"}],"about":[{"href":"https:\/\/bruxelles-pantheres.be\/index.php?rest_route=\/wp\/v2\/types\/post"}],"author":[{"embeddable":true,"href":"https:\/\/bruxelles-pantheres.be\/index.php?rest_route=\/wp\/v2\/users\/1"}],"replies":[{"embeddable":true,"href":"https:\/\/bruxelles-pantheres.be\/index.php?rest_route=%2Fwp%2Fv2%2Fcomments&post=3552"}],"version-history":[{"count":1,"href":"https:\/\/bruxelles-pantheres.be\/index.php?rest_route=\/wp\/v2\/posts\/3552\/revisions"}],"predecessor-version":[{"id":3553,"href":"https:\/\/bruxelles-pantheres.be\/index.php?rest_route=\/wp\/v2\/posts\/3552\/revisions\/3553"}],"wp:featuredmedia":[{"embeddable":true,"href":"https:\/\/bruxelles-pantheres.be\/index.php?rest_route=\/wp\/v2\/media\/324"}],"wp:attachment":[{"href":"https:\/\/bruxelles-pantheres.be\/index.php?rest_route=%2Fwp%2Fv2%2Fmedia&parent=3552"}],"wp:term":[{"taxonomy":"category","embeddable":true,"href":"https:\/\/bruxelles-pantheres.be\/index.php?rest_route=%2Fwp%2Fv2%2Fcategories&post=3552"},{"taxonomy":"post_tag","embeddable":true,"href":"https:\/\/bruxelles-pantheres.be\/index.php?rest_route=%2Fwp%2Fv2%2Ftags&post=3552"}],"curies":[{"name":"wp","href":"https:\/\/api.w.org\/{rel}","templated":true}]}}